{"id":2992,"date":"2021-08-14T14:41:44","date_gmt":"2021-08-14T12:41:44","guid":{"rendered":"https:\/\/duhovyrok.sk\/qys\/?p=2992"},"modified":"2021-08-14T14:56:54","modified_gmt":"2021-08-14T12:56:54","slug":"chcel-by-byt-menej-spesl-ale-dovoli-mu-to-spolocnost","status":"publish","type":"post","link":"https:\/\/duhovyrok.sk\/qys\/chcel-by-byt-menej-spesl-ale-dovoli-mu-to-spolocnost\/","title":{"rendered":"Chcel by by\u0165 menej \u201espe\u0161l\u201c, ale dovol\u00ed mu to spolo\u010dnos\u0165?"},"content":{"rendered":"\n<p id=\"block-0bae83f6-29db-4573-a068-6faf40a0e5e6\"><strong>Autor textu: <strong>Matej Uhl\u00e1r \/ Foto: <\/strong>Netflix<\/strong><\/p>\n\n\n\n<p>Text sme prv\u00fd raz publikovali v \u010d\u00edsle Leto 2021<\/p>\n\n\n\n<p><strong>\u201eRyan O&#8217;Connell je frajer. Okrem toho, \u017ee sa pustil do z\u00e1slu\u017enej pr\u00e1ce \u201anormaliz\u00e1cie\u2018 os\u00f4b s postihnut\u00edm v telev\u00edznom mainstreame, z&nbsp;jeho autorsk\u00e9ho pera sa zrodila aj vtipn\u00e1 a mil\u00e1 kom\u00e9dia, v kr\u00e1tkom form\u00e1te ide\u00e1lnom na binge-watch.\u201c Aj tak\u00e9to div\u00e1cke reakcie n\u00e1jdete na seri\u00e1l <\/strong><strong><em>Special<\/em><\/strong><strong>, emancipa\u010dn\u00fd pr\u00edbeh mlad\u00e9ho zdravotne znev\u00fdhodnen\u00e9ho geja, prech\u00e1dzaj\u00faceho z\u00e1\u017eitkami a \u017eivotn\u00fdmi f\u00e1zami, na ak\u00e9 sa zv\u00e4\u010d\u0161a \u2013 v in\u00fdch kontextoch \u2013 nahliada ako na oby\u010dajn\u00e9. Od m\u00e1ja je na Netflixe dostupn\u00e1 u\u017e aj jeho druh\u00e1 s\u00e9ria.<\/strong><\/p>\n\n\n\n<p>Seri\u00e1l <em>Special <\/em>som za\u010dal sledova\u0165 na odpor\u00fa\u010danie kamar\u00e1tky. No okrem toho, \u017ee sp\u00e1ja moje dve srdcov\u00e9 filmov\u00e9 t\u00e9my \u2013 zdravotn\u00e9 znev\u00fdhodnenie a LGBT+ \u2013, som vlastne nevedel, \u010do od neho \u010daka\u0165. Pl\u00e1noval som pri \u0148om oddychova\u0165. No u\u017e pri druhej \u010dasti prvej s\u00e9rie som sa pristihol s o\u010dami pln\u00fdmi s\u013az. To ma prin\u00fatilo prem\u00fd\u0161\u013ea\u0165, pre\u010do ma zdanlivo jednoduch\u00fd pr\u00edbeh tak silno zasiahol. A rozhodol som sa, \u017ee t\u00fato recenziu sk\u00fasim nap\u00edsa\u0165 z poh\u013eadu svojho vlastn\u00e9ho \u017eivotn\u00e9ho pr\u00edbehu a viac sa zameriam na pocity, ktor\u00e9 vo mne hlavn\u00e1 l\u00ednia pr\u00edbehu vyvol\u00e1va.<\/p>\n\n\n\n<figure class=\"wp-block-image size-large\"><img loading=\"lazy\" decoding=\"async\" width=\"1024\" height=\"576\" src=\"https:\/\/duhovyrok.sk\/qys\/wp-content\/uploads\/sites\/2\/2021\/08\/Special_netflix2-1024x576.jpg\" alt=\"\" class=\"wp-image-2994\" srcset=\"https:\/\/duhovyrok.sk\/qys\/wp-content\/uploads\/sites\/2\/2021\/08\/Special_netflix2-1024x576.jpg 1024w, https:\/\/duhovyrok.sk\/qys\/wp-content\/uploads\/sites\/2\/2021\/08\/Special_netflix2-700x394.jpg 700w, https:\/\/duhovyrok.sk\/qys\/wp-content\/uploads\/sites\/2\/2021\/08\/Special_netflix2-1536x864.jpg 1536w, https:\/\/duhovyrok.sk\/qys\/wp-content\/uploads\/sites\/2\/2021\/08\/Special_netflix2.jpg 1920w\" sizes=\"auto, (max-width: 1024px) 100vw, 1024px\" \/><figcaption>Fotografia zo seri\u00e1lu Special<\/figcaption><\/figure>\n\n\n\n<p><strong>Oby\u010dajn\u00e1 \u013eudskos\u0165&nbsp;<\/strong><\/p>\n\n\n\n<p>Dovol\u00edm si tvrdi\u0165, \u017ee tieto dve slov\u00e1 v podstate vystihuj\u00fa cel\u00fd pr\u00edbeh a posolstvo seri\u00e1lu <em>Special<\/em>. Na rozdiel od in\u00fdch seri\u00e1lov, ktor\u00e9 sa zaoberaj\u00fa LGBT+ tematikou alebo tematikou \u013eud\u00ed so zdravotn\u00fdm znev\u00fdhodnen\u00edm (\u010di ve\u013emi zriedka tieto tematiky sp\u00e1jaj\u00fa), do tohto seri\u00e1lu vstupujeme ako div\u00e1ci a div\u00e1\u010dky \u00faplne od jeho za\u010diatku.<\/p>\n\n\n\n<p>Vieme s Ryanom pre\u017e\u00edva\u0165 a prec\u00edti\u0165 jeho prv\u00e9 kroky k osamostatneniu sa i pohn\u00fatky pre vstup do LGBT+ komunity. Pr\u00e1ve tieto momenty prid\u00e1vaj\u00fa seri\u00e1lu, ktor\u00fd vych\u00e1dza zo skuto\u010dn\u00e9ho \u017eivotn\u00e9ho pr\u00edbehu hlavn\u00e9ho hrdinu, na autentickosti. Podie\u013ea sa na tom aj kamera, ktor\u00e1 n\u00e1m obrazy z Ryanovho \u017eivota sprostredk\u00fava naozaj ve\u013emi verne.<\/p>\n\n\n\n<p><strong>By\u0165 v\u00fdnimo\u010dn\u00fd nie je v\u00fdhrou<\/strong><\/p>\n\n\n\n<p>\u201eYou are special\u201c, si v\u00fdnimo\u010dn\u00fd. To je veta, ktor\u00fa Ryan po\u010d\u00fava naozaj \u010dasto, a naj\u010dastej\u0161ie z \u00fast svojej matky. No s\u00e1m sa tak nec\u00edti. Ove\u013ea rad\u0161ej by bol \u00faplne oby\u010dajn\u00fdm \u010dlovekom. A vlastne niekde vo svojom vn\u00fatri vie, \u017ee to tak je. To len spolo\u010dnos\u0165 a jeho okolie ho tak\u00e9ho nechc\u00fa vidie\u0165 \u2013 preto\u017ee mu po naroden\u00ed diagnostikovali detsk\u00fa mozgov\u00fa obrnu a t\u00e1 natrvalo pozna\u010dila hlavne jeho zov\u0148aj\u0161ok.<\/p>\n\n\n\n<p>Pr\u00edbeh Ryana sa mi vkradol do srdca, ani neviem ako. Mo\u017eno aj preto, \u017ee jeho \u017eivot je v seri\u00e1li spracovan\u00fd ve\u013emi jednoducho \u2013 proste tak, ako plynie. Pr\u00e1ve pre t\u00fato priamo\u010diaros\u0165 som asi nemal d\u00f4vod zam\u00fd\u0161\u013ea\u0165 sa, \u010di je tu LGBT+ tematika spracovan\u00e1 dobre, alebo zle. Jednoducho som sa s protagonistom hne\u010f stoto\u017enil. A to nielen kv\u00f4li tomu, \u017ee s\u00e1m m\u00e1m zdravotn\u00e9 znev\u00fdhodnenie, ale aj preto, \u017ee som za\u017eil ve\u013ea podobn\u00e9ho.<\/p>\n\n\n\n<p>S Ryanom som sa identifikoval prakticky od prvej sc\u00e9ny, v ktorej kr\u00e1\u010da po ulici a spadne, n\u00e1sledne sa postav\u00ed a pokra\u010duje v ceste. Cel\u00fd v\u00fdjav sleduje mal\u00e9 diev\u010datko, ktor\u00e9 sa mu prihovor\u00ed, p\u00fdta sa ho, \u010di nepotrebuje pomoc, preto\u017ee kr\u00e1\u010da akosi divne. Ryan jej vysvetl\u00ed, \u017ee to nie je n\u00e1sledok p\u00e1du, ale detskej mozgovej obrny, ktor\u00fa m\u00e1 u\u017e od narodenia.<\/p>\n\n\n\n<p>Nad reakciou diev\u010datka, ktor\u00e9 za\u010dne pi\u0161\u0165a\u0165 a utek\u00e1 pre\u010d, som sa najprv pousmial. Nesk\u00f4r som sa v\u0161ak zarazil, ke\u010f som si uvedomil, \u017ee i mnoh\u00ed dospel\u00ed \u013eudia, ktor\u00fdch stret\u00e1vam, reaguj\u00fa podobne. A sotva si uvedomuj\u00fa, ako tak\u00e9to sk\u00fasenosti ovplyv\u0148uj\u00fa osobnos\u0165 \u010dloveka, pred ktor\u00fdm u\u0161li. Mo\u017eno sa to neprejav\u00ed hne\u010f, v danom okamihu, ale podobn\u00e9 z\u00e1\u017eitky ost\u00e1vaj\u00fa v jeho vn\u00fatri, zakore\u0148uj\u00fa a vynoria sa v\u017edy, ke\u010f stoj\u00edme pred nejak\u00fdm \u017eivotn\u00fdm rozhodnut\u00edm.<\/p>\n\n\n\n<figure class=\"wp-block-embed is-type-video is-provider-youtube wp-block-embed-youtube wp-embed-aspect-16-9 wp-has-aspect-ratio\"><div class=\"wp-block-embed__wrapper\">\n<iframe loading=\"lazy\" title=\"Special: Season 1 | Official Trailer [HD] | Netflix\" width=\"1778\" height=\"1000\" src=\"https:\/\/www.youtube.com\/embed\/b8S9Gxrp-uI?feature=oembed\" frameborder=\"0\" allow=\"accelerometer; autoplay; clipboard-write; encrypted-media; gyroscope; picture-in-picture\" allowfullscreen><\/iframe>\n<\/div><\/figure>\n\n\n\n<p><strong>Slobodn\u00fd osobn\u00fd \u017eivot, ktor\u00fd \u0165a\u017eko utka\u0165 a \u0165a\u017eko rozplies\u0165<\/strong><\/p>\n\n\n\n<p>Tak\u00e9to situ\u00e1cie zasahuj\u00fa a formuj\u00fa aj Raynov osud. Ve\u013emi dobre rozumiem, pre\u010do sa vo svojom novom novin\u00e1rskm zamestnan\u00ed rozhodol skr\u00fdva\u0165 svoju diagn\u00f3zu a&nbsp;rad\u0161ej klame, \u017ee ho cestou do pr\u00e1ce zrazilo auto. Nechcel, aby ho videli ako \u0161peci\u00e1lny pr\u00edpad.<\/p>\n\n\n\n<p>V Ryanovom \u017eivote je v\u0161ak jedna osoba, ktor\u00e1 ho aj napriek jeho nev\u00f4li bude v\u017edy vn\u00edma\u0165 ako v\u00fdnimo\u010dn\u00e9ho. Jeho mama. Za siln\u00fa str\u00e1nku scen\u00e1ra pova\u017eujem, \u017ee d\u00f4sledky Ryanov\u00fdch rozhodnut\u00ed v\u017edy ovplyv\u0148uj\u00fa aj v\u0161etky ostatn\u00e9 postavy. I div\u00e1\u010dkam a div\u00e1kom, ktor\u00ed nepatria k men\u0161in\u00e1m, to u\u013eah\u010duje pochopenie a prijatie cel\u00e9ho pr\u00edbehu \u2013 a vedie ich to aj k pochopeniu svojho vlastn\u00e9ho miesta v pr\u00edbehoch \u013eud\u00ed, ktor\u00fdm sa mo\u017eno usiluj\u00fa vyh\u00fdba\u0165. Tak\u00fdto dominov\u00fd efekt, \u010di efekt mot\u00fdl\u00edch kr\u00eddel, sa prejav\u00ed aj v s\u00favislosti s Ryanov\u00fdm radik\u00e1lnym rozhodnut\u00edm ods\u0165ahova\u0165 sa od mamy a vst\u00fapi\u0165 do sveta, ktor\u00fd doposia\u013e iba z odstupu sledoval.<\/p>\n\n\n\n<p>A\u017e ke\u010f m\u00e1 Ryan svoj vlastn\u00fd byt, dovo\u013euje si rozv\u00edja\u0165 \u010fal\u0161iu str\u00e1nku svojej osobnosti, a to, \u017ee je gej. Vie to o sebe u\u017e dlh\u0161\u00ed \u010das, no nechcel sa t\u00fdm zaobera\u0165, k\u00fdm b\u00fdval spolu s matkou. Hoci vedel, \u017ee \u0161\u0165astie a spokojnos\u0165 potrebuje h\u013eada\u0165 medzi mu\u017emi, takisto si uvedomoval, \u017ee vstup do tohto vyt\u00fa\u017een\u00e9ho sveta nebude bez tvrd\u00fdch p\u00e1dov, sklaman\u00ed a ot\u00e1znikov. Ryan nechce mamu tr\u00e1pi\u0165 \u010fal\u0161\u00edmi obavami a staros\u0165ami, nechce, aby t\u00fato cestu podstupovala s n\u00edm. C\u00edti, \u017ee sa o to mus\u00ed pok\u00fasi\u0165 s\u00e1m.<\/p>\n\n\n\n<p>Seri\u00e1l ukazuje aj druh\u00fa stranu mince. Po odchode syna z domu sa mama rozhodne kone\u010dne da\u0165 \u0161ancu nov\u00e9mu vz\u0165ahu so svoj\u00edm susedom, ktor\u00fd si dovtedy zakazovala. Mala tu predsa svojho v\u00fdnimo\u010dn\u00e9ho syna, ktor\u00fd&nbsp; potreboval a potrebuje jej pomoc a asistenciu, preto\u017ee to m\u00e1 v spolo\u010dnosti ove\u013ea \u0165a\u017e\u0161ie ako ostatn\u00ed. A ona ho nechcela vymeni\u0165 za in\u00fd vz\u0165ah. Chcela a musela tu by\u0165 pre neho. Je predsa jeho mama. A \u010do ak by si s mu\u017eom zo susedstva prestala rozumie\u0165, ale Ryan by si ho ob\u013e\u00fabil? To mu predsa nemohla spravi\u0165.<\/p>\n\n\n\n<p>Hoci obaja vedia, \u017ee ich nav\u017edy bude sp\u00e1ja\u0165 najbli\u017e\u0161ie rodinn\u00e9 puto a \u017ee sa neprestan\u00fa navz\u00e1jom potrebova\u0165, teraz u\u017e ka\u017ed\u00fd \u017eije inde. A m\u00f4\u017eu sa kone\u010dne, bez ob\u00e1v z n\u00e1sledkov na toho druh\u00e9ho, vybra\u0165 cestou vlastn\u00e9ho srdca a vlastn\u00e9ho \u0161\u0165astia.<\/p>\n\n\n\n<p><strong>LGBT+ tematika, ktor\u00e1 nikomu neprek\u00e1\u017ea<\/strong><\/p>\n\n\n\n<p>Nez\u00e1le\u017e\u00ed na tom, s ak\u00fdmi o\u010dak\u00e1vaniami si seri\u00e1l <em>Special<\/em> pust\u00edte, ver\u00edm, \u017ee si aj k v\u00e1m n\u00e1jde svoju cestu. Pr\u00e1ve v\u010faka tomu, \u017ee Ryanov pr\u00edbeh pod\u00e1va ve\u013emi jednoducho, \u013eudsky, ale z\u00e1rove\u0148 vypoved\u00e1 aj o mnohom, \u010do je na prv\u00fd poh\u013ead skryt\u00e9. A to seri\u00e1lu dod\u00e1va nev\u0161edn\u00fd rozmer v\u0161ednosti.<\/p>\n","protected":false},"excerpt":{"rendered":"<p>Autor textu: Matej Uhl\u00e1r \/ Foto: Netflix Text sme prv\u00fd raz publikovali v \u010d\u00edsle Leto 2021 \u201eRyan O&#8217;Connell je frajer. Okrem toho, \u017ee sa pustil do z\u00e1slu\u017enej pr\u00e1ce \u201anormaliz\u00e1cie\u2018 os\u00f4b s postihnut\u00edm v telev\u00edznom mainstreame, z&nbsp;jeho autorsk\u00e9ho pera sa zrodila aj vtipn\u00e1 a mil\u00e1 kom\u00e9dia, v kr\u00e1tkom form\u00e1te ide\u00e1lnom na binge-watch.\u201c Aj tak\u00e9to div\u00e1cke reakcie <a href=\"https:\/\/duhovyrok.sk\/qys\/chcel-by-byt-menej-spesl-ale-dovoli-mu-to-spolocnost\/\" class=\"more-link\">&#8230;<\/a><\/p>\n","protected":false},"author":21,"featured_media":2993,"comment_status":"closed","ping_status":"closed","sticky":false,"template":"","format":"standard","meta":{"footnotes":""},"categories":[254,6,12],"tags":[163,165,176],"class_list":["post-2992","post","type-post","status-publish","format-standard","has-post-thumbnail","hentry","category-film","category-pribehy-lgbti-ludi","category-tipy","tag-queer-pribehy-a-tv","tag-queer-serial","tag-recenzia"],"_links":{"self":[{"href":"https:\/\/duhovyrok.sk\/qys\/wp-json\/wp\/v2\/posts\/2992","targetHints":{"allow":["GET"]}}],"collection":[{"href":"https:\/\/duhovyrok.sk\/qys\/wp-json\/wp\/v2\/posts"}],"about":[{"href":"https:\/\/duhovyrok.sk\/qys\/wp-json\/wp\/v2\/types\/post"}],"author":[{"embeddable":true,"href":"https:\/\/duhovyrok.sk\/qys\/wp-json\/wp\/v2\/users\/21"}],"replies":[{"embeddable":true,"href":"https:\/\/duhovyrok.sk\/qys\/wp-json\/wp\/v2\/comments?post=2992"}],"version-history":[{"count":1,"href":"https:\/\/duhovyrok.sk\/qys\/wp-json\/wp\/v2\/posts\/2992\/revisions"}],"predecessor-version":[{"id":2995,"href":"https:\/\/duhovyrok.sk\/qys\/wp-json\/wp\/v2\/posts\/2992\/revisions\/2995"}],"wp:featuredmedia":[{"embeddable":true,"href":"https:\/\/duhovyrok.sk\/qys\/wp-json\/wp\/v2\/media\/2993"}],"wp:attachment":[{"href":"https:\/\/duhovyrok.sk\/qys\/wp-json\/wp\/v2\/media?parent=2992"}],"wp:term":[{"taxonomy":"category","embeddable":true,"href":"https:\/\/duhovyrok.sk\/qys\/wp-json\/wp\/v2\/categories?post=2992"},{"taxonomy":"post_tag","embeddable":true,"href":"https:\/\/duhovyrok.sk\/qys\/wp-json\/wp\/v2\/tags?post=2992"}],"curies":[{"name":"wp","href":"https:\/\/api.w.org\/{rel}","templated":true}]}}