{"id":2973,"date":"2021-09-22T11:50:00","date_gmt":"2021-09-22T09:50:00","guid":{"rendered":"https:\/\/duhovyrok.sk\/qys\/?p=2973"},"modified":"2021-09-23T11:12:21","modified_gmt":"2021-09-23T09:12:21","slug":"studentsky-queer-spolok-light-kto-dokaze-mat-silnejsi-hlas-nez-najprestiznejsia-slovenska-univerzita","status":"publish","type":"post","link":"https:\/\/duhovyrok.sk\/qys\/studentsky-queer-spolok-light-kto-dokaze-mat-silnejsi-hlas-nez-najprestiznejsia-slovenska-univerzita\/","title":{"rendered":"\u0160tudentsk\u00fd queer spolok Light: Kto dok\u00e1\u017ee ma\u0165 silnej\u0161\u00ed hlas ne\u017e najprest\u00ed\u017enej\u0161ia slovensk\u00e1 univerzita?"},"content":{"rendered":"\n<p id=\"block-0bae83f6-29db-4573-a068-6faf40a0e5e6\"><strong>Autorka textu: <strong>Dominika Chrastov\u00e1 \/ Foto: Arch\u00edv spolku Light<\/strong><\/strong><\/p>\n\n\n\n<p>Text sme prv\u00fd raz publikovali v \u010d\u00edsle Leto 2021<\/p>\n\n\n\n<p><strong>Na Filozofickej fakulte Univerzity Komensk\u00e9ho v&nbsp;Bratislave vznikol <a href=\"https:\/\/www.facebook.com\/light.fifuk\" target=\"_blank\" rel=\"noreferrer noopener\">\u0161tudentsk\u00fd spolok Light<\/a> (nielen) pre LGBTI+ \u013eud\u00ed, ktor\u00fd sa sna\u017e\u00ed \u0161\u00edri\u0165 osvetu o&nbsp;queer komunite a&nbsp;poskytova\u0165 bezpe\u010dn\u00fd priestor na zd\u00f4verenie sa. Ofici\u00e1lnu podporu m\u00e1, hoci univerzita sa ako celok ku&nbsp;queer t\u00e9mam nezvykne vyjadrova\u0165. \u010co by na svojej alma mater preto zlep\u0161ili a&nbsp;ako sa zatia\u013e spolku Light dar\u00ed, n\u00e1m prezradil Juli\u00e1n Vr\u00e1bel spolu s&nbsp;\u010fal\u0161\u00edmi \u010dlenkami a&nbsp;\u010dlenmi spolku.<\/strong><\/p>\n\n\n\n<p><strong>Ako vznikol n\u00e1pad zalo\u017ei\u0165 queer spolok Light?<\/strong><\/p>\n\n\n\n<p>Mus\u00edm poveda\u0165, \u017ee nepoch\u00e1dza od s\u00fa\u010dasn\u00fdch \u010dlenov spolku, ale od dvoch doktorandov, ktor\u00ed pr\u00e1ve kon\u010dili a&nbsp;jeden z&nbsp;nich n\u00e1s u\u010dil. Po\u010das diskusi\u00ed o&nbsp;zalo\u017een\u00ed spolku sme si uvedomili, \u017ee aj my, ako s\u00fa\u010das\u0165 komunity, chceme ma\u0165 nejak\u00fa reprezent\u00e1ciu na akademickej p\u00f4de.<\/p>\n\n\n\n<p>Z\u00e1rove\u0148 neexistovalo \u017eiadne miesto ani priestor, kde by sa \u013eudia z&nbsp;na\u0161ej komunity mohli c\u00edti\u0165 bezpe\u010dne alebo kam by sa jednoducho mohli pr\u00eds\u0165 len porozpr\u00e1va\u0165, spozna\u0165 sa \u010di poveda\u0165 si o&nbsp;probl\u00e9moch, s&nbsp;ktor\u00fdmi sa po\u010das \u0161t\u00fadia stretli. U\u017e len samotn\u00e1 existencia spolku z\u00e1rove\u0148 posiela pozit\u00edvny odkaz spolo\u010dnosti, \u017ee pr\u00e1ve filozofick\u00e1 fakulta je proti diskrimin\u00e1cii a&nbsp;v\u00e1\u017ei si rozmanitos\u0165 v\u0161etk\u00fdch, \u010do v&nbsp;nej \u0161tuduj\u00fa a&nbsp;pracuj\u00fa.<\/p>\n\n\n\n<p><strong>Pre\u010do pr\u00e1ve n\u00e1zov Light?<\/strong><\/p>\n\n\n\n<p>Chceli sme nie\u010do jednoduch\u00e9, zvu\u010dn\u00e9, pr\u00edzna\u010dn\u00e9, a&nbsp;mo\u017eno aj graficky zauj\u00edmav\u00e9. Grafi\u010dka v&nbsp;na\u0161om t\u00edme pri\u0161la s&nbsp;n\u00e1padom, ktor\u00fd zachoval skratku LGBT. Ke\u010f si toti\u017e pozriete na\u0161e logo, v\u0161imnete si, \u017ee mal\u00e9 p\u00edsmeno \u201eh\u201c sa d\u00e1 ve\u013emi jednoducho, doplnen\u00edm jedn\u00e9ho obl\u00fa\u010dika, zmeni\u0165 na \u201eb\u201c. \u010ealej pridan\u00edm p\u00edsmena \u201ei\u201c vznikne slovo \u201eLight\u201c, ktor\u00e9 m\u00f4\u017eeme ve\u013emi metaforicky ch\u00e1pa\u0165 v&nbsp;dvoch v\u00fdznamoch. Ke\u010f sa svetlo l\u00e1me, vznik\u00e1 d\u00faha, a&nbsp;t\u00e1 je, ako vieme, symbolom pestrosti a&nbsp;rozmanitosti, ktor\u00e9 s\u00fa neoddelite\u013enou s\u00fa\u010das\u0165ou spolo\u010dnosti. Z\u00e1rove\u0148 to m\u00f4\u017ee znamena\u0165, \u017ee chceme ak\u00fdmsi sp\u00f4sobom \u201eosvieti\u0165\u201c \u017eivot na fakulte, univerzite, a mo\u017eno aj mimo nich.<\/p>\n\n\n\n<p><strong>Prv\u00fd pr\u00edspevok ste zverejnili u\u017e na jese\u0148 2019, no akt\u00edvnej\u0161ie ste za\u010dali fungova\u0165, ke\u010f \u0161tudentsk\u00e1 \u010das\u0165 akademick\u00e9ho sen\u00e1tu zintenz\u00edvnila podporu fakultn\u00fdm spolkom. V&nbsp;\u010dom spo\u010d\u00edva t\u00e1to podpora?<\/strong><\/p>\n\n\n\n<p>Treba poveda\u0165, \u017ee si to vy\u017eadovalo aj podporu cel\u00e9ho sen\u00e1tu,&nbsp;samotn\u00e9ho vedenia a&nbsp;tento n\u00e1vrh musel by\u0165 schv\u00e1len\u00fd, \u010do sa aj podarilo. Ur\u010dite to v\u0161ak tie\u017e s\u00favis\u00ed s&nbsp;novou akredit\u00e1ciou, ktor\u00e1 presadzuje orientovanie sa univerz\u00edt na \u0161tudentky a \u0161tudentov.<\/p>\n\n\n\n<p>Samotn\u00e1 podpora spo\u010d\u00edva v&nbsp;tom, \u017ee sme sa mohli zaregistrova\u0165 do ofici\u00e1lneho zoznamu spolkov filozofickej fakulty, \u010d\u00edm sme sa v istom zmysle stali jej s\u00fa\u010das\u0165ou aj bez toho, aby sme museli ma\u0165 vytvoren\u00fd ak\u00fdko\u013evek pr\u00e1vny \u0161tat\u00fat. T\u00fdm sa n\u00e1\u0161 spolok zvidite\u013enil a&nbsp;m\u00f4\u017eete n\u00e1s n\u00e1js\u0165 aj na ofici\u00e1lnej str\u00e1nke fakulty. Z\u00e1rove\u0148 sme t\u00fdmto z\u00edskali mo\u017enos\u0165 po\u017eiada\u0165 o&nbsp;finan\u010dn\u00fd pr\u00edspevok cez dota\u010dn\u00fd grant vytvoren\u00fd pr\u00e1ve pre v\u0161etky spolky, ktor\u00e9 sa na fakulte nach\u00e1dzaj\u00fa. Ten pl\u00e1nujeme aj vyu\u017ei\u0165, ke\u010f sa vr\u00e1time na univerzitu a&nbsp;budeme m\u00f4c\u0165 organizova\u0165 prezen\u010dn\u00e9 aktivity.<\/p>\n\n\n\n<p><strong>Ak\u00fa m\u00e1te \u010dlensk\u00fa z\u00e1klad\u0148u, teda ko\u013eko v\u00e1s je spomedzi \u0161tudentstva a ko\u013eko spomedzi vyu\u010duj\u00facich \u010di \u010fal\u0161\u00edch \u013eud\u00ed zamestnan\u00fdch na fakulte?<\/strong><\/p>\n\n\n\n<p>Teraz sme prijali jednu \u0161tudentku a&nbsp;dvoch \u0161tudentov. Celkovo n\u00e1s je teda v&nbsp;organiza\u010dnom t\u00edme sedem a&nbsp;jeden z&nbsp;p\u00f4vodn\u00fdch doktorandov n\u00e1s ment\u00e1lne podporuje na dia\u013eku. Do bud\u00facnosti sa pl\u00e1nujeme \u010falej rozrasta\u0165, a&nbsp;to najm\u00e4 pri pr\u00edvale nov\u00fdch \u0161tudentiek a \u0161tudentov na za\u010diatku \u010fal\u0161ieho akademick\u00e9ho roka, ke\u010f u\u017e budeme m\u00f4c\u0165 \u00eds\u0165 priamo za nimi a naopak. Zo zamestnaneckej \u010dasti n\u00e1s zatia\u013e nikto nekontaktoval.<\/p>\n\n\n\n<p><strong>\u010co pon\u00fakate queer \u0161tudentom a \u0161tudentk\u00e1m a&nbsp;zamestnancom univerzity, pr\u00edpadne takzvan\u00fdm \u201estraight allies\u201c, ktor\u00ed by sa chceli prida\u0165?<\/strong><\/p>\n\n\n\n<p>Pon\u00faknu\u0165 toho ve\u013ea nem\u00f4\u017eeme, preto\u017ee moment\u00e1lne ofici\u00e1lnou s\u00fa\u010das\u0165ou n\u00e1\u0161ho spolku m\u00f4\u017eu by\u0165 len \u013eudia, ktor\u00ed maj\u00fa z\u00e1ujem akt\u00edvne sa podie\u013ea\u0165 na tvorbe obsahu a&nbsp;organiz\u00e1cie aktiv\u00edt pre druh\u00fdch \u013eud\u00ed. Ak v\u0161ak u\u017e tak\u00fdto z\u00e1ujem existuje, m\u00f4\u017eeme pon\u00faknu\u0165 aspo\u0148 n\u00e1s, t\u00edm skvel\u00fdch \u013eud\u00ed a podporn\u00fa priate\u013esk\u00fa skupinu, ktor\u00e1 si d\u00f4veruje a&nbsp;spolu sa u\u010d\u00ed rozv\u00edja\u0165 nielen osobn\u00e9 a&nbsp;t\u00edmov\u00e9 organiza\u010dn\u00e9 zru\u010dnosti, ale nadob\u00fada aj rozli\u010dn\u00e9 vedomost\u00ed o queer komunite.<\/p>\n\n\n\n<p><strong>Ste prv\u00fdm queer \u0161tudentsk\u00fdm spolkom na Slovensku. Beriete si pr\u00edklad z&nbsp;niektor\u00fdch zahrani\u010dn\u00fdch spolkov?<\/strong><\/p>\n\n\n\n<p>Mohli by sme sk\u00f4r hovori\u0165 o&nbsp;prvom ofici\u00e1lnom \u0161tudentskom spolku s podporou akademickej in\u0161tit\u00facie, ktorou je Filozofick\u00e1 fakulta Univerzity Komensk\u00e9ho. Je to dlh\u00fd titul, ale nejak\u00e9 \u0161tudentsk\u00e9 spolky, ak si ich tak m\u00f4\u017eem dovoli\u0165 nazva\u0165, tu boli u\u017e d\u00e1vno pred nami, aj ke\u010f ur\u010dite neboli pr\u00edli\u0161 zn\u00e1me. Napr\u00edklad Arcus v&nbsp;Nitre alebo \u0160tudentsk\u00e9 centrum integr\u00e1cie sexu\u00e1lnych men\u0161\u00edn v&nbsp;Tren\u010d\u00edne. Po spojen\u00ed s niektor\u00fdmi \u010fal\u0161\u00edmi organiz\u00e1ciami, ako Ganymedes, vytvorili dnes ve\u013emi zn\u00e1mu Iniciat\u00edvu Inakos\u0165. Dokonca sme objavili, \u017ee existuje klub GAY\u010cA na gymn\u00e1ziu GAM\u010cA v&nbsp;Bratislave.<\/p>\n\n\n\n<p>T\u00fdm chcem poveda\u0165, \u017ee nie sme jedin\u00fdm spolkom, len sa o&nbsp;ostatn\u00fdch mo\u017eno nevedelo a na\u010falej nevie alebo funguj\u00fa v&nbsp;tajnosti, a&nbsp;preto je pre n\u00e1s pr\u00edzna\u010dnej\u0161\u00ed vy\u0161\u0161ie spom\u00ednan\u00fd rozp\u00edsan\u00fd \u201etitul\u201c. \u010co sa t\u00fdka pr\u00edkladov zo zahrani\u010dia, samozrejme sledujeme \u010dinnos\u0165 queer spolku Charlie na Karlovej Univerzite v&nbsp;Prahe a&nbsp;v&nbsp;bud\u00facnosti by sme sa s&nbsp;nimi chceli skontaktova\u0165 a&nbsp;porozpr\u00e1va\u0165 sa o&nbsp;ich \u201eknow-how\u201c a sk\u00fasenostiach.<\/p>\n\n\n\n<p><strong>Ako fungoval v\u00e1\u0161 spolok po\u010das pand\u00e9mie?<\/strong><\/p>\n\n\n\n<p>Akt\u00edvnej\u0161ie sme za\u010dali fungova\u0165 pr\u00e1ve v&nbsp;obdob\u00ed, ke\u010f druh\u00e1 vlna pand\u00e9mie naberala na sile a \u0161tudentsk\u00e1 \u010das\u0165 akademick\u00e9ho sen\u00e1tu n\u00e1s predstavila ako nov\u00fd fakultn\u00fd spolok. Vtedy sme z\u00e1rove\u0148 prijali organiza\u010dne zdatn\u00fa \u010dlenku s amb\u00edciami v oblasti rozv\u00edjania komunity, v\u010faka ktorej sme spustili aj n\u00e1\u0161 instagramov\u00fd \u00fa\u010det. A&nbsp;tak sme postupne zvy\u0161ovali povedomie o&nbsp;na\u0161ej existencii, \u010do dokazuje aj s\u00fa\u010dasn\u00fdch takmer tristo sledovateliek a sledovate\u013eov.<\/p>\n\n\n\n<p>Vo febru\u00e1ri, \u010do bol mesiac LGBTI+ hist\u00f3rie, sme vytv\u00e1rali r\u00f4zne pr\u00edspevky, na ktor\u00fdch sme sa dohadovali po\u010das pravideln\u00fdch online stretnut\u00ed. Na in\u00e9 aktivity sme si v&nbsp;tomto obdob\u00ed netr\u00fafali. Po marci sme ozn\u00e1mili men\u0161iu prest\u00e1vku, ktor\u00e1 sa v&nbsp;d\u00f4sledku osobnej pre\u0165a\u017eenosti tro\u0161ku natiahla, no ost\u00e1vali sme v&nbsp;r\u00e1mci t\u00edmu v&nbsp;kontakte cez n\u00e1\u0161 intern\u00fd facebookov\u00fd \u010det a&nbsp;verbovali nov\u00e9 \u010dlenky a&nbsp;\u010dlenov. A&nbsp;m\u00f4\u017eem poveda\u0165, \u017ee to sa rozhodne podarilo.<\/p>\n\n\n\n<p><strong>Ak\u00e1 bola doposia\u013e odozva na va\u0161u pr\u00e1cu?<\/strong><\/p>\n\n\n\n<p>Zatia\u013e sme sa nestretli so \u017eiadnymi negat\u00edvnymi koment\u00e1rmi alebo nar\u00e1\u017ekami, a&nbsp;to ani na Facebooku. R\u00e1tame v\u0161ak s&nbsp;t\u00fdm, a&nbsp;aj sme zistili, \u017ee na\u0161u fan\u00fa\u0161ikovsk\u00fa z\u00e1klad\u0148u v s\u00fa\u010dasnosti tvoria tie\u017e \u201estraight allies\u201c. Pr\u00e1ve od nich dost\u00e1vame ve\u013ea in\u0161pirat\u00edvnych koment\u00e1rov, ktor\u00e9 z\u00e1rove\u0148 \u201ehrej\u00fa pri srdie\u010dku\u201c, ke\u010f obsahuj\u00fa inform\u00e1ciu, \u017ee sa v\u010faka na\u0161im pr\u00edspevkom dozvedeli nie\u010do nov\u00e9 ve\u013emi jednoduchou, informat\u00edvnou a neinvaz\u00edvnou formou.<\/p>\n\n\n\n<p>In\u00fdm typom odozvy s\u00fa spr\u00e1vy, ktor\u00e9 n\u00e1s opravia alebo upozornia, ak sprav\u00edme nejak\u00fd preklep alebo chybu v&nbsp;prezentovan\u00fdch inform\u00e1ci\u00e1ch. Sme za ne ve\u013emi v\u010fa\u010dn\u00ed, preto\u017ee presne to je jedn\u00fdm z&nbsp;na\u0161ich cie\u013eov \u2013 rozpr\u00fadi\u0165 diskusiu.<\/p>\n\n\n\n<p><strong>\u010co by ste zlep\u0161ili na Univerzite Komensk\u00e9ho, aby sa tam queer \u0161tudenti a \u0161tudentky c\u00edtili \u010do najkomfortnej\u0161ie?<\/strong><\/p>\n\n\n\n<p>U\u017e len to, \u017ee sme od vedenia dostali v s\u00favislosti s na\u0161ou \u010dinnos\u0165ou podporn\u00fd e-mail, n\u00e1m vytvorilo ve\u013emi pozit\u00edvny poh\u013ead na na\u0161u fakultu. My tento pozit\u00edvny sign\u00e1l m\u00f4\u017eeme vysiela\u0165 \u010falej verejnosti, konkr\u00e9tne \u013eu\u010fom z queer komunity, ktor\u00ed sa rozhoduj\u00fa \u00eds\u0165 k n\u00e1m \u0161tudova\u0165.<\/p>\n\n\n\n<p>Tento komfort by sme v\u0161ak chceli z&nbsp;fakulty prenies\u0165 aj e\u0161te \u010falej. V\u0161\u00edmame si toti\u017e, \u017ee univerzita ako celok sa moment\u00e1lne k t\u00e9mam queer komunity v\u00f4bec nevyjadruje. Ako keby sa b\u00e1la n\u00e1zoru nielen verejnosti, ale aj svojich vn\u00fatorn\u00fdch kruhov. Vieme, \u017ee na Slovensku je imid\u017e d\u00f4le\u017eit\u00fd, hlavne imid\u017e \u201enajstar\u0161ej\u201d univerzity. No spolo\u010dnos\u0165 sa neust\u00e1le vyv\u00edja a \u017eelali by sme si, aby si to v\u0161imla aj na\u0161a alma mater ako celok. Preto\u017ee kto in\u00fd dok\u00e1\u017ee ma\u0165 silnej\u0161\u00ed hlas ne\u017e najprest\u00ed\u017enej\u0161ia univerzita na Slovensku?<\/p>\n\n\n\n<p>\u010eal\u0161\u00edm bodom by mohlo by\u0165 aspo\u0148 minim\u00e1lne vzdel\u00e1vanie univerzitn\u00fdch vyu\u010duj\u00facich v tejto t\u00e9me. Nemysl\u00edme t\u00fdm cel\u00fa queer hist\u00f3riu, ale z\u00e1klady, ktor\u00e9 by im mohli pom\u00f4c\u0165 v situ\u00e1ci\u00e1ch, ke\u010f bud\u00fa konfrontovan\u00ed so \u0161tudentom \u010di \u0161tudentkou patriacou ku queer komunite, alebo aby vedeli reagova\u0165 na nevyhovuj\u00face spr\u00e1vanie smerom ku komunite.<\/p>\n\n\n\n<p>Pre m\u0148a osobne, ako bud\u00faceho u\u010dite\u013ea, je d\u00f4le\u017eit\u00fd v tomto oh\u013eade aj bod vzdel\u00e1vania bud\u00facich u\u010dite\u013eov a u\u010diteliek stredn\u00fdch, z\u00e1kladn\u00fdch a matersk\u00fdch \u0161k\u00f4l, ich asistentov a psychol\u00f3gov a psychologi\u010diek. Ve\u013emi m\u00e1lo sa u\u010d\u00edme o zvl\u00e1dnut\u00ed a vzdel\u00e1van\u00ed \u017eiakov a \u017eia\u010dok s r\u00f4znymi v\u00fdchovno-vzdel\u00e1vac\u00edmi poruchami, a u\u017e v\u00f4bec neberieme do \u00favahy queer identitu. Ako potom m\u00f4\u017eeme dosiahnu\u0165 zmenu v spolo\u010dnosti, ke\u010f samotn\u00ed u\u010ditelia nie s\u00fa v t\u00fdchto d\u00f4le\u017eit\u00fdch veciach vzdel\u00e1van\u00ed? Aj toto m\u00f4\u017ee by\u0165 ve\u013emi pozit\u00edvny odkaz queer komunite, ktor\u00fd prispeje k jej v\u00e4\u010d\u0161iemu komfortu.<\/p>\n\n\n\n<p><strong>Ak\u00e9 aktivity pl\u00e1nujete po\u010das Pride-u a&nbsp;\u010fal\u0161ieho semestra?<\/strong><\/p>\n\n\n\n<p>Moment\u00e1lne sa spolu s&nbsp;nov\u00fdmi \u010dlenmi a \u010dlenkami pripravujeme na prezen\u010dn\u00fa formu \u0161t\u00fadia a&nbsp;pre\u0148 vhodn\u00e9 aktivity, no ur\u010dite chceme pokra\u010dova\u0165 aj v&nbsp;p\u00edsan\u00ed informat\u00edvnych pr\u00edspevkov na soci\u00e1lne siete. Za vhodn\u00e9 aktivity pova\u017eujeme neform\u00e1lne komunitn\u00e9 stretnutia v&nbsp;priestoroch fakulty. Konkr\u00e9tne takzvan\u00e9 \u201ecandle nights\u201c, filmov\u00e9 ve\u010dery, komunitn\u00e9 \u010d\u00edtania a jednoduch\u00e9 posedenia, na ktor\u00e9 sme u\u017e vopred dostali povolenie od vedenia, ale taktie\u017e workshopy alebo predn\u00e1\u0161ky zn\u00e1mych osobnost\u00ed nielen z&nbsp;komunity. Takisto by sme mohli nadviaza\u0165 spolupr\u00e1ce s&nbsp;\u010fal\u0161\u00edmi slovensk\u00fdmi organiz\u00e1ciami.<\/p>\n\n\n\n<p>V&nbsp;s\u00fa\u010dasnosti sme pr\u00e1ve na tieto aktivity po\u017eiadali o&nbsp;grant Eur\u00f3psky port\u00e1l pre ml\u00e1de\u017e. Sekcia Eur\u00f3psky zbor solidarity podporuje pr\u00e1ve projekty, ktor\u00fdch t\u00e9ma sa nejak\u00fdm sp\u00f4sobom via\u017ee so solidaritou. Tak n\u00e1m dr\u017ete palce, nech to vyjde. V&nbsp;zjednodu\u0161enej verzii si to ale ur\u010dite vieme predstavi\u0165 aj bez grantu.<\/p>\n\n\n\n<p><strong>Zatia\u013e je o&nbsp;v\u00e1s povedomie najm\u00e4 na filozofickej fakulte. Budete sa v bl\u00edzkej bud\u00facnosti usilova\u0165 presadi\u0165 sa aj na ostatn\u00fdch fakult\u00e1ch?<\/strong><\/p>\n\n\n\n<p>Ur\u010dite. Ja s\u00e1m som ofici\u00e1lne \u0161tudentom pr\u00edrodovedeckej fakulty a \u010das\u0165 \u0161t\u00fadia m\u00e1m na filozofickej. Podporu queer komunity m\u00f4\u017eeme sledova\u0165 aj na fakulte soci\u00e1lnych a&nbsp;ekonomick\u00fdch vied, ktor\u00e1, podobne ako filozofick\u00e1 fakulta, vyvesila po\u010das Pride-u d\u00fahov\u00fa vlajku a&nbsp;tie\u017e o&nbsp;tom nap\u00edsala pr\u00edspevok.<\/p>\n\n\n\n<p>Aj na z\u00e1klade toho vid\u00edme ve\u013ek\u00fd potenci\u00e1l pre vznik napr\u00edklad bratsk\u00fdch\/sestersk\u00fdch klubov alebo to, \u017ee sa Light m\u00f4\u017ee sta\u0165 spolkom s&nbsp;celouniverzitn\u00fdm p\u00f4soben\u00edm, ako to maj\u00fa v&nbsp;Prahe. Nechceme v\u0161ak predbieha\u0165 a&nbsp;d\u00e1va\u0165 si na za\u010diatok prive\u013ek\u00e9 ciele. Potrebujeme zisti\u0165, ako dok\u00e1\u017eeme&nbsp;organizova\u0165 akcie v&nbsp;r\u00e1mci na\u0161ej fakulty, ak\u00e1 na ne bude odozva pri&nbsp;prezen\u010dnej forme \u0161t\u00fadia a&nbsp;\u010di sa n\u00e1m podar\u00ed n\u00e1bor nov\u00fdch \u010dleniek a \u010dlenov, ktor\u00ed sa o&nbsp;fungovanie spolku postaraj\u00fa v&nbsp;bud\u00facnosti.<\/p>\n\n\n\n<p><strong>\u010co by ste odk\u00e1zali \u0161tudentom a \u0161tudentk\u00e1m, ktor\u00ed sa boja vyjs\u0165 von so svojou sexu\u00e1lnou orient\u00e1ciou alebo rodovou identitou?<\/strong><\/p>\n\n\n\n<p>Spravi\u0165 ak\u00fdko\u013evek typ coming-outu nie je povinnos\u0165 ani nutnos\u0165. \u013dudia by mali by\u0165 sami schopn\u00ed vyc\u00edti\u0165, kedy je ten spr\u00e1vny \u010das, a \u010di v\u00f4bec sa rozhodn\u00fa to niekomu poveda\u0165. Ak nie, alebo ak to pre \u010dloveka nem\u00e1 takmer \u017eiadny v\u00fdznam, nevid\u00edme zmysel v \u017eiadnom type n\u00e1tlaku, \u010di u\u017e osobnom, spolo\u010denskom alebo komunitnom.<\/p>\n\n\n\n<p>Na druhej strane, ak je strach jedin\u00e1 vec, ktor\u00e1 im v tom br\u00e1ni, odk\u00e1zali by sme im, \u017ee ten strach m\u00f4\u017ee by\u0165 iracion\u00e1lny. Mlad\u00ed \u013eudia dnes b\u00fdvaj\u00fa \u010dasto tolerantn\u00ed. Probl\u00e9mom v\u0161ak m\u00f4\u017ee by\u0165 rodina a v takom pr\u00edpade opakujeme, \u017ee je v poriadku necha\u0165 si to pre seba, a chceme pr\u00edzvukova\u0165, \u017ee tak \u010di onak tu pre nich budeme aj my.<\/p>\n","protected":false},"excerpt":{"rendered":"<p>Autorka textu: Dominika Chrastov\u00e1 \/ Foto: Arch\u00edv spolku Light Text sme prv\u00fd raz publikovali v \u010d\u00edsle Leto 2021 Na Filozofickej fakulte Univerzity Komensk\u00e9ho v&nbsp;Bratislave vznikol \u0161tudentsk\u00fd spolok Light (nielen) pre LGBTI+ \u013eud\u00ed, ktor\u00fd sa sna\u017e\u00ed \u0161\u00edri\u0165 osvetu o&nbsp;queer komunite a&nbsp;poskytova\u0165 bezpe\u010dn\u00fd priestor na zd\u00f4verenie sa. Ofici\u00e1lnu podporu m\u00e1, hoci univerzita sa ako celok ku&nbsp;queer t\u00e9mam <a href=\"https:\/\/duhovyrok.sk\/qys\/studentsky-queer-spolok-light-kto-dokaze-mat-silnejsi-hlas-nez-najprestiznejsia-slovenska-univerzita\/\" class=\"more-link\">&#8230;<\/a><\/p>\n","protected":false},"author":6,"featured_media":2974,"comment_status":"closed","ping_status":"closed","sticky":false,"template":"","format":"standard","meta":{"footnotes":""},"categories":[1],"tags":[266,297,296,295],"class_list":["post-2973","post","type-post","status-publish","format-standard","has-post-thumbnail","hentry","category-nezaradene","tag-from-qys","tag-light","tag-spolok","tag-univerzita-komenskeho"],"_links":{"self":[{"href":"https:\/\/duhovyrok.sk\/qys\/wp-json\/wp\/v2\/posts\/2973","targetHints":{"allow":["GET"]}}],"collection":[{"href":"https:\/\/duhovyrok.sk\/qys\/wp-json\/wp\/v2\/posts"}],"about":[{"href":"https:\/\/duhovyrok.sk\/qys\/wp-json\/wp\/v2\/types\/post"}],"author":[{"embeddable":true,"href":"https:\/\/duhovyrok.sk\/qys\/wp-json\/wp\/v2\/users\/6"}],"replies":[{"embeddable":true,"href":"https:\/\/duhovyrok.sk\/qys\/wp-json\/wp\/v2\/comments?post=2973"}],"version-history":[{"count":3,"href":"https:\/\/duhovyrok.sk\/qys\/wp-json\/wp\/v2\/posts\/2973\/revisions"}],"predecessor-version":[{"id":3029,"href":"https:\/\/duhovyrok.sk\/qys\/wp-json\/wp\/v2\/posts\/2973\/revisions\/3029"}],"wp:featuredmedia":[{"embeddable":true,"href":"https:\/\/duhovyrok.sk\/qys\/wp-json\/wp\/v2\/media\/2974"}],"wp:attachment":[{"href":"https:\/\/duhovyrok.sk\/qys\/wp-json\/wp\/v2\/media?parent=2973"}],"wp:term":[{"taxonomy":"category","embeddable":true,"href":"https:\/\/duhovyrok.sk\/qys\/wp-json\/wp\/v2\/categories?post=2973"},{"taxonomy":"post_tag","embeddable":true,"href":"https:\/\/duhovyrok.sk\/qys\/wp-json\/wp\/v2\/tags?post=2973"}],"curies":[{"name":"wp","href":"https:\/\/api.w.org\/{rel}","templated":true}]}}