{"id":2966,"date":"2021-10-18T07:35:00","date_gmt":"2021-10-18T05:35:00","guid":{"rendered":"https:\/\/duhovyrok.sk\/qys\/?p=2966"},"modified":"2021-11-21T14:31:12","modified_gmt":"2021-11-21T13:31:12","slug":"ildi-juhasz-pre-lesby-za-socializmu-v-madarsku-nebol-priestor","status":"publish","type":"post","link":"https:\/\/duhovyrok.sk\/qys\/ildi-juhasz-pre-lesby-za-socializmu-v-madarsku-nebol-priestor\/","title":{"rendered":"Ildi Juh\u00e1sz: Pre lesby za socializmu v Ma\u010farsku nebol priestor"},"content":{"rendered":"\n<p id=\"block-0bae83f6-29db-4573-a068-6faf40a0e5e6\"><strong>Autor textu: <strong>Andrej Kuruc \/ Foto: <\/strong>Robert Pakan<\/strong><\/p>\n\n\n\n<p>Text sme prv\u00fd raz publikovali v \u010d\u00edsle Leto 2021<\/p>\n\n\n\n<p><strong>Ildi Juh\u00e1sz sa narodila v&nbsp;roku 1953 v&nbsp;Budape\u0161ti, kde \u017eije dodnes. \u0160tudovala estetiku na Fakulte humanitn\u00fdch vied. Poch\u00e1dza z intelektu\u00e1lnej rodiny strednej triedy. M\u00e1 mlad\u0161ieho brata. Najprv pracovala ako asistentka r\u00e9\u017eie, nesk\u00f4r viedla kino. Po revol\u00facii prev\u00e1dzkovala re\u0161taur\u00e1ciu.<\/strong><\/p>\n\n\n\n<p>Asi vo veku 14-15 rokov zistila, \u017ee m\u00e1 \u201e\u0161peci\u00e1lny z\u00e1ujem\u201c. Nerozumela tomu, lebo &nbsp;nemala o inej&nbsp;sexu\u00e1lnej orient\u00e1cii \u017eiadne inform\u00e1cie, ani nikoho tak\u00e9ho nepoznala. Preto vedome za\u010dala h\u013eada\u0165 \u013eud\u00ed s&nbsp;podobn\u00fdm zameran\u00edm. Stretla v&nbsp;\u0161kole mil\u00e9ho chlapca, ktor\u00fd jej povedal, \u017ee je gej. Nadviazala s&nbsp;n\u00edm kontakt a on jej predstavil no\u010dn\u00fd \u017eivot \u201ehomosexu\u00e1lov\u201c. Tak si prirodzene na\u0161la svoje prostredie. Mala mnoho priate\u013eov gejov, s ktor\u00fdmi tie\u017e ve\u013ea cestovali.<\/p>\n\n\n\n<p>Ke\u010f Ildi spom\u00edna na coming-out rodi\u010dom, je presved\u010den\u00e1, \u017ee to museli sami spozorova\u0165, ke\u010f\u017ee \u017eili spolu. Priamo ju v\u0161ak vyoutovala b\u00fdval\u00e1 priate\u013eka, ktor\u00e1 zavolala jej mame a op\u00fdtala sa jej, \u010di vie, \u017ee jej dc\u00e9ra je lesba. \u201ePri\u0161la som domov a &nbsp;mama sa ma op\u00fdtala: Naozaj? Ja som povedala: Naozaj. Nehovor\u00edm, \u017ee to oslavovali, reagovali norm\u00e1lne, ale asi ako ka\u017ed\u00fd rodi\u010dia, neboli pr\u00edli\u0161 \u0161\u0165astn\u00ed.\u201c \u010co sa t\u00fdka priate\u013eov a&nbsp;priateliek, zo za\u010diatku sa sna\u017eila n\u00e1js\u0165 \u013eud\u00ed v&nbsp;\u201epodobn\u00fdch top\u00e1nkach\u201c, \u010do bolo krycie ozna\u010denie pre homosexualitu. Samozrejme, mala aj \u201eoby\u010dajn\u00fdch\u201c priate\u013eov, a&nbsp;ke\u010f spravila coming-out, dobr\u00fd priate\u013e \u010di priate\u013eka to pochopili. \u201eOby\u010dajn\u00fd\u201c v&nbsp;ich slovn\u00edku znamenalo, \u017ee \u010dlovek je heterosexu\u00e1l. Za\u017eila aj zop\u00e1r zl\u00fdch reakci\u00ed.<\/p>\n\n\n\n<p>\u010co sa t\u00fdka pr\u00e1ce, Ildi nem\u00f4\u017ee poveda\u0165, \u017ee by spr\u00e1vu o jej sexualite oslavovali \u0161ampansk\u00fdm. \u201eNenosila som odznak, ktor\u00fd by hovoril, \u017ee som lesba, ale ke\u010f sa ma na to op\u00fdtali, nikdy som neklamala\u201c. Ak bol niekto vyoutovan\u00fd v&nbsp; \u017eivote, tak ho akceptovali kolegovia a kolegyne ove\u013ea \u013eah\u0161ie. Zistila, \u017ee \u013eudia, ktor\u00ed klamali, napr\u00edklad sa sna\u017eili zakry\u0165 svoju orient\u00e1ciu man\u017eelstvom, \u017eili hor\u0161ie. Boli ako slon v&nbsp;porcel\u00e1ne, okolie to oby\u010dajne aj tak spozorovalo.<\/p>\n\n\n\n<p>Ildi nen\u00fatila svoje okolie k&nbsp;tomu, aby bolo vystaven\u00e9 jej orient\u00e1cii. \u201eNapr\u00edklad som sa pred \u201eoby\u010dajn\u00fdmi\u201c nebozk\u00e1vala s&nbsp;priate\u013ekou.\u201c Mysl\u00ed si, \u017ee ke\u010f prispieva spolo\u010dnosti, vykon\u00e1va svoje povinnosti, musia ju akceptova\u0165. Pravda\u017ee, mala aj kolegov, ktor\u00ed sa nezdr\u017eali pozn\u00e1mok o jej orient\u00e1cii. \u201eMusela som sa nau\u010di\u0165 br\u00e1ni\u0165 seba a&nbsp;svoj \u017eivot. Jedn\u00e9ho kolegu som sa op\u00fdtala, ak\u00fd m\u00e1 probl\u00e9m: \u201aLebo to, \u017ee vykrikuje\u0161, \u017ee som lesba, nie je pre m\u0148a dostato\u010dn\u00e9 vysvetlenie. Ja som dobr\u00e1 v&nbsp;tom, \u010do rob\u00edm. Mala by som trpie\u0165 nejak\u00fdm znev\u00fdhodnen\u00edm v&nbsp;pr\u00e1ci kv\u00f4li svojej sexu\u00e1lnej orient\u00e1cii? To by nebolo spravodliv\u00e9. Jedin\u00e9, \u010do vie\u0161, je p\u013euva\u0165 na druh\u00fdch. \u010co je \u0165a do toho, ak\u00fd je m\u00f4j s\u00fakromn\u00fd \u017eivot? Nenos\u00edm si s\u00fakromn\u00fd \u017eivot do pr\u00e1ce, nen\u00fatim \u0165a, aby si bol jeho s\u00fa\u010das\u0165ou \u010di po\u010d\u00faval o&nbsp;\u0148om\u2018,\u201c takto sa Ildi br\u00e1nila.<\/p>\n\n\n\n<p>V&nbsp;obdob\u00ed socializmu mali m\u00e1lo inform\u00e1ci\u00ed o&nbsp;homosexualite. V&nbsp;osemdesiatych rokoch vydali tri publik\u00e1cie s&nbsp;titulmi \u201eGej spolo\u010dn\u00edk\u201c, alebo bola to brakov\u00e1 literat\u00fara. A&nbsp;to boli e\u0161te knihy s&nbsp;pozit\u00edvnym postojom. Vo v\u0161eobecnosti, ak sa spomenula homosexualita, tak len v&nbsp;n\u00e1znakoch. T\u00e9ma sa jednoducho nezobrazovala, akoby jej obch\u00e1dzanie zabezpe\u010dilo, \u017ee sa strat\u00ed. Skuto\u010dnos\u0165, \u017ee existuj\u00fa tak\u00ed \u013eudia, nezapadala do dobov\u00e9ho spolo\u010densk\u00e9ho obrazu.<\/p>\n\n\n\n<p>Najpozit\u00edvnej\u0161\u00ed postoj znel, \u017ee ide o \u00fachylku. Vtedy, podobne ako doteraz, po\u010d\u00favala Ildi n\u00e1zory, \u017ee by sa homosexualita mala lie\u010di\u0165 a&nbsp;in\u00e9 hl\u00faposti. V&nbsp;ur\u010ditom oh\u013eade sa zdalo, \u017ee lesby s\u00fa viac tolerovan\u00e9, ke\u010f\u017ee \u013eudia hovorili, \u017ee existuj\u00fa. Homosexu\u00e1lnymi mu\u017emi sa viac poh\u0155dalo, nad\u00e1valo sa im, r\u00f4znym sp\u00f4sobom ich v spolo\u010dnosti diskriminovali. \u201ePreto som sa okolo seba sna\u017eila vytvori\u0165 bezpe\u010dn\u00e9 prostredie. Ke\u010f\u017ee som mala ve\u013ea kamar\u00e1tov gejov, zoznamovala som ich len s \u013eu\u010fmi, o ktor\u00fdch som predpokladala, \u017ee im nebud\u00fa ubli\u017eova\u0165, aby sa pri nich nec\u00edtili zle.\u201c A&nbsp;ke\u010f sa okolo nich objavili \u013eudia, ktor\u00ed o&nbsp;z\u00e1le\u017eitostiach LGBTI+ nevedeli, sna\u017eili sa im vysvetli\u0165 niektor\u00e9 veci, uv\u00e1dzaj\u00fac seba ako pr\u00edklady. Ildi si mysl\u00ed, \u017ee spolo\u010dnos\u0165 je na tom st\u00e1le ve\u013emi podobne. Akcept\u00e1cia je len \u010diasto\u010dn\u00e1, st\u00e1le po\u010dujeme ve\u013ea v\u00fdhrad vo\u010di LGBTI+ \u013eu\u010fom.<\/p>\n\n\n\n<p>Ildi si spom\u00edna na prelomov\u00fd film z roku 1982, volal sa <em>M\u00e1s \u00fat<\/em> (In\u00e1 cesta). Predt\u00fdm videla s kamar\u00e1tmi Viscontiho a\u00a0Bergmanove filmy s homosexu\u00e1lnymi postavami. \u201eAle vytvori\u0165 v\u00a0Ma\u010farsku film otvorene hovoriaci o\u00a0lesb\u00e1ch, to bolo po prv\u00fd raz. Nato\u010dili ho pod\u013ea novely Ersz\u00e9bet Galg\u00f3czi, a,\u00a0samozrejme, \u010d\u00edtali sme aj kni\u017en\u00fa predlohu, t\u00e1to t\u00e9ma je v nej v\u00fdrazne pr\u00edtomn\u00e1,\u201c hovor\u00ed Ildi. Ak na\u0161inci chceli n\u00e1js\u0165 inform\u00e1cie o\u00a0tomto \u017eivotnom \u0161t\u00fdle, dali sa n\u00e1js\u0165 vo filme, literat\u00fare, kdeko\u013evek. \u201eNapr\u00edklad film <em>1900 <\/em>od Bertolucciho, som videla dev\u00e4\u0165kr\u00e1t, preto\u017ee homosexualitu zobrazoval tak\u00fdm zauj\u00edmav\u00fdm sp\u00f4sobom, \u017ee ma to prin\u00fatilo prem\u00fd\u0161\u013ea\u0165.\u201c<\/p>\n\n\n\n<p>Pre \u017eeny, ktor\u00e9 mali rady \u017eeny, nejestvoval \u0161pecifick\u00fd priestor. \u017deny boli v\u017edy menej pr\u00edtomn\u00e9 vo verejnom priestore, tak po str\u00e1nke reprezent\u00e1cie, ako aj samotn\u00e9ho vych\u00e1dzania na verejn\u00e9 miesta. V Budape\u0161ti boli za socializmu dve miesta, ktor\u00e9 ka\u017ed\u00fd poznal: re\u0161taur\u00e1cia Di\u00f3fa, ktor\u00e1 bola otvoren\u00e1 od 11:30 dopoludnia a\u017e do polnoci. \u201eJedlo tam bolo vynikaj\u00face a&nbsp;po \u0148om sme oby\u010dajne i\u0161li do kaviarne Egyetem \u2013 o tej vedela cel\u00e1 krajina, o&nbsp;ak\u00fd podnik ide,\u201d spom\u00edna Ildi. A vedela to aj pol\u00edcia. Pri vstupe st\u00e1l v\u017edy jeden v&nbsp;utajen\u00ed, tak\u017ee zaznamenal ka\u017ed\u00e9ho, kto tam vkro\u010dil. To bola v\u0161ak cena, ktor\u00fa bola v\u00e4\u010d\u0161ina \u013eud\u00ed ochotn\u00e1 zaplati\u0165. Ildi pravidelne chodila na obe miesta.&nbsp;<\/p>\n\n\n\n<p>\u017densk\u00e9 p\u00e1rty, na ktor\u00e9 sa chodievalo v&nbsp;peknom oble\u010den\u00ed, organizovala aj jedna dobre zn\u00e1ma osoba, ktor\u00e1 mala kaviare\u0148 v mestskej \u010dasti Kamaraerd\u0151. \u201eAlebo sme i\u0161li na in\u00e9 miesto, o ktorom sme sa dopo\u010duli v r\u00e1mci komunity, novinky sa \u0161\u00edrili \u00fastnym podan\u00edm.\u201c Ostatn\u00ed o t\u00fdchto miestach nevedeli. \u201eRovnak\u00e9 to bolo aj s&nbsp;moj\u00edm kinom. Neve\u0161ala som plag\u00e1ty, ktor\u00e9 by hovorili, \u017ee toto kino je \u201agay-friendly\u2018. Bolo tak\u00e9 popul\u00e1rne, \u017ee ka\u017ed\u00fd to vedel. Jedno leto pri\u0161li za denn\u00e9ho svetla dve diev\u010dat\u00e1 v&nbsp;kra\u0165asoch a&nbsp;\u017eabk\u00e1ch, turistky z&nbsp;V\u00fdchodn\u00e9ho Nemecka s&nbsp;mapou v&nbsp;ruke a s&nbsp;kr\u00fa\u017ekom okolo kina Ipoly, a&nbsp;p\u00fdtali sa: toto je to queer kino? Lesbick\u00e9 kino?\u201c hrdo spom\u00edna Ildi. Povedala im, \u017ee len po ve\u010deroch. V\u0161etci dom\u00e1ci a dom\u00e1ce v\u0161ak viac-menej vedeli, kam \u00eds\u0165. Napr\u00edklad aj kaviare\u0148 M\u00fazeum mala priate\u013esk\u00fa atmosf\u00e9ru. Ale spomenut\u00e9 dve miesta boli stabiln\u00e9, pribli\u017ene do roku 1990. Zn\u00e1my podnik Lok\u00e1l otvorili v&nbsp;roku 1988.<\/p>\n\n\n\n<figure class=\"wp-block-image size-large\"><img loading=\"lazy\" decoding=\"async\" width=\"1024\" height=\"577\" src=\"https:\/\/duhovyrok.sk\/qys\/wp-content\/uploads\/sites\/2\/2021\/08\/Ildi-JUhasz-2_orez-1024x577.jpg\" alt=\"\" class=\"wp-image-2968\" srcset=\"https:\/\/duhovyrok.sk\/qys\/wp-content\/uploads\/sites\/2\/2021\/08\/Ildi-JUhasz-2_orez-1024x577.jpg 1024w, https:\/\/duhovyrok.sk\/qys\/wp-content\/uploads\/sites\/2\/2021\/08\/Ildi-JUhasz-2_orez-700x394.jpg 700w, https:\/\/duhovyrok.sk\/qys\/wp-content\/uploads\/sites\/2\/2021\/08\/Ildi-JUhasz-2_orez-1536x865.jpg 1536w, https:\/\/duhovyrok.sk\/qys\/wp-content\/uploads\/sites\/2\/2021\/08\/Ildi-JUhasz-2_orez-2048x1154.jpg 2048w\" sizes=\"auto, (max-width: 1024px) 100vw, 1024px\" \/><figcaption>Ildi Juh\u00e1sz ( v strede )<\/figcaption><\/figure>\n\n\n\n<p>Bol jeden zn\u00e1my policajn\u00fd kapit\u00e1n, s kryc\u00edm menom s\u00fadruh Tavasz, ktor\u00fd bol zodpovedn\u00fd za monitorovanie homosexu\u00e1lnych \u013eud\u00ed.&nbsp;Postoj \u0161t\u00e1tnych \u00faradov bol nasledovn\u00fd: ka\u017ed\u00fd mus\u00ed by\u0165 zaznamenan\u00fd a&nbsp;v\u0161etko sa mus\u00ed o&nbsp;nich vedie\u0165, ale z\u00e1rove\u0148 to treba v spolo\u010dnosti uml\u010da\u0165. \u201eKe\u010f ste akceptovali spolo\u010densk\u00e9 pravidl\u00e1, ako to, \u017ee sa nepatr\u00ed ukazova\u0165 svoj osobn\u00fd \u017eivot na verejnosti, mysl\u00edm si, \u017ee, a\u017e na nieko\u013eko v\u00fdnimiek, v\u00e1m mohol prejs\u0165 tento \u201a\u017eivotn\u00fd \u0161t\u00fdl\u2018 len s&nbsp;miernym ob\u0165a\u017eovan\u00edm,\u201c spom\u00edna Ildi.<\/p>\n\n\n\n<p>S\u00fadruh Tavasz chodieval kontrolova\u0165 ob\u010dianske preukazy do zariaden\u00ed, kam chodili LGBTI \u013eudia. Ve\u013ea policajn\u00fdch razi\u00ed bolo v&nbsp;re\u0161taur\u00e1cii Di\u00f3fa, najmenej dvakr\u00e1t t\u00fd\u017edenne. Niekedy pri\u0161iel s\u00fadruh Tavasz osobne, inokedy poslal len svoju policajn\u00fa hliadku. Ildi si pam\u00e4t\u00e1, ako do re\u0161taur\u00e1cie Kisrabl\u00f3 pri\u0161lo sto policajtov po\u010das podujatia pre LGBTI komunitu. \u201ePri\u0161li okolo polnoci. Kontrolovali n\u00e1m ob\u010dianske preukazy, provokovali n\u00e1s, sna\u017eili sa akciu r\u00fdchlo rozpusti\u0165. Vtedy som op\u00e4\u0165 videla pr\u00edklad solidarity v&nbsp;gej komunite: ka\u017ed\u00fd povedal, \u017ee najprv musia zaplati\u0165. A&nbsp;tak aj bolo\u201c. Ke\u010f niekto hlasno protestoval, vzali ho na policajn\u00fa stanicu, ale len na p\u00e1r hod\u00edn.<\/p>\n\n\n\n<p>\u201ePoznala som \u010dloveka, ktor\u00e9ho sa pol\u00edcia pok\u00fasila z\u00edska\u0165 na spolupr\u00e1cu, aby im don\u00e1\u0161al. Nerozumel, \u010do m\u00e1 vlastne don\u00e1\u0161a\u0165, ke\u010f u\u017e vedeli v\u0161etko o ka\u017edom.\u201c Sama v\u00e1\u017ene ob\u0165a\u017eovanie neza\u017eila, len niekedy si zap\u00edsali jej meno a&nbsp;\u010d\u00edslo ob\u010dianskeho. \u201eRaz som vy\u0161la neskoro ve\u010der z&nbsp;kaviarne Egyetem, nast\u00fapila som do auta a \u2013 nikdy som neza\u017eila, \u017ee by tak r\u00fdchlo pri\u0161li policajti \u2013 musela som f\u00faka\u0165 trikr\u00e1t.\u201c Bolo zn\u00e1me, \u017ee na pol\u00edcii mali celkom rozsiahly syst\u00e9m zlo\u017eiek o&nbsp;LGBTI \u013eu\u010foch. \u201eS\u00fadruha Tavasza som osobne stretla len raz: mu\u017e, s&nbsp;ktor\u00fdm som chodila ven\u010di\u0165 psa, bol gej, a zavra\u017edili ho. Ve\u013ea \u013eud\u00ed vtedy predvolali na pol\u00edciu, vr\u00e1tane m\u0148a. Pri\u0161la som na stanicu, kde mi povedali, \u017ee kv\u00f4li smrti tohto mu\u017ea. Povedala som, \u017ee cel\u00e9 na\u0161e spojenie spo\u010d\u00edvalo v tom, \u017ee obaja sme mali pudl\u00edkov a&nbsp;po\u017ei\u010diavala som mu videokazety. Vtedy som videla s\u00fadruha Tavasza.\u201c<\/p>\n\n\n\n<p>Oby\u010dajne sa \u013eudia b\u00e1li, ak ich kontaktovala pol\u00edcia. Neurobili ni\u010d zl\u00e9, ale c\u00edtili sa previnilo. Za to, \u017ee s\u00fa homosexu\u00e1li. \u201eBoli sme minim\u00e1lne ob\u010danmi druhej kateg\u00f3rie, v&nbsp;najhor\u0161om pr\u00edpade sme c\u00edtili aj vinu. Sna\u017eili sa n\u00e1m tento pocit v\u0161tepi\u0165. Ja som nec\u00edtila vinu, ani strach. Preto\u017ee som bola presved\u010den\u00e1, \u017ee som plnohodnotn\u00fdm \u010dlovekom a&nbsp;zasl\u00fa\u017eim si re\u0161pekt,\u201c vrav\u00ed Ildi. Stalo sa, \u017ee musela opusti\u0165 dobr\u00fa pracovn\u00fa poz\u00edciu, preto\u017ee sa od nej o\u010dak\u00e1val ur\u010dit\u00fd \u0161t\u00fdl obliekania a&nbsp;\u017eivotn\u00fd \u0161t\u00fdl, ale ona sa nemienila prisp\u00f4sobi\u0165.<\/p>\n\n\n\n<p>V s\u00favislosti s pand\u00e9miou HIV Ildi spom\u00edna, ako nav\u0161t\u00edvila v&nbsp;roku 1983 Viede\u0148 a&nbsp;cel\u00e9 mesto bolo pln\u00e9 plag\u00e1tov o hrozbe nov\u00e9ho v\u00edrusu. V&nbsp;Ma\u010farsku o \u0148om vtedy neboli \u017eiadne inform\u00e1cie. \u201eNa jese\u0148 v&nbsp;roku 1984 potvrdili prv\u00fdm dvom Ma\u010farom HIV, obaja boli moji ve\u013emi bl\u00edzki priatelia.\u201c V&nbsp;tom obdob\u00ed e\u0161te st\u00e1le neboli informovan\u00ed o&nbsp;bezpe\u010dnej\u0161om sexe. \u201eTie\u017e som bola dos\u0165 vypla\u0161en\u00e1, ale zn\u00e1my doktor mi&nbsp;vysvetlil, \u017ee sa to nepren\u00e1\u0161a \u0161tipnut\u00edm kom\u00e1ra, ani t\u00fdm, \u017ee sa na m\u0148a niekto pozrie. Ale v nemocnici ste mohli stretn\u00fa\u0165 \u013eud\u00ed, ktor\u00ed prich\u00e1dzali na n\u00e1v\u0161tevy v&nbsp;ochrann\u00fdch oblekoch.\u201c Oby\u010dajn\u00ed \u013eudia mali z&nbsp;HIV ve\u013ek\u00e9 obavy. AIDS bol pod\u013ea mnoh\u00fdch chorobou gejov, ktor\u00e1 bola na nich zoslan\u00e1 za trest. P\u00edsal sa rok 1986, ke\u010f do Ma\u010farska prenikli prv\u00e9 spr\u00e1vy o tom, \u017ee v USA sa nakazili aj heterosexu\u00e1lni \u013eudia, a tak HIV urobil koniec povrchn\u00fdm vz\u0165ahom. Mu\u017ei za\u010dali pou\u017e\u00edva\u0165 kond\u00f3my a&nbsp;nechodili tak \u010dasto do r\u00f4znych s\u00e1un ako predt\u00fdm. Na ulici VIll\u00e1nyi sa uskuto\u010dnilo prv\u00e9 anonymn\u00e9 testovanie HIV. Toto miesto funguje u\u017e desa\u0165ro\u010dia. \u010ci\u017ee aj gejsk\u00e1 komunita sa sna\u017eila nie\u010do robi\u0165 pre obmedzenie \u0161\u00edrenia v\u00edrusu. Prv\u00e9 tri alebo \u0161tyri roky, ke\u010f neboli \u017eiadne lieky, ani lie\u010dba, boli pre v\u0161etk\u00fdch ve\u013emi sk\u013eu\u010duj\u00face. \u201ePre m\u0148a ve\u013emi. Lebo v&nbsp;prv\u00fdch troch rokoch zomrel p\u00e1r, na ktorom mi ve\u013emi z\u00e1le\u017ealo. \u017dili spolu p\u00e4tn\u00e1s\u0165 rokov. Do roku 1992 som stratila \u0161es\u0165 \u013eud\u00ed z&nbsp;m\u00f4jho najbli\u017e\u0161ieho okruhu priate\u013eov,\u201c sm\u00fati Ildi.<\/p>\n\n\n\n<p>My\u0161lienka sformova\u0165 organiz\u00e1ciu bola v Budape\u0161ti \u017eiv\u00e1 od roku 1978. Zdru\u017eenie Hom\u00e9rosz bolo zalo\u017een\u00e9 v&nbsp;roku 1988. \u201eNebola som akt\u00edvnou s\u00fa\u010das\u0165ou t\u00fdchto sn\u00e1h. Ale ke\u010f ma po\u017eiadali, \u010di m\u00f4\u017eu na stretnutia vyu\u017ei\u0165 priestory kina, pomohla som im.\u201c V&nbsp;kine Ipoly zorganizovali pod hlavi\u010dkou Hom\u00e9roszu ve\u013ek\u00fa p\u00e1rty pre tristo \u013eud\u00ed. Spr\u00e1va sa \u0161\u00edrila tak r\u00fdchlo, \u017ee nakoniec ich pri\u0161lo prive\u013ea. Cel\u00fd pr\u00edjem zo vstupn\u00e9ho i\u0161iel zdru\u017eeniu. \u201eMali sme p\u00e4\u0165 z\u00e1bav za rok, v\u0161etky boli tematick\u00e9, ako napr\u00edklad viano\u010dn\u00e1, novoro\u010dn\u00e1, ve\u013ekono\u010dn\u00fd b\u00e1l. Vzadu som nechala postavi\u0165 bar. V&nbsp;piatky a&nbsp;soboty bol vyhraden\u00fd len pre \u017eeny. Zvy\u010dajne ho nav\u0161tevovalo len tridsa\u0165-\u0161tyridsa\u0165 \u0161tamgastiek.,\u201c opisuje Ildi.&nbsp;<\/p>\n\n\n\n<figure class=\"wp-block-image size-large\"><img loading=\"lazy\" decoding=\"async\" width=\"813\" height=\"484\" src=\"https:\/\/duhovyrok.sk\/qys\/wp-content\/uploads\/sites\/2\/2021\/08\/Kino-Ipoly-zdroj-ncl.hu_.jpg\" alt=\"\" class=\"wp-image-2967\" srcset=\"https:\/\/duhovyrok.sk\/qys\/wp-content\/uploads\/sites\/2\/2021\/08\/Kino-Ipoly-zdroj-ncl.hu_.jpg 813w, https:\/\/duhovyrok.sk\/qys\/wp-content\/uploads\/sites\/2\/2021\/08\/Kino-Ipoly-zdroj-ncl.hu_-700x417.jpg 700w\" sizes=\"auto, (max-width: 813px) 100vw, 813px\" \/><figcaption>Kino Ipoly<\/figcaption><\/figure>\n\n\n\n<p>\u201eV&nbsp;roku 1990 som musela kino opusti\u0165, lebo bolo predan\u00e9. Av\u0161ak v&nbsp;tom \u010dase bol u\u017e otvoren\u00fd klub Lok\u00e1l, ktor\u00fd prevzal jeho rolu\u201c. Po roku 1990 sa sformovala nov\u00e1 organiz\u00e1cia s n\u00e1zvom Hom\u00e9rosz Lambda. \u201eSt\u00e1le som mala pr\u00e1cu, ktor\u00e1 mi neumo\u017e\u0148ovala by\u0165 akt\u00edvnej\u0161ia, ale podujatia som, pravda\u017ee, nav\u0161tevovala v\u017edy, ke\u010f sa mi dalo. Realizovali sa ru\u017eov\u00e9 pikniky, tie boli fantastick\u00e9. Stret\u00e1valo sa ve\u013ea men\u0161\u00edch i v\u00e4\u010d\u0161\u00edch skup\u00edn, organizovali diskusie.\u201c V&nbsp;dev\u00e4\u0165desiatych rokoch vn\u00edmali ako jednu zo svojich najd\u00f4le\u017eitej\u0161\u00edch \u00faloh dopom\u00f4c\u0165 mnoh\u00fdm skryt\u00fdm LGBTI \u013eu\u010fom, ktor\u00ed \u017eili na vidieku, k tomu, aby mohli spravi\u0165 coming-out a&nbsp;\u017ei\u0165 otvorene. Otvorilo sa ve\u013ea nov\u00fdch podnikov, prib\u00fadali mo\u017enosti, kam \u00eds\u0165 von, uskuto\u010dnil sa aj festival. \u017divot komunity prekvital.<\/p>\n\n\n\n<p>\u201eBol to prv\u00fd pochod reaguj\u00faci na epid\u00e9miu HIV. Chlapci niesli rakvu, ka\u017ed\u00fd mal kost\u00fdm v&nbsp;podobe kond\u00f3mu z&nbsp;bielej spodnej bielizne. Na konci sme pochodovali tri \u017eeny. M\u0148a a&nbsp;moju priate\u013eku odfotografovali a fotografiu zverejnilo v\u00edkendov\u00e9 vydanie nov\u00edn. Pochod viedol od N\u00e1mestia hrdinov k&nbsp;Oktogonu. Tak\u017ee to bol svoj\u00edm sp\u00f4sobom tak\u00fd Pride,\u201c spom\u00edna Ildi. V\u017edy prv\u00e9ho decembra si r\u00f4znymi podujatiami pripom\u00ednali svetov\u00fd de\u0148 AIDS. Zap\u00e1lili svie\u010dky v&nbsp;Nemocnici sv. Ladislava (Szent L\u00e1szl\u00f3 K\u00f3rh\u00e1z). Okrem toho sa usporad\u00favali aj s\u00fa\u0165a\u017ee kr\u00e1sy, drag queen roka. Po\u010das prv\u00fdch dvoch pochodov Pride nedo\u0161lo k \u017eiadnym \u00fatokom. Nasledoval ve\u013ek\u00fd Pride s&nbsp;L\u00e1szl\u00f3om Birtom v&nbsp;ru\u017eovom cadillacu. E\u0161te st\u00e1le tam neboli kord\u00f3ny, ani sa nepochodovalo v sprievode pol\u00edcie, ako to b\u00fdva dnes. \u201eP\u00e1r \u013eud\u00ed bu\u010dalo, padli nad\u00e1vky, ale nemuseli sme pochodova\u0165 za z\u00e1tarasami,\u201c spom\u00edna Ildi. Kv\u00f4li svojmu veku u\u017e na Pride nechod\u00ed, ale na tie prv\u00e9 spom\u00edna ako na pln\u00e9 radosti. \u201eVidela som mno\u017estvo nov\u00fdch tv\u00e1r\u00ed, \u0161\u0165astn\u00fdch \u013eud\u00ed, ktor\u00ed boli out, aj ke\u010f to bol riskantn\u00e9,\u201c dod\u00e1va.<\/p>\n\n\n\n<p>Ildi vn\u00edma, \u017ee oproti minulosti sa ve\u013ea zmenilo. \u201eM\u00e1m mnoho mlad\u00fdch priate\u013eov a&nbsp;oni \u017eij\u00fa neuverite\u013ene slobodne. Nemaj\u00fa ani po\u0148atia, \u017ee pred tridsiatimi rokmi v\u00e1s stra\u0161ilo u\u017e samotn\u00e9 pomyslenie, \u017ee ste gej. Teraz spolu \u017eij\u00fa, cestuj\u00fa, berie sa to ako hotov\u00e1 vec.\u201c Ma\u010farsk\u00e1 spolo\u010dnos\u0165 je v\u0161ak politicky ve\u013emi uzavret\u00e1 a&nbsp;po ned\u00e1vnom uz\u00e1konen\u00ed transf\u00f3bnych a homof\u00f3bnych z\u00e1konov je dnes mal\u00e1 \u0161anca, \u017ee sa veci skoro dostan\u00fa do norm\u00e1lu. \u201e\u010co by sme dnes potrebovali, je soci\u00e1lne zmierenie. A net\u00fdka sa to len LGBTI+ komunity, ale i akejko\u013evek inej men\u0161iny. Rozpory medzi \u013eu\u010fmi sa v\u0161ak, naopak, prehlbuj\u00fa. Prevl\u00e1da pocit, \u017ee v politike za\u017e\u00edvame regres, a to vo v\u0161etk\u00fdch oblastiach.\u201c<\/p>\n\n\n\n<p>Za negat\u00edvnu zmenu oproti minulosti Ildi pova\u017euje aj to, \u017ee za star\u00fdch \u010dias sa pod\u013ea nej \u013eudia z komunity viac o seba navz\u00e1jom starali. Ak sa niekto neobjavil dva dni, zis\u0165ovali, \u010di je v\u00a0poriadku. V\u00a0s\u00fa\u010dasnosti ch\u00fdbaj\u00fa komunitn\u00e9 priestory. \u201eS\u00fa tri-\u0161tyri, ale napr\u00edklad, ke\u010f m\u00e1te nad tridsa\u0165p\u00e4\u0165, ni\u010d nie je pre v\u00e1s.\u201c Na druhej strane je skvel\u00e9, \u017ee LGBTI+ \u013eudia dnes nemaj\u00fa strach \u00eds\u0165 do akejko\u013evek re\u0161taur\u00e1cie \u010di baru, preto\u017ee sa nemusia ob\u00e1va\u0165 ob\u0165a\u017eovania alebo zosmie\u0161\u0148ovania. \u201eA\u00a0toto je bud\u00facnos\u0165. Nemus\u00edme sa niekde zdru\u017eova\u0165 oddelene na osobitnom mieste, alebo nosi\u0165 ru\u017eov\u00fd trojuholn\u00edk. Sme \u013eudia ako v\u0161etci ostatn\u00ed.\u201c Ildi by pote\u0161ilo, keby sa cel\u00e1 spolo\u010dnos\u0165 spr\u00e1vala viac starostlivo, prij\u00edmaj\u00faco. Ve\u010dn\u00e1 nejednotnos\u0165 a\u00a0stigmatiz\u00e1cia vedie k\u00a0v\u00fdsledku, \u017ee nikto sa nec\u00edti dobre.<\/p>\n\n\n\n<div class=\"wp-block-group\"><div class=\"wp-block-group__inner-container is-layout-flow wp-block-group-is-layout-flow\">\n<p class=\"has-text-align-center has-small-font-size\">Co-funded by the Europe for Citizens Programme of the European Union.<\/p>\n<\/div><\/div>\n\n\n\n<div class=\"wp-block-image\"><figure class=\"aligncenter size-large is-resized\"><img loading=\"lazy\" decoding=\"async\" src=\"https:\/\/duhovyrok.sk\/qys\/wp-content\/uploads\/sites\/2\/2021\/10\/europe-for-citizens-1024x178.png\" alt=\"\" class=\"wp-image-3139\" width=\"256\" height=\"45\" srcset=\"https:\/\/duhovyrok.sk\/qys\/wp-content\/uploads\/sites\/2\/2021\/10\/europe-for-citizens-1024x178.png 1024w, https:\/\/duhovyrok.sk\/qys\/wp-content\/uploads\/sites\/2\/2021\/10\/europe-for-citizens-700x122.png 700w, https:\/\/duhovyrok.sk\/qys\/wp-content\/uploads\/sites\/2\/2021\/10\/europe-for-citizens-1536x267.png 1536w, https:\/\/duhovyrok.sk\/qys\/wp-content\/uploads\/sites\/2\/2021\/10\/europe-for-citizens-2048x356.png 2048w\" sizes=\"auto, (max-width: 256px) 100vw, 256px\" \/><\/figure><\/div>\n","protected":false},"excerpt":{"rendered":"<p>Autor textu: Andrej Kuruc \/ Foto: Robert Pakan Text sme prv\u00fd raz publikovali v \u010d\u00edsle Leto 2021 Ildi Juh\u00e1sz sa narodila v&nbsp;roku 1953 v&nbsp;Budape\u0161ti, kde \u017eije dodnes. \u0160tudovala estetiku na Fakulte humanitn\u00fdch vied. Poch\u00e1dza z intelektu\u00e1lnej rodiny strednej triedy. M\u00e1 mlad\u0161ieho brata. Najprv pracovala ako asistentka r\u00e9\u017eie, nesk\u00f4r viedla kino. Po revol\u00facii prev\u00e1dzkovala re\u0161taur\u00e1ciu. Asi <a href=\"https:\/\/duhovyrok.sk\/qys\/ildi-juhasz-pre-lesby-za-socializmu-v-madarsku-nebol-priestor\/\" class=\"more-link\">&#8230;<\/a><\/p>\n","protected":false},"author":2,"featured_media":2967,"comment_status":"closed","ping_status":"closed","sticky":false,"template":"","format":"standard","meta":{"footnotes":""},"categories":[6,9,13],"tags":[266,321,104,144,172],"class_list":["post-2966","post","type-post","status-publish","format-standard","has-post-thumbnail","hentry","category-pribehy-lgbti-ludi","category-queer-historia","category-viditelnost","tag-from-qys","tag-historia-lgbt","tag-loading-love","tag-queer-dejiny","tag-queer-vystava"],"_links":{"self":[{"href":"https:\/\/duhovyrok.sk\/qys\/wp-json\/wp\/v2\/posts\/2966","targetHints":{"allow":["GET"]}}],"collection":[{"href":"https:\/\/duhovyrok.sk\/qys\/wp-json\/wp\/v2\/posts"}],"about":[{"href":"https:\/\/duhovyrok.sk\/qys\/wp-json\/wp\/v2\/types\/post"}],"author":[{"embeddable":true,"href":"https:\/\/duhovyrok.sk\/qys\/wp-json\/wp\/v2\/users\/2"}],"replies":[{"embeddable":true,"href":"https:\/\/duhovyrok.sk\/qys\/wp-json\/wp\/v2\/comments?post=2966"}],"version-history":[{"count":4,"href":"https:\/\/duhovyrok.sk\/qys\/wp-json\/wp\/v2\/posts\/2966\/revisions"}],"predecessor-version":[{"id":3140,"href":"https:\/\/duhovyrok.sk\/qys\/wp-json\/wp\/v2\/posts\/2966\/revisions\/3140"}],"wp:featuredmedia":[{"embeddable":true,"href":"https:\/\/duhovyrok.sk\/qys\/wp-json\/wp\/v2\/media\/2967"}],"wp:attachment":[{"href":"https:\/\/duhovyrok.sk\/qys\/wp-json\/wp\/v2\/media?parent=2966"}],"wp:term":[{"taxonomy":"category","embeddable":true,"href":"https:\/\/duhovyrok.sk\/qys\/wp-json\/wp\/v2\/categories?post=2966"},{"taxonomy":"post_tag","embeddable":true,"href":"https:\/\/duhovyrok.sk\/qys\/wp-json\/wp\/v2\/tags?post=2966"}],"curies":[{"name":"wp","href":"https:\/\/api.w.org\/{rel}","templated":true}]}}