{"id":2925,"date":"2021-09-12T15:29:00","date_gmt":"2021-09-12T13:29:00","guid":{"rendered":"https:\/\/duhovyrok.sk\/qys\/?p=2925"},"modified":"2021-09-12T15:29:42","modified_gmt":"2021-09-12T13:29:42","slug":"tanecnik-lukas-zahy-problem-lgbt-sa-vyriesi-len-ak-nas-ludia-zacnu-akceptovat","status":"publish","type":"post","link":"https:\/\/duhovyrok.sk\/qys\/tanecnik-lukas-zahy-problem-lgbt-sa-vyriesi-len-ak-nas-ludia-zacnu-akceptovat\/","title":{"rendered":"Tane\u010dn\u00edk Luk\u00e1\u0161 Zahy: \u201eProbl\u00e9m\u201c LGBT+ sa vyrie\u0161i, len ak n\u00e1s \u013eudia za\u010dn\u00fa akceptova\u0165"},"content":{"rendered":"\n<p id=\"block-0bae83f6-29db-4573-a068-6faf40a0e5e6\"><strong>Autorka textu: <strong>Dominika Chrastov\u00e1<\/strong> \/ Foto: Arch\u00edv Luk\u00e1\u0161a Zahyho<\/strong><\/p>\n\n\n\n<p>Text sme prv\u00fd raz publikovali v \u010d\u00edsle Leto 2021<\/p>\n\n\n\n<p><strong>Od \u0161iestich rokov sa venoval spolo\u010densk\u00fdm tancom, no slobodne sa za\u010dal c\u00edti\u0165 a\u017e <\/strong><strong>po\u010das \u0161t\u00fadia na V\u0160MU. Aktu\u00e1lne pracuje na predstaven\u00ed <em>Stenom\u00far<\/em>, s&nbsp;ktor\u00fdm vyst\u00fapi v&nbsp;r\u00e1mci podujat\u00ed Pride-u. O&nbsp;\u010dom je tanec a&nbsp;\u010di sa n\u00edm d\u00e1 v\u00f4bec u\u017eivi\u0165, n\u00e1m porozpr\u00e1val v&nbsp;rozhovore.<\/strong><\/p>\n\n\n\n<p><strong>V akom umeleckom obdob\u00ed \u0165a zastihla pand\u00e9mia?<\/strong><\/p>\n\n\n\n<p>Ukon\u010dil som V\u0160MU a mal som by\u0165 ten, kto pr\u00e1ve vych\u00e1dza zo \u0161koly a ide nie\u010do robi\u0165 do sveta. Zrazu v\u0161ak cel\u00fd tento pl\u00e1n prikryla pand\u00e9mia a&nbsp;musel som si h\u013eada\u0165 in\u00e9 mo\u017enosti, ke\u010f\u017ee sa nedalo&nbsp;tancova\u0165 s in\u00fdmi&nbsp;\u013eu\u010fmi ani&nbsp;verejne vystupova\u0165.<\/p>\n\n\n\n<p>Obdobie h\u013eadania m\u00e1m aj teraz. Kon\u010d\u00edm jednoro\u010dn\u00fd program v&nbsp;Salzburgu. I\u0161lo sk\u00f4r o tr\u00e9ning, aby som bol technicky zdatnej\u0161\u00ed tane\u010dn\u00edk. Nem\u00e1m r\u00e1d pomenovanie \u201elep\u0161\u00ed&#8220;, lebo never\u00edm, \u017ee \u010dlovek je lep\u0161\u00ed a zlep\u0161uje sa. Je len odli\u0161n\u00fd.<\/p>\n\n\n\n<p><strong>\u010co ti dalo \u0161t\u00fadium na V\u0160MU?<\/strong><\/p>\n\n\n\n<p>Pod veden\u00edm Martiny Pol\u00e1kovej a Juraja Korca to pre m\u0148a bola priam revol\u00facia. Od \u0161iestich rokov som toti\u017e robil spolo\u010densk\u00e9 tance. V dev\u00e4tn\u00e1stich mi v\u0161ak v&nbsp;\u0161kole predstavili pojem s\u00fa\u010dasn\u00fd tanec a&nbsp;zrazu som sa nemusel dr\u017ea\u0165 \u0161tandardn\u00fdch krokov, dostal som slobodu. Pri spolo\u010densk\u00fdch tancoch treba po\u010d\u00fava\u0165 tr\u00e9nera, preto\u017ee ide u\u017e o&nbsp;kodifikovan\u00e9 tane\u010dn\u00e9 \u0161t\u00fdly. Ke\u010f pri nich predvediete nie\u010do in\u00e9, na s\u00fa\u0165a\u017ei v\u00e1s za to neoboduj\u00fa. Na V\u0160MU sa mi teda otvorili hranice, dostal som slobodu. V\u017edy ma ub\u00edja, ke\u010f mus\u00edm robi\u0165 st\u00e1le to ist\u00e9.<\/p>\n\n\n\n<p><strong>D\u00e1 sa s\u00fa\u010dasn\u00fd tanec definova\u0165?<\/strong><\/p>\n\n\n\n<p>Nem\u00e1 presn\u00fa defin\u00edciu. Ide o&nbsp;h\u013eadanie \u010fal\u0161\u00edch sp\u00f4sobov vyjadrovania sa. A&nbsp;takto vo\u013ene uchopen\u00e9 by to malo aj zosta\u0165. Aspo\u0148 ja to tak vn\u00edmam.<\/p>\n\n\n\n<p><strong>Pom\u00e1ha ti s\u00fa\u010dasn\u00fd tanec spozn\u00e1va\u0165 sam\u00e9ho seba, svoju osobnos\u0165 a identitu?<\/strong><\/p>\n\n\n\n<p>Presne tak. Prostredn\u00edctvom tanca si v\u017edy h\u013ead\u00e1m aj t\u00e9my. Som ak\u00fdsi filozof a sna\u017e\u00edm sa st\u00e1le nie\u010do objavova\u0165, spozn\u00e1va\u0165 a sk\u00fama\u0165 svet, v ktorom som. Bav\u00ed ma, \u017ee potom m\u00f4\u017eem svoje zistenia odhali\u0165 pred publikom a&nbsp;\u017ee ma div\u00e1\u010dky a&nbsp;div\u00e1ci \u201emusia po\u010d\u00fava\u0165\u201c, ke\u010f s\u00fa na vyst\u00fapen\u00ed.<\/p>\n\n\n\n<p><strong>D\u00e1 sa tancom u\u017eivi\u0165?<\/strong><\/p>\n\n\n\n<p>\u00c1no, len je to \u0165a\u017e\u0161ie. Bu\u010f v\u00e1s zastre\u0161uje tane\u010dn\u00e1 \u201ecompany\u201c, alebo ste u\u010dite\u013e so stabilnou pr\u00e1cou. M\u00f4\u017eete by\u0165 aj na vo\u013enej nohe, teda fungova\u0165 na vlastn\u00fdch projektoch a spolupr\u00e1cach, a&nbsp;bu\u010f je o&nbsp;v\u00e1s z\u00e1ujem, alebo nie.<\/p>\n\n\n\n<p><strong>Ty sa s\u00fastred\u00ed\u0161 najm\u00e4 na jednotliv\u00e9 projekty, aj teraz pripravuje\u0161 jeden pre Pride. O&nbsp;\u010dom bude?<\/strong><\/p>\n\n\n\n<p>Nazval som ho <em>Stenom\u00far<\/em>. \u0160tyri steny predstavuj\u00fa izbu, v&nbsp;ktorej sa nach\u00e1dza opusten\u00e1 hromada materi\u00e1lu v&nbsp;tvare m\u00faru. Dokopy to predstavuje koncept o&nbsp;osobnom bloku. Napr\u00edklad, \u017ee ste v skrini a&nbsp;vyjdete z&nbsp;nej, teda to m\u00f4\u017ee by\u0165 aj o&nbsp;coming-oute.<\/p>\n\n\n\n<p>Stenom\u00far je z\u00e1rove\u0148 nie\u010do, s \u010d\u00edm sa narod\u00edte, no spolo\u010dnos\u0165 to nevn\u00edma pozit\u00edvne. Treb\u00e1rs homosexualita. Alebo aj v\u00fdzor \u010di choroba. A vy sa mus\u00edte nau\u010di\u0165 prij\u00edma\u0165 to ako svoju s\u00fa\u010das\u0165, preto\u017ee bez nej by ste to u\u017e neboli vy.<\/p>\n\n\n\n<p><strong>Stenom\u00far si tie\u017e predstavujem ako nejak\u00e9 bludisko.<\/strong><\/p>\n\n\n\n<p>Treb\u00e1rs. Zvykne sa mi aj sn\u00edva\u0165, \u017ee som v bludisku. Respekt\u00edve, \u017ee prech\u00e1dzam miestnos\u0165ami a v ka\u017edej je nie\u010do in\u00e9. A v\u017edy ako keby som niekoho h\u013eadal. To je m\u00f4j naj\u010dastej\u0161\u00ed sen.<\/p>\n\n\n\n<p><strong>Pozn\u00e1\u0161 odpove\u010f, koho h\u013ead\u00e1\u0161?<\/strong><\/p>\n\n\n\n<p>Mo\u017eno seba. I&nbsp;ke\u010f n\u00e1js\u0165 sam\u00e9ho seba nie je mo\u017en\u00e9, preto\u017ee sa celo\u017eivotne vyv\u00edjame. Ve\u013emi ma ovplyv\u0148uj\u00fa interakcie s&nbsp;\u013eu\u010fmi, a&nbsp;aj silno vn\u00edmam, ako tvaruj\u00fa moju osobnos\u0165. Nec\u00edtim sa ako dospel\u00fd zavret\u00fd pred svetom. C\u00edtim sa na\u010falej ako die\u0165a otvoren\u00e9 vonkaj\u0161\u00edm vstupom, ktor\u00e9 ho st\u00e1le nejako modeluj\u00fa.<\/p>\n\n\n\n<p>Aj ke\u010f s&nbsp;niek\u00fdm spolupracujem, prij\u00edmam jeho estetiku. Som tak natr\u00e9novan\u00fd e\u0161te zo spolo\u010densk\u00fdch tancov, ke\u010f som pozoroval tr\u00e9nera a&nbsp;sna\u017eil som sa robi\u0165 v\u0161etky pohyby ako on.<\/p>\n\n\n\n<p><strong>Podie\u013eal si sa aj na projekte fotografky Doroty Holubovej. \u010c\u00edm bola t\u00e9ma jej kolekcie portr\u00e9tov <em>Neskr\u00fdvan\u00e1 l\u00e1ska<\/em> pre teba v\u00fdnimo\u010dn\u00e1?<\/strong><\/p>\n\n\n\n<p>M\u00e1m r\u00e1d, ke\u010f nesl\u00fa\u017eim len ako n\u00e1stroj na vyjadrenie my\u0161lienky, s&nbsp;ktorou ani nec\u00edtim spojenie. V&nbsp;tomto pr\u00edpade som v\u0161ak mal \u010do poveda\u0165 a&nbsp;videl som medzi na\u0161imi t\u00e9mami s\u00favis. K&nbsp;svojej fotografii som nap\u00edsal, \u017ee \u201eprobl\u00e9mom\u201c nie je LGBTI+ komunita, ale t\u00ed, \u010do ju nemaj\u00fa radi. Jedin\u00fdm rie\u0161en\u00edm, ako sa d\u00e1 tento \u201eprobl\u00e9m\u201c vyrie\u0161i\u0165, je, \u017ee n\u00e1s \u013eudia za\u010dn\u00fa akceptova\u0165. K\u00fdm sa tak nestane, v\u017edy bude okolo tejto t\u00e9my ru\u0161no.<\/p>\n\n\n\n<p><strong>Takisto si v&nbsp;spolupr\u00e1ci s&nbsp;divadlom Nomantinels vytvoril in\u0161trukt\u00e1\u017ene video, na ktorom cvi\u010d\u00ed\u0161 j<\/strong><strong>ogu. Ak\u00fd bol cie\u013e tohto projektu?<\/strong><\/p>\n\n\n\n<p>Telo je n\u00e1stroj, ktor\u00fdm komunikujeme so svetom. Chcel som \u013eud\u00ed nau\u010di\u0165, ako svoje telo tr\u00e9nova\u0165 a&nbsp;tie\u017e ako \u010d\u00edta\u0165 re\u010d \u010fal\u0161\u00edch \u201en\u00e1strojov\u201c.<\/p>\n\n\n\n<p>Tento projekt \u201epoctil\u201c aj Mazurek t\u00fdm, \u017ee niektor\u00e9 \u010dasti z neho pou\u017eil vo svojom videu. Zbo\u017e\u0148ujem, ke\u010f sa nie\u010do tak\u00e9 stane. C\u00edti\u0165 z&nbsp;toho, ak\u00fd siln\u00fd vplyv musel na\u0148ho ten projekt ma\u0165, ke\u010f ho motivoval vyjadri\u0165 na\u0148 svoj n\u00e1zor. Pritom je to len videjko nejak\u00e9ho chalana na YouTube.<\/p>\n\n\n\n<figure class=\"wp-block-embed is-type-video is-provider-youtube wp-block-embed-youtube wp-embed-aspect-16-9 wp-has-aspect-ratio\"><div class=\"wp-block-embed__wrapper\">\n<iframe loading=\"lazy\" title=\"Zahrejte sa so Zahym EP1\" width=\"1778\" height=\"1000\" src=\"https:\/\/www.youtube.com\/embed\/TTwdnNvYob0?feature=oembed\" frameborder=\"0\" allow=\"accelerometer; autoplay; clipboard-write; encrypted-media; gyroscope; picture-in-picture\" allowfullscreen><\/iframe>\n<\/div><\/figure>\n\n\n\n<p><strong>Venoval si sa aj \u0161t\u00fdlu vogue. \u010c\u00edm \u0165a zaujal?<\/strong><\/p>\n\n\n\n<p>Vogue sa mi p\u00e1\u010di v tom, \u017ee sa m\u00f4\u017eem hra\u0165 na modelku na m\u00f3le. Improvizujem a prezentujem, kto som a&nbsp;ak\u00fd som kr\u00e1sny. Ur\u010dit\u00fdm sp\u00f4sobom je vogue spojen\u00fd aj so s\u00fa\u010dasn\u00fdm tancom a&nbsp;vyjadruje to, \u010do rie\u0161im aj pri t\u00e9me h\u013eadania pravdy. Konkr\u00e9tne, ako te\u010die \u010das, preto\u017ee pri vogue st\u00e1le kr\u00e1\u010dam, h\u00fdbem sa vpred a pritom nie\u010do komunikujem. Taktie\u017e r\u00e1d prep\u00e1jam komer\u010dn\u00e9 tancovanie so s\u00fa\u010dasn\u00fdm tancom a&nbsp;sk\u00famam, \u010do z&nbsp;toho vznikne.<\/p>\n\n\n\n<p><strong>\u010co pre teba tanec znamen\u00e1?<\/strong><\/p>\n\n\n\n<p>Tanec je kult\u00farny kon\u0161trukt. Sl\u00fa\u017ei n\u00e1m ako komunika\u010dn\u00fd kan\u00e1l, a&nbsp;z\u00e1rove\u0148 sa l\u00ed\u0161i od be\u017en\u00e9ho pohybu, ktor\u00fd vid\u00edme napr\u00edklad na uliciach. R\u00e1d sa zam\u00fd\u0161\u013eam nad t\u00fdm, kde je hranica medzi t\u00fdm, \u010do je tanec a&nbsp;\u010do u\u017e nie je. Nap\u013a\u0148a ma l\u00e1ma\u0165 t\u00fato hranicu, pada\u0165 na nej zo strany na stranu a h\u013eada\u0165, kde som.<\/p>\n\n\n\n<p><strong>Pl\u00e1nuje\u0161 svoje \u010fal\u0161ie p\u00f4sobenie sk\u00f4r tu, alebo v zahrani\u010d\u00ed? Svoj tanec si u\u017e predviedol napr\u00edklad v&nbsp;uliciach Par\u00ed\u017ea.<\/strong><\/p>\n\n\n\n<p>Pr\u00e1ve v Par\u00ed\u017ei som ve\u013emi silno poc\u00edtil, \u017ee to mesto nepozn\u00e1m a&nbsp;neviem, k&nbsp;\u010domu by som sa tam vyjadril. \u010casom by som mo\u017eno nasal jeho energiu a&nbsp;energiu tamoj\u0161\u00edch \u013eud\u00ed. Teraz je v\u0161ak moja tvorba hlavne vyjadren\u00edm toho, \u010do som za\u017eil tu.<\/p>\n\n\n\n<p><strong>Ak\u00e1 je atmosf\u00e9ra Bratislavy?<\/strong><\/p>\n\n\n\n<p>Zobrazil som ju vo vyst\u00fapen\u00ed <em>H\u013eada\u0165 pravdu<\/em>. Na ulici v\u00e1m jedni povedia, nech neotravujete, \u010fal\u0161\u00ed sa pristavia a&nbsp;aj ich zaujmete. A potom s\u00fa tu \u201eheter\u00e1ci\u201c, ktor\u00ed v\u00e1s nikdy nebud\u00fa prij\u00edma\u0165. Celkovo sa to d\u00e1 vystihn\u00fa\u0165 pojmom \u201emalomestsk\u00e1 r\u00f4znorodos\u0165\u201c.<\/p>\n\n\n\n<p>E\u0161te sa vr\u00e1tim k&nbsp;predo\u0161lej ot\u00e1zke, viem si predstavi\u0165, \u017ee by som bol \u201etul\u00e1k&#8220;. St\u00e1le by som cestoval, v\u0161ade by som pracoval na nejakom projekte. U\u017e menej si viem predstavi\u0165, \u017ee by som zostal len na Slovensku, preto\u017ee tu nem\u00e1me ve\u013ea mo\u017enost\u00ed pre s\u00fa\u010dasn\u00fd tanec, ani pre tanec v\u0161eobecne. Ve\u010f n\u00e1s aktu\u00e1lne posielaj\u00fa robi\u0165 k pokladniam alebo k motyke.<\/p>\n\n\n\n<p><strong>\u010co \u0165a odjak\u017eiva \u0165ahalo k tancu?<\/strong><\/p>\n\n\n\n<p>V piatich rokoch som bol na svadbe svojho bratranca. Potom nesk\u00f4r n\u00e1m triedna u\u010dite\u013eka dala do r\u00fak let\u00e1\u010dik z tane\u010dnej \u0161koly. Poctivo som ho doniesol domov a rodi\u010dia ma tam zap\u00edsali. \u010ci\u017ee v&nbsp;podstate som si tanec nevybral ja, ale to, k\u00fdm teraz som, akoby mi bolo ur\u010den\u00e9.<\/p>\n\n\n\n<p>Neviem, ak\u00e9 to je, nevedie\u0165 tancova\u0165. U\u017e na z\u00e1kladnej \u0161kole ma \u0161katu\u013ekovali ako tane\u010dn\u00edka \u2013 a&nbsp;zvy\u0161ok triedy boli netane\u010dn\u00edci.&nbsp;Tak sa aj celo\u017eivotne c\u00edtim. Ja a skupina. A podobne sa, ako keby nasilu, vy\u010dle\u0148ujem aj s\u00e1m v \u010fal\u0161\u00edch skupin\u00e1ch.<\/p>\n\n\n\n<p><strong>Prek\u00e1\u017ea ti, \u017ee rodi\u010dia rozhodli za teba?<\/strong><\/p>\n\n\n\n<p>Pr\u00e1ve\u017ee je super, \u017ee to urobili. Na strednej \u0161kole som si zrazu uvedomil, \u017ee si m\u00f4\u017eem s\u00e1m vybra\u0165. Nastalo obdobie reb\u00e9lie, ke\u010f som chcel robi\u0165 nie\u010do in\u00e9. No potom som pri\u0161iel na to, \u017ee tancujem od \u0161iestich rokov a&nbsp;u\u017e sa to ned\u00e1 len tak vypn\u00fa\u0165. Tancujem teda na\u010falej a som r\u00e1d, \u017ee dok\u00e1\u017eem takto ovl\u00e1da\u0165 svoje telo \u2013 svoj n\u00e1stroj.<\/p>\n\n\n\n<p><strong>\u010co konkr\u00e9tne sa sna\u017e\u00ed\u0161 ostatn\u00fdm poveda\u0165 svoj\u00edm tancom?<\/strong><\/p>\n\n\n\n<p>Asi to, \u010do aj v kurze jogy. Po\u010fme v\u0161etci tancova\u0165 a&nbsp;komunikova\u0165. St\u00e1le, v\u017edy. Nech sa \u013eudia otvoria sami pred sebou aj pred t\u00fdmto svetom a nech ho potom prij\u00edmaj\u00fa. Ke\u010f nebud\u00fa zatvoren\u00ed, nie\u010do sa zmen\u00ed.<\/p>\n","protected":false},"excerpt":{"rendered":"<p>Autorka textu: Dominika Chrastov\u00e1 \/ Foto: Arch\u00edv Luk\u00e1\u0161a Zahyho Text sme prv\u00fd raz publikovali v \u010d\u00edsle Leto 2021 Od \u0161iestich rokov sa venoval spolo\u010densk\u00fdm tancom, no slobodne sa za\u010dal c\u00edti\u0165 a\u017e po\u010das \u0161t\u00fadia na V\u0160MU. Aktu\u00e1lne pracuje na predstaven\u00ed Stenom\u00far, s&nbsp;ktor\u00fdm vyst\u00fapi v&nbsp;r\u00e1mci podujat\u00ed Pride-u. O&nbsp;\u010dom je tanec a&nbsp;\u010di sa n\u00edm d\u00e1 v\u00f4bec u\u017eivi\u0165, n\u00e1m <a href=\"https:\/\/duhovyrok.sk\/qys\/tanecnik-lukas-zahy-problem-lgbt-sa-vyriesi-len-ak-nas-ludia-zacnu-akceptovat\/\" class=\"more-link\">&#8230;<\/a><\/p>\n","protected":false},"author":6,"featured_media":2926,"comment_status":"closed","ping_status":"closed","sticky":false,"template":"","format":"standard","meta":{"footnotes":""},"categories":[4,10,258],"tags":[266,284,285,185,286],"class_list":["post-2925","post","type-post","status-publish","format-standard","has-post-thumbnail","hentry","category-praca","category-kultura","category-vizualne-umenie","tag-from-qys","tag-lukas-zahy","tag-queer-tanec","tag-rozhovor","tag-tanecnik"],"_links":{"self":[{"href":"https:\/\/duhovyrok.sk\/qys\/wp-json\/wp\/v2\/posts\/2925","targetHints":{"allow":["GET"]}}],"collection":[{"href":"https:\/\/duhovyrok.sk\/qys\/wp-json\/wp\/v2\/posts"}],"about":[{"href":"https:\/\/duhovyrok.sk\/qys\/wp-json\/wp\/v2\/types\/post"}],"author":[{"embeddable":true,"href":"https:\/\/duhovyrok.sk\/qys\/wp-json\/wp\/v2\/users\/6"}],"replies":[{"embeddable":true,"href":"https:\/\/duhovyrok.sk\/qys\/wp-json\/wp\/v2\/comments?post=2925"}],"version-history":[{"count":2,"href":"https:\/\/duhovyrok.sk\/qys\/wp-json\/wp\/v2\/posts\/2925\/revisions"}],"predecessor-version":[{"id":3022,"href":"https:\/\/duhovyrok.sk\/qys\/wp-json\/wp\/v2\/posts\/2925\/revisions\/3022"}],"wp:featuredmedia":[{"embeddable":true,"href":"https:\/\/duhovyrok.sk\/qys\/wp-json\/wp\/v2\/media\/2926"}],"wp:attachment":[{"href":"https:\/\/duhovyrok.sk\/qys\/wp-json\/wp\/v2\/media?parent=2925"}],"wp:term":[{"taxonomy":"category","embeddable":true,"href":"https:\/\/duhovyrok.sk\/qys\/wp-json\/wp\/v2\/categories?post=2925"},{"taxonomy":"post_tag","embeddable":true,"href":"https:\/\/duhovyrok.sk\/qys\/wp-json\/wp\/v2\/tags?post=2925"}],"curies":[{"name":"wp","href":"https:\/\/api.w.org\/{rel}","templated":true}]}}