{"id":2905,"date":"2021-07-20T23:24:00","date_gmt":"2021-07-20T21:24:00","guid":{"rendered":"https:\/\/duhovyrok.sk\/qys\/?p=2905"},"modified":"2021-07-22T14:29:01","modified_gmt":"2021-07-22T12:29:01","slug":"zatial-stale-pocitaju-aj-s-online-verziou-ako-bude-prebiehat-pride-v-kosiciach-a-v-banskej-bystrici","status":"publish","type":"post","link":"https:\/\/duhovyrok.sk\/qys\/zatial-stale-pocitaju-aj-s-online-verziou-ako-bude-prebiehat-pride-v-kosiciach-a-v-banskej-bystrici\/","title":{"rendered":"Zatia\u013e st\u00e1le po\u010d\u00edtaj\u00fa aj s online verziou. Ako bude prebieha\u0165 PRIDE v Ko\u0161iciach a v Banskej Bystrici?"},"content":{"rendered":"\n<p id=\"block-0bae83f6-29db-4573-a068-6faf40a0e5e6\"><strong>Autor textu: Marek Hudec \/ Foto: Arch\u00edv PRIDE BB, Arch\u00edv PRIDE Ko\u0161ice \/ Ilustr\u00e1cia: Vikt\u00f3ria Szab\u00f3ov\u00e1<\/strong><\/p>\n\n\n\n<p>Text sme prv\u00fd raz publikovali v \u010d\u00edsle Leto 2021<\/p>\n\n\n\n<p>Ako ustupuje pand\u00e9mia a rastie po\u010det zao\u010dkovan\u00fdch proti koronav\u00edrusu, uvo\u013e\u0148uj\u00fa sa aj opatrenia na organizovanie hromadn\u00fdch podujat\u00ed. Tento v\u00fdvoj ka\u017edodenne podrobne sleduj\u00fa organiz\u00e1tori a organiz\u00e1torky slovensk\u00fdch d\u00fahov\u00fdch pochodov.<\/p>\n\n\n\n<p>Hoci ten najv\u00e4\u010d\u0161\u00ed v Bratislave prebehne op\u00e4\u0165 \u010diasto\u010dne online, dva \u010fal\u0161ie festivaly sa pripravuj\u00fa vo verejnom priestore a s\u00fa d\u00f4kazom, \u017ee podporu pre LGBTI+ komunitu c\u00edti\u0165 vo viacer\u00fdch regi\u00f3noch.<\/p>\n\n\n\n<p>Sp\u00fdtali sme sa R\u00f3berta Furiela, riadite\u013ea PRIDE Ko\u0161ice, a Milana Zvadu, spoluorganiz\u00e1tora PRIDE v Banskej Bystrici, ako prebiehaj\u00fa pr\u00edpravy a ak\u00fdmi t\u00e9mami \u017eila komunita v ich mest\u00e1ch po\u010das pandemick\u00e9ho roka. Na queer \u013eud\u00ed situ\u00e1cia dopadala obzvl\u00e1\u0161\u0165 \u0165a\u017eko.<\/p>\n\n\n\n<figure class=\"wp-block-image size-large\"><img loading=\"lazy\" decoding=\"async\" width=\"1024\" height=\"683\" src=\"https:\/\/duhovyrok.sk\/qys\/wp-content\/uploads\/sites\/2\/2021\/07\/PRIDE-KE2-1024x683.jpg\" alt=\"\" class=\"wp-image-2907\" srcset=\"https:\/\/duhovyrok.sk\/qys\/wp-content\/uploads\/sites\/2\/2021\/07\/PRIDE-KE2-1024x683.jpg 1024w, https:\/\/duhovyrok.sk\/qys\/wp-content\/uploads\/sites\/2\/2021\/07\/PRIDE-KE2-700x467.jpg 700w, https:\/\/duhovyrok.sk\/qys\/wp-content\/uploads\/sites\/2\/2021\/07\/PRIDE-KE2-1536x1024.jpg 1536w, https:\/\/duhovyrok.sk\/qys\/wp-content\/uploads\/sites\/2\/2021\/07\/PRIDE-KE2.jpg 1944w\" sizes=\"auto, (max-width: 1024px) 100vw, 1024px\" \/><\/figure>\n\n\n\n<h3 class=\"wp-block-heading\"><strong>PRIDE Ko\u0161ice<\/strong><\/h3>\n\n\n\n<p>Na v\u00fdchode Slovenska (v \u010dase uz\u00e1vierky letn\u00e9ho \u010d\u00edsla \u010dasopisu QYS) st\u00e1le po\u010d\u00edtaj\u00fa s r\u00f4znymi verziami, ako by PRIDE Ko\u0161ice mohol prebehn\u00fa\u0165 \u2013 v hre je st\u00e1le aj \u010disto online verzia. \u201eTrochu m\u00e1me v\u00fdhodu v tom, \u017ee sme o nie\u010do men\u0161\u00ed festival a do priestoru, kde PRIDE pl\u00e1nujeme, by sa mali pohodlne zmesti\u0165 v\u0161etci n\u00e1v\u0161tevn\u00edci a n\u00e1v\u0161tevn\u00ed\u010dky pod\u013ea po\u010dtu z roku 2019. Pripravujeme sa pod\u013ea opatren\u00ed,\u201c hovor\u00ed R\u00f3bert.<\/p>\n\n\n\n<p>V pl\u00e1ne je cel\u00fd t\u00fd\u017ede\u0148 sprievodn\u00fdch aktiv\u00edt, diskusie, premietania filmov, koncerty, umeleck\u00e9 vyst\u00fapenia, d\u00edd\u017eejsk\u00e9 mixy, pikniky \u010di tradi\u010dn\u00fd ekumenick\u00fd program. Festival zatia\u013e nem\u00e1 \u0161pecifick\u00fa t\u00e9mu, organiza\u010dn\u00fd t\u00edm c\u00edti potrebu \u201evenova\u0165 sa v\u0161etk\u00e9mu\u201c. Ko\u0161ick\u00e1 komunita sa so svojimi staros\u0165ami mohla po\u010das celej pand\u00e9mie obraca\u0165 na poradensk\u00e9 centrum PRIZMA, ktor\u00e9 od janu\u00e1ra dokonca funguje pre cel\u00e9 Slovensko. Stretnutia st\u00e1le prebiehaj\u00fa online.<\/p>\n\n\n\n<p>\u201eQueer \u013eudia nielen v Ko\u0161iciach pre\u017e\u00edvaj\u00fa pand\u00e9miu r\u00f4zne. Pre niekoho je to v\u00edtan\u00fd \u00fanik od nepr\u00edjemn\u00fdch situ\u00e1ci\u00ed, ktor\u00e9 za\u017e\u00edvali v \u0161kole \u010di na pracovisku. Na in\u00fdch zas zle vpl\u00fdvala nemo\u017enos\u0165 socializ\u00e1cie \u010di nutnos\u0165 by\u0165 zavret\u00ed v dom\u00e1cnosti s \u013eu\u010fmi, ktor\u00ed nie s\u00fa re\u0161pektuj\u00faci. Mnoh\u00ed sa u\u017e nevedia do\u010dka\u0165, kedy op\u00e4\u0165 spust\u00edme komunitn\u00e9 stretnutia aj osobne.\u201c<\/p>\n\n\n\n<p>R\u00f3bert si mysl\u00ed, \u017ee po\u010das pand\u00e9mie najviac trpeli transrodov\u00ed \u013eudia, mnoh\u00fdm sa s\u0165a\u017eil u\u017e aj tak dos\u0165 n\u00e1ro\u010dn\u00fd pr\u00edstup k zdravotnej starostlivosti. Mnoh\u00ed poskytovatelia a poskytovate\u013eky zdravotnej starostlivosti ju prestali poskytova\u0165 \u00faplne. \u201eAko hovor\u00ed moja kolegy\u0148a Zara Kromkov\u00e1, existuj\u00fa v\u00fdrazn\u00e9 region\u00e1lne rozdiely, ke\u010f pr\u00edde na t\u00e9my a probl\u00e9my, s ktor\u00fdmi sa na n\u00e1s v PRIZME obracaj\u00fa. \u010c\u00edm viac na v\u00fdchod, t\u00fdm viac \u013eudia rie\u0161ia svoju identitu, jej h\u013eadanie a&nbsp;objavovanie, coming-out. Nemysl\u00edm si v\u0161ak, \u017ee m\u00e1me nejak\u00e9 \u0161pecifick\u00e9 ko\u0161ick\u00e9 probl\u00e9my, sme region\u00e1lne centrum, tak sa tu mnoh\u00fdm \u013eu\u010fom \u017eije slobodnej\u0161ie ne\u017e v&nbsp;men\u0161\u00edch mest\u00e1ch,\u201c dod\u00e1va R\u00f3bert.<\/p>\n\n\n\n<p>S \u010fal\u0161\u00edmi organiz\u00e1tormi a organiz\u00e1torkami sa bud\u00fa sna\u017ei\u0165 zaisti\u0165 z\u00e1znam z cel\u00e9ho PRIDE t\u00fd\u017ed\u0148a a \u017eiv\u00fd prenos z festivalu. Chc\u00fa, aby bol dostupn\u00fd aj pre t\u00fdch, ktor\u00ed sa nem\u00f4\u017eu osobne z\u00fa\u010dastni\u0165. Hoci R\u00f3bert a jeho t\u00edm neuva\u017euj\u00fa prive\u013ea nad t\u00fdm, ako festival zv\u00e4\u010d\u0161ova\u0165, ur\u010dite ho st\u00e1le viac profesionalizuj\u00fa. Za posledn\u00fd rok im nar\u00e1stol po\u010det dobrovo\u013en\u00edkov. PRIDE Ko\u0161ice prijal \u0161estn\u00e1s\u0165 st\u00e1\u017eistov a st\u00e1\u017eistiek z programu Laborat\u00f3rium snov. \u201eJe to ve\u013ek\u00e9 dobrodru\u017estvo a ver\u00edm, \u017ee to bude jeden zo sp\u00f4sobov, ako motivova\u0165 \u010fal\u0161\u00edch \u013eud\u00ed k aktivizmu.\u201c<\/p>\n\n\n\n<figure class=\"wp-block-image size-large\"><img loading=\"lazy\" decoding=\"async\" width=\"1024\" height=\"683\" src=\"https:\/\/duhovyrok.sk\/qys\/wp-content\/uploads\/sites\/2\/2021\/07\/PRIDE-BB-1024x683.jpg\" alt=\"\" class=\"wp-image-2908\" srcset=\"https:\/\/duhovyrok.sk\/qys\/wp-content\/uploads\/sites\/2\/2021\/07\/PRIDE-BB-1024x683.jpg 1024w, https:\/\/duhovyrok.sk\/qys\/wp-content\/uploads\/sites\/2\/2021\/07\/PRIDE-BB-700x467.jpg 700w, https:\/\/duhovyrok.sk\/qys\/wp-content\/uploads\/sites\/2\/2021\/07\/PRIDE-BB-1536x1024.jpg 1536w, https:\/\/duhovyrok.sk\/qys\/wp-content\/uploads\/sites\/2\/2021\/07\/PRIDE-BB.jpg 2048w\" sizes=\"auto, (max-width: 1024px) 100vw, 1024px\" \/><\/figure>\n\n\n\n<p>D\u00e1tum: 28. august 2021<\/p>\n\n\n\n<p>Viac inform\u00e1ci\u00ed o \u010dinnosti PRIDE Ko\u0161ice n\u00e1jdete na str\u00e1nkach <a href=\"https:\/\/www.pridekosice.sk\/\" target=\"_blank\" rel=\"noreferrer noopener\">www.pridekosice.sk<\/a><\/p>\n\n\n\n<h3 class=\"wp-block-heading\"><strong>#PRIDE #BB<\/strong><\/h3>\n\n\n\n<p>Lajtmot\u00edvom bystrick\u00e9ho festivalu je pojem transcendencia, slovn\u00e1 hra\u010dka, ktor\u00e1 m\u00e1 nazna\u010di\u0165, \u017ee je potrebn\u00e9 prekona\u0165 bin\u00e1rne zm\u00fd\u0161\u013eanie o \u013eudskom rode. \u201eNiektor\u00ed politici a politi\u010dky a n\u00e1bo\u017eensk\u00ed predstavitelia sa st\u00e1le sna\u017eia spochyb\u0148ova\u0165 existenciu viacer\u00fdch rodov\u00fdch ident\u00edt a vari\u00e1ci\u00ed \u013eudskej sexuality a identity,\u201c mysl\u00ed si Milan.<\/p>\n\n\n\n<p>\u201eSvoj postoj ospravedl\u0148uj\u00fa ochranou tradi\u010dnej rodiny a&nbsp;det\u00ed (\u010di dokonca civiliz\u00e1cie). Aj ke\u010f hovoria, \u017ee n\u00e1s re\u0161pektuj\u00fa, \u017eijeme len v&nbsp;il\u00fazii re\u0161pektu. V&nbsp;d\u00f4sledkoch by najrad\u0161ej zak\u00e1zali alebo vymazali zo spolo\u010denskej&nbsp;mapy d\u00fahov\u00e9 rodiny, rodi\u010dov a&nbsp;deti, ktor\u00e9 sa identifikuj\u00fa ako neheterosexu\u00e1lne.\u201c Milan vn\u00edma, \u017ee sa na Slovensku st\u00e1le stret\u00e1vame s&nbsp;pr\u00edpadmi mlad\u00fdch \u013eud\u00ed, pre ktor\u00fdch coming-out znamen\u00e1 t\u0155nist\u00fa cestu vysvet\u013eovania okoliu, \u017ee s\u00fa v&nbsp;poriadku, \u010di obhajovania vlastnej existencie a&nbsp;identity. \u201eDokonca natraf\u00edte aj na pr\u00edbehy o \u201apsychol\u00f3goch\u2018 a \u201akazate\u013eoch\u2018, ktor\u00fdch agendou je niekoho konvertova\u0165.\u201c<\/p>\n\n\n\n<p>Tak ako po\u010das minul\u00fdch troch ro\u010dn\u00edkov, festival v Banskej Bystrici za\u010d\u00edna v sobotu o 13.00 hod. prechodom cez pe\u0161iu z\u00f3nu v Banskej Bystrici smerom do kult\u00farneho centra Z\u00e1hrada, kde program pokra\u010duje prejavmi pozvan\u00fdch host\u00ed a hostiek. Diskutova\u0165 sa bude s rodi\u010dmi LGBTI+ det\u00ed, ako aj so zahrani\u010dn\u00fdmi dobrovo\u013en\u00ed\u010dkami, ktor\u00e9 sa venuj\u00fa rodov\u00fdm \u0161t\u00fadi\u00e1m, umeniu a ochrane \u013eudsk\u00fdch pr\u00e1v. Nebud\u00fa ch\u00fdba\u0165 ani \u017eiv\u00e9 knihy, ktor\u00e9 pre PRIDE op\u00e4\u0165 zorganizovala Amnesty International Slovensko. Bude Slam Poetry SK, hudobne pr\u00eddu podpori\u0165 atmosf\u00e9ru Follow Groover, MC Erik, Alex Shelest z Ukrajiny a miestne drag queens Action Sisters.<\/p>\n\n\n\n<p>Tohtoro\u010dn\u00e9 podujatie pripravovali bez oh\u013eadu na to, \u010di bude online, alebo offline. V \u010dase uz\u00e1vierky tohto \u010d\u00edsla \u010dasopisu QYS boli tie\u017e pripraven\u00ed na obe verzie. Z niektor\u00fdch \u010dast\u00ed programu tak \u010di tak pripravia z\u00e1znam, aby ho mohli \u0161\u00edri\u0165 ako osvetu. \u201eNem\u00e1me amb\u00edciu r\u00e1s\u0165 do \u0161\u00edrky, mo\u017eno len do h\u013abky. Nejde n\u00e1m o to, aby pri\u0161lo \u010do najviac \u013eud\u00ed, sk\u00f4r o to, aby sa my\u0161lienka PRIDE-u \u0161\u00edrila, aby sa zakorenila. D\u00f4le\u017eit\u00e9 je, aby \u013eudskopr\u00e1vne t\u00e9my vo verejnom priestore zaznievali nielen v kontexte glob\u00e1lneho hnutia, ale najm\u00e4 v kontexte jednotliv\u00fdch osudov a ka\u017edodenn\u00fdch pr\u00edbehov \u013eud\u00ed, ktor\u00ed tu \u017eij\u00fa a chc\u00fa sa c\u00edti\u0165 slobodne.\u201c<\/p>\n\n\n\n<p>Milan si v\u0161\u00edmal, \u017ee \u013eudia z miestnej komunity udr\u017eiavali medzi sebou kontakty po\u010das pand\u00e9mie bez toho, aby ich niekto organizoval. Zd\u00e1 sa mu, \u017ee technol\u00f3gie a online svet v s\u00fa\u010dasnosti napom\u00e1hali celosvetov\u00e9mu dial\u00f3gu na p\u00e1l\u010div\u00e9 t\u00e9my viac ne\u017e kedyko\u013evek predt\u00fdm. Na druhej strane, na Slovensku je st\u00e1le roz\u0161\u00edren\u00e1 homof\u00f3bia a queer \u013eudia s\u00fa zastra\u0161ovan\u00ed. Za jeden z vrcholov tohto toxick\u00e9ho fenom\u00e9nu mo\u017eno pod\u013ea neho pova\u017eova\u0165 ned\u00e1vny pr\u00edpad materskej \u0161koly z Popradu, ktor\u00e1 sa ospravedlnila za to, \u017ee sa v\u00a0divadelnom predstaven\u00ed pre deti objavilo tvrdenie \u201ePo da\u017edi sa objav\u00ed d\u00faha\u201c. Ospravedlnenie zverejnilo vedenie \u0161k\u00f4lky po n\u00e1tlaku niektor\u00fdch rodi\u010dov, aby ich uistilo, \u017ee podpora ani propag\u00e1cia LGBTI komunity rozhodne nebola ich z\u00e1merom, a na svoju obhajobu dodalo: \u201eKa\u017ed\u00fd rob\u00ed chyby a t\u00e1to bola ne\u00famyseln\u00e1\u201c.<\/p>\n\n\n\n<p>D\u00e1tum: 26. j\u00fan 2021<\/p>\n\n\n\n<p>Viac inform\u00e1ci\u00ed o \u010dinnosti PRIDE BB n\u00e1jdete na facebookovej str\u00e1nke &#8222;<a href=\"https:\/\/www.facebook.com\/Inokraj-1636621256622809\" target=\"_blank\" rel=\"noreferrer noopener\">Inokraj<\/a>&#8222;.<\/p>\n","protected":false},"excerpt":{"rendered":"<p>Autor textu: Marek Hudec \/ Foto: Arch\u00edv PRIDE BB, Arch\u00edv PRIDE Ko\u0161ice \/ Ilustr\u00e1cia: Vikt\u00f3ria Szab\u00f3ov\u00e1 Text sme prv\u00fd raz publikovali v \u010d\u00edsle Leto 2021 Ako ustupuje pand\u00e9mia a rastie po\u010det zao\u010dkovan\u00fdch proti koronav\u00edrusu, uvo\u013e\u0148uj\u00fa sa aj opatrenia na organizovanie hromadn\u00fdch podujat\u00ed. Tento v\u00fdvoj ka\u017edodenne podrobne sleduj\u00fa organiz\u00e1tori a organiz\u00e1torky slovensk\u00fdch d\u00fahov\u00fdch pochodov. Hoci ten <a href=\"https:\/\/duhovyrok.sk\/qys\/zatial-stale-pocitaju-aj-s-online-verziou-ako-bude-prebiehat-pride-v-kosiciach-a-v-banskej-bystrici\/\" class=\"more-link\">&#8230;<\/a><\/p>\n","protected":false},"author":10,"featured_media":2906,"comment_status":"closed","ping_status":"closed","sticky":false,"template":"","format":"standard","meta":{"footnotes":""},"categories":[7,10,259],"tags":[266,139,140,141],"class_list":["post-2905","post","type-post","status-publish","format-standard","has-post-thumbnail","hentry","category-pride","category-kultura","category-rozhovory","tag-from-qys","tag-pride","tag-pride-kosice","tag-pridebb"],"_links":{"self":[{"href":"https:\/\/duhovyrok.sk\/qys\/wp-json\/wp\/v2\/posts\/2905","targetHints":{"allow":["GET"]}}],"collection":[{"href":"https:\/\/duhovyrok.sk\/qys\/wp-json\/wp\/v2\/posts"}],"about":[{"href":"https:\/\/duhovyrok.sk\/qys\/wp-json\/wp\/v2\/types\/post"}],"author":[{"embeddable":true,"href":"https:\/\/duhovyrok.sk\/qys\/wp-json\/wp\/v2\/users\/10"}],"replies":[{"embeddable":true,"href":"https:\/\/duhovyrok.sk\/qys\/wp-json\/wp\/v2\/comments?post=2905"}],"version-history":[{"count":2,"href":"https:\/\/duhovyrok.sk\/qys\/wp-json\/wp\/v2\/posts\/2905\/revisions"}],"predecessor-version":[{"id":2956,"href":"https:\/\/duhovyrok.sk\/qys\/wp-json\/wp\/v2\/posts\/2905\/revisions\/2956"}],"wp:featuredmedia":[{"embeddable":true,"href":"https:\/\/duhovyrok.sk\/qys\/wp-json\/wp\/v2\/media\/2906"}],"wp:attachment":[{"href":"https:\/\/duhovyrok.sk\/qys\/wp-json\/wp\/v2\/media?parent=2905"}],"wp:term":[{"taxonomy":"category","embeddable":true,"href":"https:\/\/duhovyrok.sk\/qys\/wp-json\/wp\/v2\/categories?post=2905"},{"taxonomy":"post_tag","embeddable":true,"href":"https:\/\/duhovyrok.sk\/qys\/wp-json\/wp\/v2\/tags?post=2905"}],"curies":[{"name":"wp","href":"https:\/\/api.w.org\/{rel}","templated":true}]}}