{"id":2900,"date":"2021-07-16T11:33:16","date_gmt":"2021-07-16T09:33:16","guid":{"rendered":"https:\/\/duhovyrok.sk\/qys\/?p=2900"},"modified":"2021-09-30T10:50:33","modified_gmt":"2021-09-30T08:50:33","slug":"duhovy-pride-bratislava-je-absolutne-pre-vsetkych-ladime-ho-do-festivalovej-atmosfery-hovori-jeho-riaditelka","status":"publish","type":"post","link":"https:\/\/duhovyrok.sk\/qys\/duhovy-pride-bratislava-je-absolutne-pre-vsetkych-ladime-ho-do-festivalovej-atmosfery-hovori-jeho-riaditelka\/","title":{"rendered":"D\u00fahov\u00fd PRIDE Bratislava je absol\u00fatne pre v\u0161etk\u00fdch, lad\u00edme ho do festivalovej atmosf\u00e9ry, hovor\u00ed jeho riadite\u013eka"},"content":{"rendered":"\n<p id=\"block-0bae83f6-29db-4573-a068-6faf40a0e5e6\"><strong>Autor textu: Andrej Kuruc \/ Foto: Jakub Kov\u00e1\u010d<\/strong><\/p>\n\n\n\n<p>Text sme prv\u00fd raz publikovali v \u010d\u00edsle Leto 2021<\/p>\n\n\n\n<p><strong>Jana Mi\u010dekov\u00e1 (1985) je riadite\u013ekou a predsedn\u00ed\u010dkou rady ob\u010dianskeho zdru\u017eenia <a href=\"https:\/\/duhovypride.sk\/\" target=\"_blank\" rel=\"noreferrer noopener\">D\u00fahov\u00fd PRIDE Bratislava<\/a>. Vy\u0161tudovala kulturol\u00f3giu, pracovala ako mana\u017e\u00e9rka podujat\u00ed a&nbsp;v&nbsp;s\u00fa\u010dasnosti je na materskej dovolenke. Rozpr\u00e1vali sme sa s \u0148ou o tom, ako vn\u00edma D\u00fahov\u00fd PRIDE Bratislava z poz\u00edcie hetero spojenkyne a&nbsp;pre\u010do prijala ponuku sta\u0165 sa jeho riadite\u013ekou. Prezradila n\u00e1m, ako sa c\u00edtila, ke\u010f na jej syna \u00fato\u010dili na soci\u00e1lnych sie\u0165ach za to, \u017ee dr\u017eal d\u00fahov\u00fa vlajku. Op\u00edsala, ak\u00e9 bolo organizova\u0165 minul\u00fd rok online Pride, \u010do sa chyst\u00e1 tento rok a&nbsp;pre\u010do maj\u00fa \u013eudia D\u00fahov\u00fd PRIDE Bratislava podpori\u0165.<\/strong><\/p>\n\n\n\n<p><strong>Ak\u00fd bol tvoj prv\u00fd D\u00fahov\u00fd PRIDE v&nbsp;Bratislave?<\/strong><\/p>\n\n\n\n<p>Po pr\u00edchode do Bratislavy, po vysokej \u0161kole, som sa ocitla na podujat\u00ed D\u00fahov\u00fd PRIDE Bratislava na Hviezdoslavovom n\u00e1mest\u00ed. Stretla som tam ve\u013emi ve\u013ea kamar\u00e1tov a&nbsp;cel\u00e9 sa mi to ve\u013emi p\u00e1\u010dilo. Jedin\u00fd probl\u00e9m mi robil dlh\u00fd rad na pivo. Povedala som si: kurn\u00edk \u0161opa, s&nbsp;t\u00fdmto chcem nie\u010do urobi\u0165 (smiech). Vtedy som nemala sk\u00fasenosti z&nbsp;\u201eeventov\u00e9ho\u201c sveta. \u0160tyri roky nato som sa ocitla priamo v&nbsp;PRIDE t\u00edme.<\/p>\n\n\n\n<p><strong>Ak\u00e9 si mala pocity?<\/strong><\/p>\n\n\n\n<p>Bola som nad\u0161en\u00e1. Som diev\u010da z&nbsp;vidieckeho prostredia, ktor\u00e9 \u0161tudovalo v&nbsp;Nitre. A&nbsp;Nitra nie je celkom metropolitn\u00e9 mesto. A vtedy sa ma moja najlep\u0161ia kamar\u00e1tka sp\u00fdtala, \u010di mi bude vadi\u0165, \u017ee bude teraz chodi\u0165 s&nbsp;Laurou. Povedala som jej: ak \u0165a bude \u013e\u00fabi\u0165 takisto ako ja \u0165a \u013e\u00fabim, tak mi je absol\u00fatne jedno, s k\u00fdm bude\u0161 chodi\u0165. Len potrebujem vidie\u0165, \u017ee si \u0165a v\u00e1\u017ei ako \u010dloveka. To bola moja prv\u00e1 sk\u00fasenos\u0165 so&nbsp;vz\u0165ahmi dvoch \u013eud\u00ed rovnak\u00e9ho pohlavia, ktor\u00e9 som dovtedy nepoznala. Vtedy som tomu porozumela. St\u00e1le si vrav\u00edm, \u017ee poznanie otv\u00e1ra srdcia. Ke\u010f to \u010dlovek s\u00e1m za\u017eije, ke\u010f to vn\u00edma, ke\u010f to c\u00edti a&nbsp;vid\u00ed, vtedy zmen\u00ed n\u00e1zor, ak ho mal negat\u00edvny, alebo nevedel, \u010do si m\u00e1 myslie\u0165.<\/p>\n\n\n\n<p><strong>Ako by si zhodnotila uplynul\u00fa desa\u0165ro\u010dnicu Pride-ov? \u010co d\u00f4le\u017eit\u00e9 priniesli?<\/strong><\/p>\n\n\n\n<p>Prv\u00e9 pochody PRIDE sr\u0161ali neuverite\u013enou odvahou. Ke\u010f vid\u00edm star\u00e9 fotky, m\u00e1m zimomriavky. Ka\u017ed\u00fdm rokom, odkedy som v&nbsp;t\u00edme, sa po\u010det \u00fa\u010dastn\u00edkov a&nbsp;\u00fa\u010dastn\u00ed\u010dok zv\u00e4\u010d\u0161uje. My sme z&nbsp;roka na rok vysko\u010dili zo 6-tis\u00edc \u013eud\u00ed na 10-tis\u00edc. \u010ci\u017ee u\u017e by sme mohli vyjedn\u00e1va\u0165 \u010fal\u0161ie podmienky s mestom, \u010fal\u0161\u00edch spoluorganiz\u00e1torov. Len t\u00e1 ve\u013ekos\u0165 z&nbsp;n\u00e1s rob\u00ed jeden z&nbsp;najv\u00e4\u010d\u0161\u00edch festivalov v&nbsp;Bratislave.<\/p>\n\n\n\n<p><strong>Pre\u010do si mysl\u00ed\u0161, \u017ee je PRIDE potrebn\u00fd?<\/strong><\/p>\n\n\n\n<p>Pochody PRIDE sa konaj\u00fa v ka\u017edom eur\u00f3pskom hlavnom meste. Za\u017eila som ich aj v&nbsp;men\u0161\u00edch provin\u010dn\u00fdch meste\u010dk\u00e1ch. V\u017edy je to super de\u0148 pln\u00fd rozmanitosti a&nbsp;\u010fal\u0161\u00edch pre m\u0148a ve\u013emi prirodzen\u00fdch vec\u00ed. Ale na Slovensku ide, bohu\u017eia\u013e, permanentne o z\u00e1kladn\u00fd boj za \u013eudsk\u00e9 pr\u00e1va. P\u00e4\u0165 rokov, odkedy sa podie\u013eam na organizovan\u00ed, nepri\u0161la \u017eiadna legislat\u00edvna zmena v prospech&nbsp;zlep\u0161enia situ\u00e1cie LGBTI+ \u013eud\u00ed. Neudialo sa ni\u010d, ani ke\u010f sa vymenila vl\u00e1da. V&nbsp;spolo\u010dnosti sa o&nbsp;tom ob\u010das diskutovalo. Ale dial\u00f3g sa v\u017edy nesie iba v duchu zneu\u017e\u00edvania LGBTI+ t\u00e9my politick\u00fdmi stranami. Samotn\u00e9 odstr\u00e1nenie diskrimin\u00e1cie je pre v\u0161etky ako \u010dierny Peter. T\u00e1 nen\u00e1vis\u0165 a \u00fato\u010denie, ktor\u00e9 sledujeme v&nbsp;parlamente, vpl\u00fdva na m\u0148a aj ako na matku. Potrebujem sa pri\u010dini\u0165 o spolo\u010densk\u00fa zmenu, aby sa m\u00f4j syn mohol ma\u0165 v&nbsp;bud\u00facnosti dobre bez oh\u013eadu na to, do koho sa za\u013e\u00fabi.<\/p>\n\n\n\n<p><strong>Sama si tzv. \u201estraight ally\u201c, ako to vn\u00edma\u0161 z&nbsp;tejto poz\u00edcie? Je D\u00fahov\u00fd PRIDE ur\u010den\u00fd pre v\u0161etk\u00fdch?<\/strong><\/p>\n\n\n\n<p>Ja ver\u00edm v&nbsp;\u013eudsk\u00e9 dobro. Aj ke\u010f nie v\u0161etky moje \u017eivotn\u00e9 sk\u00fasenosti mi to potvrdzovali. Ale ver\u00edm, \u017ee l\u00e1ska je to jedin\u00e9, \u010do n\u00e1s zachr\u00e1ni. Nem\u00f4\u017eme \u017ei\u0165 v&nbsp;spolo\u010dnosti, ktor\u00e1 tak\u00fato l\u00e1sku ignoruje. Na prvom D\u00fahovom PRIDE, kde som bola, Hana F\u00e1bry povedala dobr\u00fa vetu:&nbsp; \u201eA&nbsp;v\u00edtam tu v\u0161etk\u00fdch heter\u00e1\u010dov, lebo pri\u0161li uk\u00e1za\u0165, \u017ee im to nie je jedno.\u201c Vtedy som sa s&nbsp;t\u00fdm identifikovala a&nbsp;povedala som si, mne to nie je jedno. Ve\u010f s t\u00fdm nie\u010do mus\u00edm spravi\u0165. Pre\u010do by som mala \u017ei\u0165 v spolo\u010dnosti, kde nie je rovnos\u0165? PRIDE je absol\u00fatne pre v\u0161etk\u00fdch. Lad\u00edme ho do festivalovej atmosf\u00e9ry. M\u00e1me stanovi\u0161te aj pre deti. Program je vyskladan\u00fd tak, aby sa ka\u017ed\u00fd a ka\u017ed\u00e1 c\u00edtili dobre, aby sa najedli, osvie\u017eili, kult\u00farne naplnili. Ide o pr\u00edjemn\u00fd de\u0148 bez ak\u00fdchko\u013evek excesov. V\u00edtame ka\u017ed\u00e9ho \u010dloveka. V&nbsp;poslednej dobe sme sa zamerali najm\u00e4 na deti, aj v&nbsp;na\u0161om t\u00edme u\u017e m\u00e1me nejak\u00e9 \u2013 tak\u017ee nevylu\u010dujeme ani Mira Jaro\u0161a (smiech). Rozbehol sa kr\u00e1sny projekt <a href=\"https:\/\/www.facebook.com\/duhoverodiny\" target=\"_blank\" rel=\"noreferrer noopener\">D\u00fahov\u00e9 rodiny<\/a>. T\u00fdmto smerom je potrebn\u00e9 \u00eds\u0165. To v\u0161ak neznamen\u00e1, \u017ee sa nevenujeme aj single \u013eu\u010fom alebo t\u00fdm, ktor\u00ed \u017eij\u00fa vo vz\u0165ahu bez det\u00ed.<\/p>\n\n\n\n<p><strong>Pre\u010do si sa rozhodla prija\u0165 ponuku by\u0165 riadite\u013ekou zdru\u017eenia?<\/strong><\/p>\n\n\n\n<p>Vystriedala som na tejto poz\u00edcii Dianu Pruchnerovi\u010dov\u00fa. Ona je ve\u013emi organiza\u010dne nadan\u00e1, m\u00e1 na starosti cel\u00fa bezpe\u010dnos\u0165. Je pre m\u0148a neuverite\u013en\u00e9, s&nbsp;akou gr\u00e1ciou a&nbsp;\u013eahkos\u0165ou to cel\u00e9 zastre\u0161uje. Na teambuildingu, kde sme mali valn\u00e9 zhroma\u017edenie, som dostala t\u00fato ponuku, o&nbsp;ktorej sa vraj v&nbsp;kulo\u00e1roch hovorilo u\u017e predt\u00fdm, no i\u0161lo to mimo m\u0148a. Naozaj som bola n\u00e1vrhom zasko\u010den\u00e1, dojat\u00e1. Bol s t\u00fdm spojen\u00fd aj siln\u00fd pocit zodpovednosti, ktor\u00fd pretrv\u00e1va.<\/p>\n\n\n\n<p><strong>Nevy\u010d\u00edtaj\u00fa ti \u013eudia z&nbsp;komunity, \u017ee nie si LGBTI+?<\/strong><\/p>\n\n\n\n<p>B\u00e1la som sa, ako to komunita prijme. M\u00e1m v&nbsp;nej mno\u017estvo kontaktov. Prinieslo mi to ist\u00fd medi\u00e1lny v\u00fdtlak, zrazu som sa ocitla v&nbsp;popred\u00ed. Ob\u00e1vala som sa, ako zvl\u00e1dnem vystupovanie v m\u00e9di\u00e1ch, ale v&nbsp;t\u00edme m\u00e1m za sebou hovorcov, ktor\u00ed &nbsp;komunikuj\u00fa s m\u00e9diami na dennej b\u00e1ze. Pred minuloro\u010dn\u00fdm PRIDE-om bol t\u00fd\u017ede\u0148 sprievodn\u00fdch podujat\u00ed. V\u0161etky akcie som si obehla a komunikovala som s \u013eu\u010fmi, zoznamovala sa. Povedali mi: ty si hlas, ktor\u00fd potrebujeme, lebo to, \u017ee sa niekto bude vyjadrova\u0165 o LGBTI+ t\u00e9me a&nbsp;je queer, to ka\u017ed\u00fd o\u010dak\u00e1va. Ale \u017ee nejak\u00e1 heter\u00e1\u010dka to bude ma\u0165 ako hlavn\u00fa agendu, to viac rezonuje. Som pocten\u00e1, ak\u00fa podporu som od komunity dostala.<\/p>\n\n\n\n<p><strong>Teraz druh\u00fd p\u00f3l, \u010do tvoji konzervat\u00edvnej\u0161\u00ed zn\u00e1mi?<\/strong><\/p>\n\n\n\n<p>Doma sa o&nbsp;tom otvorene rozpr\u00e1vame, v&nbsp;rodine m\u00e1m ve\u013ek\u00fa podporu. \u010co sa t\u00fdka \u010fal\u0161\u00edch konzervat\u00edvnych rodinn\u00fdch pr\u00edslu\u0161n\u00edkov, nevyjadruj\u00fa sa k&nbsp;tomu a&nbsp;v\u017edy m\u00e1m pre nich argumenty, vo\u010di ktor\u00fdm sa nevedia vymedzi\u0165. Za\u017eila som v\u0161ak minul\u00fd rok aj osobn\u00fd \u00fatok. Bolo to ve\u013emi nepr\u00edjemn\u00e9. Ocitla som sa na fotografii so svoj\u00edm synom, ktor\u00fd dr\u017e\u00ed d\u00fahov\u00fa vlajku. Na om\u0161i po PRIDE n\u00e1s odfotili spolu s&nbsp;p\u00e1nom Prostredn\u00edkom. Fotka sa objavila v&nbsp;nejakej konzervat\u00edvnej skupine na soci\u00e1lnych sie\u0165ach. Na \u00fatoky na m\u0148a som bola absol\u00fatne pripraven\u00e1. Ale \u00fatok na syna som brala s \u0165a\u017eko. Vy\u010d\u00edtala som si to. Zaoberala som sa t\u00fdm t\u00fd\u017ede\u0148 alebo dva. Objavili sa koment\u00e1re, ako: \u201e\u010co z&nbsp;neho vyrastie, gejko, alebo lesbi\u010dka? A&nbsp;u\u017e vie on, \u010do je, \u010di chlap\u010dek, alebo diev\u010datko?\u201c alebo: \u201eCh\u00fa\u010fatko die\u0165a, takej materi by som ho zobrala&#8230;\u201c To ma zra\u0148ovalo. Ve\u013ekou podporou mi bola Lucia Plav\u00e1kov\u00e1, ktor\u00e1 m\u00e1 dc\u00e9ru, je medi\u00e1lne zn\u00e1ma a s&nbsp;\u00fatokmi m\u00e1 ve\u013ek\u00e9 sk\u00fasenosti.<\/p>\n\n\n\n<p><strong>Ako sa c\u00edti\u0161 so s\u00fa\u010dasn\u00fdm t\u00edmom, ko\u013eko v\u00e1s je, ko\u013eko pracujete?<\/strong><\/p>\n\n\n\n<p>Som py\u0161n\u00e1, \u017ee n\u00e1\u0161 t\u00edm je stabiln\u00fd u\u017e nieko\u013eko rokov. Niektor\u00ed \u010dlenovia si ber\u00fa sabatikal, no viem, \u017ee kedyko\u013evek ich m\u00f4\u017eem poprosi\u0165 o&nbsp;pomoc. Pr\u00edprava na \u010fal\u0161\u00ed ro\u010dn\u00edk za\u010d\u00edna v\u017edy hne\u010f po PRIDE, ale patr\u00ed k tomu aj na\u0161a fyzick\u00e1 a&nbsp;psychick\u00e1 regener\u00e1cia. Potom dorie\u0161ovanie administrat\u00edvnych vec\u00ed, ktor\u00e9 je ve\u013emi n\u00e1ro\u010dn\u00e9. Zam\u00fd\u0161\u013eanie sa nad \u010fal\u0161\u00edm ro\u010dn\u00edkom za\u010d\u00edna v&nbsp;novembri. A&nbsp;po Novom roku u\u017e plnou parou vpred. Tento rok sa podarilo presadi\u0165 v\u00e4\u010d\u0161\u00ed d\u00f4raz na&nbsp;soci\u00e1lne m\u00e9di\u00e1 ako Instagram. C\u00edtime ve\u013ek\u00fd z\u00e1ujem od mlad\u00fdch \u013eud\u00ed, a&nbsp;toto je ich komunika\u010dn\u00fd kan\u00e1l. Na Instagrame sme pripravili celoro\u010dn\u00fd obsah, a&nbsp;sna\u017e\u00edme sa t\u00fdmto sp\u00f4sobom udr\u017eiava\u0165 kontakt s publikom. Rob\u00edme rel\u00e1ciu Pr\u00eddeme k&nbsp;v\u00e1m domov, \u010do s\u00fa rozhovory so zauj\u00edmav\u00fdmi \u013eu\u010fmi, s organiz\u00e1tormi a organiz\u00e1torkami minul\u00fdch ro\u010dn\u00edkov, podporovate\u013ekami a podporovate\u013emi komunity, a dost\u00e1vame tak aj sp\u00e4tn\u00fa v\u00e4zbu.<\/p>\n\n\n\n<figure class=\"wp-block-image size-large\"><img loading=\"lazy\" decoding=\"async\" width=\"672\" height=\"1024\" src=\"https:\/\/duhovyrok.sk\/qys\/wp-content\/uploads\/sites\/2\/2021\/07\/Jana-Micekova-Foto-Jakub-Kovac_22-672x1024.jpg\" alt=\"\" class=\"wp-image-2903\" srcset=\"https:\/\/duhovyrok.sk\/qys\/wp-content\/uploads\/sites\/2\/2021\/07\/Jana-Micekova-Foto-Jakub-Kovac_22-672x1024.jpg 672w, https:\/\/duhovyrok.sk\/qys\/wp-content\/uploads\/sites\/2\/2021\/07\/Jana-Micekova-Foto-Jakub-Kovac_22-459x700.jpg 459w, https:\/\/duhovyrok.sk\/qys\/wp-content\/uploads\/sites\/2\/2021\/07\/Jana-Micekova-Foto-Jakub-Kovac_22-1008x1536.jpg 1008w, https:\/\/duhovyrok.sk\/qys\/wp-content\/uploads\/sites\/2\/2021\/07\/Jana-Micekova-Foto-Jakub-Kovac_22-1344x2048.jpg 1344w, https:\/\/duhovyrok.sk\/qys\/wp-content\/uploads\/sites\/2\/2021\/07\/Jana-Micekova-Foto-Jakub-Kovac_22.jpg 1360w\" sizes=\"auto, (max-width: 672px) 100vw, 672px\" \/><\/figure>\n\n\n\n<p><strong>Minul\u00fd rok sme nemohli osl\u00e1vi\u0165 v uliciach jubileum, 10. ro\u010dn\u00edk D\u00fahov\u00e9ho PRIDE-u prebehol online. Ak\u00e9 to bolo pre v\u00e1s v t\u00edme?<\/strong><\/p>\n\n\n\n<p>Spo\u010diatku sme v\u0161etci len \u010dakali, nevedeli sme, \u010do a&nbsp;ako. A&nbsp;nakoniec sme vystr\u00fahali online PRIDE. Organiza\u010dne bol n\u00e1ro\u010dn\u00fd v&nbsp;tom, \u017ee sme museli v&nbsp;malom \u010dasovom horizonte meni\u0165 koncepciu, hoci pr\u00edprava \u017eiv\u00e9ho sprievodu je, samozrejme, n\u00e1ro\u010dnej\u0161ia. Spravili sme koncert, ktor\u00fd sme pustili online v&nbsp;de\u0148 napl\u00e1novan\u00e9ho PRIDE-u. Bolo n\u00e1m \u013e\u00fato, \u017ee obdobie pand\u00e9mie pripadlo pr\u00e1ve na 10. ro\u010dn\u00edk. Urobili sme najlep\u0161ie, \u010do sme mohli. T\u00fd\u017ede\u0148 pred samotn\u00fdm d\u00e1tumom PRIDE-u sme mali sprievodn\u00e9 podujatia v&nbsp;s\u00falade s&nbsp;opatreniami. Bolo pr\u00edjemn\u00e9, \u017ee komunita \u017eila v&nbsp;meste,&nbsp;mali sme aj tri akcie za de\u0148. \u010clovek si musel vybera\u0165. Samotn\u00fd online PRIDE mal vysok\u00fa sledovanos\u0165, s t\u00fdm sme boli ve\u013emi spokojn\u00ed. After-party sa konala tie\u017e v&nbsp;s\u00falade s&nbsp;opatreniami, a&nbsp;ke\u010f\u017ee be\u017eala v&nbsp; troch podnikoch s\u00fa\u010dasne, mesto bolo pln\u00e9 \u013eud\u00ed. Mierny pocit katarzie a&nbsp;satisfakcie ma zastihol pr\u00e1ve tam.<\/p>\n\n\n\n<p><strong>Bude tohtoro\u010dn\u00fd PRIDE na\u017eivo, alebo op\u00e4\u0165 online? Kedy by si mal uskuto\u010dni\u0165?<\/strong><\/p>\n\n\n\n<p>Od janu\u00e1ra sme sa chystali na to, \u017ee ideme robi\u0165 D\u00fahov\u00fd PRIDE v&nbsp;norm\u00e1lnej forme, nevedeli sme, ako to bude, kedy bude vyvinut\u00e1 vakc\u00edna proti \u201ekorone\u201c. Pl\u00e1novali sme oslovi\u0165 dod\u00e1vate\u013eov, zarezervova\u0165 si miesto, aby sme neboli prekvapen\u00ed a mohli to vo ve\u013ekom odp\u00e1li\u0165, keby COVID-19 vymizol (smiech). Asi odpoviem za v\u0161etky men\u0161ie festivaly, \u017ee ke\u010f ohl\u00e1sila Pohoda, \u017ee nebude v&nbsp;norm\u00e1lnom m\u00f3de, tak sme sa situ\u00e1ciu rozhodli prehodnoti\u0165 aj my. Najv\u00e4\u010d\u0161ou novinkou je, \u017ee usporiadame cel\u00fd PRIDE mesiac, ktor\u00fd sa za\u010dne 1. j\u00fala a vyvrchol\u00ed 24. j\u00fala, ke\u010f odvysielame D\u00fahov\u00fd PRIDE 2021. Bude sa nat\u00e1\u010da\u0165 dopredu, ale so \u017eiv\u00fdm publikom, 3. j\u00fala v&nbsp;Novej Cvernovke. Pod\u013ea kapacity sa na\u0148 bud\u00fa da\u0165 zak\u00fapi\u0165 vstupenky. P\u00f4jde o plnohodnotn\u00fd koncert, so vstupmi z&nbsp;r\u00e9\u017eie. Vyst\u00fapia osobnosti, kapely, vogue tane\u010dn\u00edci a tane\u010dn\u00ed\u010dky. Budeme ma\u0165 fantastick\u00fa moder\u00e1torku Simonu zo Simona Comedy. V programe je zaraden\u00e1 aj r\u00f3mska kapela, bude to vesel\u00e9. Sprievodn\u00e9 akcie bud\u00fa be\u017ea\u0165 cel\u00fd mesiac. Otvorili sa n\u00e1m aj spolupr\u00e1ce s&nbsp;mestsk\u00fdmi in\u0161tit\u00faciami a verejn\u00fdmi in\u0161tit\u00faciami, ako napr\u00edklad Slovensk\u00e1 n\u00e1rodn\u00e1 gal\u00e9ria, Staromestsk\u00e1 kni\u017enica. Bud\u00fa divadeln\u00e9 predstavenie, premietanie filmov.<\/p>\n\n\n\n<p>A te\u0161\u00edme sa na pr\u00edpravu fyzick\u00e9ho D\u00fahov\u00e9ho PRIDE-u. Ver\u00edm, \u017ee nasleduj\u00faci rok sa to podar\u00ed, pl\u00e1nujeme r\u00f4zne novinky. Chyst\u00e1me sa na zmenu miesta, preto\u017ee Hviezdoslavovo n\u00e1mestie je n\u00e1m u\u017e mal\u00e9. Bolo to, ako ke\u010f si na kolaud\u00e1ciu gars\u00f3nky pozve\u0161 host\u00ed, no nepredpoklad\u00e1\u0161, \u017ee v\u0161etci pr\u00eddu. A&nbsp;oni pri\u0161li. Zvl\u00e1dli sme to, no bolo to tesn\u00e9, doslova (smiech). Preto chceme vyu\u017ei\u0165 nov\u00e9 priestory v&nbsp;meste, ktor\u00e9 by n\u00e1m poskytli v\u00e4\u010d\u0161\u00ed komfort. So zmenou miesta p\u00f4jde ruka v&nbsp;ruke aj zmena trasy. Moj\u00edm predsavzat\u00edm je, aby trasa viedla cez \u00fapln\u00fd stred mesta, najlep\u0161ie cez Obchodn\u00fa. Chceme ju vyzdobi\u0165.<\/p>\n\n\n\n<p><strong>Minul\u00fd rok sa na r\u00f4znych budov\u00e1ch objavili d\u00fahov\u00e9 vlajky, pl\u00e1nujete tento rok oslovi\u0165 in\u0161tit\u00facie?<\/strong><\/p>\n\n\n\n<p>Aj tento rok chceme pon\u00faknu\u0165 in\u0161tit\u00faci\u00e1m mo\u017enos\u0165 vyvesi\u0165 d\u00fahov\u00fa vlajku, a&nbsp;t\u00fdm podpori\u0165 D\u00fahov\u00fd PRIDE Bratislava. Bude to ma\u0165 na starosti jeden \u010dlovek z t\u00edmu. M\u00e1 to potenci\u00e1l. In\u0161tit\u00facie \u010dasto nevedia, \u010do robi\u0165, alebo nemaj\u00fa vlajku. Chceme mesto \u201eobliec\u0165 do d\u00fahy\u201c, hotely, mestsk\u00e9 budovy, obchody. Najv\u00e4\u010d\u0161ia m\u00e9ta je vyvesenie d\u00fahovej vlajky na Prezidentskom pal\u00e1ci a&nbsp;Magistr\u00e1te.<\/p>\n\n\n\n<p><strong>Ko\u013eko tak\u00fd Pride stoj\u00ed?<\/strong><\/p>\n\n\n\n<p>V\u017edy si otvor\u00edme v\u00fdro\u010dn\u00e9 spr\u00e1vy eur\u00f3pskych Pride-ov, aj na\u0161ich susedov z Prahy. Tie rozpo\u010dty s\u00fa omnoho vy\u0161\u0161ie. Online PRIDE n\u00e1s minul\u00fd rok st\u00e1l asi 15-tis\u00edc eur, ozajstn\u00fd PRIDE je o \u010dosi drah\u0161\u00ed. Na zabezpe\u010denie podujatia, ktor\u00e9 by bolo hodn\u00e9 eur\u00f3pskej metropoly je potrebn\u00fdch minim\u00e1lne 50-tis\u00edc eur. \u010c\u00edm menej je pe\u0148az\u00ed, t\u00fdm je men\u0161ia kvalita podujatia. Ve\u013ek\u00e1 \u010das\u0165 zdrojov ide na zaistenie bezpe\u010dnosti PRIDE-u. My ako t\u00edm pracujeme na dobrovo\u013en\u00edckej b\u00e1ze, nem\u00e1me odmeny. Stoj\u00ed to na na\u0161ej dobrej v\u00f4li a na tom, \u017ee sa vieme na seba absol\u00fatne spo\u013eahn\u00fa\u0165. V\u0161etci sme popritom zamestnan\u00ed. Pre m\u0148a je najv\u00e4\u010d\u0161ou satisfakciou t\u00fdch 10-tis\u00edc spokojn\u00fdch \u00fa\u010dastn\u00ed\u010dok a \u00fa\u010dastn\u00edkov. Pr\u00edpravn\u00fd stres je pre m\u0148a hybn\u00e1 sila.<\/p>\n\n\n\n<p><strong>Ak\u00e9 s\u00fa tvoje priania, kam by sa mal D\u00fahov\u00fd PRIDE dosta\u0165?<\/strong><\/p>\n\n\n\n<p>Priala by som si, aby PRIDE bol iba oby\u010dajnou neviazanou z\u00e1bavou. Po\u010fme si spravi\u0165 \u017e\u00far do mesta. Aby to bola oslava r\u00f4znorodosti, oslava \u013eud\u00ed d\u00f4stojne \u017eij\u00facich v&nbsp;spolo\u010dnosti, aby sme nemuseli c\u00edti\u0165 trpk\u00fa pachu\u0165 neuznania LGBTI+ \u013eud\u00ed v&nbsp;spolo\u010dnosti.<\/p>\n\n\n\n<p><strong>Ako sa pozer\u00e1\u0161 na to, \u017ee sa konaj\u00fa pochody Pride aj v&nbsp;in\u00fdch mest\u00e1ch?<\/strong><\/p>\n\n\n\n<p>Je to \u00fa\u017easn\u00e9. Dr\u017e\u00edm im palce, podporujem ich. V\u017edy aj radi pom\u00f4\u017eeme. Som v\u010fa\u010dn\u00e1 aj Ko\u0161iciam aj prv\u00fdm ro\u010dn\u00edkom v&nbsp;Banskej Bystrici. Slovensko nie je len Bratislava.Musia to vidie\u0165 a za\u017ei\u0165 aj inde, lebo pr\u00e1ve poznanie je to, \u010do spolo\u010dnos\u0165ou h\u00fdbe.<\/p>\n\n\n\n<p><strong>\u010co by si na z\u00e1ver chcela odk\u00e1za\u0165 na\u0161im \u010ditate\u013eom a \u010ditate\u013ek\u00e1m, pre\u010do by mali pr\u00eds\u0165 podpori\u0165 tohtoro\u010dn\u00fd PRIDE \u010di sledova\u0165 ho online?<\/strong><\/p>\n\n\n\n<p>D\u00fahov\u00fd PRIDE je spolo\u010densky d\u00f4le\u017eit\u00fd. K&nbsp;mnoh\u00fdm \u013eu\u010fom sa spolo\u010dnos\u0165 nespr\u00e1va spravodlivo. Vyr\u00e1ba z&nbsp;nich ob\u010danov druhej kateg\u00f3rie. Hnev\u00e1 ma, \u017ee ja, ako heter\u00e1\u010dka, m\u00f4\u017eem ma\u0165 v&nbsp;sobotu na matrike svadbu, ale \u013eu\u010fom inej sexu\u00e1lnej orient\u00e1cie je toto pr\u00e1vo od\u0148at\u00e9. \u010co opr\u00e1v\u0148uje tak\u00fato diskrimin\u00e1ciu? Preto by sa \u013eudia z&nbsp;komunity, ale najm\u00e4 ostatn\u00ed, mali zauj\u00edma\u0165 o&nbsp;\u013eudsk\u00e9 pr\u00e1va. To nie je s\u00faboj dvoch str\u00e1n vymedzen\u00fdch sexu\u00e1lnou orient\u00e1ciou a rodovou identitou, nem\u00f4\u017eeme sa takto vyhra\u0148ova\u0165. V\u0161etci by mali pr\u00eds\u0165 na sprievodn\u00e9 podujatia, bud\u00fa ma\u0165 hodnotn\u00fd kult\u00farny z\u00e1\u017eitok a cez vstupn\u00e9 m\u00f4\u017eu podpori\u0165 n\u00e1\u0161 festival.<\/p>\n\n\n\n<p>Viac inform\u00e1ci\u00ed o \u010dinnosti D\u00fahov\u00e9ho PRIDE Bratislava n\u00e1jdete na str\u00e1nkach <a href=\"http:\/\/duhovypride.sk\/\">www.duhovypride.sk<\/a> .<\/p>\n","protected":false},"excerpt":{"rendered":"<p>Autor textu: Andrej Kuruc \/ Foto: Jakub Kov\u00e1\u010d Text sme prv\u00fd raz publikovali v \u010d\u00edsle Leto 2021 Jana Mi\u010dekov\u00e1 (1985) je riadite\u013ekou a predsedn\u00ed\u010dkou rady ob\u010dianskeho zdru\u017eenia D\u00fahov\u00fd PRIDE Bratislava. Vy\u0161tudovala kulturol\u00f3giu, pracovala ako mana\u017e\u00e9rka podujat\u00ed a&nbsp;v&nbsp;s\u00fa\u010dasnosti je na materskej dovolenke. Rozpr\u00e1vali sme sa s \u0148ou o tom, ako vn\u00edma D\u00fahov\u00fd PRIDE Bratislava z poz\u00edcie <a href=\"https:\/\/duhovyrok.sk\/qys\/duhovy-pride-bratislava-je-absolutne-pre-vsetkych-ladime-ho-do-festivalovej-atmosfery-hovori-jeho-riaditelka\/\" class=\"more-link\">&#8230;<\/a><\/p>\n","protected":false},"author":2,"featured_media":2902,"comment_status":"closed","ping_status":"closed","sticky":false,"template":"","format":"standard","meta":{"footnotes":""},"categories":[7,10,259],"tags":[54,266,280,139,185],"class_list":["post-2900","post","type-post","status-publish","format-standard","has-post-thumbnail","hentry","category-pride","category-kultura","category-rozhovory","tag-festival","tag-from-qys","tag-jana-micekova","tag-pride","tag-rozhovor"],"_links":{"self":[{"href":"https:\/\/duhovyrok.sk\/qys\/wp-json\/wp\/v2\/posts\/2900","targetHints":{"allow":["GET"]}}],"collection":[{"href":"https:\/\/duhovyrok.sk\/qys\/wp-json\/wp\/v2\/posts"}],"about":[{"href":"https:\/\/duhovyrok.sk\/qys\/wp-json\/wp\/v2\/types\/post"}],"author":[{"embeddable":true,"href":"https:\/\/duhovyrok.sk\/qys\/wp-json\/wp\/v2\/users\/2"}],"replies":[{"embeddable":true,"href":"https:\/\/duhovyrok.sk\/qys\/wp-json\/wp\/v2\/comments?post=2900"}],"version-history":[{"count":5,"href":"https:\/\/duhovyrok.sk\/qys\/wp-json\/wp\/v2\/posts\/2900\/revisions"}],"predecessor-version":[{"id":2954,"href":"https:\/\/duhovyrok.sk\/qys\/wp-json\/wp\/v2\/posts\/2900\/revisions\/2954"}],"wp:featuredmedia":[{"embeddable":true,"href":"https:\/\/duhovyrok.sk\/qys\/wp-json\/wp\/v2\/media\/2902"}],"wp:attachment":[{"href":"https:\/\/duhovyrok.sk\/qys\/wp-json\/wp\/v2\/media?parent=2900"}],"wp:term":[{"taxonomy":"category","embeddable":true,"href":"https:\/\/duhovyrok.sk\/qys\/wp-json\/wp\/v2\/categories?post=2900"},{"taxonomy":"post_tag","embeddable":true,"href":"https:\/\/duhovyrok.sk\/qys\/wp-json\/wp\/v2\/tags?post=2900"}],"curies":[{"name":"wp","href":"https:\/\/api.w.org\/{rel}","templated":true}]}}