{"id":2791,"date":"2021-06-02T02:00:10","date_gmt":"2021-06-02T00:00:10","guid":{"rendered":"https:\/\/duhovyrok.sk\/qys\/?p=2791"},"modified":"2021-06-06T10:21:15","modified_gmt":"2021-06-06T08:21:15","slug":"spevak-samuel-hosek-snazim-sa-pomoct-ludom-na-ich-ceste","status":"publish","type":"post","link":"https:\/\/duhovyrok.sk\/qys\/spevak-samuel-hosek-snazim-sa-pomoct-ludom-na-ich-ceste\/","title":{"rendered":"Spev\u00e1k Samuel Ho\u0161ek: Sna\u017e\u00edm sa pom\u00f4c\u0165 \u013eu\u010fom na ich ceste"},"content":{"rendered":"\n<p id=\"block-0bae83f6-29db-4573-a068-6faf40a0e5e6\"><strong>Autor textu: David Benedek<\/strong> \/ <strong>Foto: Jakub Kov\u00e1\u010d<\/strong><\/p>\n\n\n\n<p>Text sme prv\u00fd raz publikovali v \u010d\u00edsle Jar 2021<\/p>\n\n\n\n<p><strong>Samuel Ho\u0161ek je mlad\u00fd slovensk\u00fd spev\u00e1k, na hudobnej sc\u00e9ne sa pohybuje u\u017e nieko\u013eko rokov. Koncom minul\u00e9ho roka vy\u0161iel jeho debutov\u00fd album s&nbsp;n\u00e1zvom <\/strong><strong><em>Our Time Is Now<\/em><\/strong><strong>, ktor\u00fd je skvel\u00fdm pr\u00ednosom pre slovensk\u00fa pop-music. Pod\u013ea jeho vlastn\u00fdch slov sa svojou hudbou sna\u017e\u00ed \u013eu\u010fom pom\u00f4c\u0165 na ich ceste, ale aj sebe sam\u00e9mu.<\/strong><\/p>\n\n\n\n<p><strong>Za\u010dnime teda poporiadku. Kedy a&nbsp;ako si sa za\u010dal venova\u0165 hudbe?<\/strong><\/p>\n\n\n\n<p>Za\u010diatky nach\u00e1dzam u\u017e v \u00fatlom veku. Ako mal\u00fd som sa ve\u013emi nehral s hra\u010dkami, ve\u013ea som kreslil a miloval som stanicu MTV. Bol som \u0148ou \u00faplne uchv\u00e1ten\u00fd. Pam\u00e4t\u00e1m si, ako u m\u0148a bola sesternica a bola sklaman\u00e1, \u017ee sa s \u0148ou nehr\u00e1m, preto\u017ee pr\u00e1ve v tom \u010dase vy\u0161iel nov\u00fd klip Christiny Aquilery <em>Come on Over<\/em> a ja som pozeral hitpar\u00e1du European TOP 20 a \u010dakal som, kedy ho zahraj\u00fa. Sestrin priate\u013e mi vyrobil k\u00e1bel, s ktor\u00fdm som mal prepojen\u00fa hi-fi ve\u017eu s telev\u00edziou a nahr\u00e1val som si na kazetu v\u0161etky hity. Ob\u00fdva\u010dku odvtedy rozde\u013eoval k\u00e1bel na dve \u00fazemia a v\u0161etk\u00fdm ostatn\u00fdm v rodine zavadzal, no mne prin\u00e1\u0161al nesmiernu rados\u0165.<\/p>\n\n\n\n<p><strong>Odjak\u017eiva si sn\u00edval o tom, \u017ee bude\u0161 spev\u00e1kom?<\/strong><\/p>\n\n\n\n<p>Pravdupovediac, ani teraz sa nec\u00edtim by\u0165 spev\u00e1kom. M\u00e1m pocit, \u017ee len tak som a rob\u00edm to, \u010do ma bav\u00ed. To je z\u00e1klad. V\u017edy sa sna\u017e\u00edm obklopi\u0165 \u013eu\u010fmi, s ktor\u00fdmi sa c\u00edtim pr\u00edjemne, a vytv\u00e1ra\u0165 veci, pri ktor\u00fdch je z\u00e1bava. T\u00fdmto \u017eivotom sa chcem \u201eprezab\u00e1va\u0165\u201c. Bav\u00ed ma ma\u013eova\u0165, kresli\u0165, tancova\u0165 aj hra\u0165. Z ka\u017edej oblasti rob\u00edm nie\u010do a zatia\u013e to nejako funguje. Ke\u010f u\u017e som spom\u00ednal to MTV, tak ako die\u0165a som bol fascinovan\u00fd Britney Spears, NSYNC, Back Street Boys, Michaelom Jacksonom a u\u017e menovanou Christinou Aquilerou. Ovl\u00e1dal som ich choreografie a s\u00e1m som doma napodob\u0148oval ich klipy a koncerty. Z dr\u00f4tu som si vyrobil okolo ucha mikrof\u00f3n a povystrihoval som z papiera l\u00edstky, ktor\u00e9 som no\u017eni\u010dkami predierkoval, aby sa z nich dal koniec odtrhn\u00fa\u0165 ako kontroln\u00fd l\u00edstok zo vstupenky.<\/p>\n\n\n\n<p><strong>\u010co je pre teba v s\u00favislosti s tvojou hudbou najd\u00f4le\u017eitej\u0161ie?<\/strong><\/p>\n\n\n\n<p>V mojej tvorbe je ur\u010dite najd\u00f4le\u017eitej\u0161ie, aby to i\u0161lo zo m\u0148a. Nem\u00e1m nejak\u00fa ve\u013ek\u00fa amb\u00edciu, kam by som sa chcel dosta\u0165, alebo kde by som chcel hra\u0165. Mal som len potrebu vyjadri\u0165 sa a zanecha\u0165 nie\u010do po sebe. Som r\u00e1d, \u017ee sa mi podarilo da\u0165 dokopy ucelen\u00fd album, presne tak\u00fd, ak\u00fd som chcel, \u010di u\u017e po hudobnej str\u00e1nke, alebo vizu\u00e1lnej, \u010do sa t\u00fdka obalu. Nebav\u00ed ma, \u017ee mnoho spev\u00e1kov na Slovensku vlastne nem\u00e1 nejak\u00fa konkr\u00e9tnu predstavu a ich cie\u013eom je len to, aby im niekto vyprodukoval hit. Vo v\u00e4\u010d\u0161ine pr\u00edpadov pr\u00eddu s nejakou zahrani\u010dnou referenciou a pod\u013ea toho sa potom skladba nap\u00ed\u0161e, pr\u00edpadne odkop\u00edruje. Nedok\u00e1\u017eem si predstavi\u0165, \u017ee by som so svojou tvorbou, a v\u00f4bec hudbou, kalkuloval. Tie dve veci pre m\u0148a osobne nejd\u00fa dokopy, a preto som mo\u017eno tam, kde som. Ka\u017ed\u00e1 skladba na mojom albume sa sp\u00e1ja s nejakou mojou osobnou sk\u00fasenos\u0165ou, s osobou, pr\u00edpadne pocitom. Mysl\u00edm si, \u017ee najlep\u0161ie je, ak si spev\u00e1k dok\u00e1\u017ee nap\u00edsa\u0165 vlastn\u00e9 skladby a vyjadri\u0165 sa.<\/p>\n\n\n\n<figure class=\"wp-block-image size-large\"><img loading=\"lazy\" decoding=\"async\" width=\"683\" height=\"1024\" src=\"https:\/\/duhovyrok.sk\/qys\/wp-content\/uploads\/sites\/2\/2021\/06\/IMG_0817predRzakl_asihotovo10.3_VFB-683x1024.jpg\" alt=\"\" class=\"wp-image-2834\" srcset=\"https:\/\/duhovyrok.sk\/qys\/wp-content\/uploads\/sites\/2\/2021\/06\/IMG_0817predRzakl_asihotovo10.3_VFB-683x1024.jpg 683w, https:\/\/duhovyrok.sk\/qys\/wp-content\/uploads\/sites\/2\/2021\/06\/IMG_0817predRzakl_asihotovo10.3_VFB-467x700.jpg 467w, https:\/\/duhovyrok.sk\/qys\/wp-content\/uploads\/sites\/2\/2021\/06\/IMG_0817predRzakl_asihotovo10.3_VFB-1024x1536.jpg 1024w, https:\/\/duhovyrok.sk\/qys\/wp-content\/uploads\/sites\/2\/2021\/06\/IMG_0817predRzakl_asihotovo10.3_VFB.jpg 1365w\" sizes=\"auto, (max-width: 683px) 100vw, 683px\" \/><\/figure>\n\n\n\n<p><strong>\u010co chce\u0161 svojou hudbou odovzda\u0165 posluch\u00e1\u010dom a posluch\u00e1\u010dkam?<\/strong><\/p>\n\n\n\n<p>Pravda\u017ee ma pote\u0161\u00ed, ak mi \u013eudia povedia, \u017ee sa im moja hudba dobre a pr\u00edjemne po\u010d\u00fava. Ner\u00e1d sp\u00e1jam umenie s nejakou depresiou alebo temnotou. Umenie by pod\u013ea m\u0148a malo \u013eud\u00ed te\u0161i\u0165, bavi\u0165, poukazova\u0165 na nejak\u00e9 t\u00e9my, pr\u00edpadne \u0161okova\u0165. Ur\u010dite by som nechcel vyvol\u00e1va\u0165 strach alebo nejak\u00e9 \u00fazkostn\u00e9 stavy. Mysl\u00edm si, \u017ee som ve\u013emi otvoren\u00fd a tolerantn\u00fd \u010dlovek. Nikdy som nebol radik\u00e1lny. Ani \u201e\u010dierny\u201c, ani \u201ebiely\u201c. V sporoch som bol v\u017edy niekde v strede a ch\u00e1pal som obe strany. V mojom \u017eivote sa stret\u00e1vam s \u013eu\u010fmi s r\u00f4znym vierovyznan\u00edm, r\u00f4znej farby pleti \u010di orient\u00e1cie. Ka\u017ed\u00fd z n\u00e1s m\u00e1 nejak\u00fd \u017eivotn\u00fd background a nie\u010do si nesie, s nie\u010d\u00edm bojuje, \u010di u\u017e viac, alebo menej \u00faspe\u0161ne. Sna\u017e\u00edm sa pom\u00f4c\u0165 \u013eu\u010fom na ich ceste n\u00e1js\u0165 silu, objavi\u0165 svoj potenci\u00e1l \u2013 a v neposlednom rade pom\u00f4c\u0165 aj s\u00e1m sebe.<\/p>\n\n\n\n<p><strong>Povedal by si, \u017ee je tvoja hudba aj pre queer \u013eud\u00ed? Mysl\u00ed\u0161, \u017ee sa v nej dok\u00e1\u017eu n\u00e1js\u0165?<\/strong><\/p>\n\n\n\n<p>Samozrejme. Mysl\u00edm si, \u017ee ka\u017ed\u00fd \u010dlovek prirodzene prech\u00e1dza r\u00f4znymi f\u00e1zami sebapozn\u00e1vania. Pre niektor\u00fdch je t\u00e1 cesta \u013eah\u0161ia, a pre niektor\u00fdch n\u00e1ro\u010dnej\u0161ia. Ka\u017ed\u00fd m\u00e1me in\u00fa \u0161tartovaciu poz\u00edciu a nie\u010do si so sebou nesieme. D\u00f4le\u017eit\u00e9 je ma\u0165 okolo seba \u013eud\u00ed, ktor\u00fdm d\u00f4verujete, ktor\u00ed v\u00e1s \u013e\u00fabia a s\u00fa va\u0161ou oporou. Na hudbe je pre m\u0148a z\u00e1zra\u010dn\u00e9, \u017ee existuj\u00fa skladby, ktor\u00e9 mi pri po\u010d\u00favan\u00ed dod\u00e1vaj\u00fa odvahu a silu, alebo tak\u00e9, ktor\u00e9 r\u00e1d po\u010d\u00favam, ke\u010f som smutn\u00fd. Bol by som r\u00e1d, keby moja hudba mohla posl\u00fa\u017ei\u0165 \u013eu\u010fom.<\/p>\n\n\n\n<p><strong>Ako vn\u00edma\u0161 umelcov, ktor\u00ed si pre\u0161li na Slovensku coming-outom?<\/strong><\/p>\n\n\n\n<p>Maj\u00fa m\u00f4j ve\u013ek\u00fd obdiv. Nie ka\u017ed\u00fd m\u00e1 ide\u00e1lne rodinn\u00e9 pomery a nie ka\u017ed\u00fd n\u00e1jde podporu u svojich najbli\u017e\u0161\u00edch. LGBTI \u013eudia si prech\u00e1dzaj\u00fa ve\u013ek\u00fdm zranen\u00edm, s ktor\u00fdm sa po\u010das \u017eivota vyrovn\u00e1vaj\u00fa. A potom, ke\u010f u nich nastane f\u00e1za uvo\u013enenia, pr\u00e1ve vtedy si t\u00fdm musia prejs\u0165 ich bl\u00edzki. Psychicky je ve\u013emi n\u00e1ro\u010dn\u00e9 nies\u0165 si pocit viny \u010di ospravedl\u0148ova\u0165 sa za nie\u010do, za \u010do vlastne \u010dlovek nem\u00f4\u017ee. V dne\u0161nej dobe je st\u00e1le obrovsk\u00e9 mno\u017estvo in\u0161tit\u00faci\u00ed \u010di n\u00e1bo\u017eensk\u00fdch dogiem, ktor\u00e9 poh\u013ead na skuto\u010dnos\u0165 skres\u013euj\u00fa. Niektor\u00e9 rodiny pochopia cel\u00fa situ\u00e1ciu a\u017e vtedy, ke\u010f sa im to stane na vlastnej ko\u017ei. Mysl\u00edm si, \u017ee je d\u00f4le\u017eit\u00e9 po\u010d\u00fava\u0165 druh\u00fdch. Po\u010d\u00fava\u0165 ich pr\u00edbeh a sna\u017ei\u0165 sa im porozumie\u0165.<\/p>\n\n\n\n<p><strong>Prv\u00fd song, ktor\u00fd som od teba po\u010dul, bol <\/strong><strong><em>Own World<\/em><\/strong><strong> v&nbsp;roku 2015. Keby si ho mal porovna\u0165 s hudbou, ktor\u00fa si ned\u00e1vno predstavil na svojom debutovom albume, ako sa tvoj hudobn\u00fd \u0161t\u00fdl odvtedy zmenil?<\/strong><\/p>\n\n\n\n<p>Na svoje za\u010diatky spom\u00ednam ve\u013emi pozit\u00edvne. Spolupracoval som vtedy s moj\u00edm skvel\u00fdm kamar\u00e1tom a producentom Andrejom Hru\u0161kom, ktor\u00fd sa podie\u013eal na CD napr\u00edklad aj Celeste Buckingham, \u010di Lucie B\u00edlej. Ve\u013emi mi pomohol, a aj v\u010faka nemu som dnes tam, kde som. Hne\u010f prv\u00e9, \u010do mi v \u0161t\u00fadiu povedal, bolo: \u201eNen\u00e1vid\u00edm prehnan\u00fa skromnos\u0165\u201c. Ve\u013emi ma pos\u00faval vpred, vr\u00e1tane hudobn\u00e9ho smerovania. Bol som tak\u00e9 vystra\u0161en\u00e9 kuriatko, prehnane sebakritick\u00fd, bojazliv\u00fd a v\u00f4bec som si neveril. S odstupom \u010dasu v tom vn\u00edmam aj vplyv pomerov, v ktor\u00fdch som sa kedysi pohyboval. Som z kres\u0165ansk\u00e9ho prostredia, a to \u2013 \u010di u\u017e \u0161lo o \u0161kolu alebo kostol \u2013 viedlo \u010dloveka k skromnosti. \u010co je fajn, ale nesk\u00f4r som si uvedomil, \u017ee sa v tomto priestore nec\u00edtim \u00faplne komfortne. Ke\u010f sa za cie\u013e kladie prehnan\u00e1 skromnos\u0165 a pokora, mnoh\u00ed \u013eudia si potom neveria, akoby do istej miery potl\u00e1\u010dali sam\u00fdch seba. C\u00edtil som to aj na sebe, b\u00e1l som sa pochv\u00e1li\u0165, lebo som to hne\u010f bral ako p\u00fdchu. Pritom je ve\u013emi d\u00f4le\u017eit\u00e9 vedie\u0165 o svojich siln\u00fdch a slab\u00fdch str\u00e1nkach. To je z\u00e1klad \u00faspechu. Akoby mi v tom obdob\u00ed ch\u00fdbala ur\u010dit\u00e1 triezvos\u0165 a objektivita. Av\u0161ak t\u00fa \u010dlovek objav\u00ed, a\u017e ke\u010f sa za\u010dne pohybova\u0165 v r\u00f4znych spolo\u010dnostiach, spozn\u00e1 odli\u0161n\u00fdch \u013eud\u00ed, zist\u00ed, \u017ee na veci existuj\u00fa r\u00f4zne poh\u013eady, a pochop\u00ed, \u017ee nemus\u00ed by\u0165 v\u0161etko spr\u00e1vne tak, ako sme boli nau\u010den\u00ed. Naberie sk\u00fasenosti. A ja som bol v\u017edy otvoren\u00fd u\u010di\u0165 sa a spozn\u00e1va\u0165 seba a ostatn\u00fdch. Netreba sa toho b\u00e1\u0165. Sk\u00f4r sa sna\u017e\u00edm porozumie\u0165 druh\u00fdm a dop\u00e1tra\u0165 sa k pr\u00ed\u010din\u00e1m, pre\u010do uva\u017euj\u00fa tak, ako uva\u017euj\u00fa, ako konaj\u00fa a sledova\u0165 ich z\u00e1zemie.<\/p>\n\n\n\n<p>Nesk\u00f4r som nadobudol pocit, \u017ee m\u00e1me s Andrejom na niektor\u00e9 hudobn\u00e9 veci in\u00fd n\u00e1zor a nejako prirodzene sa na\u0161e cesty rozi\u0161li. Stretol som producenta a hudobn\u00edka Jure\u0161a L\u00ed\u0161ku z Fallgrappu a c\u00edtil som, \u017ee on je ten, s k\u00fdm chcem spolupracova\u0165. S Andrejom v\u0161ak doteraz spolupracujem na in\u00fdch projektoch.<\/p>\n\n\n\n<p><strong>Tvoj debutov\u00fd album <\/strong><strong><em>Our Time Is Now<\/em><\/strong><strong> vy\u0161iel v&nbsp;decembri minul\u00e9ho roka. Ako dlho si na \u0148om pracoval?<\/strong><\/p>\n\n\n\n<p>Na za\u010diatku som nepl\u00e1noval urobi\u0165 album, vyv\u00edjalo sa to postupne. Najprv som sa odhodlal posla\u0165 Jure\u0161ovi tri svoje dem\u00e1 nahrat\u00e9 na mobil. O v\u0161etk\u00fdch troch som si myslel, \u017ee s\u00fa otrasn\u00e9. On si ich vypo\u010dul a vybral jedno z nich, na ktorom sme za\u010dali pracova\u0165. Bola to skladba <em>Home<\/em>. Nahr\u00e1vac\u00ed proces bol pre m\u0148a ve\u013emi in\u0161pirat\u00edvny. A odrazu sme si uvedomili, \u017ee m\u00e1me st\u00e1le viac a viac materi\u00e1lu a \u017ee by to vlastne mohlo by\u0165 na album. Nemal som \u017eiaden deadline, \u010do bola v\u00fdhoda, ale ani peniaze. Ka\u017edop\u00e1dne, nemusel som ni\u010d robi\u0165 nar\u00fdchlo. Prv\u00e9 skladby vznikli v roku 2017. Postupne som ich za\u010dal nahr\u00e1va\u0165, no popri tom som vystupoval, dokon\u010doval si \u0161kolu a nieko\u013eko mesiacov som e\u0161te ve\u013emi intenz\u00edvne sk\u00fa\u0161al divadeln\u00e9 predstavenie v Prahe. Str\u00e1vil som&nbsp; stovky hod\u00edn vo vlaku medzi Prahou a Bratislavou. Zvl\u00e1dnu\u0165 v\u0161etko bolo \u010dasovo dos\u0165 n\u00e1ro\u010dn\u00e9. Potom som sa na pol roka aj \u00faplne odml\u010dal, preto\u017ee som z\u00edskal pocit, \u017ee to nem\u00e1 v\u00fdznam. \u017diadal som o grant, ale nakoniec som nestihol doda\u0165 nejak\u00e9 potvrdenie, a t\u00fdm p\u00e1dom som pri\u0161iel o mo\u017enos\u0165 dosta\u0165 finan\u010dn\u00fa podporu. Bol som trochu \u201edomotivovan\u00fd\u201c. \u010casto to viazlo hlavne na financi\u00e1ch. \u017di\u0165 na vo\u013enej nohe ako slobodn\u00fd umelec nie je \u013eahk\u00e9, a ak m\u00e1 \u010dlovek financova\u0165 e\u0161te svoj vlastn\u00fd projekt, je toho naozaj dos\u0165. Mal som obdobie, ke\u010f som mal rozpracovan\u00e9 skladby, ale v\u00f4bec som nemal chu\u0165 tvori\u0165. A ani ma to nenap\u013a\u0148alo. Potom odrazu pri\u0161iel nejak\u00fd zlom, nie\u010do sa mi v \u017eivote udialo alebo som stretol niekoho zauj\u00edmav\u00e9ho, nie\u010do som pre\u017eil, a dok\u00e1zal som nap\u00edsa\u0165 a zlo\u017ei\u0165 aj dve skladby za de\u0148. S\u00fa to pre m\u0148a tak\u00e9 dve f\u00e1zy m\u00e1nie, ktor\u00e9 sa striedaj\u00fa. Ale to m\u00e1 pod\u013ea m\u0148a ka\u017ed\u00fd \u010dlovek. Dobr\u00e9 a hor\u0161ie obdobia sa nejako striedaj\u00fa a je fajn sa s t\u00fdm vedie\u0165 nejako kon\u0161tantne pasova\u0165. O rok nesk\u00f4r sa mi u\u017e podarilo z\u00edska\u0165 \u0161tipendium od FPU a v\u0161etko sa nakoniec podarilo.<\/p>\n\n\n\n<p><strong>Pre\u010do si album nazval <\/strong><strong><em>Our Time Is Now<\/em><\/strong><strong>?<\/strong><\/p>\n\n\n\n<p>Nach\u00e1dzal som sa v obdob\u00ed, ke\u010f som si uvedomil, \u017ee \u017eijem tu a teraz. Nechcem sa viaza\u0165 ani na minulos\u0165, ani na bud\u00facnos\u0165. Sna\u017e\u00edm sa veci pre\u017e\u00edva\u0165 naplno a intenz\u00edvne. Nezn\u00e1\u0161am, ke\u010f je nie\u010do nev\u00fdrazn\u00e9, nudn\u00e9. V tomto smere m\u00e1m r\u00e1d extr\u00e9my. A ja som mal extr\u00e9mne kr\u00e1sne obdobie, paradoxne, aj ke\u010f pri\u0161la korona. Cel\u00fd ten rok bol pre m\u0148a z\u00e1zrak. Ve\u013ea som sa nau\u010dil a som za\u0148 v\u010fa\u010dn\u00fd po v\u0161etk\u00fdch str\u00e1nkach. E\u0161te viac sa mi zintenz\u00edvnili a prepojili priate\u013estv\u00e1 a vz\u0165ahy v\u0161eobecne. Som ve\u013emi v\u010fa\u010dn\u00fd za \u013eud\u00ed a energiu okolo m\u0148a. Preto <em>Our Time Is Now<\/em>. Teraz je ten \u010das. Plat\u00ed to s hoci\u010d\u00edm \u2013 \u010di u\u017e so vz\u0165ahmi, \u0161portovan\u00edm alebo chudnut\u00edm.<\/p>\n\n\n\n<p><strong>Ak\u00e9 za\u017e\u00edva\u0161 obdobie od vydania albumu?<\/strong><\/p>\n\n\n\n<p>Je to tak\u00fd paradox. V\u00e4\u010d\u0161inou sa zvykne po vydan\u00ed CD koncertova\u0165, ale teraz je v\u0161etko inak. Te\u0161\u00edm sa z pozit\u00edvnych ohlasov a som r\u00e1d, \u017ee album dostal aj pomerne ve\u013ek\u00fd medi\u00e1lny priestor, a tak chod\u00edm ob\u010das nie\u010do porozpr\u00e1va\u0165 a zaspieva\u0165 do telev\u00edzie, \u010di rob\u00edm nejak\u00e9 rozhovory. Moment\u00e1lne si to e\u0161te ove\u013ea viac v\u00e1\u017eim, ke\u010f\u017ee sa toho moc nedeje. Je to ve\u013emi pr\u00edjemn\u00e9. Pam\u00e4t\u00e1m si svoj prvotn\u00fd \u0161ok, ke\u010f sa album vydal a ja som o polnoci skroloval Spotify a bol tam u\u017e aj m\u00f4j album. Odrazu mali v\u0161etci pr\u00edstup k mojim skladb\u00e1m. Ku skladb\u00e1m, ktor\u00e9 som p\u00e1r rokov denne po\u010d\u00faval, pracoval som na nich a sna\u017eil som sa v nich vytvori\u0165 t\u00fa najlep\u0161iu verziu seba. Bol to ve\u013emi pekn\u00fd pocit, a z\u00e1rove\u0148 aj stra\u0161ideln\u00fd.<\/p>\n\n\n\n<p><strong>Moje ob\u013e\u00faben\u00e9 piesne z&nbsp;tvojho albumu s\u00fa <\/strong><strong><em>Kingdom <\/em><\/strong><strong>a <\/strong><strong><em>Body<\/em><\/strong><strong>. Vie\u0161 mi poveda\u0165, ako vznikli?<\/strong><\/p>\n\n\n\n<p>Ka\u017ed\u00e1 skladba sa via\u017ee k nejakej osobe, ka\u017ed\u00e1 skr\u00fdva nejak\u00fd pr\u00edbeh. <em>Kingdom <\/em>je pre m\u0148a \u010dist\u00e1 schizofr\u00e9nia. Obsahuje mnoh\u00e9 hudobn\u00e9 \u017e\u00e1nre. Od RnB a soulu cez rap a\u017e po prvky klasickej hudby \u010di pla\u010d\u00face die\u0165atko. Tak som sa vtedy aj c\u00edtil. Boli to po\u010diatky mojich vz\u0165ahov a stretol som sa s jedn\u00fdm, mo\u017eno aj trochu toxick\u00fdm vz\u0165ahom, aj ke\u010f to z druhej strany nebolo v\u00f4bec naschv\u00e1l. Musel som to nejako ustrihn\u00fa\u0165, ale bol som ve\u013emi zranen\u00fd. Bolo to ve\u013emi intenz\u00edvne a spom\u00ednam na to u\u017e iba v dobrom, no vtedy mi to emo\u010dne aj ubli\u017eovalo. Skladba <em>Body <\/em>je o mojej \u00faplne prvej l\u00e1ske a zlomenom srdci. \u010clovek si po rozchode prejde r\u00f4znymi f\u00e1zami, potom u\u017e m\u00e1 pocit, \u017ee je OK, a n\u00e1sledne ho prekvap\u00ed \u010fal\u0161ia f\u00e1za. <em>Body <\/em>som nap\u00edsal vo f\u00e1ze, ke\u010f som mal pocit, \u017ee som u\u017e na tom dobre, a vlastne mi t\u00e1 osoba v\u00f4bec nech\u00fdba, \u017ee mi ch\u00fdba iba n\u00e1\u0161 fyzick\u00fd kontakt. Je tam pre m\u0148a siln\u00e1 pas\u00e1\u017e, ako vn\u00edmam nejak\u00fa vy\u0161\u0161iu silu, v\u010faka ktorej danej osobe odp\u00fa\u0161\u0165am a st\u00e1vam sa silnej\u0161\u00edm. Ka\u017ed\u00e1 skladba na albume ma viac a viac oslobodila.<\/p>\n\n\n\n<figure class=\"wp-block-embed is-type-video is-provider-youtube wp-block-embed-youtube wp-embed-aspect-4-3 wp-has-aspect-ratio\"><div class=\"wp-block-embed__wrapper\">\n<iframe loading=\"lazy\" title=\"Kingdom\" width=\"1333\" height=\"1000\" src=\"https:\/\/www.youtube.com\/embed\/tlLoQTXJpZA?feature=oembed\" frameborder=\"0\" allow=\"accelerometer; autoplay; clipboard-write; encrypted-media; gyroscope; picture-in-picture\" allowfullscreen><\/iframe>\n<\/div><\/figure>\n\n\n\n<p><strong>M\u00e1\u0161 na albume piese\u0148, ktor\u00fa pova\u017euje\u0161 za svoju najob\u013e\u00fabenej\u0161iu?<\/strong><\/p>\n\n\n\n<p>Moje ob\u013e\u00faben\u00e9 s\u00fa <em>Soulmate <\/em>a <em>Body<\/em>. S\u00fa aj skladby, ktor\u00e9 u\u017e nem\u00e1m r\u00e1d.<\/p>\n\n\n\n<p><strong>Ak\u00e9 si mal ohlasy na album od svojich bl\u00edzkych kamar\u00e1tov, pr\u00edpadne&nbsp;rodiny?<\/strong><\/p>\n\n\n\n<p>Dostal som ve\u013emi ve\u013ea pozit\u00edvnych reakci\u00ed, z \u010doho sa \u00faprimne te\u0161\u00edm. Moja hudba je dos\u0165 svojsk\u00e1 a m\u00e1m pocit, \u017ee nepatr\u00edm ani do alternat\u00edvnej \u0161katu\u013eky, ale ani nie do popu. Som niekde medzi a asi mi to aj vyhovuje. By\u0165 tro\u0161ku inkognito a by\u0165 aj tro\u0161ku sl\u00e1vny, haha. Moja rodina ma ve\u013emi podporuje v tom, \u010do rob\u00edm, a som im za to v\u010fa\u010dn\u00fd. Aj ke\u010f viem, \u017ee to nemus\u00ed by\u0165 \u00faplne ich \u0161t\u00fdl alebo nie so v\u0161etk\u00fdm s\u00fahlasia, ale tak to u\u017e b\u00fdva. Pre m\u0148a je podstatn\u00e9, \u017ee som st\u00e1le viac \u00faprimn\u00fd s\u00e1m k sebe i k ostatn\u00fdm a som st\u00e1le e\u0161te na dlhej ceste k pravde, ale t\u00e1 oslobodzuje a to je \u00fa\u017easn\u00e9.<\/p>\n\n\n\n<p><strong>Prv\u00fd singel z&nbsp;albumu sa vol\u00e1 <\/strong><strong><em>Magic Carpet<\/em><\/strong><strong>, ku ktor\u00e9mu vy\u0161iel aj skvel\u00fd videoklip. Je ve\u013emi vizu\u00e1lny, pln\u00fd skvel\u00fdch kost\u00fdmov a&nbsp;tanca. Koncept klipu si vymyslel ty?<\/strong><\/p>\n\n\n\n<p>O svojich skladb\u00e1ch m\u00e1vam u\u017e vopred nejak\u00fa predstavu. Najhor\u0161ie je, \u017ee v\u017edy ich vid\u00edm trochu komplikovane, ke\u010f\u017ee tak\u00fd rozpo\u010det na ne nikdy nem\u00e1m. Na klipe <em>Magic Carpet <\/em>som spolupracoval s \u00fa\u017easnou osobu, choreografkou a tane\u010dnicou Chilli, a s kameramankou Veronikou Donutkovou alias \u201eDeravou Buchtou\u201c.<\/p>\n\n\n\n<figure class=\"wp-block-embed is-type-video is-provider-youtube wp-block-embed-youtube wp-embed-aspect-16-9 wp-has-aspect-ratio\"><div class=\"wp-block-embed__wrapper\">\n<iframe loading=\"lazy\" title=\"Samuel Ho\u0161ek - Magic Carpet (Official Music Video)\" width=\"1778\" height=\"1000\" src=\"https:\/\/www.youtube.com\/embed\/QFEZhy6NYZY?feature=oembed\" frameborder=\"0\" allow=\"accelerometer; autoplay; clipboard-write; encrypted-media; gyroscope; picture-in-picture\" allowfullscreen><\/iframe>\n<\/div><\/figure>\n\n\n\n<p><strong>Ned\u00e1vno si vystupoval v&nbsp;Teler\u00e1ne pred na\u0161ou prezidentkou. Ak\u00e9 to bolo?<\/strong><\/p>\n\n\n\n<p>Ve\u013emi som sa pote\u0161il, ke\u010f mi volali z produkcie TV Mark\u00edza. Vedeli, \u017ee pani prezidentka m\u00e1 rada d\u017eez, a tak ma poprosili, \u010di by som jej mohol nie\u010do zaspieva\u0165 a spr\u00edjemni\u0165 \u010das, ke\u010f bude v \u0161t\u00fadiu. C\u00edtil som sa pocten\u00fd, som toti\u017e neskuto\u010dne hrd\u00fd, \u017ee na\u0161u krajinu vo svete reprezentuje pr\u00e1ve ona. Hne\u010f ako pri\u0161la, cel\u00e9 \u0161t\u00fadio zaliala upokojuj\u00facou \u017eiarivou energiou a ja som sa chcel a\u017e rozplaka\u0165 od dojatia, ako v\u017edy, ke\u010f po\u010dujem jej pr\u00edhovor. Mysl\u00edm, \u017ee na\u0161a pani prezidentka je platonick\u00e1 l\u00e1ska nejedn\u00e9ho Slov\u00e1ka a Slovenky. A to je kr\u00e1sne.<\/p>\n\n\n\n<p><strong>Ak\u00fd je tvoj n\u00e1zor na LGBTI+ pr\u00e1va na Slovensku? V \u010dom by mala pr\u00eds\u0165 zmena?<\/strong><\/p>\n\n\n\n<p>Pand\u00e9mia prekvapila v\u0161etk\u00fdch. Nikto na \u0148u nebol pripraven\u00fd, ale mysl\u00edm si, \u017ee aj v tomto smere s\u00fa LGBT+ \u013eudia znev\u00fdhodnen\u00ed. V situ\u00e1cii, ke\u010f sa nem\u00f4\u017ee cestova\u0165 do zahrani\u010dia, alebo ani len do in\u00fdch okresov v krajine, prich\u00e1dzaj\u00fa zdravotn\u00e9 komplik\u00e1cie\u2026 to v\u0161etko sa t\u00fdka aj homosexu\u00e1lnych partnersk\u00fdch zv\u00e4zkov. Pozn\u00e1m mnoh\u00e9 dlhodob\u00e9 homosexu\u00e1lne p\u00e1ry, ktor\u00e9 sa nemaj\u00fa ako preuk\u00e1za\u0165, \u017ee s\u00fa partnermi, preto\u017ee pred o\u010dami \u0161t\u00e1tu akoby neexistovali. V dne\u0161nej situ\u00e1cii naozaj nemo\u017eno hovori\u0165 o \u017eiadnom m\u00f3dnom v\u00fdstrelku. Mysl\u00edm si, \u017ee v\u0161etci by mali ma\u0165 pr\u00e1vo vidie\u0165 svojho partnera \u010di partnerku a vycestova\u0165 za nimi, vedie\u0165 o ich zdravotnom stave bez oh\u013eadu na pohlavie. Znova sa uk\u00e1zalo, ak\u00e9 zanedban\u00e9 s\u00fa pr\u00e1va LGBT+ komunity a za \u010do bojuj\u00fa aktivisti a aktivistky, ktor\u00e9 sa to sna\u017eia zmeni\u0165.<\/p>\n\n\n\n<p><strong>Je pre teba d\u00f4le\u017eit\u00fd imid\u017e a&nbsp;to, ako \u0165a \u013eudia vn\u00edmaj\u00fa?<\/strong><\/p>\n\n\n\n<p>Imid\u017e je s\u00fa\u010das\u0165 prezent\u00e1cie. Tak\u017ee jednozna\u010dne \u00e1no. Hudba je aj z\u00e1bavn\u00fd priemysel a je to pre m\u0148a ak\u00fdsi \u00fanik zo v\u0161ednosti. M\u00e1m r\u00e1d m\u00f3du a m\u00e1m r\u00e1d koncepty. Uvedomil som si, \u017ee kedy, ke\u010f nie teraz, je ten \u010das, ke\u010f m\u00f4\u017eem sk\u00fa\u0161a\u0165 r\u00f4zne veci a hra\u0165 sa s vizu\u00e1lom. Moji rodi\u010dia s\u00fa ve\u013eakr\u00e1t nespokojn\u00ed. Boli by najrad\u0161ej, keby som bol oble\u010den\u00fd slu\u0161ne a nie v\u00fdrazne. M\u00f4j tatino sa so mnou dokonca aj p\u00e1r dn\u00ed nerozpr\u00e1val, ke\u010f som si nafarbil vlasy. Ale nakoniec to aj moji rodi\u010dia pre\u017eili. Imid\u017e pre m\u0148a ur\u010dite nie je najd\u00f4le\u017eitej\u0161\u00ed, ale je s\u00fa\u010das\u0165ou cel\u00e9ho konceptu. Hudobn\u00edk mus\u00ed ma\u0165 nejak\u00fa <em>stage presence<\/em>. Nem\u00e1m r\u00e1d, ke\u010f je nie\u010do rozpa\u010dit\u00e9 a nemastn\u00e9-neslan\u00e9. P\u00f3dium je platforma, kde sa m\u00f4\u017ee vystupuj\u00faci prejavi\u0165. A vlastne aj veci okolo\u2026 cel\u00e9 ma to bav\u00ed, je to hra. Netreba sa b\u00e1\u0165, v\u00e1\u017ene. Nie nadarmo sa hovor\u00ed, \u017ee je to z\u00e1bavn\u00fd priemysel.<\/p>\n\n\n\n<p><strong>Chyst\u00e1\u0161 sa po pand\u00e9mii spravi\u0165 s&nbsp;nov\u00fdm album aj koncertn\u00fa \u0161n\u00faru?<\/strong><\/p>\n\n\n\n<p>To zatia\u013e neviem. Jedin\u00e9, \u010do viem, je, \u017ee okam\u017eite p\u00f4jdem do Viedne na k\u00e1vu.<\/p>\n","protected":false},"excerpt":{"rendered":"<p>Autor textu: David Benedek \/ Foto: Jakub Kov\u00e1\u010d Text sme prv\u00fd raz publikovali v \u010d\u00edsle Jar 2021 Samuel Ho\u0161ek je mlad\u00fd slovensk\u00fd spev\u00e1k, na hudobnej sc\u00e9ne sa pohybuje u\u017e nieko\u013eko rokov. Koncom minul\u00e9ho roka vy\u0161iel jeho debutov\u00fd album s&nbsp;n\u00e1zvom Our Time Is Now, ktor\u00fd je skvel\u00fdm pr\u00ednosom pre slovensk\u00fa pop-music. Pod\u013ea jeho vlastn\u00fdch slov sa <a href=\"https:\/\/duhovyrok.sk\/qys\/spevak-samuel-hosek-snazim-sa-pomoct-ludom-na-ich-ceste\/\" class=\"more-link\">&#8230;<\/a><\/p>\n","protected":false},"author":14,"featured_media":2832,"comment_status":"closed","ping_status":"closed","sticky":false,"template":"","format":"standard","meta":{"footnotes":""},"categories":[255,259,13],"tags":[266,150,275],"class_list":["post-2791","post","type-post","status-publish","format-standard","has-post-thumbnail","hentry","category-hudba","category-rozhovory","category-viditelnost","tag-from-qys","tag-queer-hudba","tag-spevak"],"_links":{"self":[{"href":"https:\/\/duhovyrok.sk\/qys\/wp-json\/wp\/v2\/posts\/2791","targetHints":{"allow":["GET"]}}],"collection":[{"href":"https:\/\/duhovyrok.sk\/qys\/wp-json\/wp\/v2\/posts"}],"about":[{"href":"https:\/\/duhovyrok.sk\/qys\/wp-json\/wp\/v2\/types\/post"}],"author":[{"embeddable":true,"href":"https:\/\/duhovyrok.sk\/qys\/wp-json\/wp\/v2\/users\/14"}],"replies":[{"embeddable":true,"href":"https:\/\/duhovyrok.sk\/qys\/wp-json\/wp\/v2\/comments?post=2791"}],"version-history":[{"count":2,"href":"https:\/\/duhovyrok.sk\/qys\/wp-json\/wp\/v2\/posts\/2791\/revisions"}],"predecessor-version":[{"id":2835,"href":"https:\/\/duhovyrok.sk\/qys\/wp-json\/wp\/v2\/posts\/2791\/revisions\/2835"}],"wp:featuredmedia":[{"embeddable":true,"href":"https:\/\/duhovyrok.sk\/qys\/wp-json\/wp\/v2\/media\/2832"}],"wp:attachment":[{"href":"https:\/\/duhovyrok.sk\/qys\/wp-json\/wp\/v2\/media?parent=2791"}],"wp:term":[{"taxonomy":"category","embeddable":true,"href":"https:\/\/duhovyrok.sk\/qys\/wp-json\/wp\/v2\/categories?post=2791"},{"taxonomy":"post_tag","embeddable":true,"href":"https:\/\/duhovyrok.sk\/qys\/wp-json\/wp\/v2\/tags?post=2791"}],"curies":[{"name":"wp","href":"https:\/\/api.w.org\/{rel}","templated":true}]}}