{"id":2745,"date":"2021-05-05T10:13:01","date_gmt":"2021-05-05T08:13:01","guid":{"rendered":"https:\/\/duhovyrok.sk\/qys\/?p=2745"},"modified":"2021-07-16T14:26:30","modified_gmt":"2021-07-16T12:26:30","slug":"didzejka-wyme-queer-akcie-by-mali-pritahovat-aj-ludi-ktori-nie-su-z-komunity","status":"publish","type":"post","link":"https:\/\/duhovyrok.sk\/qys\/didzejka-wyme-queer-akcie-by-mali-pritahovat-aj-ludi-ktori-nie-su-z-komunity\/","title":{"rendered":"D\u00edd\u017eejka Wyme: Queer akcie by mali pri\u0165ahova\u0165 aj \u013eud\u00ed, ktor\u00ed nie s\u00fa z komunity"},"content":{"rendered":"\n<p><strong>Autorka textu: Dominika Chrastov\u00e1<\/strong> \/ <strong>FOTO \u2013 Jakub Kov\u00e1\u010d<\/strong><\/p>\n\n\n\n<blockquote class=\"wp-block-quote is-layout-flow wp-block-quote-is-layout-flow\"><p>Text sme prv\u00fd raz publikovali v \u010d\u00edsle Jar 2021.<\/p><\/blockquote>\n\n\n\n<p><strong>Mo\u017eno ju pozn\u00e1te z&nbsp;bratislavsk\u00e9ho klubu Fuga alebo z rel\u00e1cie Klubt\u00fara na RTVS. Zuzana Morovi\u010dov\u00e1 alias d\u00edd\u017eejka Wyme sa venuje mixovaniu hudby u\u017e pribli\u017ene sedem rokov, pri\u010dom pred dvoma zalo\u017eila feministick\u00fa p\u00e1rty xeno-. Okrem hrania tie\u017e upozor\u0148uje na zast\u00fapenie \u017eien a&nbsp;LGBTQ \u013eud\u00ed v&nbsp;klubovom prostred\u00ed.<\/strong><\/p>\n\n\n\n<p><strong>Ako sa zmenil tvoj kreat\u00edvny \u017eivot, ke\u010f porovn\u00e1\u0161 obdobie pred pand\u00e9miou s&nbsp;teraj\u0161kom?<\/strong><\/p>\n\n\n\n<p>Predt\u00fdm som to mala celkom dobre rozbehnut\u00e9. Hr\u00e1vala som aj v&nbsp;\u010cesku, Rak\u00fasku a Ma\u010farsku. Tu som vystupovala nielen vo Fuge, ale aj na r\u00f4znych festivaloch ako Pohoda, Medzihmla \u010di Next. Taktie\u017e som robila sety pre r\u00e1di\u00e1 a&nbsp;internetov\u00e9 platformy. Tomu sa venujem aj teraz a&nbsp;nahr\u00e1vam ich na SoundCloud.<\/p>\n\n\n\n<p>Odkedy je pand\u00e9mia, vyskytlo sa len p\u00e1r kreat\u00edvnych pr\u00edle\u017eitost\u00ed. V prvej vlne zorganizovali kamar\u00e1ti z Rak\u00faska live stream cez Twitch. V\u010faka in\u00e9mu zn\u00e1memu sa mi nesk\u00f4r ozvali z&nbsp;talianskeho r\u00e1dia Avant. Spolupracovala som aj s&nbsp;po\u013eskou platformou Legetebe, ktor\u00e1 oslovuje LGBTQ d\u00edd\u017eejov a d\u00edd\u017eejky z&nbsp;kraj\u00edn strednej a&nbsp;v\u00fdchodnej Eur\u00f3py.<\/p>\n\n\n\n<p>Koncom febru\u00e1ra som prv\u00fdkr\u00e1t po\u010das lockdownu i\u0161la niekam hra\u0165 osobne. Pozvali ma do Liptovsk\u00e9ho Mikul\u00e1\u0161a na feministick\u00fd festival ArtWife. Dodr\u017eiavali sa tam pr\u00edsne opatrenia a&nbsp;cel\u00fd program bol len streamovan\u00fd.<\/p>\n\n\n\n<p><strong>\u00da\u010dinkovala si aj v novej rel\u00e1cii Klubt\u00fara z&nbsp;produkcie RTVS, ktor\u00fa moderuj\u00fa Michal Ka\u0161\u010d\u00e1k a Martin Valihora. Ako sa o tebe dozvedeli?<\/strong><\/p>\n\n\n\n<p>Odporu\u010dila ma B-Complex, za \u010do jej \u010fakujem. Prizn\u00e1vam, \u017ee o&nbsp;tomto projekte som dovtedy ani nevedela, preto\u017ee posledn\u00e9 mesiace sa sna\u017e\u00edm obmedzova\u0165 svoju aktivitu na soci\u00e1lnych sie\u0165ach. Toto \u0165a\u017ek\u00e9 obdobie n\u00e1s pozna\u010duje st\u00e1le viac a&nbsp;viac a&nbsp;skrolovanie na mobile, \u010d\u00edtanie nikam neved\u00facich koment\u00e1rov pod necitliv\u00fdmi vyhl\u00e1seniami politikov taktie\u017e nikomu neprospieva.<\/p>\n\n\n\n<p>Z\u00e1rove\u0148 mi v\u017edy pri\u0161lo \u013e\u00fato, ke\u010f som videla, ako moji kamar\u00e1ti v&nbsp;zahrani\u010d\u00ed robia nie\u010do zauj\u00edmav\u00e9, a&nbsp;ja som tam nemohla by\u0165 s&nbsp;nimi. Cel\u00e9 je to ve\u013emi frustruj\u00face, tak som si povedala, \u017ee si od toho chaosu mus\u00edm odd\u00fdchnu\u0165.<\/p>\n\n\n\n<p><strong>\u010co \u0165a viedlo k&nbsp;tomu, aby si sa stala d\u00edd\u017eejkou?<\/strong><\/p>\n\n\n\n<p>Odjak\u017eiva som tu\u0161ila, \u017ee by ma to bavilo. Dosta\u0165 sa tam, kde som, a to sa nepova\u017eujem za \u017eiadnu elitu, v\u0161ak trvalo dlho. Za\u010d\u00ednala som asi pred siedmimi rokmi. Hr\u00e1vala som r\u00f4zne \u017e\u00e1nre, spo\u010diatku najm\u00e4 v&nbsp;Nu Spirite.<\/p>\n\n\n\n<p>V\u0161etko sa rozbehlo, ke\u010f zhruba pred troma rokmi pri\u0161lo obdobie vystupovania vo Fuge. C\u00edtila som, \u017ee m\u00f4\u017eem hra\u0165 ove\u013ea vo\u013enej\u0161ie a&nbsp;to, \u010do ma najviac bav\u00ed. Nemusela som sa b\u00e1\u0165, \u017ee by niekto moje sety neocenil, lebo by sa im zdali nudn\u00e9 alebo divn\u00e9. U\u017e som si vybudovala d\u00f4veru a&nbsp;c\u00edtila som, \u017ee ma publikum prijalo.<\/p>\n\n\n\n<p>Boli aj akcie, ktor\u00e9 nedopadli dobre, ale z v\u00e4\u010d\u0161iny som sa ve\u013emi te\u0161ila. Ke\u010f je odozva od \u013eud\u00ed pozit\u00edvna, nap\u013a\u0148a ma to.<\/p>\n\n\n\n<p><strong>Ako by si op\u00edsala hudbu, ktor\u00fa hr\u00e1\u0161?<\/strong><\/p>\n\n\n\n<p>V\u017edy hovor\u00edm, \u017ee je to&nbsp;eklektick\u00fd \u0161t\u00fdl. V\u00e4\u010d\u0161inou ide o tane\u010dn\u00fa hudbu, ale v\u00f4bec ju nem\u00e1m zaraden\u00fa do \u017e\u00e1nru. Ka\u017ed\u00fd set si pripravujem aj pod\u013ea toho, kde hr\u00e1m alebo na \u010do m\u00e1 sl\u00fa\u017ei\u0165.<\/p>\n\n\n\n<figure class=\"wp-block-embed is-type-rich is-provider-soundcloud wp-block-embed-soundcloud wp-embed-aspect-4-3 wp-has-aspect-ratio\"><div class=\"wp-block-embed__wrapper\">\n<iframe loading=\"lazy\" title=\"wyme\" width=\"1920\" height=\"450\" scrolling=\"no\" frameborder=\"no\" src=\"https:\/\/w.soundcloud.com\/player\/?visual=true&#038;url=https%3A%2F%2Fapi.soundcloud.com%2Fusers%2F25187635&#038;show_artwork=true&#038;maxwidth=1920&#038;maxheight=1000&#038;dnt=1\"><\/iframe>\n<\/div><\/figure>\n\n\n\n<p><strong>Okrem hudby ti z\u00e1le\u017e\u00ed aj na zast\u00fapen\u00ed \u017eien a&nbsp;LGBTQ komunity v&nbsp;klubovom prostred\u00ed. Ako sa sna\u017e\u00ed\u0161 dosta\u0165 t\u00fato t\u00e9mu do popredia?<\/strong><\/p>\n\n\n\n<p>Ke\u010f som pred dvomi rokmi zakladala p\u00e1rty xeno-, chcela som docieli\u0165, aby boli viac obsadzovan\u00e9 \u017eeny, \u013eudia z&nbsp;LGBTQ komunity, ale z\u00e1rove\u0148 aj na\u0161i sympatizanti a sympatizantky. Tie\u017e som d\u00fafala, \u017ee sa mi podar\u00ed vyrovna\u0165 zlo\u017eenie publika.<\/p>\n\n\n\n<p>M\u00e1m pocit, \u017ee na Slovensku s\u00fa queer akcie zameran\u00e9 viac na mu\u017eov a&nbsp;nestretneme tam ve\u013ea \u013eud\u00ed, ktor\u00ed nie s\u00fa z komunity.&nbsp;Napr\u00edklad v&nbsp;Berl\u00edne je to \u00faplne zmie\u0161an\u00e9. Aj preto neorganizujem akciu v\u00fdhradne pre queer komunitu alebo in\u00e9 men\u0161iny. Je to p\u00e1rty pre v\u0161etk\u00fdch \u013eud\u00ed, ktor\u00fdm z\u00e1le\u017e\u00ed na komunitnej spolupatri\u010dnosti a&nbsp;d\u00f4vere. Tak\u00fd \u201esafe space\u201c, kde sa m\u00f4\u017eete c\u00edti\u0165 slobodne a&nbsp;bez strachu sa prejavi\u0165.<\/p>\n\n\n\n<p><strong>Pre\u010do si sa rozhodla pre n\u00e1zov xeno-?<\/strong><\/p>\n\n\n\n<p>Vznikol zo slova xenof\u00edlia, \u010do v&nbsp;tomto kontexte vyjadruje, \u017ee \u010dlovek je prijat\u00fd a akceptovan\u00fd komunitou \u013eud\u00ed, ktor\u00e1 je in\u00e1 ako on. Xeno je predpona, preto za \u0148ou p\u00ed\u0161em spojovn\u00edk ako n\u00e1znak, \u017ee za t\u00fdm e\u0161te nie\u010do nasleduje.<\/p>\n\n\n\n<p><strong>Ak\u00fd b\u00fdval z\u00e1ujem o&nbsp;t\u00fato p\u00e1rty?<\/strong><\/p>\n\n\n\n<p>Organizovala som ju zhruba ka\u017ed\u00e9 tri mesiace, \u010di\u017ee ju beriem e\u0161te ako ve\u013emi mlad\u00fa akciu vo v\u00fdvoji. Ke\u010f som mala plno, bolo tam stop\u00e4\u0165desiat \u013eud\u00ed. Niekedy prich\u00e1dzalo aj menej, okolo \u0161es\u0165desiat. V\u00e4\u010d\u0161inu p\u00e1rty pokr\u00fdval grant, ktor\u00fd dostala Fuga, a&nbsp;tak som nemusela v\u017edy t\u0155pnu\u0165, ko\u013eko vstupov sa pred\u00e1. Mohla som sa viac s\u00fastredi\u0165 na dramaturgiu a&nbsp;detaily. No a teraz sa to stoplo.<\/p>\n\n\n\n<p><strong>Kedy bola zatia\u013e posledn\u00e1 xeno- akcia?<\/strong><\/p>\n\n\n\n<p>Presne v&nbsp;ten piatok, ke\u010f sa na Slovensku objavil prv\u00fd pr\u00edpad COVID-u. Headlinerka pri\u0161la z&nbsp;Franc\u00fazska a&nbsp;mala som tam aj p\u00e1r kamar\u00e1tov z&nbsp;\u010ceska. Vtedy sme e\u0161te presne nevedeli, \u010do sa bude dia\u0165, i&nbsp;ke\u010f sme tu\u0161ili, \u017ee asi ni\u010d dobr\u00e9. Nakoniec i\u0161lo o \u201erozl\u00fa\u010dku so slobodou\u201c. Bolo to ve\u013emi emot\u00edvne a mnoho \u013eud\u00ed mi sp\u00e4tne p\u00edsalo, ak\u00e9 sme mali \u0161\u0165astie, \u017ee sme to e\u0161te mohli za\u017ei\u0165.<\/p>\n\n\n\n<p><strong>Na tvojich podujatiach \u010dasto vystupuj\u00fa zahrani\u010dn\u00ed hostia, pred zmenou opatren\u00ed ti dokonca s\u013e\u00fabila \u00fa\u010das\u0165 americk\u00e1 d\u00edd\u017eejka. Volaj\u00fa aj teba takto do zahrani\u010dia?<\/strong><\/p>\n\n\n\n<p>\u00c1no, ale iba v r\u00e1mci strednej Eur\u00f3py. Mysl\u00edm si, \u017ee bude jednoduch\u0161ie dosta\u0165 sa aj do \u010fal\u0161\u00edch kraj\u00edn, ke\u010f za\u010dnem publikova\u0165 svoju produkciu a&nbsp;ujme sa. \u010castej\u0161ie toti\u017e oslovuj\u00fa d\u00edd\u017eejov, ktor\u00ed s\u00fa z\u00e1rove\u0148 producenti alebo hudobn\u00edci. Hr\u00e1m na klav\u00edri, ale nie som virtu\u00f3zka, sk\u00f4r mi pom\u00e1ha ako harmonick\u00fd n\u00e1stroj, ke\u010f nie\u010do vytv\u00e1ram na po\u010d\u00edta\u010di.<\/p>\n\n\n\n<p>Predstava, \u017ee by som vystupovala ako hudobn\u00ed\u010dka, ma celkom stresuje. U\u017e viackr\u00e1t som mala mo\u017enos\u0165 si to sk\u00fasi\u0165 a&nbsp;je za t\u00fdm ove\u013ea viac zodpovednosti. D\u00edd\u017eejing je pre m\u0148a uvo\u013enenej\u0161\u00ed a viem si ho viac u\u017ei\u0165. Je to ur\u010dite aj t\u00fdm, \u017ee hr\u00e1m u\u017e dlh\u0161ie a viac si d\u00f4verujem.<\/p>\n\n\n\n<p><strong>Pl\u00e1nuje\u0161 intenz\u00edvnej\u0161ie pracova\u0165 na vlastnej tvorbe, alebo \u0165a nie\u010do brzd\u00ed?<\/strong><\/p>\n\n\n\n<p>Brzdia ma jedine motiv\u00e1cia a moja lenivos\u0165. Nesta\u010d\u00ed mi nie\u010do vyprodukova\u0165, ke\u010f viem, \u017ee to e\u0161te nebude dobr\u00e9. Teraz si dok\u00e1\u017eem predstavi\u0165, \u017ee by som nahrala spev, pracovala so svoj\u00edm hlasom a&nbsp;o in\u0161trument\u00e1lnu \u010das\u0165 by sa postaral niekto sk\u00fasenej\u0161\u00ed.<\/p>\n\n\n\n<p>C\u00edtim, \u017ee potrebujem viac \u010dasu a&nbsp;praxe, k\u00fdm sa v&nbsp;po\u010d\u00edta\u010dov\u00fdch programoch nau\u010d\u00edm pracova\u0165 na takej \u00farovni, ak\u00fa o\u010dak\u00e1vam od in\u00fdch producentov.&nbsp;Dos\u0165 ma frustruje, ke\u010f pre nie\u010do stagnujem. Toto je ale obmedzenie, ktor\u00e9ho trvanie z\u00e1vis\u00ed len odo m\u0148a.<\/p>\n","protected":false},"excerpt":{"rendered":"<p>Autorka textu: Dominika Chrastov\u00e1 \/ FOTO \u2013 Jakub Kov\u00e1\u010d Text sme prv\u00fd raz publikovali v \u010d\u00edsle Jar 2021. Mo\u017eno ju pozn\u00e1te z&nbsp;bratislavsk\u00e9ho klubu Fuga alebo z rel\u00e1cie Klubt\u00fara na RTVS. Zuzana Morovi\u010dov\u00e1 alias d\u00edd\u017eejka Wyme sa venuje mixovaniu hudby u\u017e pribli\u017ene sedem rokov, pri\u010dom pred dvoma zalo\u017eila feministick\u00fa p\u00e1rty xeno-. Okrem hrania tie\u017e upozor\u0148uje na <a href=\"https:\/\/duhovyrok.sk\/qys\/didzejka-wyme-queer-akcie-by-mali-pritahovat-aj-ludi-ktori-nie-su-z-komunity\/\" class=\"more-link\">&#8230;<\/a><\/p>\n","protected":false},"author":6,"featured_media":2765,"comment_status":"closed","ping_status":"closed","sticky":false,"template":"","format":"standard","meta":{"footnotes":""},"categories":[255,4,259],"tags":[267,266,150],"class_list":["post-2745","post","type-post","status-publish","format-standard","has-post-thumbnail","hentry","category-hudba","category-praca","category-rozhovory","tag-didzejka","tag-from-qys","tag-queer-hudba"],"_links":{"self":[{"href":"https:\/\/duhovyrok.sk\/qys\/wp-json\/wp\/v2\/posts\/2745","targetHints":{"allow":["GET"]}}],"collection":[{"href":"https:\/\/duhovyrok.sk\/qys\/wp-json\/wp\/v2\/posts"}],"about":[{"href":"https:\/\/duhovyrok.sk\/qys\/wp-json\/wp\/v2\/types\/post"}],"author":[{"embeddable":true,"href":"https:\/\/duhovyrok.sk\/qys\/wp-json\/wp\/v2\/users\/6"}],"replies":[{"embeddable":true,"href":"https:\/\/duhovyrok.sk\/qys\/wp-json\/wp\/v2\/comments?post=2745"}],"version-history":[{"count":3,"href":"https:\/\/duhovyrok.sk\/qys\/wp-json\/wp\/v2\/posts\/2745\/revisions"}],"predecessor-version":[{"id":2775,"href":"https:\/\/duhovyrok.sk\/qys\/wp-json\/wp\/v2\/posts\/2745\/revisions\/2775"}],"wp:featuredmedia":[{"embeddable":true,"href":"https:\/\/duhovyrok.sk\/qys\/wp-json\/wp\/v2\/media\/2765"}],"wp:attachment":[{"href":"https:\/\/duhovyrok.sk\/qys\/wp-json\/wp\/v2\/media?parent=2745"}],"wp:term":[{"taxonomy":"category","embeddable":true,"href":"https:\/\/duhovyrok.sk\/qys\/wp-json\/wp\/v2\/categories?post=2745"},{"taxonomy":"post_tag","embeddable":true,"href":"https:\/\/duhovyrok.sk\/qys\/wp-json\/wp\/v2\/tags?post=2745"}],"curies":[{"name":"wp","href":"https:\/\/api.w.org\/{rel}","templated":true}]}}