{"id":2396,"date":"2021-03-03T14:29:18","date_gmt":"2021-03-03T13:29:18","guid":{"rendered":"https:\/\/qys.sk\/?p=2396"},"modified":"2021-03-24T13:14:40","modified_gmt":"2021-03-24T12:14:40","slug":"nova-seria-doroty-holubovej-portrety-slovenskych-lgbti-parov-a-rodin","status":"publish","type":"post","link":"https:\/\/duhovyrok.sk\/qys\/nova-seria-doroty-holubovej-portrety-slovenskych-lgbti-parov-a-rodin\/","title":{"rendered":"Nov\u00e1 s\u00e9ria Doroty Holubovej: Portr\u00e9ty slovensk\u00fdch LGBTI p\u00e1rov a rod\u00edn"},"content":{"rendered":"\n<p><strong>Autor: QYS na z\u00e1klade tla\u010dovej spr\u00e1vy Michala Dudo\u0148a \/ Foto: Dorota Holubov\u00e1<\/strong><\/p>\n\n\n\n<blockquote class=\"wp-block-quote is-layout-flow wp-block-quote-is-layout-flow\"><p>Text sme prv\u00fd raz publikovali v \u010d\u00edsle Zima 2020.<\/p><\/blockquote>\n\n\n\n<p><strong>Fotografka n\u00e1m do magaz\u00ednu venovala nieko\u013eko z\u00e1berov z\u00a0jej s\u00e9rie <em><a href=\"https:\/\/dorotaholubova.com\/disclosed-love\/\" target=\"_blank\" rel=\"noreferrer noopener\">Neskr\u00fdvan\u00e1 l\u00e1ska<\/a><\/em> spolu s\u00a0pr\u00edbehmi \u013eud\u00ed, ktor\u00fdch zachytila.<\/strong><\/p>\n\n\n\n<p>Osveta spolo\u010dnosti, upozornenie na poru\u0161ovanie \u013eudsk\u00fdch pr\u00e1v a\u00a0zv\u00fd\u0161enie tolerancie \u0161irokej verejnosti vo\u010di LGBTI komunite. Fotografka <a href=\"https:\/\/dorotaholubova.com\/\" target=\"_blank\" rel=\"noreferrer noopener\">Dorota Holubov\u00e1<\/a> dlhodobo dokumentuje \u017eivot queer \u013eud\u00ed a\u00a0pripravila nov\u00fa s\u00e9riu <em>Neskr\u00fdvan\u00e1 l\u00e1ska<\/em>.\u00a0<\/p>\n\n\n\n<p>Vernis\u00e1\u017e z\u00e1merne napl\u00e1novala na Medzin\u00e1rodn\u00fd de\u0148 \u013eudsk\u00fdch pr\u00e1v 10. decembra v&nbsp;Stredoeur\u00f3pskom dome fotografie v&nbsp;Bratislave. Kolekcia int\u00edmnych portr\u00e9tov a r\u00f4znorod\u00fdch, v\u00fdnimo\u010dn\u00fdch pr\u00edbehov LGBTI p\u00e1rov a rod\u00edn \u017eij\u00facich na Slovensku.<\/p>\n\n\n\n<p>\u201eZmena je nevyhnutn\u00e1, hlas komunity LGBTI mus\u00ed by\u0165 lep\u0161ie pochopen\u00fd, ke\u010f\u017ee \u017eij\u00fa \u00faplne oby\u010dajn\u00e9 \u017eivoty ako ktoko\u013evek in\u00fd,\u201c tvrd\u00ed Dorota Holubov\u00e1. Pod\u013ea nej sa \u013eudia \u010dasto ob\u00e1vaj\u00fa nezn\u00e1meho. Strach je jedn\u00fdm z&nbsp;aspektov, ktor\u00e9 sp\u00f4sobuj\u00fa negat\u00edvne n\u00e1zory na men\u0161iny.&nbsp;<\/p>\n\n\n\n<p>Cez 27 portr\u00e9tov lesieb, gejov, bisexu\u00e1lnych a transrodov\u00fdch \u013eud\u00ed, ktor\u00ed pre\u017e\u00edvaj\u00fa spolo\u010dn\u00fd \u017eivot v \u0161\u0165astn\u00fdch vz\u0165ahoch a so svojimi rodinami, sa \u013eudia m\u00f4\u017eu nau\u010di\u0165 v\u00e4\u010d\u0161ej tolerancii a&nbsp;empatii, p\u00ed\u0161e sa v&nbsp;tla\u010dovej spr\u00e1ve k&nbsp;v\u00fdstave. Holubov\u00e1 \u0148ou chce pouk\u00e1za\u0165 aj na \u0161tatistiky.&nbsp;<\/p>\n\n\n\n<p>Pod\u013ea posledn\u00e9ho prieskumu Eurobarometra z roku 2019 si takmer 60 % Slov\u00e1kov mysl\u00ed, \u017ee homosexu\u00e1li, lesby a bisexu\u00e1li by nemali ma\u0165 rovnak\u00e9 pr\u00e1va ako heterosexu\u00e1li. Slovensko je na samom konci kraj\u00edn E\u00da s toleranciou vo\u010di LGBTI \u013eu\u010fom.&nbsp;<\/p>\n\n\n\n<p>O t\u00e9me homosexuality sa zriedka hovor\u00ed pozit\u00edvnym alebo podporn\u00fdm sp\u00f4sobom, je to pre v\u00e4\u010d\u0161inu konzervat\u00edvnej spolo\u010dnosti do ur\u010ditej miery st\u00e1le nepriate\u013esk\u00e1 t\u00e9ma. Nen\u00e1vistn\u00e9 n\u00e1zory s\u00fa nielen medzi obyvate\u013estvom, ale aj medzi politikmi. A\u017e 86 % LGBTI \u013eud\u00ed na Slovensku za\u017e\u00edva negat\u00edvne koment\u00e1re alebo \u0161ikanovanie spolu\u017eiakov kv\u00f4li ich sexu\u00e1lnej orient\u00e1cii alebo rodovej identite, uzatv\u00e1ra tla\u010dov\u00e1 spr\u00e1va.<\/p>\n\n\n\n<p><strong>MARTIN A MICHAL&nbsp;<\/strong><\/p>\n\n\n\n<p>Poch\u00e1dzam z katol\u00edckeho prostredia, nav\u0161tevoval som katol\u00edcku \u0161kolu, \u010di\u017ee reakcie na moju orient\u00e1ciu boli r\u00f4zne. S niektor\u00fdmi som, \u017eia\u013e, dodnes nena\u0161iel spolo\u010dn\u00fa re\u010d, \u010do ma mrz\u00ed. V tej dobe, v tej naj\u0165a\u017e\u0161ej dobe ma zachr\u00e1nili konkr\u00e9tne t\u00ed moji priatelia, ktor\u00ed paradoxne nemali pln\u00e9 \u00fasta l\u00e1sky a pomoci bl\u00ed\u017enemu svojmu. V\u010faka nim som tu.<\/p>\n\n\n\n<p>Najviac som sa, samozrejme, ob\u00e1val coming-outu pred rodinou. No t\u00e1 to zobrala hrdinsky. Asi si nesk\u00f4r aj poplakali, ke\u010f\u017ee som jedin\u00fd syn, ale len tak, aby som to nevidel. Nesmierne ma dojali slov\u00e1 m\u00f4jho otca, ktor\u00fd povedal, \u017ee s\u00edce tomu nerozumie, no pre neho je najd\u00f4le\u017eitej\u0161ie, aby som bol dobr\u00fdm \u010dlovekom.&nbsp;<\/p>\n\n\n\n<p>Zrejme najprekvapivej\u0161ou reakciou bola odpove\u010f mojej sestry, ktor\u00e1 povedala, citujem: \u201eChce\u0161 mi poveda\u0165, \u017ee si gej? Lebo ak \u00e1no, tak je to \u00faplne v pohode, ale teraz mus\u00edm stihn\u00fa\u0165 autobus, dobre? \u013d\u00fabim \u0165a.\u201c Cel\u00fd coming-out vybaven\u00fd za p\u00e4\u0165 min\u00fat, lebo niekam me\u0161kala.&nbsp;<\/p>\n\n\n\n<p>S Michalom sa pozn\u00e1me u\u017e takmer jeden\u00e1s\u0165 rokov. Prv\u00fdkr\u00e1t sme sa stretli v teplom klube. Odvtedy sa z n\u00e1s stali najlep\u0161\u00ed kamar\u00e1ti, nesk\u00f4r spolub\u00fdvaj\u00faci a nakoniec partneri. B\u00fdvame spolu u\u017e sedem rokov a posledn\u00e9 tri sa ,frajer\u00edme\u2018. Hoci mnoh\u00ed n\u00e1m to predpovedali u\u017e d\u00e1vnej\u0161ie. Ja som si asi e\u0161te musel prejs\u0165 svoj\u00edm bl\u00e1zniv\u00fdm obdob\u00edm, no som r\u00e1d, \u017ee Michal po\u010dkal.&nbsp;<\/p>\n\n\n\n<p>Mo\u017eno sa m\u00f4\u017eem chl\u00e1choli\u0165 t\u00fdm, \u017ee som z liber\u00e1lnej Bratislavy a tu je situ\u00e1cia in\u00e1 ako vo zvy\u0161ku Slovenska, no je pravda, \u017ee nos mi kv\u00f4li mojej orient\u00e1cii zlomili dvakr\u00e1t: raz v Bratislave a raz v e\u0161te liber\u00e1lnej\u0161ej Prahe. Idioti sa n\u00e1jdu v\u0161ade a bola by asi chyba riadi\u0165 sa pod\u013ea strachu. Strach nie je dobr\u00fd radca.<\/p>\n\n\n\n<p>S\u00e1m som spravil mno\u017estvo ch\u00fdb, ke\u010f som sa ob\u00e1val v spolo\u010dnosti (napr\u00edklad rodiny) spr\u00e1va\u0165 sa k svojmu partnerovi \u201epartnersky\u201c. Vyskytn\u00fa sa mo\u017eno aj v\u00fd\u010ditky, h\u00e1dky, slzy, no nakoniec sa \u010dlovek c\u00edti slobodn\u00fd pr\u00e1ve vtedy, ke\u010f prestane klama\u0165 sebe sam\u00e9mu \u010di svojmu okoliu. V prvom rade mus\u00edme za\u010da\u0165 od seba. \u00daprimnos\u0165ou a odvahou. K sebe sam\u00fdm i svojmu okoliu. To prin\u00e1\u0161a to najslad\u0161ie ovocie \u2013 slobodn\u00fd \u017eivot.\u201c<\/p>\n\n\n\n<figure class=\"wp-block-image size-large\"><img decoding=\"async\" src=\"https:\/\/qys.sk\/wp-content\/uploads\/2021\/03\/Martin-a-Michal-1024x998.jpg\" alt=\"\" class=\"wp-image-2409\" \/><\/figure>\n\n\n\n<p>\u201e <em>V prvom rade mus\u00edme za\u010da\u0165 od seba. \u00daprimnos\u0165ou a odvahou. K sebe sam\u00fdm i svojmu okoliu.<\/em> \u201c<\/p>\n\n\n\n<p><strong>&nbsp;VIKT\u00d3RIA A MAJA<\/strong><\/p>\n\n\n\n<p>\u201eNajhor\u0161iu reakciu na svoj coming-out za\u017e\u00edvam doteraz. Ak nie som len medzi bl\u00edzkymi, dost\u00e1vam nevy\u017eiadan\u00e9 n\u00e1vrhy, za\u017e\u00edvam sexu\u00e1lne ob\u0165a\u017eovanie a po\u010d\u00favam sexistick\u00e9 nar\u00e1\u017eky. Napriek tomu, \u017ee mu\u017e \u010di chalan vedel, \u017ee som lesba \u010di zadan\u00e1, nebral oh\u013ead. Z jednej z tak\u00fdch sk\u00fasenost\u00ed sa bohu\u017eia\u013e e\u0161te sna\u017e\u00edm dosta\u0165.\u201c<\/p>\n\n\n\n<p>\u201eM\u00f4j coming-out nastal pomerne neskoro, v&nbsp;dvadsiatich piatich rokoch. Bolo to ve\u013emi n\u00e1ro\u010dn\u00e9 kr\u00edzov\u00e9 obdobie pln\u00e9 pochybnost\u00ed a strachu. Najv\u00e4\u010d\u0161ou oporou mi v tomto obdob\u00ed bola moja sestra, bola dlh\u00fa dobu jedinou, ktorej som sa zd\u00f4verila s t\u00fdm, \u010do pre\u017e\u00edvam. Nesk\u00f4r sa okruh \u013eud\u00ed zv\u00e4\u010d\u0161oval a trvalo nieko\u013eko rokov, k\u00fdm som t\u00fato t\u00e9mu \u2013 \u201akto vie a kto nevie, kto tu\u0161\u00ed, netu\u0161\u00ed\u2018 \u2013 prestala rie\u0161i\u0165. Ur\u010dite k tomu prispel m\u00f4j dlhoro\u010dn\u00fd \u0161\u0165astn\u00fd vz\u0165ah.&nbsp;<\/p>\n\n\n\n<p>V\u0161etci sme potrebovali \u010das. Rodina je pre m\u0148a aj pre priate\u013eku Vikt\u00f3riu na prvom mieste. Neviem si ani predstavi\u0165, \u017ee by ma neprijali, alebo \u017ee by som stratila ich l\u00e1sku a d\u00f4veru.\u201c<\/p>\n\n\n\n<figure class=\"wp-block-image size-large\"><img decoding=\"async\" src=\"https:\/\/qys.sk\/wp-content\/uploads\/2021\/03\/Viktoria-a-Maja-1024x1024.jpg\" alt=\"\" class=\"wp-image-2410\" \/><\/figure>\n\n\n\n<p>\u201e <em>Rodina je pre m\u0148a aj pre priate\u013eku Vikt\u00f3riu na prvom mieste. Neviem si ani predstavi\u0165, \u017ee by ma neprijali, alebo \u017ee by som stratila ich l\u00e1sku a d\u00f4veru.<\/em> \u201c<\/p>\n\n\n\n<p><strong>ROMAN A DANKO\u00a0<\/strong><\/p>\n\n\n\n<p>\u201eSvoj coming-out som rie\u0161il v 80. rokoch. Nebol som v\u0161ak vyrovnan\u00fd s\u00e1m so sebou, ke\u010f som o tom povedal rodi\u010dom. Spolo\u010dne sme sa dohodli, \u017ee p\u00f4jdeme moju orient\u00e1ciu lie\u010di\u0165. Absolvoval som komplikovan\u00fa lie\u010dbu homosexuality, ktor\u00e1 ma doviedla na \u00fapln\u00e9 dno. Na psychiatrickej klinike som str\u00e1vil tri mesiace.<\/p>\n\n\n\n<p>Trvalo mi desa\u0165 rokov, ne\u017e som sa dal z tohto \u201alie\u010denia\u2018 ako-tak do poriadku. St\u00e1le ma to v\u0161ak prenasleduje. Spolo\u010dne s moj\u00edm partnerom \u017eijeme mo\u017eno lep\u0161\u00edm \u017eivotom ako niekto in\u00fd. Som dospel\u00fd \u010dlovek a nikto mi nem\u00e1 pr\u00e1vo hovori\u0165, \u010do m\u00e1m a nem\u00e1m robi\u0165, vyz\u00fdva\u0165 ma k celib\u00e1tu. Toto musia \u013eudia po\u010du\u0165, a to za ka\u017ed\u00fdch okolnost\u00ed.\u201c<\/p>\n\n\n\n<p>\u201eVyoutoval som sa, ke\u010f som bol dospel\u00fd a sebesta\u010dn\u00fd. Mama si poplakala, potom si povedala, \u017ee aspo\u0148 nie som masov\u00fd vrah. Spolo\u010dne s Romanom sme na\u0161u l\u00e1sku nikdy neskr\u00fdvali. Je to dvadsa\u0165sedem rokov. Stretli sme sa na diskot\u00e9ke, zaujal som ho, bol som skvel\u00fd tane\u010dn\u00edk.\u201c<\/p>\n\n\n\n<figure class=\"wp-block-image size-large\"><img decoding=\"async\" src=\"https:\/\/qys.sk\/wp-content\/uploads\/2021\/03\/Roman-a-Danko-1024x987.jpg\" alt=\"\" class=\"wp-image-2412\" \/><\/figure>\n\n\n\n<p>\u201e <em>Spolo\u010dne s Romanom sme na\u0161u l\u00e1sku nikdy neskr\u00fdvali. Je to dvadsa\u0165sedem rokov. Stretli sme sa na diskot\u00e9ke, zaujal som ho, bol som skvel\u00fd tane\u010dn\u00edk.<\/em> \u201c<\/p>\n\n\n\n<p><strong>ADELA A MARTINA S DE\u0164MI ZAROU A STELLOU<\/strong><\/p>\n\n\n\n<p>\u201ePo\u010das strednej \u0161koly som rie\u0161ila intuit\u00edvne chlapcov, lebo som si myslela, \u017ee to tak m\u00e1 by\u0165. Potom som sa za\u013e\u00fabila do diev\u010da\u0165a. Tak naozaj. Mama to spo\u010diatku akceptovala \u0165a\u017e\u0161ie, ale dnes si \u201aza\u0165ku\u2018 nevie vynachv\u00e1li\u0165.<\/p>\n\n\n\n<p>S Ma\u0165ou sme spolu kr\u00e1snych p\u00e4tn\u00e1s\u0165 rokov. Ke\u010f sa vr\u00e1tim na \u00fapln\u00fd za\u010diatok vz\u0165ahu, o\u010dami som ju dob\u00fdjala tri mesiace, k\u00fdm mi poh\u013ead op\u00e4tovala. E\u0161te\u017ee som to nevzdala.&nbsp;<\/p>\n\n\n\n<p>Ma\u0165a pracuje, ja som na materskej. De\u0165om vysvet\u013eujeme situ\u00e1cie a vz\u0165ahy ve\u013emi otvorene. Pod\u013ea spolo\u010denskej normy, a zatia\u013e aj z\u00e1konov, z\u00e1klad rodiny tvoria mu\u017e a \u017eena. No tak ako existuj\u00fa rozdiely v etnik\u00e1ch, vierovyznaniach, politick\u00fdch preferenci\u00e1ch \u010di filozofi\u00e1ch, tak existuj\u00fa vari\u00e1cie rod\u00edn. \u201aTy m\u00e1\u0161 dve miluj\u00face maminy a mus\u00ed\u0161 by\u0165 na to hrd\u00e1. S\u00fa aj ne\u00fapln\u00e9 rodiny, bez maminy, bez ocina.\u2018&nbsp;<\/p>\n\n\n\n<p>Sme pripraven\u00e9 aj na \u0165a\u017e\u0161ie situ\u00e1cie. No ve\u013ea l\u00e1sky, dobr\u00e9 rodinn\u00e9 z\u00e1zemie, racion\u00e1lne vysvetlenia nedaj\u00fa poryvom \u0161ancu.<\/p>\n\n\n\n<p>Ak niekto rie\u0161i \u201aroly\u2018 v rodine, u n\u00e1s je technick\u00fd typ prirodzene Ma\u0165a, postavila takmer cel\u00fd dom sama, ve\u013ea vec\u00ed sa nau\u010dila od otca. Ma\u0165a je \u0161ikovnej\u0161ia ako dvaja chlapi dokopy.\u201c \u2013 Adela<\/p>\n\n\n\n<p>\u201eMala som p\u00e4tn\u00e1s\u0165, ke\u010f som sa zamilovala do susedy oproti. Na\u0161i to brali celkom \u0165a\u017eko. Zobrali ma aj k lek\u00e1rovi, \u010di nejde o chorobu, no napokon to na\u0161i nechali tak. Do ni\u010doho ma nikdy netla\u010dili, a ke\u010f spoznali Adelu, v\u0161etko prijali. Jej prom\u00f3cie sme osl\u00e1vili za jedn\u00fdm ve\u013ek\u00fdm trojgenera\u010dn\u00fdm stolom.<\/p>\n\n\n\n<p>S rodi\u010dmi \u017eijeme v \u00fazkom kruhu trin\u00e1s\u0165 rokov. Nikdy sme nerie\u0161ili okolie, nikdy sme sa neskr\u00fdvali a nestretli sme sa s negat\u00edvnou reakciou. Niektor\u00e9 rodiny z LGBTI komunity maj\u00fa pocit, \u017ee im je ubli\u017eovan\u00e9, ale my tento pocit na\u0161\u0165astie nem\u00e1me. Mysl\u00edme si v\u0161ak, \u017ee je to aj o osobnom nastaven\u00ed a vy\u017earovan\u00ed vyrovnanosti a \u00faplnej norm\u00e1lnosti.<\/p>\n\n\n\n<p>V \u017eivote sa riadime zdrav\u00fdm rozumom a \u0161tandardn\u00fdm hodnotov\u00fdm syst\u00e9mom. Sme be\u017en\u00e1 rodina, len legislat\u00edvne neuznan\u00e1. Chceli by sme ma\u0165 rovnak\u00e9 pr\u00e1va a ochranu z\u00e1kona ako ostatn\u00e9 rodiny.\u201c \u2013 Martina<\/p>\n\n\n\n<figure class=\"wp-block-image size-large\"><img decoding=\"async\" src=\"https:\/\/qys.sk\/wp-content\/uploads\/2021\/03\/Adela-a-Martina-1024x1024.jpg\" alt=\"\" class=\"wp-image-2411\" \/><\/figure>\n\n\n\n<p>\u201e <em>Sme pripraven\u00e9 aj na \u0165a\u017e\u0161ie situ\u00e1cie. No ve\u013ea l\u00e1sky, dobr\u00e9 rodinn\u00e9 z\u00e1zemie, racion\u00e1lne vysvetlenia nedaj\u00fa poryvom \u0161ancu.<\/em> \u201c<\/p>\n\n\n\n<p><strong>DOMINIKA<\/strong>&nbsp;<\/p>\n\n\n\n<p>\u201eMinul\u00fd rok nastal m\u00f4j najv\u00e4\u010d\u0161\u00ed \u201acoming-out\u2018, ke\u010f som sa verejne vyoutovala celej rodine prostredn\u00edctvom whatsapp skupiny. Mala som trochu tr\u00e9mu, no nakoniec to dopadlo dobre.<\/p>\n\n\n\n<p>Najhor\u0161ia reakcia, s ktorou som sa stretla, bola, \u017ee je to iba f\u00e1za. C\u00edtila som sa pri tom, akoby to, \u010do hovor\u00edm, a to, \u010do c\u00edtim, nebolo v\u00f4bec spr\u00e1vne. Za\u017eila som aj reakciu, \u017ee som sa tak sama rozhodla. To bolo nie\u010do, \u010do ma ve\u013emi nahnevalo.<\/p>\n\n\n\n<p>Takisto ma hnev\u00e1 a aj mrz\u00ed situ\u00e1cia v na\u0161ej krajine. Je to bolestiv\u00e1 t\u00e9ma. M\u00e1m pocit, \u017ee sa \u013eudia v LGBTI komunite st\u00e1le boja by\u0165 spolu na verejnosti a ani sa tomu ne\u010dudujem. Je to naozaj smutn\u00e9. Ja sama som ale na l\u00e1sku nezanevrela, dokonca m\u00e1m pl\u00e1n vyda\u0165 sa. Pevne ver\u00edm, \u017ee sa mi tento sen raz spln\u00ed. \u201c<\/p>\n\n\n\n<figure class=\"wp-block-image size-large\"><img decoding=\"async\" src=\"https:\/\/qys.sk\/wp-content\/uploads\/2021\/03\/Dominika-1024x1024.jpg\" alt=\"\" class=\"wp-image-2413\" \/><\/figure>\n","protected":false},"excerpt":{"rendered":"<p>Autor: QYS na z\u00e1klade tla\u010dovej spr\u00e1vy Michala Dudo\u0148a \/ Foto: Dorota Holubov\u00e1 Text sme prv\u00fd raz publikovali v \u010d\u00edsle Zima 2020. Fotografka n\u00e1m do magaz\u00ednu venovala nieko\u013eko z\u00e1berov z\u00a0jej s\u00e9rie Neskr\u00fdvan\u00e1 l\u00e1ska spolu s\u00a0pr\u00edbehmi \u013eud\u00ed, ktor\u00fdch zachytila. Osveta spolo\u010dnosti, upozornenie na poru\u0161ovanie \u013eudsk\u00fdch pr\u00e1v a\u00a0zv\u00fd\u0161enie tolerancie \u0161irokej verejnosti vo\u010di LGBTI komunite. Fotografka Dorota Holubov\u00e1 dlhodobo <a href=\"https:\/\/duhovyrok.sk\/qys\/nova-seria-doroty-holubovej-portrety-slovenskych-lgbti-parov-a-rodin\/\" class=\"more-link\">&#8230;<\/a><\/p>\n","protected":false},"author":2,"featured_media":2415,"comment_status":"closed","ping_status":"open","sticky":false,"template":"","format":"standard","meta":{"footnotes":""},"categories":[2,3,6,10],"tags":[44,266,102,147,171,215],"class_list":["post-2396","post","type-post","status-publish","format-standard","has-post-thumbnail","hentry","category-comingout","category-partnerstva","category-pribehy-lgbti-ludi","category-kultura","tag-dorota-holubova","tag-from-qys","tag-lgbti","tag-queer-fotografia","tag-queer-umenie","tag-umenie"],"_links":{"self":[{"href":"https:\/\/duhovyrok.sk\/qys\/wp-json\/wp\/v2\/posts\/2396","targetHints":{"allow":["GET"]}}],"collection":[{"href":"https:\/\/duhovyrok.sk\/qys\/wp-json\/wp\/v2\/posts"}],"about":[{"href":"https:\/\/duhovyrok.sk\/qys\/wp-json\/wp\/v2\/types\/post"}],"author":[{"embeddable":true,"href":"https:\/\/duhovyrok.sk\/qys\/wp-json\/wp\/v2\/users\/2"}],"replies":[{"embeddable":true,"href":"https:\/\/duhovyrok.sk\/qys\/wp-json\/wp\/v2\/comments?post=2396"}],"version-history":[{"count":1,"href":"https:\/\/duhovyrok.sk\/qys\/wp-json\/wp\/v2\/posts\/2396\/revisions"}],"predecessor-version":[{"id":2716,"href":"https:\/\/duhovyrok.sk\/qys\/wp-json\/wp\/v2\/posts\/2396\/revisions\/2716"}],"wp:featuredmedia":[{"embeddable":true,"href":"https:\/\/duhovyrok.sk\/qys\/wp-json\/wp\/v2\/media\/2415"}],"wp:attachment":[{"href":"https:\/\/duhovyrok.sk\/qys\/wp-json\/wp\/v2\/media?parent=2396"}],"wp:term":[{"taxonomy":"category","embeddable":true,"href":"https:\/\/duhovyrok.sk\/qys\/wp-json\/wp\/v2\/categories?post=2396"},{"taxonomy":"post_tag","embeddable":true,"href":"https:\/\/duhovyrok.sk\/qys\/wp-json\/wp\/v2\/tags?post=2396"}],"curies":[{"name":"wp","href":"https:\/\/api.w.org\/{rel}","templated":true}]}}