{"id":2307,"date":"2017-12-20T14:38:29","date_gmt":"2017-12-20T13:38:29","guid":{"rendered":"https:\/\/qys.sk\/?p=2307"},"modified":"2021-03-18T09:23:05","modified_gmt":"2021-03-18T08:23:05","slug":"dizajner-albert-poda-snazil-som-sa-v-reklame-hladat-vlastnu-intimitu-vlastnu-kazdemu-cloveku-inak","status":"publish","type":"post","link":"https:\/\/duhovyrok.sk\/qys\/dizajner-albert-poda-snazil-som-sa-v-reklame-hladat-vlastnu-intimitu-vlastnu-kazdemu-cloveku-inak\/","title":{"rendered":"Dizajn\u00e9r Albert P\u00f3da: Sna\u017eil som sa v reklame h\u013eada\u0165 vlastn\u00fa intimitu, vlastn\u00fa ka\u017ed\u00e9mu \u010dloveku inak"},"content":{"rendered":"\n<p><strong>Autorka textu: Simona M\u00fcllerov\u00e1 \/ Foto: Jakub Svoboda<\/strong><\/p>\n\n\n\n<blockquote class=\"wp-block-quote is-layout-flow wp-block-quote-is-layout-flow\"><p>Arch\u00edvny text sme prv\u00fd raz publikovali v \u010d\u00edsle Zima 2017.<\/p><\/blockquote>\n\n\n\n<p>Albert P\u00f3da je s\u00fa\u010das\u0165ou New aliens agent\u00fary, o ktor\u00fdch sme predt\u00fdm u\u017e p\u00edsali a venuje sa textiln\u00e9mu dizajnu, experimentuje s materi\u00e1lom a vo svojej pr\u00e1ci hovor\u00ed o LGBT problematike.<\/p>\n\n\n\n<p><strong>M\u00e1\u0161 nejak\u00fd opakuj\u00faci sa mot\u00edv vo svojich n\u00e1vrhoch? <\/strong><\/p>\n\n\n\n<p>V poslednej dobe sa zameriavam na pr\u00edrodn\u00e9 materi\u00e1ly. Mysl\u00edm si, \u017ee slow fashion je potrebn\u00e1, ale nejde len o appel na odpady. V\u00e4\u010d\u0161inou sa autori s\u00fastredia na odpad. Upozor\u0148ovanie len na tento jeden, ve\u013emi konkr\u00e9tny probl\u00e9m, sa mi nezd\u00e1 to najd\u00f4le\u017eitej\u0161ie. Je to komplexnej\u0161ie. Premeni\u0165 odpad tak, \u017ee mu vn\u00fatime hodnotu novok\u00fapen\u00e9ho predmetu, je pod\u013ea m\u0148a nezmysel. Ja obhajujem my\u0161lienku, \u017ee ke\u010f nie\u010do urob\u00edm z odpadu, st\u00e1le to bude ma\u0165 t\u00fato podobu a pr\u00e1ve t\u00fdm to up\u00fata. Bude to mat \u010daro pr\u00e1ve preto a nie pre nejak\u00fa obsesiu z luxusu. Moj\u00edm mot\u00edvom je jedine zachovanie pravej tv\u00e1re vec\u00ed. <\/p>\n\n\n\n<p><strong>Ako je to s tvojimi maskami? Prav\u00e1 tv\u00e1r s maskou? <\/strong><\/p>\n\n\n\n<p>Mojou prvou in\u0161pir\u00e1ciou boli \u013eudia, ktor\u00ed pou\u017e\u00edvaj\u00fa ple\u0165ov\u00e9 masky. V poslednej dobe je okolo toho ve\u013ek\u00e1 expl\u00f3zia a tak som sa \u013eud\u00ed p\u00fdtal pre\u010do to tak je. Akoby v\u0161etci vedeli, \u017ee maska nie je \u00fa\u010dinn\u00fdm produktom na probl\u00e9mov\u00fa ple\u0165, sk\u00f4r je to pre nich ritu\u00e1l masku nasadi\u0165 a zmy\u0165. Zaujalo ma to a za\u010dal som vyr\u00e1ba\u0165 veg\u00e1nske masky. <\/p>\n\n\n\n<figure class=\"wp-block-image size-large\"><img loading=\"lazy\" decoding=\"async\" width=\"671\" height=\"1024\" src=\"https:\/\/duhovyrok.sk\/qys\/wp-content\/uploads\/sites\/2\/2021\/01\/Albert_Poda_1-671x1024.jpg\" alt=\"\" class=\"wp-image-2348\" srcset=\"https:\/\/duhovyrok.sk\/qys\/wp-content\/uploads\/sites\/2\/2021\/01\/Albert_Poda_1-671x1024.jpg 671w, https:\/\/duhovyrok.sk\/qys\/wp-content\/uploads\/sites\/2\/2021\/01\/Albert_Poda_1-393x600.jpg 393w, https:\/\/duhovyrok.sk\/qys\/wp-content\/uploads\/sites\/2\/2021\/01\/Albert_Poda_1-1007x1536.jpg 1007w, https:\/\/duhovyrok.sk\/qys\/wp-content\/uploads\/sites\/2\/2021\/01\/Albert_Poda_1-1342x2048.jpg 1342w, https:\/\/duhovyrok.sk\/qys\/wp-content\/uploads\/sites\/2\/2021\/01\/Albert_Poda_1-197x300.jpg 197w, https:\/\/duhovyrok.sk\/qys\/wp-content\/uploads\/sites\/2\/2021\/01\/Albert_Poda_1.jpg 1396w\" sizes=\"auto, (max-width: 671px) 100vw, 671px\" \/><figcaption><strong>Foto: Jakub Svoboda<\/strong><\/figcaption><\/figure>\n\n\n\n<p><strong>Viem, \u017ee si vyrobil masku z citr\u00f3novej k\u00f4ry a materi\u00e1l mi pripom\u00edna ko\u017eu. Ako veg\u00e1nstvo s\u00favis\u00ed s dobr\u00fdm pocitom? <\/strong><\/p>\n\n\n\n<p>Pre m\u0148a je to osobn\u00e9. M\u00f4j otec je po\u013eovn\u00edk a dennodenne som v\u00eddaval na dvore m\u0155tve zvierat\u00e1, sna\u017e\u00edm sa si ten poh\u013ead kompenzova\u0165 t\u00fdm, \u017ee nejem m\u00e4so a \u017eivo\u010d\u00ed\u0161ne v\u00fdrobky, rovnako h\u013ead\u00e1m n\u00e1hradu \u017eivo\u010d\u00ed\u0161neho materi\u00e1lu. <\/p>\n\n\n\n<p><strong>\u010co si mysl\u00ed\u0161 o fast fashion, ktor\u00e1 sa v s\u00fa\u010dasnosti tie\u017e zameriava na ne\u017eivo\u010d\u00ed\u0161nu v\u00fdrobu, z pr\u00edrodn\u00fdch materi\u00e1lov so z\u00e1rukou, \u017ee to, \u010do si k\u00fapi\u0161, ne\u0161kod\u00ed pr\u00edrode? <\/strong><\/p>\n\n\n\n<p>Fast fashion nie je jeden smer a ani nejde o spolo\u010dn\u00fd z\u00e1mer. Mysl\u00edm si, \u017ee sa umel\u00e9 pre n\u00e1s stalo prirodzen\u00fdm. To plat\u00ed pre materi\u00e1l, ktor\u00fd pou\u017e\u00edvame. Nem\u00f4\u017eem sa tv\u00e1ri\u0165, \u017ee si \u017eijeme v bavlnke. Pri v\u00fdrobe \u010derp\u00e1me z r\u00f4znych zdrojov, na to, aby sme nakoniec nie\u010do zhotovili. Mysl\u00edm, \u017ee sme adaptovan\u00ed na umelos\u0165. Je to pre n\u00e1s to, bez \u010doho by sme u\u017e nevedeli \u017ei\u0165. <\/p>\n\n\n\n<figure class=\"wp-block-image size-large\"><img loading=\"lazy\" decoding=\"async\" width=\"676\" height=\"1024\" src=\"https:\/\/duhovyrok.sk\/qys\/wp-content\/uploads\/sites\/2\/2021\/01\/Albert_Poda_2-676x1024.jpg\" alt=\"\" class=\"wp-image-2349\" srcset=\"https:\/\/duhovyrok.sk\/qys\/wp-content\/uploads\/sites\/2\/2021\/01\/Albert_Poda_2-676x1024.jpg 676w, https:\/\/duhovyrok.sk\/qys\/wp-content\/uploads\/sites\/2\/2021\/01\/Albert_Poda_2-396x600.jpg 396w, https:\/\/duhovyrok.sk\/qys\/wp-content\/uploads\/sites\/2\/2021\/01\/Albert_Poda_2-1014x1536.jpg 1014w, https:\/\/duhovyrok.sk\/qys\/wp-content\/uploads\/sites\/2\/2021\/01\/Albert_Poda_2-1352x2048.jpg 1352w, https:\/\/duhovyrok.sk\/qys\/wp-content\/uploads\/sites\/2\/2021\/01\/Albert_Poda_2-198x300.jpg 198w, https:\/\/duhovyrok.sk\/qys\/wp-content\/uploads\/sites\/2\/2021\/01\/Albert_Poda_2.jpg 1401w\" sizes=\"auto, (max-width: 676px) 100vw, 676px\" \/><figcaption><strong>Foto: Jakub Svoboda<\/strong><\/figcaption><\/figure>\n\n\n\n<p><strong>Ako sa vieme dosta\u0165 nasp\u00e4\u0165 k ritu\u00e1lu a \u010do tento ritu\u00e1l pre n\u00e1s znamen\u00e1? <\/strong><\/p>\n\n\n\n<p>Ritu\u00e1l nie je akt, ktor\u00fd je nutne verejn\u00fd. Vych\u00e1dzal som z toho, \u017ee je to int\u00edmny z\u00e1\u017eitok, sk\u00fa\u0161al som na sebe ka\u017ed\u00fa z masiek, \u010do som vyrobil a objavoval \u010do je na nej pre m\u0148a osobne vz\u00e1cne, \u010do c\u00edtim. Nakoniec som sa nesna\u017eil vytv\u00e1ra\u0165 podmienky pre ritu\u00e1l, lebo ritu\u00e1lom sa st\u00e1va pr\u00e1ve vlastn\u00e1 sk\u00fasenos\u0165 a chv\u00ed\u013ea  v s\u00favislosti s maskou, resp. materi\u00e1lom. <\/p>\n\n\n\n<p><strong>D\u00e1 sa nejako manifestova\u0165 tento pocit? <\/strong><\/p>\n\n\n\n<p>\u00c1no, reklamou, ktor\u00e1 je sc\u00e9nick\u00fdm dielom, \u010do nevznik\u00e1 programovo, ale z potreby nie\u010do vyjadri\u0165. Rovnako som nab\u00faraval predpojat\u00fa predstavu kr\u00e1sy, preto\u017ee aj to, \u010do nevyzer\u00e1 v\u00e1bne, n\u00e1m m\u00f4\u017ee pom\u00f4c\u0165. Pri v\u00fdrobe mojich vlastn\u00fdch ple\u0165ov\u00fdch masiek som prem\u00fd\u0161\u013eal pr\u00e1ve nad t\u00fdm. Nikto sa na teba nepozer\u00e1 ke\u010f si ju doma nasad\u00ed\u0161, ide o tvoj dobr\u00fd pocit. Preto som sa sna\u017eil v reklame h\u013eada\u0165 vlastn\u00fa intimitu, vlastn\u00fa ka\u017ed\u00e9mu \u010dloveku inak.<\/p>\n\n\n\n<p><strong> Ak\u00e1 je odozva na tvoje projekty? <\/strong><\/p>\n\n\n\n<p>\u010castokr\u00e1t to \u013eudia nevedia hodnoti\u0165, povedia len, \u017ee ich to nie\u010d\u00edm ve\u013emi p\u00fata. To je pr\u00e1ve to, \u010do ma te\u0161\u00ed, lebo tak sa tvor\u00ed ritu\u00e1l.<\/p>\n","protected":false},"excerpt":{"rendered":"<p>Albert P\u00f3da je s\u00fa\u010das\u0165ou New aliens agent\u00fary, o ktor\u00fdch sme predt\u00fdm u\u017e p\u00edsali a venuje sa textiln\u00e9mu dizajnu, experimentuje s materi\u00e1lom a vo svojej pr\u00e1ci hovor\u00ed o LGBT problematike.<\/p>\n","protected":false},"author":2,"featured_media":2351,"comment_status":"closed","ping_status":"open","sticky":false,"template":"","format":"standard","meta":{"footnotes":""},"categories":[6,10,259,13,258],"tags":[22,145,159,185],"class_list":["post-2307","post","type-post","status-publish","format-standard","has-post-thumbnail","hentry","category-pribehy-lgbti-ludi","category-kultura","category-rozhovory","category-viditelnost","category-vizualne-umenie","tag-albert-poda","tag-queer-divadlo","tag-queer-kultura","tag-rozhovor"],"_links":{"self":[{"href":"https:\/\/duhovyrok.sk\/qys\/wp-json\/wp\/v2\/posts\/2307","targetHints":{"allow":["GET"]}}],"collection":[{"href":"https:\/\/duhovyrok.sk\/qys\/wp-json\/wp\/v2\/posts"}],"about":[{"href":"https:\/\/duhovyrok.sk\/qys\/wp-json\/wp\/v2\/types\/post"}],"author":[{"embeddable":true,"href":"https:\/\/duhovyrok.sk\/qys\/wp-json\/wp\/v2\/users\/2"}],"replies":[{"embeddable":true,"href":"https:\/\/duhovyrok.sk\/qys\/wp-json\/wp\/v2\/comments?post=2307"}],"version-history":[{"count":1,"href":"https:\/\/duhovyrok.sk\/qys\/wp-json\/wp\/v2\/posts\/2307\/revisions"}],"predecessor-version":[{"id":2638,"href":"https:\/\/duhovyrok.sk\/qys\/wp-json\/wp\/v2\/posts\/2307\/revisions\/2638"}],"wp:featuredmedia":[{"embeddable":true,"href":"https:\/\/duhovyrok.sk\/qys\/wp-json\/wp\/v2\/media\/2351"}],"wp:attachment":[{"href":"https:\/\/duhovyrok.sk\/qys\/wp-json\/wp\/v2\/media?parent=2307"}],"wp:term":[{"taxonomy":"category","embeddable":true,"href":"https:\/\/duhovyrok.sk\/qys\/wp-json\/wp\/v2\/categories?post=2307"},{"taxonomy":"post_tag","embeddable":true,"href":"https:\/\/duhovyrok.sk\/qys\/wp-json\/wp\/v2\/tags?post=2307"}],"curies":[{"name":"wp","href":"https:\/\/api.w.org\/{rel}","templated":true}]}}