{"id":2303,"date":"2017-12-20T13:54:37","date_gmt":"2017-12-20T12:54:37","guid":{"rendered":"https:\/\/qys.sk\/?p=2303"},"modified":"2017-12-20T13:54:37","modified_gmt":"2017-12-20T12:54:37","slug":"hiv-dobrovolne-testovanie-sa-podiela-najvyssim-percentom-na-odhaleni-novych-pripadov-infekcie","status":"publish","type":"post","link":"https:\/\/duhovyrok.sk\/qys\/hiv-dobrovolne-testovanie-sa-podiela-najvyssim-percentom-na-odhaleni-novych-pripadov-infekcie\/","title":{"rendered":"HIV: Dobrovo\u013en\u00e9 testovanie sa podie\u013ea najvy\u0161\u0161\u00edm percentom na odhalen\u00ed nov\u00fdch pr\u00edpadov infekcie"},"content":{"rendered":"\n<p>Autor textu: Andrej Kuruc \/ Foto: S\u00fakromn\u00fd arch\u00edv<\/p>\n\n\n\n<p><strong>Medzin\u00e1rodn\u00fd de\u0148 boja proti HIV\/AIDS je 1. decembra. Pri tejto pr\u00edle\u017eitosti sme sa porozpr\u00e1vali s Milo\u0161om \u0160tefan\u010d\u00edkom, ktor\u00fd je predsedom OZ Dom svetla Slovensko.<\/strong><\/p>\n\n\n\n<blockquote class=\"wp-block-quote is-layout-flow wp-block-quote-is-layout-flow\"><p>Arch\u00edvny text sme prv\u00fd raz publikovali v \u010d\u00edsle Zima 2017.<\/p><\/blockquote>\n\n\n\n<p><strong>Ako ste sa dostali k problematike prevencie HIV? <\/strong><\/p>\n\n\n\n<p>Problematike HIV sa venujem od roku 2009. Dostal som sa k nej v \u010cesk\u00e9 spole\u010dnosti AIDS pomoc, kde som riadil projekt financovan\u00fd z E\u00da zameran\u00fd na diskrimin\u00e1ciu HIV pozit\u00edvnych \u013eud\u00ed na trhu pr\u00e1ce. K OZ Dom svetla Slovensko som sa dostal v roku 2015, kedy som sa stal jeho \u010dlenom a bol som zvolen\u00fd za jeho predsedu. Za t\u00fa dobu sme sa sna\u017eili prinies\u0165 programy, ktor\u00e9 sa v zahrani\u010d\u00ed osved\u010dili. Nejde len o akcie pre \u013eud\u00ed \u017eij\u00facich s HIV napr\u00edklad komunitn\u00e9 stretnutia alebo svetlo pre AIDS ako pripomienka obet\u00ed tejto choroby, ale aj o aktivity zameran\u00e9 na prevenciu pre verejnos\u0165 napr\u00edklad prevent\u00edvna elektri\u010dka, Webin\u00e1r o HIV pre \u0161tudentov alebo mobiln\u00e9 testovanie na protil\u00e1tky HIV. <\/p>\n\n\n\n<p><strong>Od kedy funguje organiz\u00e1cia Dom Svetla? Kedy a ako za\u010dala p\u00f4sobi\u0165 na Slovensku? <\/strong><\/p>\n\n\n\n<p>Ob\u010dianske zdru\u017eenie DOM SVETLA SLOVENSKO je pacientska organiz\u00e1cia a vznikla v roku 2012. Zameriavame sa na odstr\u00e1nenie stigmatiz\u00e1cie \u013eud\u00ed HIV+, ich obhajobu a pomoc pri presadzovan\u00ed ich \u013eudsk\u00fdch pr\u00e1v. Na\u0161\u00edm poslan\u00edm je p\u00f4sobi\u0165 v oblasti prevencie HIV\/ AIDS. Zaznamenali sme n\u00e1rast aktiv\u00edt od roku 2015, kedy sme sa zapojili do viacer\u00fdch medzin\u00e1rodn\u00fdch projektov s partnermi v \u010cesku, Po\u013esku a Nemecku. Vyu\u017eili sme overen\u00e9 sk\u00fasenosti zo zahrani\u010dia a za\u010dali ich praktikova\u0165 v Slovensk\u00fdch re\u00e1li\u00e1ch. <\/p>\n\n\n\n<figure class=\"wp-block-image size-large\"><img loading=\"lazy\" decoding=\"async\" width=\"391\" height=\"222\" src=\"https:\/\/duhovyrok.sk\/qys\/wp-content\/uploads\/sites\/2\/2021\/01\/27540670_1657375767690229_3548610410464048239_n.png\" alt=\"\" class=\"wp-image-2368\" srcset=\"https:\/\/duhovyrok.sk\/qys\/wp-content\/uploads\/sites\/2\/2021\/01\/27540670_1657375767690229_3548610410464048239_n.png 391w, https:\/\/duhovyrok.sk\/qys\/wp-content\/uploads\/sites\/2\/2021\/01\/27540670_1657375767690229_3548610410464048239_n-300x170.png 300w\" sizes=\"auto, (max-width: 391px) 100vw, 391px\" \/><figcaption>Foto: DOM SVETLA SLOVENSKO<\/figcaption><\/figure>\n\n\n\n<p><strong>Ak\u00e9 slu\u017eby poskytuje va\u0161a organiz\u00e1cia a pre koho s\u00fa ur\u010den\u00e9? <\/strong><\/p>\n\n\n\n<p>Na\u0161e aktivity m\u00f4\u017eeme rozdeli\u0165 do dvoch skup\u00edn. Zameriavame sa na HIV komunitu a prevent\u00edvne aktivity ur\u010den\u00e9 verejnosti. V r\u00e1mci komunity organizujeme komunitn\u00e9 stretnutia, poradenstvo, sprostredkovanie najnov\u0161\u00edch inform\u00e1ci\u00ed zo sveta, spolupr\u00e1cu v r\u00e1mci pacientskych organiz\u00e1ci\u00ed a pod. Ve\u013emi d\u00f4le\u017eitou \u010das\u0165ou na\u0161ej pr\u00e1ce s\u00fa ale programy zameran\u00e9 na prevenciu \u0161\u00edrenia HIV. Bohu\u017eia\u013e \u017eiadne n\u00e1rodn\u00e9 aktivity a prevent\u00edvne programy neexistuj\u00fa a preto sa sna\u017e\u00edme problematiku HIV prin\u00e1\u0161a\u0165 verejnosti my. Zameriavame sa na predn\u00e1\u0161ky na \u0161kol\u00e1ch, besedy, diskusie, osvetov\u00e9 aktivity na verejnosti alebo testovanie na HIV. Ka\u017ed\u00e1 jedna hodina venovan\u00e1 prevencii n\u00e1m vytv\u00e1ra mo\u017enos\u0165 p\u00f4sobi\u0165 na cie\u013eov\u00e9 skupiny a v ide\u00e1lnom pr\u00edpade zachr\u00e1ni\u0165 jednotlivcov pred n\u00e1kazou HIV.<\/p>\n\n\n\n<p> <strong>Ak\u00e9 m\u00fdty st\u00e1le panuj\u00fa o ochoren\u00ed HIV\/AIDS a ak\u00e9 s\u00fa s\u00fa\u010dasn\u00e9 fakty? <\/strong><\/p>\n\n\n\n<p>Z\u00e1kladn\u00e9 m\u00fdty sp\u00e1jan\u00e9 s HIV s\u00fa, \u017ee je to choroba homosexu\u00e1lov a net\u00fdka sa ostatnej popul\u00e1cie. Ve\u013ek\u00e1 \u010das\u0165 spolo\u010dnosti nepozn\u00e1 rozdiel medzi HIV a AIDS. Gener\u00e1cia s\u00fa\u010dasn\u00fdch \u0161tyridsiatnikov a star\u0161\u00edch je zasiahnut\u00e1 ve\u013ek\u00fdmi kampa\u0148ami, ktor\u00e9 prebehli na konci 80-tych rokov. Do v\u0161eobecn\u00e9ho povedomia sa vrylo, \u017ee HIV je smrte\u013en\u00e9 ochorenie s progn\u00f3zou do\u017eitia p\u00e1r rokov. \u010eal\u0161ie m\u00fdty s\u00fa spojen\u00e9 s cestami prenosu HIV. V \u017eiadnom pr\u00edpade sa nemo\u017eno nakazi\u0165 HIV klasick\u00fdm spolo\u010densk\u00fdm stykom, spolo\u010dn\u00fdm po\u017e\u00edvan\u00edm uter\u00e1kov, poh\u00e1rov, sauny, baz\u00e9nu, u\u0161tipnut\u00edm kom\u00e1rom a pod.. <\/p>\n\n\n\n<p><strong>V \u010dom zlyh\u00e1va zdravotn\u00edcka pomoc pre pacientov a pacientky s HIV? <\/strong><\/p>\n\n\n\n<p>Slovensk\u00e9 zdravotn\u00edctvo zlyh\u00e1va na jednotlivcoch. HIV pozit\u00edvni pacienti musia zo z\u00e1kona informova\u0165 lek\u00e1ra pred z\u00e1krokom o svojej diagn\u00f3ze, \u010dasto sa tak stret\u00e1vaj\u00fa s diskrimin\u00e1ciou \u2013 odmietnut\u00edm o\u0161etrenia. Ve\u013emi \u010dasto sa to st\u00e1va u stomatol\u00f3gov. Ich argument\u00e1cia, \u017ee nie s\u00fa technicky pripraven\u00ed na HIV+ pacientov je virtu\u00e1lna. Denne ich ordin\u00e1ciou prejde mno\u017estvo pacientov, ktor\u00ed o svojej infek\u010dnej chorobe ani nevedia a s\u00fa o\u0161etren\u00ed bez probl\u00e9mov. T\u00fdmto neodborn\u00fdm pr\u00edstupom vytv\u00e1raj\u00fa atmosf\u00e9ru strachu a stigmatiz\u00e1cie, ktor\u00fd v kone\u010dnom d\u00f4sledku vyvol\u00e1va u \u013eud\u00ed obavu \u00eds\u0165 sa otestova\u0165 na infek\u010dn\u00e9 choroby. Aj preto mus\u00edme predpoklada\u0165, \u017ee aj k n\u00e1m doraz\u00ed trend zistenia nov\u00fdch pr\u00edpadov HIV v pokro\u010dilom \u0161t\u00e1diu infekcie alebo po\u010diato\u010dn\u00fdch \u0161t\u00e1di\u00e1ch AIDS, ktor\u00fd m\u00f4\u017eeme sledova\u0165 v Eur\u00f3pe a napr. aj u na\u0161ich z\u00e1padn\u00fdch susedov v \u010cR. \u010casto sa t\u00fdka popul\u00e1cie po 50-ke. <\/p>\n\n\n\n<figure class=\"wp-block-image size-large\"><img loading=\"lazy\" decoding=\"async\" width=\"680\" height=\"1024\" src=\"https:\/\/duhovyrok.sk\/qys\/wp-content\/uploads\/sites\/2\/2021\/01\/Dom_svetla_1-680x1024.jpg\" alt=\"\" class=\"wp-image-2369\" srcset=\"https:\/\/duhovyrok.sk\/qys\/wp-content\/uploads\/sites\/2\/2021\/01\/Dom_svetla_1-680x1024.jpg 680w, https:\/\/duhovyrok.sk\/qys\/wp-content\/uploads\/sites\/2\/2021\/01\/Dom_svetla_1-398x600.jpg 398w, https:\/\/duhovyrok.sk\/qys\/wp-content\/uploads\/sites\/2\/2021\/01\/Dom_svetla_1-1020x1536.jpg 1020w, https:\/\/duhovyrok.sk\/qys\/wp-content\/uploads\/sites\/2\/2021\/01\/Dom_svetla_1-1360x2048.jpg 1360w, https:\/\/duhovyrok.sk\/qys\/wp-content\/uploads\/sites\/2\/2021\/01\/Dom_svetla_1-199x300.jpg 199w, https:\/\/duhovyrok.sk\/qys\/wp-content\/uploads\/sites\/2\/2021\/01\/Dom_svetla_1.jpg 1410w\" sizes=\"auto, (max-width: 680px) 100vw, 680px\" \/><figcaption>Foto: S\u00fakromn\u00fd arch\u00edv<\/figcaption><\/figure>\n\n\n\n<p><strong>Na \u010do si treba d\u00e1va\u0165 pozor v r\u00e1mci prevencie, aby sme sa nenakazili? <\/strong><\/p>\n\n\n\n<p>Je potrebne d\u00e1va\u0165 d\u00f4raz na individu\u00e1lnu osobn\u00fa ochranu. Ka\u017ed\u00fd jednotlivec zodpoved\u00e1 za svoje zdravie. Predstava, \u017ee n\u00e1s bude chr\u00e1ni\u0165 n\u00e1hodn\u00fd sexu\u00e1lny partner alebo partnerka, ktor\u00fdch d\u00f4verne nepozn\u00e1me, je fikcia. Pre v\u00e4\u010d\u0161inu popul\u00e1cie je naj\u010dastej\u0161ia cesta prenosu HIV nechr\u00e1nen\u00fdm pohlavn\u00fdm stykom. \u010eal\u0161ie cesty s\u00fa z matky na die\u0165a, infikovanou krvou alebo zdie\u013ean\u00edm nesteriln\u00fdch ihiel pri injek\u010dnom u\u017e\u00edvan\u00ed drog, pripadne pri tetovan\u00ed, piercingu a pod.. \u0160tatisticky ale prevl\u00e1da nechr\u00e1nen\u00fd pohlavn\u00fd styk. <\/p>\n\n\n\n<p><strong>Otvorili ste nov\u00fd Check point v Bratislave, kde je a na \u010do sl\u00fa\u017ei, ako sa tam dosta\u0165, ohl\u00e1si\u0165? <\/strong><\/p>\n\n\n\n<p>Pri n\u00e1v\u0161tev\u00e1ch u partnerov v zahrani\u010d\u00ed sa \u010dasto rie\u0161i dostupnos\u0165 testovania na HIV v spolo\u010dnosti. Trend nieko\u013ek\u00fdch desa\u0165ro\u010d\u00ed v Eur\u00f3pskom priestore vr\u00e1tane kraj\u00edn Balk\u00e1nu je snaha sprostredkova\u0165 testovanie na HIV pomocou neziskov\u00e9ho sektora. Vl\u00e1dy si u\u017e d\u00e1vno uvedomili, \u017ee cestou \u0161t\u00e1tnych organiz\u00e1ci\u00ed nevedia oslovi\u0165 komunity, ktor\u00e9 s\u00fa vo vy\u0161\u0161om riziku n\u00e1kazy HIV. Dobrovo\u013en\u00e9 testovanie na HIV sa podie\u013ea najvy\u0161\u0161\u00edm percentom na odhalen\u00ed nov\u00fdch pr\u00edpadov infekcie. To n\u00e1s viedlo k my\u0161lienke vytvori\u0165 Checkpoint HIV i na Slovensku. Bohu\u017eia\u013e sa tak nestalo s prispen\u00edm \u0161t\u00e1tu. Jedn\u00e1 sa o najv\u00e4\u010d\u0161\u00ed projekt na\u0161ej organiz\u00e1cie od jej vzniku. Check point s\u00eddli v Ru\u017einove na Babu\u0161kovej 2. Od nov\u00e9ho roka bude v prev\u00e1dzke ka\u017ed\u00fd pracovn\u00fd piatok od 16-19 hodiny. Nie je potrebn\u00e9 sa na test objedn\u00e1va\u0165. Odpor\u00fa\u010dame sa ale pripravi\u0165 na testovanie vyplnen\u00edm predtestov\u00e9ho dotazn\u00edka, ktor\u00fd n\u00e1jdete na na\u0161ich str\u00e1nkach www.domsvetlaslovensko.sk. Jeho cie\u013eom je stanovi\u0165 spr\u00e1vny \u010das na test, aby sme predo\u0161li falo\u0161n\u00e9mu negat\u00edvnemu v\u00fdsledku. Test by sa mal realizova\u0165 po uplynut\u00ed min. 3 mesiacov od rizika.<\/p>\n","protected":false},"excerpt":{"rendered":"<p>1. decembra bol Medzin\u00e1rodn\u00fd de\u0148 boja proti HIV\/AIDS. Pri tejto pr\u00edle\u017eitosti sme<br \/>\nsa porozpr\u00e1vali s Milo\u0161om \u0160tefan\u010d\u00edkom, ktor\u00fd je predsedom OZ Dom svetla Slovensko.<\/p>\n","protected":false},"author":2,"featured_media":2370,"comment_status":"closed","ping_status":"open","sticky":false,"template":"","format":"standard","meta":{"footnotes":""},"categories":[3,6,13],"tags":[19,71,126,185],"class_list":["post-2303","post","type-post","status-publish","format-standard","has-post-thumbnail","hentry","category-partnerstva","category-pribehy-lgbti-ludi","category-viditelnost","tag-aids","tag-hiv","tag-oz-dom-svetla","tag-rozhovor"],"_links":{"self":[{"href":"https:\/\/duhovyrok.sk\/qys\/wp-json\/wp\/v2\/posts\/2303","targetHints":{"allow":["GET"]}}],"collection":[{"href":"https:\/\/duhovyrok.sk\/qys\/wp-json\/wp\/v2\/posts"}],"about":[{"href":"https:\/\/duhovyrok.sk\/qys\/wp-json\/wp\/v2\/types\/post"}],"author":[{"embeddable":true,"href":"https:\/\/duhovyrok.sk\/qys\/wp-json\/wp\/v2\/users\/2"}],"replies":[{"embeddable":true,"href":"https:\/\/duhovyrok.sk\/qys\/wp-json\/wp\/v2\/comments?post=2303"}],"version-history":[{"count":0,"href":"https:\/\/duhovyrok.sk\/qys\/wp-json\/wp\/v2\/posts\/2303\/revisions"}],"wp:featuredmedia":[{"embeddable":true,"href":"https:\/\/duhovyrok.sk\/qys\/wp-json\/wp\/v2\/media\/2370"}],"wp:attachment":[{"href":"https:\/\/duhovyrok.sk\/qys\/wp-json\/wp\/v2\/media?parent=2303"}],"wp:term":[{"taxonomy":"category","embeddable":true,"href":"https:\/\/duhovyrok.sk\/qys\/wp-json\/wp\/v2\/categories?post=2303"},{"taxonomy":"post_tag","embeddable":true,"href":"https:\/\/duhovyrok.sk\/qys\/wp-json\/wp\/v2\/tags?post=2303"}],"curies":[{"name":"wp","href":"https:\/\/api.w.org\/{rel}","templated":true}]}}