{"id":2280,"date":"2017-07-12T11:00:51","date_gmt":"2017-07-12T09:00:51","guid":{"rendered":"https:\/\/qys.sk\/?p=2280"},"modified":"2021-03-18T09:25:18","modified_gmt":"2021-03-18T08:25:18","slug":"teple-spravy-zo-sveta-nemecko-a-malta-vykrocili-k-rovnopravnosti","status":"publish","type":"post","link":"https:\/\/duhovyrok.sk\/qys\/teple-spravy-zo-sveta-nemecko-a-malta-vykrocili-k-rovnopravnosti\/","title":{"rendered":"Tepl\u00e9 spr\u00e1vy zo sveta: Nemecko a Malta vykro\u010dili k rovnopr\u00e1vnosti"},"content":{"rendered":"\n<p><strong>Text: Martin Macko \/ Ilustra\u010dn\u00e1 fotografia: flickr.com<\/strong><\/p>\n\n\n\n<blockquote class=\"wp-block-quote is-layout-flow wp-block-quote-is-layout-flow\"><p>Arch\u00edvny text sme prv\u00fd raz publikovali v \u010d\u00edsle Leto 2017.<\/p><\/blockquote>\n\n\n\n<p>V Nemecku mali LGBTI p\u00e1ry u\u017e od roku 2001 mo\u017enos\u0165 uzavrie\u0165 \u017eivotn\u00e9 partnerstv\u00e1 a verejn\u00e1 mienka bola u\u017e roky naklonen\u00e1 aj spr\u00edstupneniu man\u017eelstva pre nich. <\/p>\n\n\n\n<p>Rovnako v\u0161etky s\u00fa\u010dasn\u00e9 parlamentn\u00e9 strany s v\u00fdnimkou strany CDU kancel\u00e1rky Angely Merkel a najm\u00e4 jej bavorskej katol\u00edckej \u010dasti CSU. Napriek tomu, \u017ee v parlamente existovala v\u00e4\u010d\u0161ina za man\u017eelstv\u00e1 pre v\u0161etk\u00fdch, Soci\u00e1lnodemokratick\u00e1 strana Nemecka (SPD) bola viazan\u00e1 koali\u010dnou zmluvou s CDU a nemohla hlasova\u0165 za tak\u00fdto z\u00e1kon. <\/p>\n\n\n\n<p>A\u017e potom ako predseda SPD Martin Schultz vyhl\u00e1sil, \u017ee podmienkou jeho strany pre vstup do \u010fal\u0161ej vl\u00e1dnej koal\u00edcie bude prijatie man\u017eelstiev pre v\u0161etk\u00fdch a spravil z tejto ot\u00e1zky jeden z hlavn\u00fdch bodov ich volebn\u00e9ho programu, kancel\u00e1rka Merkelov\u00e1 ust\u00fapila. <\/p>\n\n\n\n<p>Vyhl\u00e1sila hlasovanie o tomto z\u00e1kone za ot\u00e1zku svedomia jej poslancov a t\u00ed mohli tak hlasova\u0165 vo\u013ene bez z\u00e1v\u00e4zn\u00e9ho stanoviska strany. V\u00fdsledkom bolo prijatie z\u00e1kona v priebehu p\u00e1r dn\u00ed. Malta je mal\u00fd ostrovn\u00fd \u0161t\u00e1t, kde sa 98 % obyvate\u013estva hl\u00e1si ku katol\u00edckej viere. <\/p>\n\n\n\n<p>Najv\u00e4\u010d\u0161ia LGBT organiz\u00e1cia MGRM tu vznikla len v roku 2001 a v roku 2006 podporovalo man\u017eelstvo pre p\u00e1ry rovnak\u00e9ho pohlavia 18 % \u013eud\u00ed. Vyoutova\u0165 sa pred niek\u00fdm znamenalo na tak malom ostrove vyoutova\u0165 sa pred v\u0161etk\u00fdmi. A tak v\u00e4\u010d\u0161ina LGBT \u013eud\u00ed ne\u017eila otvorene. Malta m\u00e1 v\u0161ak v\u00fdhodu, \u017ee je s\u00fa\u010das\u0165ou anglicky hovoriaceho sveta a ve\u013emi ju ovplyvnil pozit\u00edvny v\u00fdvoj vo Ve\u013ekej Brit\u00e1nii. <\/p>\n\n\n\n<p>\u013dudia na Malte uvideli, \u017ee po prijat\u00ed registrovan\u00fdch partnerstiev alebo man\u017eelstiev nenastal v in\u00fdch krajin\u00e1ch \u017eiadny negat\u00edvny v\u00fdvoj a najm\u00e4 samotn\u00ed \u013eudia z komunity za\u010dali by\u0165 vidite\u013enej\u0161\u00ed a ka\u017ed\u00fd\/\u00e1 tak zrazu mal v rodine, pr\u00e1ci alebo medzi svojimi priate\u013emi lesbu \u010di geja. <\/p>\n\n\n\n<p>Podpora registrovan\u00fdch partnerstiev dosiahla v roku 2013 takmer 70 % a nov\u00e1 soci\u00e1lnodemokratick\u00e1 vl\u00e1da ich presadila v nasleduj\u00facom roku. Podobne ako v \u00cdrsku sl\u00fa\u017eili registrovan\u00e9 partnerstv\u00e1 ako d\u00f4kaz pre v\u00e4\u010d\u0161inu, \u017ee p\u00e1ry rovnak\u00e9ho pohlavia maj\u00fa rovnak\u00e9 hodnoty, \u017ee ich nechc\u00fa nikomu upiera\u0165 ale prida\u0165 sa k nim. <\/p>\n\n\n\n<p>Podpora pre man\u017eelstv\u00e1 tak nar\u00e1stla v roku 2016 na 61 % a staronov\u00e1 vl\u00e1da prijala pr\u00edslu\u0161n\u00fd z\u00e1kon ako prv\u00fd po parlamentn\u00fdch vo\u013eb\u00e1ch v tomto roku. \u010ce\u010densko je u\u017e desa\u0165ro\u010dia dejiskom hrub\u00e9ho poru\u0161ovania \u013eudsk\u00fdch pr\u00e1v. <\/p>\n\n\n\n<p>Nielen, \u017ee tu platia rusk\u00e9 z\u00e1kony namieren\u00e9 proti LGBT \u013eu\u010fom, ale re\u017eim Ramzana Kadyrova s po\u017eehnan\u00edm Vladim\u00edra Putina kooptoval interpret\u00e1ciu moslimsk\u00fdch tradi\u010dn\u00fdch hodn\u00f4t od radik\u00e1lnych islamistov s cie\u013eom vytla\u010di\u0165 ich do \u00fazadia. <\/p>\n\n\n\n<p>V apr\u00edli vy\u0161lo najavo, \u017ee re\u017eim za\u010dal rozsiahlu kampa\u0148 vo\u010di mu\u017eom gejom, ich zat\u00fdkanie, intern\u00e1ciu v t\u00e1boroch, \u010di dokonca vra\u017edy. Viacer\u00e9 medzin\u00e1rodn\u00e9 organiz\u00e1cie za\u010dali situ\u00e1ciu pre\u0161etrova\u0165. Viacer\u00e9 eur\u00f3pske krajiny pon\u00fakli azyl pre LGBT \u013eud\u00ed z \u010ce\u010denska. Kadyrov zatia\u013e medzin\u00e1rodn\u00fa kritiku odbavuje kon\u0161tatovan\u00edm, \u017ee v \u010ce\u010densku ne\u017eij\u00fa \u017eiadni homosexu\u00e1li.<\/p>\n","protected":false},"excerpt":{"rendered":"<p>V Nemecku mali LGBTI p\u00e1ry u\u017e od roku 2001 mo\u017enos\u0165 uzavrie\u0165 \u017eivotn\u00e9 partnerstv\u00e1 a verejn\u00e1 mienka bola u\u017e roky naklonen\u00e1 aj spr\u00edstupneniu man\u017eelstva pre nich. <\/p>\n","protected":false},"author":8,"featured_media":2281,"comment_status":"closed","ping_status":"open","sticky":false,"template":"","format":"standard","meta":{"footnotes":""},"categories":[261,3,6,9,13],"tags":[102,111,208,229],"class_list":["post-2280","post","type-post","status-publish","format-standard","has-post-thumbnail","hentry","category-komentare-a-analyzy","category-partnerstva","category-pribehy-lgbti-ludi","category-queer-historia","category-viditelnost","tag-lgbti","tag-malta","tag-teple-spravy","tag-zo-sveta"],"_links":{"self":[{"href":"https:\/\/duhovyrok.sk\/qys\/wp-json\/wp\/v2\/posts\/2280","targetHints":{"allow":["GET"]}}],"collection":[{"href":"https:\/\/duhovyrok.sk\/qys\/wp-json\/wp\/v2\/posts"}],"about":[{"href":"https:\/\/duhovyrok.sk\/qys\/wp-json\/wp\/v2\/types\/post"}],"author":[{"embeddable":true,"href":"https:\/\/duhovyrok.sk\/qys\/wp-json\/wp\/v2\/users\/8"}],"replies":[{"embeddable":true,"href":"https:\/\/duhovyrok.sk\/qys\/wp-json\/wp\/v2\/comments?post=2280"}],"version-history":[{"count":1,"href":"https:\/\/duhovyrok.sk\/qys\/wp-json\/wp\/v2\/posts\/2280\/revisions"}],"predecessor-version":[{"id":2646,"href":"https:\/\/duhovyrok.sk\/qys\/wp-json\/wp\/v2\/posts\/2280\/revisions\/2646"}],"wp:featuredmedia":[{"embeddable":true,"href":"https:\/\/duhovyrok.sk\/qys\/wp-json\/wp\/v2\/media\/2281"}],"wp:attachment":[{"href":"https:\/\/duhovyrok.sk\/qys\/wp-json\/wp\/v2\/media?parent=2280"}],"wp:term":[{"taxonomy":"category","embeddable":true,"href":"https:\/\/duhovyrok.sk\/qys\/wp-json\/wp\/v2\/categories?post=2280"},{"taxonomy":"post_tag","embeddable":true,"href":"https:\/\/duhovyrok.sk\/qys\/wp-json\/wp\/v2\/tags?post=2280"}],"curies":[{"name":"wp","href":"https:\/\/api.w.org\/{rel}","templated":true}]}}