{"id":2270,"date":"2017-07-12T10:21:33","date_gmt":"2017-07-12T08:21:33","guid":{"rendered":"https:\/\/qys.sk\/?p=2270"},"modified":"2021-03-18T09:25:36","modified_gmt":"2021-03-18T08:25:36","slug":"michal19-o-vztahoch-sa-s-mamou-vobec-nerozpravam","status":"publish","type":"post","link":"https:\/\/duhovyrok.sk\/qys\/michal19-o-vztahoch-sa-s-mamou-vobec-nerozpravam\/","title":{"rendered":"Michal(19): O vz\u0165ahoch sa s mamou v\u00f4bec nerozpr\u00e1vam"},"content":{"rendered":"\n<p><strong>Text: Ria Gehrerov\u00e1 \/ Foto: S\u00fakromn\u00fd arch\u00edv<\/strong><\/p>\n\n\n\n<blockquote class=\"wp-block-quote is-layout-flow wp-block-quote-is-layout-flow\"><p>Arch\u00edvny text sme prv\u00fd raz publikovali v \u010d\u00edsle Leto 2017<\/p><\/blockquote>\n\n\n\n<p>V\u0161etci vedeli, \u017ee je gej. Pol roka randil s diev\u010da\u0165om a nakoniec si s\u013e\u00fabil, \u017ee tak\u00fa chybu u\u017e nikdy neurob\u00ed. \u201cS moj\u00edm vzh\u013eadom, vystupovan\u00edm<br>a m\u00e1chaj\u00facimi ru\u010di\u010dkami to len tak nezakryjem,\u201d smeje sa Michal. Jeho<br>priatelia vedeli, \u017ee je gej, u\u017e ke\u010f mal dvan\u00e1s\u0165. Objavovali to zarovno<br>s n\u00edm. \u201cAkoby som presko\u010dil tak\u00fd ten ofici\u00e1lny coming out, lebo \u013eudia u\u017e si<br>to uvedomovali v tom \u010dase ako ja,\u201d spom\u00edna si Michal. <\/p>\n\n\n\n<p>Dnes m\u00e1 19 a pr\u00e1ve ukon\u010dil prv\u00fd rok na architekt\u00fare. V\u017edy bol jednotk\u00e1r, bif\u013eoval sa, chodil na najr\u00f4znej\u0161ie s\u00fa\u0165a\u017ee. A dnes sed\u00ed cel\u00e9 dni za knihami a rysuje. Tvrd\u00ed, \u017ee je workoholik. Jeho priatelia s jeho orient\u00e1ciou nikdy  nemali probl\u00e9m. Brali ju v\u0161ak trocha senza\u010dne, a tak na jeho orient\u00e1ciu st\u00e1le upozor\u0148ovali a sna\u017eili sa ho zoznamova\u0165 s \u010fal\u0161\u00edmi gejmi. \u201cBolo otravn\u00e9. U\u017e som to nebol ja, ale bol som len ten tepl\u00fd,\u201d hovor\u00ed Michal.<\/p>\n\n\n\n<p>Po\u010das strednej \u0161koly odi\u0161iel na rok \u0161tudova\u0165 do Anglicka. Bol r\u00e1d, \u017ee zmenil prostredie. A na dia\u013eku sa svojich kamar\u00e1tov pok\u00fasil zmias\u0165 svojou novou priate\u013ekou. Bol to v\u0161ak vz\u0165ah iba na oko a v\u00f4bec nefungoval. \u201cNajhor\u0161ie bolo, \u017ee aj moja priate\u013eka sa ma e\u0161te predt\u00fdm, ako sme spolu za\u010dali chodi\u0165, sp\u00fdtala, \u010di n\u00e1hodou nie som tepl\u00fd,\u201d smeje sa dnes Michal.<\/p>\n\n\n\n<p>Kamar\u00e1tov sa mu nepodarilo presved\u010di\u0165. Neuverili mu ani to, \u017ee je bisexu\u00e1lny. Poznali ho pr\u00edli\u0161 dlho a pr\u00edli\u0161 dobre. \u201cKe\u010f som sa vr\u00e1til na Slovensko, tak som si povedal, \u017ee ka\u0161lem na to. Aj ke\u010f o mne bud\u00fa \u013eudia hovori\u0165, nebudem sa na ni\u010d hra\u0165,\u201d vysvet\u013euje Michal. V sedemn\u00e1stich u\u017e bol odhodlan\u00fd,  \u017ee tak\u00fa hl\u00fapos\u0165 u\u017e nikdy neurob\u00ed.<\/p>\n\n\n\n<p>S mamou sa o vz\u0165ahoch nebav\u00edme <\/p>\n\n\n\n<p>K\u00fdm coming out pred priate\u013emi bol v podstate jednoduch\u00fd, doma sa odohrala trocha v\u00e4\u010d\u0161ia dr\u00e1ma. Mama sa o jeho orient\u00e1cii dozvedela, ke\u010f mal asi p\u00e4tn\u00e1s\u0165. Zrejme od dc\u00e9ry, ktor\u00e1 to vedela u\u017e d\u00e1vno. Michal si spom\u00edna, ako pri sestre sed\u00e1val v k\u00fape\u013eni, ke\u010f sa k\u00fapala, a rozpr\u00e1val jej o chalanoch. Boli si ve\u013emi bl\u00edzki. <\/p>\n\n\n\n<p>\u201cCh\u00e1pala to. Mala ve\u013ea tepl\u00fdch kamo\u0161ov,\u201d hovor\u00ed Michal. Mama to v\u0161ak niesla o \u010doci \u0165a\u017e\u0161ie. \u201cTo bol v\u00fdstup ako z filmu. Sedel som za stolom, bol som na po\u010d\u00edta\u010di a mama mi zrazu vykopne dvere do izby a \u00faplne agres\u00edvne sa ma sp\u00fdta: Ty si mysl\u00ed\u0161, \u017ee sex s chlapcom je lep\u0161\u00ed ako s diev\u010da\u0165om?\u201d Michal spo\u010diatku nevedel ako reagova\u0165. <\/p>\n\n\n\n<p>\u201cNa to ti neviem odpoveda\u0165,\u201d povedal. Nesk\u00f4r v\u0161ak pokra\u010doval. \u201cJe to m\u00f4j \u017eivot. A mo\u017eno si to aj mysl\u00edm.\u201d Mama mu za\u010dala dohov\u00e1ra\u0165, \u017ee v takom mladom veku si takou v\u00e1\u017enou vecou predsa nem\u00f4\u017ee by\u0165 ist\u00fd. \u201cU\u017e v trin\u00e1stich alebo \u0161trn\u00e1stich som sa pritom bozk\u00e1val s chalanmi a vedel som, \u017ee \u00e1no, to som ja. <\/p>\n\n\n\n<p>Ona to ale neprijala a viac menej odvtedy sa o tom nerozpr\u00e1vame,\u201d hovor\u00ed Michal. S mamou v\u0161ak vych\u00e1dza ve\u013emi dobre. \u201cM\u00e1m ju ve\u013emi r\u00e1d. Aj ona ma m\u00e1 rada. Ale ke\u010f pr\u00edde na t\u00e9mu vz\u0165ahov, l\u00e1sky, je to tabu,\u201d hovor\u00ed Michal. Ke\u010f naposledy pri\u0161iel domov s cucflekom, mama sa ho sp\u00fdtala, \u010di to m\u00e1 od diev\u010da\u0165a. Michal jej iba otr\u00e1vene odvrkol, \u017ee \u201cna tak\u00fa blb\u00fa ot\u00e1zku fakt nebude odpoveda\u0165\u201d. <\/p>\n\n\n\n<p>T\u00e9ma sa t\u00fdm uzavrela. K otcovi mohol pr\u00eds\u0165 aj s priate\u013eom Michalovi rodi\u010dia spolu ne\u017eij\u00fa od jeho deviatich rokov. Coming out pred otcom preto za\u017eil inokedy a vyzeral \u00faplne inak. \u201cMinul\u00e9 leto sme boli na pl\u00e1\u017ei a povedal som mu, \u017ee \u00e1no, som tepl\u00fd,\u201d hovor\u00ed Michal. \u201cJa u\u017e som to vedel, ke\u010f si mal trin\u00e1s\u0165,\u201d odpovedal mu otec. Michal si mysl\u00ed, \u017ee jeho otec to vzal \u013eah\u0161ie najm\u00e4 preto, \u017ee je sc\u00e9nograf a kostym\u00e9r a v tejto oblasti pracuje mno\u017estvo homosexu\u00e1lov. <\/p>\n\n\n\n<p>\u201cZ vlastnej sk\u00fasenosti vedel, \u017ee homosexu\u00e1li s\u00fa super \u013eudia &#8211; aj ako priatelia, aj ako pomoc, aj v pr\u00e1ci,\u201d hovor\u00ed Michal. K otcovi si dokonca mohol prinies\u0165 aj svojho priate\u013ea. Pred otcom sa nemusel tv\u00e1ri\u0165, \u017ee ide len o kamar\u00e1ta.<\/p>\n\n\n\n<h2 class=\"wp-block-heading\">N\u00e1jde\u0161 si diev\u010da. Alebo chlapca. <\/h2>\n\n\n\n<p>Cel\u00e1 Michalova rodina m\u00e1 umeleck\u00e9 korene. Jeho babka napr\u00edklad vyu\u010duje hru na klav\u00edri. \u201cZa\u017eila stra\u0161ne ve\u013ea homosexu\u00e1lov. M\u00e1 s nimi dobr\u00fa sk\u00fasenos\u0165 a sama vie, \u017ee s\u00fa to dobr\u00ed \u013eudia. Dokonca hovor\u00ed, \u017ee tepl\u00ed citia hudbu lep\u0161ie ne\u017e heterosexu\u00e1li,\u201d smeje sa Michal. Vie, \u017ee to najsk\u00f4r nebude pravda. Aj s \u0148ou pre\u0161iel tak\u00fdm mal\u00fdm coming outom. <\/p>\n\n\n\n<p>Minul\u00e9 leto sa jej s\u0165a\u017eoval, \u017ee sa chyst\u00e1 na v\u00fdlet, kde nikoho nepozn\u00e1, a nevie, \u010do tam bude robi\u0165. \u201cA ona povedala, \u017ee urob to ako tvoj str\u00fdko, on si v\u017edy na dovolenke na\u0161iel nejak\u00e9 diev\u010da. Aj ty si nejak\u00e9 m\u00f4\u017ee\u0161 n\u00e1js\u0165. Alebo chlapca.\u201d <\/p>\n\n\n\n<p>Michala to prekvapilo, s babkou sa na tom akur\u00e1t zasmiali, ale obaja vedeli, \u017ee druh\u00fa mo\u017enos\u0165 nedodala iba tak. S priate\u013eom sa na ulici dr\u017eali za ruky. Ke\u010f sa Michala op\u00fdtam, \u010di sa na ulici neb\u00e1l chyti\u0165 svojho priate\u013ea za ruku, za\u010dne sa smia\u0165. \u201cJa som to robil u\u017e minim\u00e1lne stokr\u00e1t. S priate\u013eom sme be\u017ene chodili po Obchodnej ulici, po parku alebo do kaviarn\u00ed a dr\u017eali sme sa za ruky,\u201d hovor\u00ed Michal.<\/p>\n\n\n\n<p>V \u010dase, ke\u010f mal priate\u013ea, tak spolu chodili takmer v\u0161ade a ob\u010das stret\u00e1vali aj \u010fal\u0161ie tepl\u00e9 p\u00e1ry, ktor\u00e9 sa dr\u017eali za ruky. \u201cNikto na n\u00e1s zle ani nepozrel,\u201d hovor\u00ed Michal. \u201cNeviem, \u010di \u017eijem v nejakej \u010dudnej bubline, ale m\u00e1m len dobr\u00e9 sk\u00fasenosti.\u201d <\/p>\n\n\n\n<p>Na bratislavskom d\u00fahovom pochode Michal zatia\u013e nebol. Vraj po\u010dul hororov\u00e9 pr\u00edbehy o \u010d\u00edhaj\u00facich chlapcoch v kanad\u00e1ch a bomber\u00e1ch\u2026 Za pr\u00e1va LGBT \u013eud\u00ed u\u017e v\u0161ak pochodoval v Manchestri, Liverpoole alebo vo Viedni. <\/p>\n\n\n\n<p>\u201cV Liverpoole to bolo skvel\u00e9. Mali tam st\u00e1nky, koloto\u010de, p\u00f3dium s diskot\u00e9kou. Boli tam heterosexu\u00e1lne rodiny s de\u0165mi a jedna pani mi hovorila, \u017ee ona rada berie svoje deti na Pride, lebo \u017ee ich chce u\u017e od narodenia u\u010di\u0165, \u017ee je to norm\u00e1lne a \u017ee tepl\u00ed s\u00fa len \u010fal\u0161\u00ed \u013eudia v dave,\u201d hovor\u00ed Michal. <\/p>\n\n\n\n<p>Aj on by mo\u017eno raz chcel ma\u0165 deti. V pr\u00edpade, \u017ee by rodinu vedel sk\u013abi\u0165 so svoj\u00edm workoholizmom. V opa\u010dnom pr\u00edpade, by rodinu rad\u0161ej nemal, aby netrpela. Ak by sa v\u0161ak rozhodol zalo\u017ei\u0165 si rodinu, u\u017e aj vie, ak\u00e9 meno by dal svojmu synovi. Wilhelm alebo Flavien. \u201cViem, \u017ee s\u00fa to \u0161ialen\u00e9 men\u00e1. Aj moji kamar\u00e1ti si myslia, \u017ee tie men\u00e1 by boli pre deti sk\u00f4r trest. Ale mne sa p\u00e1\u010dia.\u201d smeje sa Michal. <\/p>\n\n\n\n<blockquote class=\"wp-block-quote is-layout-flow wp-block-quote-is-layout-flow\"><p><strong>Medzi niektor\u00e9 rizik\u00e1\/d\u00f4sledky coming outu, na ktor\u00e9 sa treba pripravi\u0165, patria: <\/strong><\/p><p>\u2022 nie ka\u017ed\u00fd \u010dlovek bude ch\u00e1pav\u00fd a bude v\u00e1s akceptova\u0165, <\/p><p>\u2022 rodinn\u00ed pr\u00edslu\u0161n\u00edci, priatelia \/ priate\u013eky a spolupracovn\u00edci \/ spolupracovn\u00ed\u010dky m\u00f4\u017eu by\u0165 \u0161okovan\u00ed\/\u0161okovan\u00e9, <\/p><p>\u2022 niektor\u00e9 vz\u0165ahy sa m\u00f4\u017eu zmeni\u0165, <\/p><p>\u2022 m\u00f4\u017eete za\u017ei\u0165 ob\u0165a\u017eovanie, diskrimin\u00e1ciu alebo n\u00e1silie, <\/p><p>\u2022 m\u00f4\u017eu v\u00e1s vyhodi\u0165 z domu, <\/p><p>\u2022 m\u00f4\u017eete strati\u0165 pr\u00e1cu, <\/p><p>\u2022 m\u00f4\u017eete pr\u00eds\u0165 o finan\u010dn\u00fa podporu od rodi\u010dov, <\/p><p>\u2022 budete sa musie\u0165 finan\u010dne podporova\u0165 vlastn\u00fdmi silami, <\/p><p>\u2022 m\u00f4\u017eete by\u0165 izolovan\u00ed od in\u00fdch zdrojov emocion\u00e1lnej a soci\u00e1lnej podpory, <\/p><p>\u2022 m\u00f4\u017eu v\u00e1s n\u00fati\u0165 podst\u00fapi\u0165 terapiu s cie\u013eom zmeny orient\u00e1cie alebo transrodovej indetity at\u010f.<\/p><\/blockquote>\n","protected":false},"excerpt":{"rendered":"<p>V\u0161etci vedeli, \u017ee je gej. Pol roka randil s diev\u010da\u0165om a nakoniec si s\u013e\u00fabil, \u017ee tak\u00fa chybu u\u017e nikdy neurob\u00ed. \u201cS moj\u00edm vzh\u013eadom, vystupovan\u00edm<br \/>\na m\u00e1chaj\u00facimi ru\u010di\u010dkami to len tak nezakryjem,\u201d smeje sa Michal.<\/p>\n","protected":false},"author":4,"featured_media":2271,"comment_status":"closed","ping_status":"open","sticky":false,"template":"","format":"standard","meta":{"footnotes":""},"categories":[2,6,259,13],"tags":[38,185],"class_list":["post-2270","post","type-post","status-publish","format-standard","has-post-thumbnail","hentry","category-comingout","category-pribehy-lgbti-ludi","category-rozhovory","category-viditelnost","tag-comingout","tag-rozhovor"],"_links":{"self":[{"href":"https:\/\/duhovyrok.sk\/qys\/wp-json\/wp\/v2\/posts\/2270","targetHints":{"allow":["GET"]}}],"collection":[{"href":"https:\/\/duhovyrok.sk\/qys\/wp-json\/wp\/v2\/posts"}],"about":[{"href":"https:\/\/duhovyrok.sk\/qys\/wp-json\/wp\/v2\/types\/post"}],"author":[{"embeddable":true,"href":"https:\/\/duhovyrok.sk\/qys\/wp-json\/wp\/v2\/users\/4"}],"replies":[{"embeddable":true,"href":"https:\/\/duhovyrok.sk\/qys\/wp-json\/wp\/v2\/comments?post=2270"}],"version-history":[{"count":1,"href":"https:\/\/duhovyrok.sk\/qys\/wp-json\/wp\/v2\/posts\/2270\/revisions"}],"predecessor-version":[{"id":2648,"href":"https:\/\/duhovyrok.sk\/qys\/wp-json\/wp\/v2\/posts\/2270\/revisions\/2648"}],"wp:featuredmedia":[{"embeddable":true,"href":"https:\/\/duhovyrok.sk\/qys\/wp-json\/wp\/v2\/media\/2271"}],"wp:attachment":[{"href":"https:\/\/duhovyrok.sk\/qys\/wp-json\/wp\/v2\/media?parent=2270"}],"wp:term":[{"taxonomy":"category","embeddable":true,"href":"https:\/\/duhovyrok.sk\/qys\/wp-json\/wp\/v2\/categories?post=2270"},{"taxonomy":"post_tag","embeddable":true,"href":"https:\/\/duhovyrok.sk\/qys\/wp-json\/wp\/v2\/tags?post=2270"}],"curies":[{"name":"wp","href":"https:\/\/api.w.org\/{rel}","templated":true}]}}