{"id":2256,"date":"2018-07-11T09:33:00","date_gmt":"2018-07-11T07:33:00","guid":{"rendered":"https:\/\/qys.sk\/?p=2256"},"modified":"2021-03-18T09:20:59","modified_gmt":"2021-03-18T08:20:59","slug":"laska-ucta-a-solidarita-viedensky-pride-tak-blizko-a-pritom-tak-daleko","status":"publish","type":"post","link":"https:\/\/duhovyrok.sk\/qys\/laska-ucta-a-solidarita-viedensky-pride-tak-blizko-a-pritom-tak-daleko\/","title":{"rendered":"L\u00e1ska, \u00facta a solidarita. Viedensk\u00fd PRIDE tak bl\u00edzko a pritom tak \u010faleko"},"content":{"rendered":"\n<p><strong>Autor textu: Robert Pakan \/ Foto: Jakub Kov\u00e1\u010d<\/strong><\/p>\n\n\n\n<blockquote class=\"wp-block-quote is-layout-flow wp-block-quote-is-layout-flow\"><p>Arch\u00edvny text sme prv\u00fd raz publikovali v \u010d\u00edsle Leto 2018.<\/p><\/blockquote>\n\n\n\n<p>Z Bratislavy a zo Slovenska je to len k\u00fasok. Sta\u010d\u00ed hodina autobusom, \u010di vlakom a ste tam. Vzduch \u010derstvej\u0161\u00ed, tr\u00e1va zelen\u0161ia a atmosf\u00e9ra d\u00fahovej\u0161ia, slobodnej\u0161ia. Aj tak\u00fdto je PRIDE vo Viedni.<\/p>\n\n\n\n<p>23. ro\u010dn\u00edk Viedensk\u00e9ho PRIDEu (<em>Wiener Regenbogenparade<\/em>) sa u\u017e tradi\u010dne konal druh\u00fd j\u00fanov\u00fd t\u00fd\u017ede\u0148. \u00da\u010das\u0165 prekonala o\u010dak\u00e1vania organiz\u00e1torov a organiz\u00e1toriek a dosiahla vy\u0161e 200 000 \u013eud\u00ed.<\/p>\n\n\n\n<p>U\u017e ako obvykle d\u00fahov\u00fd pochod sa hadil cel\u00fdm Ringom a tak trochu metaforicky i\u0161iel&nbsp; v protismere. Kr\u00e1\u010da sa samozrejme v tanci. Rak\u00fa\u0161ania a Rak\u00fa\u0161anky toti\u017e PRIDEom u\u017e oslavuj\u00fa. Aj v uplynulom roku mali \u010do sl\u00e1vi\u0165 v ot\u00e1zke pr\u00e1v LGBTI os\u00f4b. Rak\u00fasky \u00dastavn\u00fd s\u00fad toti\u017e zru\u0161il pr\u00e1vne ustanovenia, ktor\u00e9 diskriminuj\u00fa p\u00e1ry opa\u010dn\u00e9ho aj rovnak\u00e9ho pohlavia. V bud\u00facnosti aj rovnakopohlavn\u00e9 p\u00e1ry bud\u00fa m\u00f4c\u0165 uzavrie\u0165 man\u017eelstvo. \u00dastavn\u00fd s\u00fad svoj\u00edm rozhodnut\u00edm zo 4. decembra 2017 zru\u0161il tie pr\u00e1vne predpisy, ktor\u00e9 v s\u00fa\u010dasnosti popieraj\u00fa man\u017eelstv\u00e1 pre p\u00e1ry rovnak\u00e9ho pohlavia. Vo svojom od\u00f4vodnen\u00ed s\u00fad uv\u00e1dza, \u017ee tento krok je zalo\u017een\u00fd na z\u00e1sade rovnak\u00e9ho zaobch\u00e1dzania. Zru\u0161enie nadob\u00fada \u00fa\u010dinnos\u0165 k 31. decembru 2018. K rovnak\u00e9mu d\u00e1tumu bude in\u0161tit\u00fat registrovan\u00e9ho partnerstva otvoren\u00fd aj pre p\u00e1ry opa\u010dn\u00e9ho pohlavia.<\/p>\n\n\n\n<p>&#8222;<em>Ale to nie je koniec<\/em>,&#8220; dod\u00e1va predseda HOSI (Homosexuelle Initiative) Viede\u0148 Moritz Yvon. &#8222;<em>Aj ke\u010f m\u00e1me tento rok d\u00f4vod na oslavu, je e\u0161te ve\u013ea pr\u00e1ce, preto\u017ee predsudky a nen\u00e1vis\u0165 s\u00fa na\u010falej pr\u00edtomn\u00e9 a dokonca aj fyzick\u00e9 \u00fatoky s\u00fa e\u0161te st\u00e1le be\u017en\u00e9.<\/em>\u201d Preto je namieste st\u00e1le pripom\u00edna\u0165 motto tohtoro\u010dn\u00e9ho viedensk\u00e9ho d\u00fahov\u00e9 PRIDEu a to: \u201c<em>L\u00e1ska, \u00facta a Solidarita.<\/em>\u201d<\/p>\n\n\n\n<p>PRIDE za\u010d\u00edna pred Radnicou a tiahne sa cel\u00fdm Ringom sp\u00e4\u0165 do bodu A. Pod radni\u010dnou ve\u017eou bola pripraven\u00e1 PRIDE dedina so st\u00e1nkami a p\u00f3diom pre re\u010dn\u00edkov. Vystriedali sa viacer\u00ed rak\u00faski politici a politi\u010dky a nesmela ch\u00fdba\u0165 ani rak\u00faska Diva Conchita Wurst. Po PRIDE sa konala afterparty s koncertami r\u00f4znych kapiel.<\/p>\n\n\n\n<figure class=\"wp-block-image size-large\"><img decoding=\"async\" src=\"https:\/\/qys.sk\/wp-content\/uploads\/2021\/01\/Pride-viden-4-1024x683.jpg\" alt=\"\" class=\"wp-image-2257\" \/><figcaption>Foto: Jakub Kov\u00e1\u010d<\/figcaption><\/figure>\n\n\n\n<p>Cel\u00fd pochod je pln\u00fd n\u00e1padit\u00fdch alegorick\u00fdch vozov, performorov a perforeriek, r\u00f4znych t\u00e9matick\u00fdch skup\u00edn a farebn\u00fdch z\u00e1\u017eitkov. U\u017e tradi\u010dne nieko\u013eko vozov je venovan\u00fdch lesbick\u00fdm a gejsk\u00fdm rodi\u010dom s ich de\u0165mi. Nech\u00fdbaj\u00fa aj etnick\u00e9 alebo n\u00e1rodnostn\u00e9 men\u0161iny. PRIDE m\u00e1 ve\u013ea \u010dast\u00ed pln\u00fdch r\u00f4znym form\u00e1m sexu\u00e1lnych preferenci\u00ed. Nech\u00fdbaj\u00fa asexu\u00e1li, bisexu\u00e1li, nebin\u00e1rni \u013eudia. A pote\u0161il aj z\u00e1prah dvan\u00e1stich p\u00e1rov \u013eud\u00ed v ko\u017een\u00fdch postrojoch s n\u00e1hubkami, tak typick\u00fd pre viedensk\u00fa soci\u00e9tu.<\/p>\n\n\n\n<p>V neposlednom rade, ned\u00e1 mi nespomen\u00fa\u0165 aj v\u00ed\u0165aza pochodu, a to skupinu transrodov\u00fdch \u013eud\u00ed, ktor\u00ed boli oble\u010den\u00ed cel\u00ed v&nbsp;\u010diernom. Demon\u0161trovali tak proti n\u00faten\u00fdm kastr\u00e1ci\u00e1m a mu\u010deniu transrodov\u00fdch \u013eud\u00ed. Cenu si zasl\u00fa\u017eili, ale ost\u00e1va len prian\u00edm, aby transrodov\u00ed \u013eudia u\u017e op\u00e4\u0165 mohli vyjs\u0165 vo svojich bielo-ru\u017eovo-fialov\u00fdch farb\u00e1ch a zanechali by tak sm\u00fato\u010dn\u00e9 kr\u00e1\u010danie.<\/p>\n\n\n\n<p>Ani vo Viedni nech\u00fdba AntiPRIDE alebo ak chcete, pochod za takzavan\u00fa tradi\u010dn\u00fa rodinu. S\u00faperi a s\u00faperky d\u00fahov\u00e9ho sprievodu sa stretli na Michaeler platz, takpovediac zo\u010di-vo\u010di \u00fa\u010dastn\u00edkom a \u00fa\u010dastn\u00ed\u010dkam sprievodu, aby okrem in\u00e9ho protestovali proti &#8222;pohlavnej \u0161ialenosti&#8220; a &#8222;skorej sexuliz\u00e1cii.\u201c<\/p>\n\n\n\n<p>Viedensk\u00fd PRIDE je skuto\u010dne plnofarebn\u00fdm podujat\u00edm, kedy kr\u00e1\u010date cis\u00e1rskym mestom, s ktor\u00fdm n\u00e1s ako Slov\u00e1kov a Slovensky sp\u00e1ja dlh\u00e1 hist\u00f3ria. Ur\u010dite je to aj celkom dobr\u00e1 maka\u010dka, nako\u013eko prejs\u0165 cel\u00fd Ring m\u00f4\u017ee trva\u0165 aj 4 hodiny. M\u00e1vate d\u00fahovou vlajkou a zdrav\u00edte starod\u00e1vny Hoffburg, Burgstheatr, Operu, Parlament, \u010di Burzu cenn\u00fdch papierov. A to za \u00fa\u017easnej podpory a m\u00e1vania Vieden\u010danov a Vieden\u010daniek. Elektri\u010dky odet\u00e9 do d\u00fahov\u00e9ho \u0161atu s\u00edce ust\u00fapili pochodu, ale sl\u00e1via PRIDE tie\u017e. Stretnete sa s obrovsk\u00fdm po\u010dtom rod\u00e1kov a rod\u00e1\u010dok, kamo\u0161ov a kamo\u0161iek a spolo\u010dne pochodujete. Lebo v\u0161etci sme jedna komunita.<\/p>\n\n\n\n<figure class=\"wp-block-image size-large\"><img decoding=\"async\" src=\"https:\/\/qys.sk\/wp-content\/uploads\/2021\/01\/Pride-Viden-6-1024x683.jpg\" alt=\"\" class=\"wp-image-2258\" \/><figcaption>Foto: Jakub Kov\u00e1\u010d<\/figcaption><\/figure>\n\n\n\n<p>Viede\u0148 \u010dak\u00e1 bud\u00faci rok ve\u013ek\u00fd novo\u0161at. Stane sa toti\u017e mestom pre EURO PRIDE 2019. Nepochybne t\u00fato udalos\u0165 mesto zvl\u00e1dne <em>mit einem h\u00f6heren Wiener Standard.<\/em><\/p>\n\n\n\n<p>N\u00e1\u0161 PRIDE je e\u0161te st\u00e1le bojom. Bojom o&nbsp;vidite\u013enos\u0165 a rovnak\u00e9 pr\u00e1va a zaobch\u00e1dzanie. Na na\u0161om PRIDE sa tie\u017e zab\u00e1vame, ale tie\u017e nezab\u00fadame, \u017ee cesta za pr\u00e1vami je e\u0161te dlh\u00e1 a t\u0155nist\u00e1. \u010eakujeme, \u017ee n\u00e1s ani tento rok neopust\u00ed ombudsmanka, aj napriek z\u00e1kazu, ktor\u00fd dostala od politikov n\u00e1cionalistickej strany.<\/p>\n\n\n\n<p>Z Bratislavy a zo Slovenska je to do Viedne e\u0161te obrovsk\u00e1 dia\u013eka.<\/p>\n","protected":false},"excerpt":{"rendered":"<p>Z Bratislavy a zo Slovenska je to len k\u00fasok. Sta\u010d\u00ed hodina autobusom, \u010di vlakom a ste tam. Vzduch \u010derstvej\u0161\u00ed, tr\u00e1va zelen\u0161ia a atmosf\u00e9ra d\u00fahovej\u0161ia, slobodnej\u0161ia. Aj tak\u00fdto je PRIDE vo Viedni.<\/p>\n","protected":false},"author":7,"featured_media":2259,"comment_status":"closed","ping_status":"open","sticky":false,"template":"","format":"standard","meta":{"footnotes":""},"categories":[7,260,13],"tags":[14,139],"class_list":["post-2256","post","type-post","status-publish","format-standard","has-post-thumbnail","hentry","category-pride","category-reportaze","category-viditelnost","tag-14","tag-pride"],"_links":{"self":[{"href":"https:\/\/duhovyrok.sk\/qys\/wp-json\/wp\/v2\/posts\/2256","targetHints":{"allow":["GET"]}}],"collection":[{"href":"https:\/\/duhovyrok.sk\/qys\/wp-json\/wp\/v2\/posts"}],"about":[{"href":"https:\/\/duhovyrok.sk\/qys\/wp-json\/wp\/v2\/types\/post"}],"author":[{"embeddable":true,"href":"https:\/\/duhovyrok.sk\/qys\/wp-json\/wp\/v2\/users\/7"}],"replies":[{"embeddable":true,"href":"https:\/\/duhovyrok.sk\/qys\/wp-json\/wp\/v2\/comments?post=2256"}],"version-history":[{"count":1,"href":"https:\/\/duhovyrok.sk\/qys\/wp-json\/wp\/v2\/posts\/2256\/revisions"}],"predecessor-version":[{"id":2628,"href":"https:\/\/duhovyrok.sk\/qys\/wp-json\/wp\/v2\/posts\/2256\/revisions\/2628"}],"wp:featuredmedia":[{"embeddable":true,"href":"https:\/\/duhovyrok.sk\/qys\/wp-json\/wp\/v2\/media\/2259"}],"wp:attachment":[{"href":"https:\/\/duhovyrok.sk\/qys\/wp-json\/wp\/v2\/media?parent=2256"}],"wp:term":[{"taxonomy":"category","embeddable":true,"href":"https:\/\/duhovyrok.sk\/qys\/wp-json\/wp\/v2\/categories?post=2256"},{"taxonomy":"post_tag","embeddable":true,"href":"https:\/\/duhovyrok.sk\/qys\/wp-json\/wp\/v2\/tags?post=2256"}],"curies":[{"name":"wp","href":"https:\/\/api.w.org\/{rel}","templated":true}]}}