{"id":2222,"date":"2019-07-08T12:23:24","date_gmt":"2019-07-08T10:23:24","guid":{"rendered":"https:\/\/qys.sk\/?p=2222"},"modified":"2021-03-18T09:03:43","modified_gmt":"2021-03-18T08:03:43","slug":"dobrovolnik-peter-chlapik-spravne-formovanie-mysle-mladeze-je-v-dnesnej-dobe-velmi-dolezite","status":"publish","type":"post","link":"https:\/\/duhovyrok.sk\/qys\/dobrovolnik-peter-chlapik-spravne-formovanie-mysle-mladeze-je-v-dnesnej-dobe-velmi-dolezite\/","title":{"rendered":"Dobrovo\u013en\u00edk Peter Chlap\u00edk: Spr\u00e1vne formovanie mysle ml\u00e1de\u017ee je v dne\u0161nej dobe ve\u013emi d\u00f4le\u017eit\u00e9"},"content":{"rendered":"\n<p><strong>Autor textu: Matej Somr \/ Foto: s\u00fakromn\u00fd arch\u00edv<\/strong><\/p>\n\n\n\n<blockquote class=\"wp-block-quote is-layout-flow wp-block-quote-is-layout-flow\"><p>Arch\u00edvny text sme prv\u00fd raz publikovali v \u010d\u00edsle Leto 2019.<\/p><\/blockquote>\n\n\n\n<p>Tur\u010dianske Teplice, le\u017eiace v&nbsp;\u017dilinskom kraji, sa radia medzi najstar\u0161ie term\u00e1lne k\u00fapele u&nbsp;n\u00e1s, ako aj v&nbsp;Eur\u00f3pe. Okrem in\u00e9ho, aj do tohto historick\u00e9ho centra Horn\u00e9ho Turca zav\u00edtala potrebn\u00e1 osveta i&nbsp;progres\u00edvnej\u0161ie myslenie v&nbsp;r\u00e1mci LGBTI. Zasl\u00fa\u017eil sa o to mlad\u00fd, ambici\u00f3zny rod\u00e1k Peter Chlap\u00edk (18).&nbsp; Informuje o&nbsp;problematike spojenej s&nbsp;LGBTI, vyvracia \u010dast\u00e9 myln\u00e9 inform\u00e1cie a&nbsp;v&nbsp;neposlednom rade je \u010dlenom mestsk\u00e9ho parlamentu mlad\u00fdch. V\u0161etky tieto aktivity napom\u00e1haj\u00fa nielen mestu, ale i&nbsp;obyvate\u013eom Tur\u010dianskych Tepl\u00edc.&nbsp;&nbsp;&nbsp;<\/p>\n\n\n\n<p><strong>Pe\u0165o, mesiac j\u00fan sa ozna\u010duje ako PRIDE mesiac. \u010co pre teba znamen\u00e1 pride, respekt\u00edve hrdos\u0165?&nbsp;<\/strong><\/p>\n\n\n\n<p>Ja osobne vn\u00edmam j\u00fan, alebo teda PRIDE MONTH, ako \u010das kedy vo ve\u013ekom m\u00f4\u017ee LGBTI komunita po celom svete dok\u00e1za\u0165 majoritnej skupine, \u010di\u017ee heterosexu\u00e1lom, \u017ee nie sme v\u00f4bec odli\u0161n\u00ed, tak ako si myslia. V\u0161etky pochody a aktivity spojen\u00e9 s t\u00fdmto mesiacom vn\u00edmam ako pozit\u00edvnu vec. Taktie\u017e to dokazuje,&nbsp; \u017ee n\u00e1s, \u010dlenov LGBTI, nie je v\u00f4bec malo, ako si podaktor\u00ed \u013eudia myslia.<\/p>\n\n\n\n<p><strong>Viem o tebe, \u017ee si otvoren\u00fd \u010dlovek a nem\u00e1\u0161 probl\u00e9m s vlastnou sexu\u00e1lnou orient\u00e1ciou. V podstate si na\u0161iel v sebe hrdos\u0165 a nehanb\u00ed\u0161 sa za to kto si. Ako vlastne u teba prebehol coming out?<\/strong><\/p>\n\n\n\n<p>M\u00f4j coming out prebiehal dlhodobo. Nebol to jeden z&nbsp;t\u00fdch, ktor\u00fd by prebehol za dva, tri dni v\u010faka jedn\u00e9mu pr\u00edspevku na facebooku alebo instagrame. Postupne som s touto skuto\u010dnos\u0165ou informoval mojich bl\u00edzkych, a ke\u010f som si v\u0161imol pozit\u00edvne reakcie od \u013eud\u00ed v mojom okol\u00ed, tak to nabralo obr\u00e1tky a i\u0161lo to u\u017e vlastne samo. Naj\u0165a\u017e\u0161ie pre m\u0148a osobne to bolo poveda\u0165 doma. Predsa len obozn\u00e1mi\u0165 rodi\u010dov s&nbsp;inform\u00e1ciou, \u017ee ich syn je gej, nie je najpr\u00edjemnej\u0161ia vec. Treba v\u0161ak poveda\u0165, \u017ee to zobrali ve\u013emi dobre. Taktie\u017e aj moji spolu\u017eiaci a in\u00e1\u010d pre m\u0148a d\u00f4le\u017eit\u00ed \u013eudia. Obzvl\u00e1\u0161\u0165 by som r\u00e1d po\u010fakoval kamar\u00e1tkam Laure, Amire a&nbsp;Athine, ktor\u00e9 cel\u00fd \u010das boli pri tom a pom\u00e1hali mi aj s t\u00fdm naj\u0165a\u017e\u0161\u00edm v mojom \u017eivote.<\/p>\n\n\n\n<p><strong>Ako dobre vieme, tak existuj\u00fa medzi nami \u013eudia, \u010do neust\u00e1le bojuj\u00fa sami so sebou a nedok\u00e1\u017eu prija\u0165 ten fakt, kto s\u00fa. \u010co by si im odk\u00e1zal?<\/strong><\/p>\n\n\n\n<p>Aby sa neb\u00e1li nie\u010doho, \u010doho sa netreba b\u00e1\u0165. Z\u00e1kladom je prija\u0165 sam\u00fdch seba, ak\u00ed sme. Preto\u017ee ako m\u00f4\u017ee\u0161 milova\u0165 niekoho in\u00e9ho, ak nemiluje\u0161 s\u00e1m seba? Netreba si robi\u0165 zbyto\u010dn\u00fa hlavu z toho ako to zoberie okolie. \u013dudia, ktor\u00fdm na v\u00e1s z\u00e1le\u017e\u00ed, v\u00e1s bud\u00fa milova\u0165 bez rozdielu. T\u00ed, ktor\u00ed v\u00e1s kv\u00f4li takejto banalite zavrhn\u00fa, si va\u0161u pozornos\u0165 nezasl\u00fa\u017eia a nemaj\u00fa vo va\u0161om \u017eivote \u010do robi\u0165.<\/p>\n\n\n\n<p><strong>Dozvedel som sa, \u017ee v Tur\u010dianskych Tepliciach, kde \u0161tuduje\u0161, si sa s\u00e1m osobne anga\u017eoval oh\u013eadom LGBTI osvety na \u0161kolskej p\u00f4de. Povedz mi, ako to cel\u00e9 za\u010dalo a ak\u00fd to malo priebeh?&nbsp;<\/strong><\/p>\n\n\n\n<p>Tak nenazval by som to osvetou. Sk\u00f4r to bolo tak\u00e9 informovanie \u013eud\u00ed o tejto problematike a vyvracanie myln\u00fdch n\u00e1zorov a poh\u013eadov na vec. Som otvoren\u00fd \u010dlovek a na v\u0161etko sa pozer\u00e1m pozit\u00edvne. Preto aj ke\u010f pri\u0161iel za mnou nejak\u00fd \u010dlovek s ot\u00e1zkami r\u00f4zneho typu, v\u017edy som sa len pousmial a uviedol ho na prav\u00fa mieru.<\/p>\n\n\n\n<p><strong>Nebolo \u0165a\u017ek\u00e9 pre teba robi\u0165 osvetu medzi t\u00edned\u017eermi? Nastali u teba situ\u00e1cie, kedy si s\u00e1m osobne zac\u00edtil n\u00e1tlak zo strany \u0161tudentov nejak\u00fa nen\u00e1vis\u0165?&nbsp;<\/strong><\/p>\n\n\n\n<p>Treba uzna\u0165, \u017ee na tak\u00e9 mal\u00e9 mesto, ako s\u00fa Tur\u010dianske Teplice, bolo toho hejtu naozaj m\u00e1lo. Sem-tam len nejak\u00e9 pozn\u00e1mky typu &#8222;\u010cau teplo\u0161&#8220;, ale to som nejako nikdy nerie\u0161il. Mysl\u00edm si osobne, \u017ee ja som mal jeden z t\u00fdch lep\u0161\u00edch pr\u00edpadov prejavov nen\u00e1visti, ktor\u00e1 bola v\u017edy len pas\u00edvna. Nikdy to neprer\u00e1stlo do fyzick\u00e9ho napadnutia.<\/p>\n\n\n\n<p><strong>Pre\u010do si sa rozhodol by\u0165 LGBTI aktivistom? Chyst\u00e1\u0161 sa anga\u017eova\u0165 aj na\u010falej v tejto sf\u00e9re?<\/strong><\/p>\n\n\n\n<p>Mysl\u00edm si, \u017ee je priskoro ma naz\u00fdva\u0165 aktivistom, ale nepopieram, \u017ee tomu tak nem\u00f4\u017ee by\u0165 \u010dasom. S\u00e1m viem, ak\u00e9 je \u0165a\u017ek\u00e9 prija\u0165 sam\u00e9ho seba a mo\u017eno aj preto by som bol r\u00e1d, keby som vedel hlavne mlad\u00fdm \u013eu\u010fom pom\u00f4c\u0165 so sebaprijat\u00edm. To je t\u00e1 najpodstatnej\u0161ia vec.<\/p>\n\n\n\n<p><strong>Okrem tejto osvety na gymn\u00e1ziu, kde \u0161tuduje\u0161, do ak\u00fdch aktiv\u00edt sa e\u0161te zap\u00e1ja\u0161?<\/strong><\/p>\n\n\n\n<p>Vo v\u0161eobecnosti s\u00fa to aktivity spojen\u00e9 s dobrovo\u013en\u00edctvom. Som \u010dlenom mestsk\u00e9ho parlamentu mlad\u00fdch v mojom meste, ale taktie\u017e sa zap\u00e1jam aj do in\u00fdch aktiv\u00edt, ktor\u00e9 maj\u00fa pom\u00e1ha\u0165 mestu a jeho obyvate\u013eom.<\/p>\n\n\n\n<p><strong>M\u00e1\u0161 pred sebou e\u0161te rok na gymn\u00e1ziu. A ka\u017ed\u00fd m\u00e1 nejak\u00e9 amb\u00edcie, k\u00fdm by chcel by\u0165 v \u017eivote alebo \u010do by chcel dosiahnu\u0165. Kam \u0165a tvoje nohy mienia zavies\u0165?&nbsp;<\/strong><\/p>\n\n\n\n<p>Tak po maturite by som r\u00e1d sk\u00fasil \u0161\u0165astie v pedagogickej sf\u00e9re a v pr\u00e1ci s ml\u00e1de\u017eou, ktor\u00e1 je v dne\u0161nej dobe ve\u013emi d\u00f4le\u017eit\u00e1. \u0160tudova\u0165 by som r\u00e1d i\u0161iel do Banskej Bystrice na UMB. Chcel by som sa sta\u0165 u\u010dite\u013eom dejepisu a ob\u010dianskej n\u00e1uky. Tieto predmety pod\u013ea m\u0148a za\u010d\u00ednaj\u00fa by\u0165 menej podstatn\u00e9 a to sa odzrkad\u013euje aj na dne\u0161nej ml\u00e1de\u017ei a ich zm\u00fd\u0161\u013ean\u00ed. Treba spravi\u0165 osvetu mladej gener\u00e1cie a ja budem r\u00e1d ak budem toho s\u00fa\u010das\u0165ou.<\/p>\n\n\n\n<p><strong>To, \u010do by si chcel \u0161tudova\u0165 na vysokej \u0161kole, chce\u0161 aj&nbsp; vyu\u017ei\u0165 pre prospech LGBTI komunity?<\/strong><\/p>\n\n\n\n<p>Tak \u0165a\u017eko poveda\u0165. Ur\u010dite by som rozm\u00fd\u0161\u013eal aj nad postom v\u00fdchovn\u00e9ho poradcu na \u0161kole, kde by som r\u00e1d pom\u00e1hal \u013eu\u010fom aj z LGBTI komunity. Av\u0161ak, mysl\u00edm, \u017ee aplikova\u0165 nejak\u00e9 t\u00e9my spojen\u00e9 s LGBTI je pri dne\u0161nom \u0161kolstve na Slovensku e\u0161te hudbou bud\u00facnosti.<\/p>\n\n\n\n<p><strong>Na jednom z tvojich instagramov\u00fdch \u00fa\u010dtoch (@er_pe_love), sme si mohli v\u0161imn\u00fa\u0165, \u017ee si z\u00fa\u010dastnil akcie Pride v Banskej Bystrice. Pribl\u00ed\u017e n\u00e1m atmosf\u00e9ru a pokojne aj zhodno\u0165 \u010do sa ti p\u00e1\u010dilo, alebo \u010do by si naopak zmenil.&nbsp;<\/strong><\/p>\n\n\n\n<p>Akcia sa mne a aj m\u00f4jmu priate\u013eovi naozaj p\u00e1\u010dila. Niesla sa v pokojnom duchu a bola tam pr\u00edjemn\u00e1 atmosf\u00e9ra. D\u00e1 sa poveda\u0165, \u017ee aj \u010do sa programu t\u00fdka, nem\u00e1m \u010do vytkn\u00fa\u0165. Organiz\u00e1cia bola zvl\u00e1dnut\u00e1 tak isto ako propag\u00e1cia.<\/p>\n\n\n\n<p><strong>V Banskej Bystrici \u0165a sprev\u00e1dzal aj tvoj priate\u013e. Podporuje \u0165a v tvojich aktivit\u00e1ch?<\/strong><\/p>\n\n\n\n<p>Samozrejme, \u017ee \u00e1no. Hlavne \u010do sa \u0161koly t\u00fdka. Je pre m\u0148a neuverite\u013en\u00e1 opora de\u0148 \u010do de\u0148 a za to mu ve\u013emi \u010fakujem.<\/p>\n\n\n\n<p><strong>Ak\u00fdch in\u00fdch akci\u00ed s tematikou PRIDE si sa z\u00fa\u010dastnil. Ktor\u00e1 z nich bola pod\u013ea teba najlep\u0161ia?<\/strong><\/p>\n\n\n\n<p>Minul\u00fd rok som bol na mojej PRIDE premi\u00e9re v&nbsp;Ko\u0161iciach, kde to dopadlo nad moje o\u010dak\u00e1vania. T\u00e1 energia a em\u00f3cie v dave 500 \u013eud\u00ed bola na neop\u00edsanie. Pre m\u0148a neskuto\u010dn\u00fdm z\u00e1\u017eitkom bol pr\u00e1ve moment, ke\u010f sme vy\u0161li do ul\u00edc bez nejak\u00e9ho strachu. Ten pochod nebol len o&nbsp;jednotlivcoch, ale pr\u00e1ve\u017ee o celej skupine \u013eud\u00ed.&nbsp;<\/p>\n\n\n\n<p><strong>Z\u00fa\u010dastn\u00ed\u0161 sa \u010fal\u0161\u00edch tohtoro\u010dn\u00fdch podujat\u00ed ako PRIDE Ko\u0161ice 2019 alebo D\u00fahov\u00fd PRIDE Bratislava 2019?<\/strong><\/p>\n\n\n\n<p>Oboch sa m\u00e1m v pl\u00e1ne z\u00fa\u010dastni\u0165 spolu aj s moj\u00edm priate\u013eom. Mysl\u00edm, \u017ee si z toho sprav\u00edm tak\u00fa trad\u00edciu, \u017ee ka\u017ed\u00fd rok p\u00f4jdem po PRIDE pochodom naprie\u010d slovenskom. Je to n\u00e1dhern\u00fd pocit, ktor\u00fd stoj\u00ed za to za\u017ei\u0165 aj viackr\u00e1t do roka.<\/p>\n","protected":false},"excerpt":{"rendered":"<p>Tur\u010dianske Teplice, le\u017eiace v \u017dilinskom kraji, sa radia medzi najstar\u0161ie term\u00e1lne k\u00fapele u n\u00e1s, ako aj v Eur\u00f3pe. Okrem in\u00e9ho, aj do tohto historick\u00e9ho centra Horn\u00e9ho Turca zav\u00edtala potrebn\u00e1 osveta i progres\u00edvnej\u0161ie myslenie v r\u00e1mci LGBTI.<\/p>\n","protected":false},"author":18,"featured_media":2223,"comment_status":"closed","ping_status":"open","sticky":false,"template":"","format":"standard","meta":{"footnotes":""},"categories":[6,7,259,13],"tags":[139,185],"class_list":["post-2222","post","type-post","status-publish","format-standard","has-post-thumbnail","hentry","category-pribehy-lgbti-ludi","category-pride","category-rozhovory","category-viditelnost","tag-pride","tag-rozhovor"],"_links":{"self":[{"href":"https:\/\/duhovyrok.sk\/qys\/wp-json\/wp\/v2\/posts\/2222","targetHints":{"allow":["GET"]}}],"collection":[{"href":"https:\/\/duhovyrok.sk\/qys\/wp-json\/wp\/v2\/posts"}],"about":[{"href":"https:\/\/duhovyrok.sk\/qys\/wp-json\/wp\/v2\/types\/post"}],"author":[{"embeddable":true,"href":"https:\/\/duhovyrok.sk\/qys\/wp-json\/wp\/v2\/users\/18"}],"replies":[{"embeddable":true,"href":"https:\/\/duhovyrok.sk\/qys\/wp-json\/wp\/v2\/comments?post=2222"}],"version-history":[{"count":1,"href":"https:\/\/duhovyrok.sk\/qys\/wp-json\/wp\/v2\/posts\/2222\/revisions"}],"predecessor-version":[{"id":2573,"href":"https:\/\/duhovyrok.sk\/qys\/wp-json\/wp\/v2\/posts\/2222\/revisions\/2573"}],"wp:featuredmedia":[{"embeddable":true,"href":"https:\/\/duhovyrok.sk\/qys\/wp-json\/wp\/v2\/media\/2223"}],"wp:attachment":[{"href":"https:\/\/duhovyrok.sk\/qys\/wp-json\/wp\/v2\/media?parent=2222"}],"wp:term":[{"taxonomy":"category","embeddable":true,"href":"https:\/\/duhovyrok.sk\/qys\/wp-json\/wp\/v2\/categories?post=2222"},{"taxonomy":"post_tag","embeddable":true,"href":"https:\/\/duhovyrok.sk\/qys\/wp-json\/wp\/v2\/tags?post=2222"}],"curies":[{"name":"wp","href":"https:\/\/api.w.org\/{rel}","templated":true}]}}