{"id":2219,"date":"2019-07-08T11:57:20","date_gmt":"2019-07-08T09:57:20","guid":{"rendered":"https:\/\/qys.sk\/?p=2219"},"modified":"2021-03-18T09:03:59","modified_gmt":"2021-03-18T08:03:59","slug":"roman-svantner-nevrazivost-pochadza-z-neznalosti-z-nevedomosti","status":"publish","type":"post","link":"https:\/\/duhovyrok.sk\/qys\/roman-svantner-nevrazivost-pochadza-z-neznalosti-z-nevedomosti\/","title":{"rendered":"Roman \u0160vantner: Nevra\u017eivos\u0165 poch\u00e1dza z neznalosti, z nevedomosti"},"content":{"rendered":"\n<p><strong>Autor textu: Andrej Kuruc \/ Foto: Jakub Kov\u00e1\u010d<\/strong><\/p>\n\n\n\n<blockquote class=\"wp-block-quote is-layout-flow wp-block-quote-is-layout-flow\"><p>Arch\u00edvny text sme prv\u00fd raz publikovali v \u010d\u00edsle Leto 2019.<\/p><\/blockquote>\n\n\n\n<p>Roman \u0160vantner (55 rokov) poch\u00e1dza z&nbsp;Valaskej, \u0161tudoval na Po\u013enohospod\u00e1rskej univerzite v&nbsp;Nitre, od roku 2006 p\u00f4sob\u00ed v&nbsp;samospr\u00e1ve vo funkcii starostu obce M\u00fdto pod \u010eumbierom, \u0161tvrt\u00e9 funk\u010dn\u00e9 obdobia. M\u00e1 svoju farmu, ktor\u00fa vedie so svoj\u00edm partnerom Tom\u00e1\u0161om, s&nbsp;ktor\u00fdm je v&nbsp;dlhodobom vz\u0165ahu u\u017e 26 rokov. Porozpr\u00e1vali sme sa s&nbsp;n\u00edm o&nbsp;tom, \u010di to, \u017ee je gej, ovplyvnilo jeho p\u00f4sobenie v&nbsp;politike, ak\u00fd bol jeho coming out a&nbsp;ako vn\u00edma s\u00fa\u010dasn\u00fa situ\u00e1ciu v&nbsp;krajine vo vz\u0165ahu k&nbsp;LGBTI \u013eu\u010fom.&nbsp;<\/p>\n\n\n\n<p><strong>Ako si sa dostal k&nbsp;povolaniu starostu a&nbsp;\u010do si robil predt\u00fdm?<\/strong><\/p>\n\n\n\n<p>Dostal som sa k&nbsp;tomu&nbsp; v&nbsp;roku 2006. E\u0161te 20 rokov predt\u00fdm som vy\u0161tudoval vysok\u00fa \u0161kolu po\u013enohospod\u00e1rsku a&nbsp;20 rokov som p\u00f4sobil v&nbsp;po\u013enohospod\u00e1rskom dru\u017estve v&nbsp;Brezne. Za\u010d\u00ednal som ako zootechnik, nesk\u00f4r po novembri 89 som sa stal podpredsedom, hlavn\u00fdm zootechnikom a\u017e nakoniec som bol vo volenej funkcii predsedu dru\u017estva od roku 2002 do roku 2006. Potom som na tej poz\u00edcii skon\u010dil, nepre\u0161iel som o&nbsp;jeden hlas, tak som ostal doma. V&nbsp;roku 2006 boli komun\u00e1lne vo\u013eby a&nbsp;jedna pani ma oslovila, \u010di nechcem kandidova\u0165 za starostu obce. Bol som kandid\u00e1t Agr\u00e1rnej strany vidieka (dnes je to strana Doma dobre). Je to profesijn\u00e1 strana zameran\u00e1 na po\u013enohospod\u00e1rstvo a&nbsp;vidiek. Som tu \u0161tvrt\u00e9 volebn\u00e9 obdobie, so mnou kandidovali poslanci, ktor\u00fdch m\u00e1m v&nbsp;zastupite\u013estve. V&nbsp;posledn\u00fdch vo\u013eb\u00e1ch som u\u017e kandidoval s\u00e1m. Jeden zn\u00e1my elektrik\u00e1r (pozn\u00e1mka 82 ro\u010dn\u00fd) mi povedal, \u017ee \u201eja si u\u017e ani neviem predstavi\u0165, kto in\u00fd by tam bol ne\u017e ty\u201c.&nbsp;<\/p>\n\n\n\n<p><strong>Ak\u00fd si mal vz\u0165ah k&nbsp;V\u00daC, ke\u010f bol jej predsedom Marian Kotleba?&nbsp;<\/strong><\/p>\n\n\n\n<p>Obec nem\u00e1 nadriaden\u00fd org\u00e1n, \u010di\u017ee sme nemuseli spolupracova\u0165 s&nbsp;\u201ev\u00fackou\u201c. Ke\u010f bol predsedom V\u00daC Kotleba, rozhodol som sa, \u017ee od v\u00facky nevezmem ani euro. Nechcel som ma\u0165 s&nbsp;nimi ni\u010d spolo\u010dn\u00e9. A\u017e po zmene predsedu sme za\u017eiadali o&nbsp;pr\u00edspevok na monografiu o&nbsp;obci, tento rok sa pripravuje.&nbsp;<\/p>\n\n\n\n<p><strong>Je to tak, \u017ee v&nbsp;s\u00fa\u010dasnosti z&nbsp;obc\u00ed utekaj\u00fa mlad\u00ed \u013eudia?<\/strong><\/p>\n\n\n\n<p>Tak\u00e1 situ\u00e1cia je vo v\u0161etk\u00fdch dedin\u00e1ch. My m\u00e1me 530 obyvate\u013eov a&nbsp;200 chat\u00e1rov. M\u00e1me vy\u0161\u0161\u00ed priemern\u00fd vek obyvate\u013eov, ale postavili sme bytov\u00fd dom, kde s\u00fa n\u00e1jomn\u00e9 byty, a&nbsp;teraz k&nbsp;n\u00e1m pri\u0161li aj mlad\u00e9 rodiny. Nav\u00fd\u0161il sa n\u00e1m po\u010det obyvate\u013eov. Ak sa nebude rie\u0161i\u0165 n\u00e1jomn\u00e9 b\u00fdvanie, \u013eudia bud\u00fa odch\u00e1dza\u0165, lebo je tu vysok\u00e1 cena nehnute\u013enost\u00ed, pre mlad\u00fdch \u013eud\u00ed s\u00fa domy nedostupn\u00e9. &nbsp;Odchody mlad\u00fdch \u013eud\u00ed s\u00fa najm\u00e4 pre ot\u00e1zku b\u00fdvania, lebo zamestnanie tu u\u017e je. Aj pre vysoko\u0161kolsky vzdelan\u00fdch \u013eud\u00ed, aj pre remeseln\u00edkov. Mlad\u00ed \u013eudia utekaj\u00faci do zahrani\u010dia sa mo\u017eno sna\u017eia vymani\u0165 spod vplyvu rodiny.&nbsp;<\/p>\n\n\n\n<p><strong>Ak\u00fd bol tvoj coming out?&nbsp;<\/strong><\/p>\n\n\n\n<p>Dnes, ke\u010f je spolo\u010dnos\u0165 otvorenej\u0161ia, by som povedal, \u017ee coming out je jednoduch\u0161\u00ed. Samozrejme, v\u017edy rozhoduje rodinn\u00e9 prostredie. Najv\u00e4\u010d\u0161\u00ed probl\u00e9m u&nbsp;\u013eud\u00ed na\u0161ej orient\u00e1cie je, ako to prijm\u00fa najbli\u017e\u0161\u00ed. U&nbsp;t\u00fdch najviac, aj u&nbsp;otca, aj u&nbsp;matky, die\u0165a v\u017edy h\u013ead\u00e1 oporu. U&nbsp;m\u0148a sa v&nbsp;tom \u010dase o&nbsp;tom hovorilo m\u00e1lo. Mo\u017eno t\u00fdm, \u017ee som bol dos\u0165 siln\u00e1 osobnos\u0165, bol som jedin\u00fd syn, tak som sa to sna\u017eil zvl\u00e1dnu\u0165. Ja som sa svojim rodi\u010dom nikdy nepriznal, \u017ee som gej, ale ke\u010f videli, \u017ee som sa nesk\u00f4r stret\u00e1val zv\u00e4\u010d\u0161a s&nbsp;chlapcami, nie\u010do tu\u0161ili. U\u017e vtedy bola literat\u00fara na t\u00fato t\u00e9mu a&nbsp;bol som prekvapen\u00fd, \u017ee bolo mo\u017en\u00e9 dosta\u0165 knihu o&nbsp;coming oute. To bolo koncom 70. rokov.&nbsp;<\/p>\n\n\n\n<p><strong>Prich\u00e1dzal si na to s\u00e1m?<\/strong><\/p>\n\n\n\n<p>V&nbsp;tom \u010dase jednozna\u010dne s\u00e1m. Zistil som, \u017ee ma pri\u0165ahuj\u00fa najm\u00e4 moji spolu\u017eiaci. V\u00e4\u010d\u0161inou sme sa vtedy spozn\u00e1vali v&nbsp;saun\u00e1ch alebo sme chodili do Bratislavy. To u\u017e bolo na vysokej. Tam bolo zn\u00e1me miesto Luxorka kaviare\u0148 na rohu \u0160tef\u00e1nikovej. Dolu bol r\u00fdchly bufet, hore kaviare\u0148. Vedelo sa to. A&nbsp;potom Carlton hotel, ten bol otvoren\u00fd a\u017e do polnoci. Sta\u010dilo sa stretn\u00fa\u0165 s&nbsp;jedn\u00fdm, ten podal inform\u00e1ciu \u010falej a&nbsp;tak to \u0161lo. Ke\u010f som sa dostal na vojen\u010dinu, chodil som do podnikov, ktor\u00e9 fungovali v&nbsp;Prahe. Jeden bol D\u00e9\u010dko a&nbsp;druh\u00fd bol bl\u00edzko stanice Moskovsk\u00e1. To boli dva funguj\u00face podniky, ktor\u00e9 boli v&nbsp;tom \u010dase zn\u00e1me, \u017ee s\u00fa pre gejov. Ke\u010f som ukon\u010dil vojen\u010dinu, zostal som doma. Najprv vo Valaskej, nesk\u00f4r som sa pres\u0165ahoval do M\u00fdta pod \u010eumbierom. Vtedy som sa zoznamoval sk\u00f4r so star\u0161\u00edmi mu\u017emi. Komunita sa raz za \u010das stretla v&nbsp;re\u0161taur\u00e1cii, kde sa robila diskot\u00e9ka, zab\u00e1vali sme sa, tam sme sa spozn\u00e1vali.&nbsp;<\/p>\n\n\n\n<p><strong>Nec\u00edtil si sa ohrozen\u00fd? Stretol si sa s&nbsp;diskrimin\u00e1ciou?&nbsp;<\/strong><\/p>\n\n\n\n<p>V&nbsp;tom veku to bolo e\u0161te prijate\u013en\u00e9, bol som slobodn\u00fd a&nbsp;nebolo to podozriv\u00e9. Ke\u010f som bol star\u0161\u00ed, tak to za\u010dali \u013eudia vn\u00edma\u0165 viac a&nbsp;potom som sa stret\u00e1val len s&nbsp;chalanmi. A&nbsp;ke\u010f sa sem Tom\u00e1\u0161, m\u00f4j partner, nas\u0165ahoval, tak to bolo jasn\u00e9. S&nbsp;diskrimin\u00e1ciou som sa nestretol ani raz v&nbsp;\u017eivote. Akur\u00e1t zo \u017eartu mi raz povedal otcov bratranec, boli sme na v\u00fdlete v&nbsp;Ma\u010farsku, \u017ee \u201ety si n\u00e1\u0161 najteplej\u0161\u00ed starosta\u201c. Je to o&nbsp;tom, \u017ee som odmali\u010dka p\u00f4sobil v&nbsp;tomto prostred\u00ed. Bol som dobr\u00fd \u0161tudent, pracovit\u00fd a&nbsp;zvl\u00e1\u0161\u0165 star\u0161\u00ed \u013eudia ma mali radi. T\u00fdm, \u017ee tu boli star\u00ed rodi\u010dia a&nbsp;profesijne som sa venoval po\u013enohospod\u00e1rstvu, star\u00ed \u013eudia na dedine ma vn\u00edmali pozit\u00edvne. Ich deti nemali o&nbsp;to z\u00e1ujem, ale ja som mal, \u010di\u017ee som s&nbsp;nimi fungoval. Pre nich u\u017e to, \u017ee som gej, nehralo rolu. Ani medzi kolegami som ni\u010d negat\u00edvne neza\u017eil. Mo\u017eno aj vlastnou pr\u00e1cou a&nbsp;\u017eivotom som si vybudoval nejak\u00e9 postavenie a&nbsp;to, \u017ee som gej, nikto nerie\u0161il.&nbsp;<\/p>\n\n\n\n<p><strong>Ako je to s&nbsp;n\u00e1bo\u017eenstvom v&nbsp;obci?<\/strong><\/p>\n\n\n\n<p>Som neveriaci \u010dlovek, ale re\u0161pektujem vierovyznanie. M\u00e1me v&nbsp;obci aj evanjelikov, aj katol\u00edkov. Re\u0161pektujem ich, \u00fazko s&nbsp;nimi spolupracujem, tvoria komunitu, podie\u013eaj\u00fa sa na fungovan\u00ed obce. T\u00e1 s\u00fadr\u017enos\u0165 by mala by\u0165 a&nbsp;ja sa akt\u00edvne z\u00fa\u010dast\u0148ujem na obradoch, spievam tam. U&nbsp;n\u00e1s v&nbsp;obci boli \u013eudia nau\u010den\u00ed tolerancii, ke\u010f\u017ee tu \u017eili dve vierovyznania, museli sa dohodn\u00fa\u0165, museli sa nejak\u00fdm sp\u00f4sobom akceptova\u0165, \u010do mo\u017eno m\u00e1 vplyv na celkov\u00fa atmosf\u00e9ru v&nbsp;dedine, ako prij\u00edmaj\u00fa inakos\u0165, ako napr\u00edklad sexu\u00e1lnu orient\u00e1ciu. Chod\u00ed sem mno\u017estvo chalup\u00e1rov z&nbsp;v\u00e4\u010d\u0161\u00edch miest, ktor\u00ed s\u00fa liber\u00e1lnej\u0161\u00ed. Je to in\u00e9 ako v&nbsp;niektor\u00fdch obciach na Kysuciach a&nbsp;Orave.&nbsp;<\/p>\n\n\n\n<p><strong>Chodia si k&nbsp;tebe po radu \u013eudia, ke\u010f maj\u00fa probl\u00e9m oh\u013eadom sexu\u00e1lnej orient\u00e1cie?<\/strong><\/p>\n\n\n\n<p>Obchodoval som ako po\u013enohospod\u00e1r s&nbsp;jedn\u00fdm zootechnikom. Raz pri\u0161iel za mnou, m\u00e1 dvoch synov a&nbsp;jeden z&nbsp;nich mu povedal, \u017ee gej, \u017ee \u010do s&nbsp;t\u00fdm m\u00e1 robi\u0165. Tak som mu poradil, \u201eviem, \u017ee si rozumn\u00fd \u010dlovek, nerob z&nbsp;toho ni\u010d, na\u010falej je tvoj\u00edm synom, nerie\u0161 to, ak pr\u00edde za tebou, \u017ee potrebuje pomoc, radu, ak m\u00f4\u017ee\u0161 pom\u00f4c\u0165, pom\u00f4\u017e, ale nerob ni\u010d dramatick\u00e9\u201c. Rodi\u010dia by mali ma\u0165 mo\u017enos\u0165 pr\u00eds\u0165 sa op\u00fdta\u0165, ako maj\u00fa \u010falej fungova\u0165, \u010do maj\u00fa robi\u0165, ke\u010f je ich die\u0165a gej alebo lesba.&nbsp;<\/p>\n\n\n\n<p><strong>V&nbsp;\u010dom vid\u00ed\u0161 pr\u00ed\u010dinu nen\u00e1vistn\u00fdch prejavov v&nbsp;spolo\u010dnosti?&nbsp;<\/strong><\/p>\n\n\n\n<p>Nevra\u017eivos\u0165 poch\u00e1dza z neznalosti, z&nbsp;nevedomosti. V\u0161eobecne plat\u00ed, \u017ee sa boj\u00ed\u0161 toho, \u010do nepozn\u00e1\u0161. A&nbsp;to, \u010do pozn\u00e1\u0161, a&nbsp;to nielen vo vz\u0165ahu ku gejom, to \u0165a u\u017e nestra\u0161\u00ed. Napr\u00edklad mnoh\u00ed \u013eudia sa boja \u00faradov, s\u00fa z&nbsp;toho vystresovan\u00ed, ale ke\u010f im poviem, nech sa p\u00e1\u010di, toto vyp\u00ed\u0161ete, takto to ide. Zrazu zistia, \u017ee je to ni\u010d a&nbsp;\u017ee ten strach bol iracion\u00e1lny. Nepoznaj\u00fa n\u00e1s, nevedia, predstavuj\u00fa si n\u00e1s stereotypne.<\/p>\n\n\n\n<p><strong>Bol si u\u017e niekedy na Pride?&nbsp;<\/strong><\/p>\n\n\n\n<p>Nebol som e\u0161te na Pride, ale tohto roku, ak nie do Bystrice, tak do Bratislavy ur\u010dite p\u00f4jdem. Samozrejme, v\u017edy to z\u00e1vis\u00ed od \u010dasov\u00fdch mo\u017enost\u00ed. T\u00fdm, \u017ee m\u00e1me zvierat\u00e1, mus\u00edme sa o&nbsp;ne postara\u0165, nie v\u017edy sa dalo\/d\u00e1 uvo\u013eni\u0165. Sme odk\u00e1zan\u00ed sami na seba. \u010coraz viac \u010dlovek vie, \u017ee je n\u00e1s tu viac, od t\u00fdch najstar\u0161\u00edch, dnes u\u017e sedemdesiatnikov, a\u017e po t\u00fdch najmlad\u0161\u00edch. Mysl\u00edm si, \u017ee t\u00fdm, \u017ee \u017eiadame tolerantnos\u0165, aj my sme tolerantnej\u0161\u00ed vo vz\u0165ahu k&nbsp;\u010domuko\u013evek in\u00e9mu. M\u00e1me sk\u00fasenos\u0165 by\u0165 v&nbsp;men\u0161ine.&nbsp;<\/p>\n","protected":false},"excerpt":{"rendered":"<p>Roman \u0160vantner (55 rokov) poch\u00e1dza z Valaskej, \u0161tudoval na Po\u013enohospod\u00e1rskej univerzite v Nitre, od roku 2006 p\u00f4sob\u00ed v samospr\u00e1ve vo funkcii starostu obce M\u00fdto pod \u010eumbierom, \u0161tvrt\u00e9 funk\u010dn\u00e9 obdobia.<\/p>\n","protected":false},"author":2,"featured_media":2220,"comment_status":"closed","ping_status":"open","sticky":false,"template":"","format":"standard","meta":{"footnotes":""},"categories":[4,6,7,10,259,13],"tags":[139,185],"class_list":["post-2219","post","type-post","status-publish","format-standard","has-post-thumbnail","hentry","category-praca","category-pribehy-lgbti-ludi","category-pride","category-kultura","category-rozhovory","category-viditelnost","tag-pride","tag-rozhovor"],"_links":{"self":[{"href":"https:\/\/duhovyrok.sk\/qys\/wp-json\/wp\/v2\/posts\/2219","targetHints":{"allow":["GET"]}}],"collection":[{"href":"https:\/\/duhovyrok.sk\/qys\/wp-json\/wp\/v2\/posts"}],"about":[{"href":"https:\/\/duhovyrok.sk\/qys\/wp-json\/wp\/v2\/types\/post"}],"author":[{"embeddable":true,"href":"https:\/\/duhovyrok.sk\/qys\/wp-json\/wp\/v2\/users\/2"}],"replies":[{"embeddable":true,"href":"https:\/\/duhovyrok.sk\/qys\/wp-json\/wp\/v2\/comments?post=2219"}],"version-history":[{"count":1,"href":"https:\/\/duhovyrok.sk\/qys\/wp-json\/wp\/v2\/posts\/2219\/revisions"}],"predecessor-version":[{"id":2574,"href":"https:\/\/duhovyrok.sk\/qys\/wp-json\/wp\/v2\/posts\/2219\/revisions\/2574"}],"wp:featuredmedia":[{"embeddable":true,"href":"https:\/\/duhovyrok.sk\/qys\/wp-json\/wp\/v2\/media\/2220"}],"wp:attachment":[{"href":"https:\/\/duhovyrok.sk\/qys\/wp-json\/wp\/v2\/media?parent=2219"}],"wp:term":[{"taxonomy":"category","embeddable":true,"href":"https:\/\/duhovyrok.sk\/qys\/wp-json\/wp\/v2\/categories?post=2219"},{"taxonomy":"post_tag","embeddable":true,"href":"https:\/\/duhovyrok.sk\/qys\/wp-json\/wp\/v2\/tags?post=2219"}],"curies":[{"name":"wp","href":"https:\/\/api.w.org\/{rel}","templated":true}]}}