{"id":2215,"date":"2019-07-08T11:51:25","date_gmt":"2019-07-08T09:51:25","guid":{"rendered":"https:\/\/qys.sk\/?p=2215"},"modified":"2021-03-29T17:26:16","modified_gmt":"2021-03-29T15:26:16","slug":"bosa-noha-pride-je-aj-zabava-ale-je-to-aj-boj-za-ludske-prava-a-za-ludske-slobody-vseobecne","status":"publish","type":"post","link":"https:\/\/duhovyrok.sk\/qys\/bosa-noha-pride-je-aj-zabava-ale-je-to-aj-boj-za-ludske-prava-a-za-ludske-slobody-vseobecne\/","title":{"rendered":"Bos\u00e1 Noha: Pride je aj z\u00e1bava, ale je to aj boj za \u013eudsk\u00e9 pr\u00e1va a za \u013eudsk\u00e9 slobody v\u0161eobecne"},"content":{"rendered":"\n<p><strong>Autor textu: Andrej Kuruc \/ Foto: Jakub Kov\u00e1\u010d<\/strong><\/p>\n\n\n\n<blockquote class=\"wp-block-quote is-layout-flow wp-block-quote-is-layout-flow\"><p>Arch\u00edvny text sme prv\u00fd raz publikovali v \u010d\u00edsle Leto 2019.<\/p><\/blockquote>\n\n\n\n<p>Vlado&nbsp;(60), v&nbsp;komunite zn\u00e1my aj ako \u201eBos\u00e1 noha\u201c, vy\u0161tudoval Matematicko-fyzik\u00e1lnu fakultu na Univerzite Komensk\u00e9ho. Zn\u00e1my je t\u00fdm, \u017ee chod\u00ed na mnoh\u00e9 akcie LGBTI komunity a&nbsp;na Pride. O&nbsp;pr\u00e1va tepl\u00fdch \u013eud\u00ed, ale aj prevenciu HIV sa zauj\u00edmal u\u017e po\u010das socializmu. Preto sme sa porozpr\u00e1vali o&nbsp;jeho \u017eivote a&nbsp;sk\u00fasenostiach.&nbsp;<\/p>\n\n\n\n<p><strong>\u017divot spojen\u00fd s&nbsp;Bratislavou&nbsp;<\/strong><\/p>\n\n\n\n<p>Vlado sa narodil v\u00a0roku 1958 v \u0160umperku. O\u00a0dva roky nesk\u00f4r sa pres\u0165ahoval s\u00a0rodi\u010dmi do zadymenej Bratislavy 60-tych rokov, kde vyrastal a\u00a0\u017eil cel\u00fdch 32 rokov na viacer\u00fdch meistach ako Ru\u017eov\u00e1 dolina, na Trn\u00e1vke zahalenej do exhal\u00e1tov a\u00a0od roku 1985 v\u00a0Petr\u017ealke.\u00a0 V\u00e4\u010d\u0161inu \u017eivota v\u0161ak b\u00fdval len s\u00a0mamou, ktor\u00e1 sa rozviedla, ke\u010f mal 7 a pol roka. S\u00a0otcom prich\u00e1dzal do styku, len ob\u010das. \u201eMoc som si s\u00a0n\u00edm nerozumel, bol to konzervat\u00edvec,\u201c hovor\u00ed Vlado.\u00a0 Sexualita u\u00a0nich v\u00a0rodine bola tabu a\u017e skoro do 14. roku \u017eivota.  Potom sa s\u00edce niektor\u00e9 t\u00e9my u\u017e &#8222;otvorili&#8220;, ale nie celkom.&#8220; T\u00fa svoju u\u017e vn\u00edmal ako mal\u00e9 die\u0165a. S\u00e1m vyc\u00edtil, \u017ee s\u00a0touto vecou sa nem\u00e1 nejak chv\u00e1li\u0165.\u00a0<\/p>\n\n\n\n<p><strong>Prv\u00e9 uvedomenie<\/strong><\/p>\n\n\n\n<p>Ke\u010f bol men\u0161\u00ed, p\u00e1\u010dili sa mu fotky domorod\u00fdch mu\u017eov v&nbsp;pr\u00edrodovedeck\u00fdch \u010dasopisoch. Prv\u00e9 uvedomenie, \u017ee skuto\u010dne by chcel cielene nie\u010do vysk\u00fa\u0161a\u0165 s&nbsp;mu\u017eom, pri\u0161lo nesk\u00f4r, ke\u010f i\u0161iel na priemyslovku v roku&nbsp;1975. Vtedy mal 15 rokov. \u201eSom \u010dlovek liber\u00e1lne zm\u00fd\u0161\u013eaj\u00faci a&nbsp;rebelantsk\u00fd, nevidel som probl\u00e9m ma\u0165 nie\u010do s&nbsp;mu\u017eom.&nbsp; Ale vtedy v&nbsp;tom veku to bolo trestn\u00e9 zo z\u00e1kona. Hranica pre sex dvoch mu\u017eov bola nad 18 rokov vy\u0161\u0161ie,\u201c dod\u00e1va Vlado. Na priemyslovke boli \u010disto chlap\u010densk\u00e1 trieda. Medzi \u0161tudentami sa rozpr\u00e1vala historka, ako jeden z nich &#8222;stretol pri stanici buzeranta&#8220;.&nbsp; Vtedy bola najm\u00e4 tak\u00e1 v\u0161eobecn\u00e1 predstava, \u017ee &#8222;buzeranti&#8220; s\u00fa t\u00ed, \u010do h\u013eadaj\u00fa po nociach, a kto chce, m\u00f4\u017ee si pri nich zarobi\u0165. \u201eAj vtedy pou\u017e\u00edvali tieto nad\u00e1vky,\u201c vysvet\u013euje.&nbsp;<\/p>\n\n\n\n<p><strong>Ako sa zoznamoval po\u010das vysokej \u0161koly<\/strong><\/p>\n\n\n\n<p>Po strednej \u0161kole pri\u0161la vysok\u00e1, kde bolo v\u0161etko ove\u013ea otvorenej\u0161ie.&nbsp; Netajil sa &nbsp;t\u00fdm, \u017ee sa mu p\u00e1\u010dia aj mu\u017ei, aj \u017eeny.&nbsp; Na univerzite \u0161tudovalo ve\u013ea vo\u013enomy\u0161lienkarsky orientovan\u00fdch \u013eud\u00ed. \u201eDuch&nbsp; sprisahania proti re\u017eimu bol siln\u00fd,\u201c osvet\u013euje Vlado. Miest, kde sa stret\u00e1vali homosexu\u00e1lni mu\u017ei, nebolo ve\u013ea. Bol to napr\u00edklad Kri\u0161t\u00e1\u013e bar, alebo Luxorka kaviare\u0148 na \u0160tef\u00e1nikovej. Na v\u00fd\u0161ke za\u010dal chodieva\u0165 aj na \u0160af\u00e1rikovo n\u00e1mestie a&nbsp;k&nbsp; Redute, \u010do boli zn\u00e1me miesta, kde vyh\u013ead\u00e1vali mu\u017ei sexu\u00e1lne kontakty. \u201e\u010casto sa to to\u010dilo okolo verejn\u00fdch z\u00e1chodov. Bolo to ve\u013emi nehygienick\u00e9, ne\u0161ikovn\u00e9, nepohodln\u00e9, kult\u00fara nula,\u201c vykres\u013euje Vlado.&nbsp; Zoznamoval sa aj tak, \u017ee rozhalen\u00fd, pr\u00edpadne bez ko\u0161ele, chodil po meste alebo v&nbsp;elektri\u010dke, kde hne\u010f zbadal, \u017ee nejak\u00fd chlapec alebo mu\u017e na \u0148om nech\u00e1va o\u010di. Tak na neho uprel zrak a&nbsp;ob\u010das aj niekoho zbalil.&nbsp; \u201eKo\u013eko je hod\u00edn?\u201c bol tradi\u010dn\u00fd syst\u00e9m balenia. Z rozpr\u00e1vania star\u0161\u00edch mestsk\u00fdch homosexu\u00e1lov po\u010dul, \u017ee ke\u010f e\u0161te bola pred Redutou kone\u010dn\u00e1 zast\u00e1vka trolejbusu 11, tak tam bol be\u017en\u00fd syst\u00e9m nadv\u00e4zovania kontaktu \u201eTie\u017e \u010dak\u00e1te na jeden\u00e1stku?\u201c.&nbsp;&nbsp;<\/p>\n\n\n\n<p><strong>Ako to mal so vz\u0165ahmi&nbsp;<\/strong><\/p>\n\n\n\n<p>\u201e\u0164a\u017eko bolo n\u00e1js\u0165 st\u00e1leho mu\u017ea, doma bola mama. Ke\u010f bola v&nbsp;robote, p\u00e1rkr\u00e1t sa mi podarilo dotiahnu\u0165 domov nejak\u00e9ho kamar\u00e1ta,\u201c spom\u00edna. V\u00e4\u010d\u0161inou sa zoznamoval s&nbsp;chlapcami z&nbsp;vidieka, ktor\u00ed pri\u0161li a&nbsp;odi\u0161li a&nbsp;boli v\u00e4\u010d\u0161inou&nbsp; \u017eenat\u00ed. Raz sa zozn\u00e1mil s&nbsp;jedn\u00fdm \u017eenat\u00fdm p\u00e1nom v&nbsp;elektri\u010dke. I\u0161li k&nbsp;nemu do bytu, k\u00fdm bola jeho \u017eena na lie\u010den\u00ed. Vraj to nikdy s&nbsp;mu\u017eom e\u0161te nerobil, len so \u017eenou. \u201eLen tam sa stal mal\u00e9r. \u017dena pri\u0161la o&nbsp;dva dni sk\u00f4r z&nbsp;k\u00fape\u013eov. On zazm\u00e4tkovala a&nbsp;namiesto toho, aby ma predstavil ako kolegu, lebo u\u017e som vedel kde rob\u00ed, tak ma str\u010dil do skrine v&nbsp;sp\u00e1lni,\u201c smeje sa na tom Vlado. Nakoniec musel zliez\u0165 z&nbsp;prv\u00e9ho poschodia po hromozvode v&nbsp;noci von do dvora. \u201eT\u00fdm p\u00e1dom to skon\u010dilo, u\u017e bol zase doma pod papu\u010dou,\u201c uzatv\u00e1ra Vlado. Najdlh\u0161\u00ed vz\u0165ah mal \u0161tyri roky. Za\u010dali si spolu v roku&nbsp;1983. Priate\u013ea predstavoval mame ako spolu\u017eiaka. \u201eOn bol zo Slovenska, ale na poh\u013ead vyzeral, ako keby bol z&nbsp;ju\u017en\u00e9ho Talianska, alebo \u0160panielska, ve\u013emi pekn\u00fd chalan, tmav\u0161\u00ed, ku\u010derav\u00fd, mama n\u00edm bola \u00faplne o\u010daren\u00e1\u201c, zasn\u00edva sa Vlado. &nbsp; &nbsp; &nbsp; &nbsp; &nbsp; &nbsp; &nbsp; &nbsp; &nbsp; &nbsp; &nbsp; &nbsp; &nbsp; &nbsp; &nbsp; &nbsp; &nbsp; &nbsp; &nbsp; &nbsp; &nbsp; &nbsp; &nbsp; &nbsp; &nbsp; &nbsp; &nbsp; &nbsp; &nbsp; &nbsp; &nbsp; &nbsp; &nbsp; &nbsp; &nbsp; &nbsp; &nbsp; &nbsp; &nbsp; &nbsp; &nbsp; &nbsp; &nbsp; &nbsp; &nbsp; &nbsp; &nbsp; &nbsp; &nbsp; &nbsp; &nbsp; &nbsp; &nbsp; &nbsp; &nbsp; &nbsp; &nbsp; &nbsp; &nbsp; &nbsp; &nbsp; &nbsp; Hovorila : &#8222;Vid\u00ed\u0161, toto je skuto\u010dn\u00fd mu\u017e, tento ur\u010dite nie je tepl\u00fd.&#8220;<\/p>\n\n\n\n<figure class=\"wp-block-image size-large\"><img loading=\"lazy\" decoding=\"async\" width=\"1024\" height=\"683\" src=\"https:\/\/duhovyrok.sk\/qys\/wp-content\/uploads\/sites\/2\/2021\/01\/clanok-8-bosa-noha-2-1024x683.jpg\" alt=\"\" class=\"wp-image-2216\" srcset=\"https:\/\/duhovyrok.sk\/qys\/wp-content\/uploads\/sites\/2\/2021\/01\/clanok-8-bosa-noha-2-1024x683.jpg 1024w, https:\/\/duhovyrok.sk\/qys\/wp-content\/uploads\/sites\/2\/2021\/01\/clanok-8-bosa-noha-2-600x400.jpg 600w, https:\/\/duhovyrok.sk\/qys\/wp-content\/uploads\/sites\/2\/2021\/01\/clanok-8-bosa-noha-2-1536x1024.jpg 1536w, https:\/\/duhovyrok.sk\/qys\/wp-content\/uploads\/sites\/2\/2021\/01\/clanok-8-bosa-noha-2-300x200.jpg 300w, https:\/\/duhovyrok.sk\/qys\/wp-content\/uploads\/sites\/2\/2021\/01\/clanok-8-bosa-noha-2.jpg 2048w\" sizes=\"auto, (max-width: 1024px) 100vw, 1024px\" \/><figcaption>Foto: Jakub Kov\u00e1\u010d<\/figcaption><\/figure>\n\n\n\n<p><strong>Psychiatria a diagn\u00f3za 302<\/strong><\/p>\n\n\n\n<p>Po vysokej \u0161kole za\u010dal robi\u0165 v&nbsp;at\u00f3movej elektr\u00e1rni v&nbsp;Jaslovsk\u00fdch Bohuniciach a&nbsp;n\u00e1sledne narukoval na rok do Prachat\u00edc. Tam sa mu v\u0161ak v nesmierne stresuj\u00facom prostred\u00ed vr\u00e1tili nervov\u00e9 tiky,&nbsp; s ktor\u00fdmi mal nejak\u00fd \u010das probl\u00e9m ako 11 ro\u010dn\u00fd. Zavreli ho na \u00fatvarov\u00fa&nbsp; o\u0161etrov\u0148u, kde ho dva dni pozorovali cez k\u013e\u00fa\u010dov\u00fa dierku, \u010di&nbsp; nesimuluje. Potom ho poslali&nbsp; na vojensk\u00fa psychiatriu do \u010cesk\u00fdch Bud\u011bjov\u00edc. \u201ePredt\u00fdm mi v\u0161ak jeden velite\u013e&nbsp; opatrne prezradil, \u017ee ma na psychiatrii podrobnej\u0161ie vy\u0161etria. Vraj m\u00e1m v&nbsp;z\u00e1znamoch od kontra\u0161pion\u00e1\u017ee uveden\u00e9, \u017ee som na mu\u017eov. \u017de&nbsp; budem musie\u0165 \u00eds\u0165 na test,\u201c uv\u00e1dza Vlado. Potom ho prevelili do Znojma, odtia\u013e na vojensk\u00fa psychiatriu do Brna, kde i\u0161iel na vy\u0161etrenie do fakultnej nemocnice na takzvan\u00fa phalopletysmografiu. \u201eNasadili mi tak\u00fd pr\u00edstroj&nbsp; na penis, ktor\u00fd zaznamen\u00e1val&nbsp; jeho jemn\u00e9 zmeny ve\u013ekosti,&nbsp; a&nbsp;pritom mi premietali obr\u00e1zky, nah\u00e9 \u017eeny, nah\u00fdch mu\u017eov, deti, zvierat\u00e1,\u201c popisuje Vlado.&nbsp; Po poldennej porade konz\u00edlia vojensk\u00fdch psychiatrov ho nakoniec uznali ako do\u010dasne neschopn\u00e9ho vojenskej slu\u017eby. Prepustilo ho&nbsp; s&nbsp;diagn\u00f3zou 302. V zozname psychick\u00fdch por\u00fach v&nbsp;MKCH 9 to v&nbsp;tom \u010dase bola mu\u017esk\u00e1 homosexualita. Dodnes m\u00e1 odlo\u017een\u00fa ileg\u00e1lnu fotku vojenskej kni\u017eky a&nbsp;spr\u00e1vu s&nbsp;diagn\u00f3zou. &nbsp; Po\u010das pobytu v&nbsp;Brne na psychiatrii, sa o&nbsp;tom, \u017ee sa mu p\u00e1\u010dia mu\u017ei,&nbsp; dozvedela aj mama. Pri\u0161la ho nav\u0161t\u00edvi\u0165 a&nbsp;tam jej psychiatri ozn\u00e1mili, \u010do je vo veci. \u201eBola z&nbsp;toho paf. Potom sa cel\u00fd de\u0148 vozila po Brne a&nbsp;nevedela sa zastavi\u0165,\u201c popisuje Vlado.&nbsp; Ke\u010f sa vr\u00e1til z&nbsp;vojen\u010diny, tak toho jedn\u00e9ho kamar\u00e1ta, s&nbsp;ktor\u00fdm bol 4 roky, na nejak\u00fd \u010das akceptovala, chodil ku nim, boli spolu. \u201eAle bolo c\u00edti\u0165, \u017ee st\u00e1le d\u00fafala, \u017ee je to do\u010dasn\u00e9. \u017de ma to postupne prejde, \u017ee sa nejak zacvi\u010d\u00edm a&nbsp;budem na \u017eeny. Ch\u00e1pala to ako prechodn\u00fd stupe\u0148,\u201c dod\u00e1va trpko Vlado.<\/p>\n\n\n\n<p><strong>Ako to bolo s&nbsp;homosexualitou za socializmu<\/strong><\/p>\n\n\n\n<p>Vlado sa narodil&nbsp; do doby, ke\u010f v&nbsp;1961 roku&nbsp; odtrestnili homosexualitu, ale to bola jedna str\u00e1nka veci. \u201eAk sa o&nbsp;tom v&nbsp;telev\u00edzii nie\u010do hovorilo, tak v\u00e4\u010d\u0161inou len v&nbsp;rel\u00e1cii Pol\u00edcia, kde informovali o&nbsp;tom, ak\u00e9 nebezpe\u010denstv\u00e1 no\u010dn\u00e9ho \u017eivota \u010d\u00edhaj\u00fa na \u013eud\u00ed. Jedna vec bola&nbsp; zru\u0161i\u0165 to na papieri a&nbsp;druh\u00e1 vec, \u017ee st\u00e1le to policajti a&nbsp;tajn\u00e1 slu\u017eba zneu\u017e\u00edvali,\u201c spom\u00edna. Vie o&nbsp;pr\u00edpade v&nbsp;roku 1985&nbsp; ke\u010f u\u017e bola takzvan\u00e1 perestrojka, a za\u010dalo sa&nbsp; podnika\u0165 s\u00fakromne,&nbsp; v&nbsp;Brne vznikol tepl\u00fd podnik&nbsp; na Ru\u017eovej ulici Skl\u00edpek u&nbsp;Richarda. To bol v&nbsp;\u010ceskoslovensku jeden z&nbsp;prv\u00fdch tepl\u00fdch podnikov. \u201eNeofici\u00e1lnych samozrejme, i\u0161lo o bar kam chodili na\u0161inci. Pol\u00edcia tam robila raziu, \u013eudia vysk\u00e1kali von oknami a&nbsp;utekali pred policajtmi. Jeden sa schoval do kontajnera, odkia\u013e ho vytiahli. Dlh\u00e9 roky ho prez\u00fdvali&nbsp; ,Kontajnerka\u2018. A&nbsp;to boli \u010dasy, ke\u010f to nebolo trestn\u00e9. My sme boli kr\u00e1sna uk\u00e1\u017eka toho, \u017ee z\u00e1kon a&nbsp;\u00fastavn\u00e9 pr\u00e1va boli len zdrap papiera. Jedin\u00e9, \u010do z&nbsp;toho platilo, bola ved\u00faca \u00faloha strany,\u201c hovor\u00ed Vlado.&nbsp;<\/p>\n\n\n\n<p><strong>Obdobie HIV\/AIDS&nbsp;<\/strong><\/p>\n\n\n\n<p>Vlado sa od mal\u00ed\u010dka zauj\u00edmal o vedu, a tak sa aj ve\u013emi skoro dozvedel o&nbsp;HIV\/AIDS v popul\u00e1rnovedeckom \u010dasopise 100+1. \u010c\u00edtal, \u017ee v&nbsp;USA sa za\u010dala \u0161\u00edri\u0165 z\u00e1hadn\u00e1 epid\u00e9mii.&nbsp; Redaktor uv\u00e1dzal, \u017ee niektor\u00e9 lek\u00e1rske kruhy to bagatelizuj\u00fa s&nbsp;t\u00fdm, \u017ee to je porucha imunity sp\u00f4soben\u00e1 neprirodzen\u00fdm sp\u00f4sobom \u017eivota, \u017ee to len dokazuje neprirodzenos\u0165 homosexuality. Ale spovedal aj skuto\u010dn\u00fdch vedcov, mikrobiol\u00f3gov z&nbsp;Kalifornie, ktor\u00ed potvrdili, \u017ee tieto tvrdenia s\u00fa nezmysel, \u017ee&nbsp; hlavn\u00e9, \u010do o&nbsp;tom zatia\u013e vieme, \u017ee nevieme ni\u010d, nevieme ako sa to \u0161\u00edri, nevieme, \u010do to sp\u00f4sobuje, akur\u00e1t je ve\u013ek\u00e9 podozrenie, \u017ee je to v\u00edrus. \u201eMedzi prv\u00fdmi som trochu za\u010dal \u0161\u00edri\u0165 poplachy v&nbsp;komunite, \u017ee pozor \u013eudia, toto sa za\u010dalo v&nbsp;USA \u0161\u00edri\u0165 a&nbsp;najnov\u0161ie inform\u00e1cie s\u00fa, \u017ee to m\u00e1 inkuba\u010dn\u00fa dobu okolo dvoch rokov, \u010do je z&nbsp;epidemiologick\u00e9ho h\u013eadiska katastrofa. D\u00e1 sa poveda\u0165, \u017ee som bol jeden z&nbsp;prv\u00fdch agig\u00e1torov v&nbsp;Bratislave, ktor\u00fd upozor\u0148oval na&nbsp; bl\u00ed\u017eiace sa&nbsp; nebezpe\u010denstvo,\u201c chv\u00e1li sa Vlado. E\u0161te koncom 80. a&nbsp;za\u010diatkom 90. rokov rozn\u00e1\u0161al n\u00e1lepky s&nbsp;n\u00e1pisom \u201eprezervat\u00edv zni\u017euje riziko\u201c. Boli dva druhy n\u00e1lepiek \u201evernos\u0165 zni\u017euje riziko\u201c a&nbsp;\u201eprezervat\u00edv zni\u017euje riziko HIV\u201c, ale on len tie druh\u00e9 bral a&nbsp;vylepoval ich dokonca aj na kostol pri Redute.&nbsp; Najm\u00e4 sa v\u0161ak podie\u013eal na \u010diasto\u010dne dobrovo\u013en\u00edckom v\u00fdskume efektivity vtedaj\u0161\u00edch testov na HIV s cie\u013eom umo\u017eni\u0165 \u010do najmasovej\u0161ie otestovanie, preto\u017ee, ke\u010f\u017ee testy boli drah\u00e9 a&nbsp;kupovan\u00e9 v&nbsp;tvrdej mene, m\u00e1lo \u013eud\u00ed bolo mo\u017en\u00e9 najprv testova\u0165. Po\u010das t\u00fdch pr\u00e1c v\u0161ak po\u010dul aj o snah\u00e1ch z vedenia \u0161t\u00e1tu (strany) ak\u00e9ko\u013evek testovanie HIV zastavi\u0165, lebo komunisti tvrdili, \u017ee&nbsp; cel\u00e9 AIDS je fakticky len d\u00f4sledok zh\u00fdralej mor\u00e1lky bur\u017eo\u00e1znej kapitalistickej spolo\u010dnosti a&nbsp;kto sa dr\u017e\u00ed mor\u00e1lneho k\u00f3dexu budovate\u013ea komunizmu, tak nikdy \u017eiaden AIDS dosta\u0165 nem\u00f4\u017ee, \u201e spom\u00edna Vlado.&nbsp;<\/p>\n\n\n\n<p><strong>90-te roky<\/strong><\/p>\n\n\n\n<p>Paradoxn\u00e9 je, \u017ee mo\u017eno viac t\u00fdch nen\u00e1vistn\u00fdch prejavov od be\u017en\u00fdch \u013eud\u00ed za\u017e\u00edva Vlado v&nbsp;t\u00fdchto \u010dasoch od polovice 90, ke\u010f sa \u010doraz viacej etablovali neonacisti. Za&nbsp; minul\u00e9ho re\u017eimu fungovala sprisahaneck\u00e1 atmosf\u00e9ra. \u201e\u010castokr\u00e1t \u010dlovek mohol otvorene poveda\u0165, \u017ee je na chlapov aj pred tvrdo veriacim. A&nbsp;predsa sme na\u0161li spolo\u010dn\u00fa re\u010d.&nbsp; Spolu sme nad\u00e1vali na komunistov. Ale dnes by ma poslal do hor\u00facich pekiel,\u201c del\u00ed sa o&nbsp;sk\u00fasenos\u0165 Vlado. Po revol\u00facii sa aj ve\u013ea zmenilo, za\u010dal spolupracova\u0165 s&nbsp;hnut\u00edm Ganymedes (prv\u00e9 zdru\u017eenie za pr\u00e1va gejov a&nbsp;lesieb). Robil vtedy na hydrometeorologickom \u00fastave, kde mal pr\u00edstup k&nbsp;v\u00fdpo\u010dtovej technike a k&nbsp;tla\u010diarni. Tla\u010dil im prv\u00e9 stanovy a&nbsp;vy\u0161e sto kusov prv\u00fdch pozv\u00e1nok na ihli\u010dkovej tla\u010diarni, ktor\u00e9 potom ve\u010der strihali a&nbsp;rozposielali. Od jesene 1991 a\u017e do roku 2010&nbsp; \u017eil v&nbsp;Banskej Bystrici. Aktivizmu tam bolo m\u00e1lo, spom\u00edna. V&nbsp;r\u00e1mci hnutia Ganymedes vznikali nejak\u00e9 aktivity. \u201eCel\u00e9 to nesk\u00f4r&nbsp; viazlo,&nbsp; ale chytali sa toho in\u00fd,\u201c hovor\u00ed. On nemal ve\u013ek\u00fa mo\u017enos\u0165. \u017dil s&nbsp;mamou, ktor\u00e1 ho dotiahla na stredn\u00e9 Slovensko, lebo si asi myslela, \u017ee ho prerob\u00ed na nie\u010do in\u00e9. \u017dil len s&nbsp;\u0148ou a&nbsp;nesk\u00f4r sa o&nbsp;\u0148u staral a\u017e do jej smrti.&nbsp;<\/p>\n\n\n\n<p><strong>D\u00fahov\u00e9 pochody&nbsp;&nbsp;<\/strong><\/p>\n\n\n\n<p>Od roku&nbsp; 2011 sa Vlado z\u00fa\u010dast\u0148uje na Pride. \u201eJe to aj dobr\u00e1 z\u00e1bava, a&nbsp;je to aj&nbsp; ve\u013emi siln\u00e1 politick\u00e1 z\u00e1le\u017eitos\u0165. Je to boj za \u013eudsk\u00e9 pr\u00e1va a \u013eudsk\u00e9 slobody v\u0161eobecne,\u201c&nbsp; vrav\u00ed Vlado. Pod\u013ea neho&nbsp; na Pride maj\u00fa rovnak\u00e9 miesto okrem homosexu\u00e1lov aj heterosexu\u00e1li, okrem rod\u00edn rovnakopohlavn\u00fdch aj r\u00f4znopohlavn\u00e9, pokia\u013e chc\u00fa presadzova\u0165 my\u0161lienku otvorenosti, mnohorakosti a&nbsp;vz\u00e1jomnej tolerancie, re\u0161pektu. \u010ci\u017ee&nbsp; je to vlastne tie\u017e pochod za rodinu.&nbsp; Vlado bol u\u017e tento rok vo Viedni na Europride, za\u017eil \u0161es\u0165 hodinov\u00fd pochod mestom.&nbsp; Dopravn\u00fd podnik viedensk\u00fd poskytol alegorick\u00e9 elektri\u010dky, ktor\u00e9 i\u0161li s&nbsp;nimi. \u201eTak si predstavme, \u017eeby tun\u00e1 po\u010das D\u00fahov\u00e9ho PRIDE v&nbsp;Bratislave vyvesili d\u00fahov\u00e9 vlajo\u010dky na elektri\u010dk\u00e1ch, alebo na radnici ako vo Viedni\u201c, porovn\u00e1va situ\u00e1ciu v&nbsp;Rak\u00fasku a&nbsp;na Slovensku.&nbsp; Chyst\u00e1 sa na Pride v&nbsp;Bratislave, e\u0161te v&nbsp;Prahe, aj v&nbsp;Ko\u0161iciach, tento rok u\u017e bol v&nbsp;Bystrici. Potencion\u00e1lnym n\u00e1v\u0161tevn\u00edkom Pride odkazuje, aby sa&nbsp; ho z\u00fa\u010dastnili.&nbsp; \u201eJe to boj za slobodu. Ke\u010f za \u0148u nebud\u00fa bojova\u0165 a&nbsp;bud\u00fa sa spolieha\u0165, \u017ee pr\u00edde sama, m\u00f4\u017ee sa sta\u0165, \u017ee jedn\u00e9ho d\u0148a o&nbsp;tom u\u017e bud\u00fa rozm\u00fd\u0161\u013ea\u0165 len cez zamre\u017eovan\u00e9 okno alebo niekde v&nbsp;t\u00e1bore. Samozrejme, je to aj z\u00e1bava. Tento boj je jednozna\u010dn\u00fd a&nbsp;nevyhnutn\u00fd. Ako sa vrav\u00ed: ,Demokracia a&nbsp;\u013eudsk\u00e9 pr\u00e1va s\u00fa krehk\u00e9 kvetinky, ktor\u00e9 treba neust\u00e1le hnoji\u0165 a&nbsp;pestova\u0165, lebo in\u00e1\u010d uhyn\u00fa,\u2018\u201c ukon\u010duje svoje rozpr\u00e1vanie Vlado.&nbsp;<\/p>\n\n\n\n<blockquote class=\"wp-block-quote is-layout-flow wp-block-quote-is-layout-flow\"><p><strong>Pozn\u00e1mka<\/strong>:<\/p><p>Medic\u00ednska hist\u00f3ria homosexuality<\/p><p>Homosexualita bola do 1. 1. 1993 v r\u00e1mci Medzin\u00e1rodnej klasifik\u00e1cie chor\u00f4b (MKCH-9) veden\u00e1 ako diagn\u00f3za s k\u00f3dom 302.0 Homosexualita v kapitole V &#8211; Du\u0161evn\u00e9 poruchy (302 Sexu\u00e1lne \u00fachylky a poruchy). Jej defin\u00edcia znela: &#8222;V\u00fdlu\u010dn\u00e1 alebo prevl\u00e1daj\u00faca n\u00e1klonnos\u0165 k osob\u00e1m toho ist\u00e9ho pohlavia, s pohlavn\u00fdm stykom alebo bez neho.&#8220;<\/p><\/blockquote>\n","protected":false},"excerpt":{"rendered":"<p>Vlado  (60), v komunite zn\u00e1my aj ako \u201eBos\u00e1 noha\u201c, vy\u0161tudoval Matematicko-fyzik\u00e1lnu fakultu na Univerzite Komensk\u00e9ho. Zn\u00e1my je t\u00fdm, \u017ee chod\u00ed na mnoh\u00e9 akcie LGBTI komunity a na Pride. <\/p>\n","protected":false},"author":2,"featured_media":2217,"comment_status":"closed","ping_status":"open","sticky":false,"template":"","format":"standard","meta":{"footnotes":""},"categories":[6,7,9,259,13],"tags":[35,185],"class_list":["post-2215","post","type-post","status-publish","format-standard","has-post-thumbnail","hentry","category-pribehy-lgbti-ludi","category-pride","category-queer-historia","category-rozhovory","category-viditelnost","tag-bosa-noha","tag-rozhovor"],"_links":{"self":[{"href":"https:\/\/duhovyrok.sk\/qys\/wp-json\/wp\/v2\/posts\/2215","targetHints":{"allow":["GET"]}}],"collection":[{"href":"https:\/\/duhovyrok.sk\/qys\/wp-json\/wp\/v2\/posts"}],"about":[{"href":"https:\/\/duhovyrok.sk\/qys\/wp-json\/wp\/v2\/types\/post"}],"author":[{"embeddable":true,"href":"https:\/\/duhovyrok.sk\/qys\/wp-json\/wp\/v2\/users\/2"}],"replies":[{"embeddable":true,"href":"https:\/\/duhovyrok.sk\/qys\/wp-json\/wp\/v2\/comments?post=2215"}],"version-history":[{"count":3,"href":"https:\/\/duhovyrok.sk\/qys\/wp-json\/wp\/v2\/posts\/2215\/revisions"}],"predecessor-version":[{"id":2726,"href":"https:\/\/duhovyrok.sk\/qys\/wp-json\/wp\/v2\/posts\/2215\/revisions\/2726"}],"wp:featuredmedia":[{"embeddable":true,"href":"https:\/\/duhovyrok.sk\/qys\/wp-json\/wp\/v2\/media\/2217"}],"wp:attachment":[{"href":"https:\/\/duhovyrok.sk\/qys\/wp-json\/wp\/v2\/media?parent=2215"}],"wp:term":[{"taxonomy":"category","embeddable":true,"href":"https:\/\/duhovyrok.sk\/qys\/wp-json\/wp\/v2\/categories?post=2215"},{"taxonomy":"post_tag","embeddable":true,"href":"https:\/\/duhovyrok.sk\/qys\/wp-json\/wp\/v2\/tags?post=2215"}],"curies":[{"name":"wp","href":"https:\/\/api.w.org\/{rel}","templated":true}]}}