{"id":2195,"date":"2019-07-08T10:36:24","date_gmt":"2019-07-08T08:36:24","guid":{"rendered":"https:\/\/qys.sk\/?p=2195"},"modified":"2021-03-18T09:05:18","modified_gmt":"2021-03-18T08:05:18","slug":"milan-zvada-pridebb-v-globalizovanom-svete-vela-veci-so-sebou-navzajom-suvisi","status":"publish","type":"post","link":"https:\/\/duhovyrok.sk\/qys\/milan-zvada-pridebb-v-globalizovanom-svete-vela-veci-so-sebou-navzajom-suvisi\/","title":{"rendered":"Milan Zvada, #PRIDEBB: V globalizovanom svete ve\u013ea vec\u00ed so sebou navz\u00e1jom s\u00favis\u00ed"},"content":{"rendered":"\n<p><strong>Autor textu a foto: Jakub Kov\u00e1\u010d<\/strong><\/p>\n\n\n\n<blockquote class=\"wp-block-quote is-layout-flow wp-block-quote-is-layout-flow\"><p>Arch\u00edvny text sme prv\u00fd raz publikovali v \u010d\u00edsle Leto 2019.<\/p><\/blockquote>\n\n\n\n<p><strong>Milan Zvada m\u00e1 37 rokov, poch\u00e1dza z&nbsp;Ru\u017eomberka a v s\u00fa\u010dasnosti je dramaturgom kult\u00farneho centra Z\u00e1hrada v Banskej Bystrici.<\/strong> <strong>Od roku 2015 je \u010dlenom neform\u00e1lnej skupiny INOKRAJ, ktor\u00e1 sa sna\u017e\u00ed prep\u00e1ja\u0165 LGBTI \u013eud\u00ed v Banskobystrickom kraji so svetom a svet s nimi.<\/strong><\/p>\n\n\n\n<p><strong>Pre\u010do ste sa rozhodli usporiada\u0165 PRIDE v Bystrici ?<\/strong><\/p>\n\n\n\n<p>Prv\u00fd resp. nult\u00fd pokus usporiada\u0165 PRIDE vy\u0161iel z iniciat\u00edvy p\u00e1r \u013eud\u00ed okolo neform\u00e1lneho zoskupenia INOKRAJ u\u017e minul\u00fd rok. Mali sme p\u00e1r stretnut\u00ed, za\u010dali sme v m\u00e1ji, a 30. j\u00fana 2018 sme zorganizovali #PRIDE #BB s podtitulom \u201ePo\u010fme spolu von!\u201c Hlavn\u00fdm cie\u013eom bolo povzbudi\u0165 LBGTI \u013eud\u00ed v regi\u00f3noch, aby i\u0161li von a str\u00e1vili s nami sobotn\u00e9 popoludnie v bezpe\u010dn\u00fdch priestoroch kult\u00farneho centra Z\u00e1hrada. Vtedy sme neorganizovali pochod, len hudobn\u00fd sprievodn\u00fd program v Z\u00e1hrade. Akcia bola komorn\u00e1, pri\u0161lo asi 50 \u013eud\u00ed. U\u017e vtedy zaznel intern\u00fd z\u00e1v\u00e4zok, \u017ee \u010fal\u0161\u00ed rok sprav\u00edme aj pochod.<\/p>\n\n\n\n<p>Tento rok sme na pr\u00edpravu mali viac \u010dasu, a taktie\u017e sa zmenil aj organiza\u010dn\u00fd t\u00edm. \u010cas\u0165 z&nbsp;dobrovo\u013en\u00edkov a&nbsp;dobrovo\u013en\u00ed\u010dok v\u0161ak pom\u00e1hala aj tento rok, najm\u00e4 na mieste v&nbsp;de\u0148 festivalu.<\/p>\n\n\n\n<p>LBGTI-friendly podujatia a&nbsp;aktivity INOKRAJ v&nbsp;spolupr\u00e1ci so Z\u00e1hradou organizuje u\u017e od roku 2015. #PRIDE #BB spojen\u00fd s \u201eprechodom na rovnos\u0165\u201c cez mesto bol pre n\u00e1s prirodzen\u00fdm medzn\u00edkom \u2013 \u00eds\u0165 von, na verejnos\u0165, a&nbsp;by\u0165 maj\u00e1kom pre LBGTI \u013eud\u00ed v&nbsp;Banskobystrickom kraji. Budeme v&nbsp;tom pokra\u010dova\u0165 aj v\u010faka dobr\u00fdm vz\u0165ahom s&nbsp;\u010fal\u0161\u00edmi organiz\u00e1ciami zo Slovenska a&nbsp;ich zabehnut\u00fdmi kult\u00farnymi a&nbsp;komunitn\u00fdmi form\u00e1tmi (napr. Filmov\u00fd festival inakosti, \u017div\u00e1 kni\u017enica a&nbsp;i.)&nbsp;<\/p>\n\n\n\n<p><strong>Kto a pre\u010do ho podporuje?<\/strong><\/p>\n\n\n\n<p>Druh\u00fd ro\u010dn\u00edk #PRIDE #BB podporili niektor\u00e9 miestne ob\u010dianske, umeleck\u00e9 a \u013eudskopr\u00e1vne iniciat\u00edvy, ktor\u00e9 tie\u017e pracuj\u00fa s komunitami (Centrum komunitn\u00e9ho organizovania, Nie v&nbsp;na\u0161om meste \u2013 ob\u010dianska platforma, Liter\u00e1rna Ba\u0161ta, Kn\u00edhkupectvo Artforum BB, Dobo\u0161ka a&nbsp;i.).<\/p>\n\n\n\n<p>Ve\u013ek\u00fa mor\u00e1lnu podporu, ako aj pomoc s&nbsp;propag\u00e1ciou, sme dostali od v\u00e4\u010d\u0161iny LGBTI organiz\u00e1ci\u00ed zo Slovenska, vr\u00e1tane D\u00fahov\u00e9ho PRIDE Bratislava a&nbsp;PRIDE Ko\u0161ice. Bez predsudkov sa sprievodn\u00e9ho programu z\u00fa\u010dastnilo aj rapersk\u00e9 zoskupenie \u010cavalenky zo Z\u00e1horia, ktor\u00ed akciu zav\u0155\u0161ili skvel\u00fdm koncertom s&nbsp;anga\u017eovan\u00fdmi textami na r\u00f4zne spolo\u010densk\u00e9 t\u00e9my. Ve\u013emi si to v\u00e1\u017eime.<\/p>\n\n\n\n<p>Na\u0161im o\u010dak\u00e1van\u00edm bolo, \u017ee sa pripoja aj \u010fal\u0161ie organiz\u00e1cie z&nbsp;oblasti ochrany \u017eivotn\u00e9ho prostredia a&nbsp;ekol\u00f3gie, no nestalo sa tak \u2013 aspo\u0148 nie explicitne (jednotlivci, ktor\u00fdch glob\u00e1lne t\u00e9my zauj\u00edmaj\u00fa, sa v\u0161ak z\u00fa\u010dastnili). O\u010dak\u00e1vali sme, \u017ee niektor\u00e9 z&nbsp;t\u00fdchto organiz\u00e1ci\u00ed bud\u00fa na\u0161u udalos\u0165 aspo\u0148 zdie\u013ea\u0165, ke\u010f\u017ee v&nbsp;programe boli zast\u00fapen\u00e9 environment\u00e1lne a&nbsp;glob\u00e1lne t\u00e9my. Na\u0161im z\u00e1merom toti\u017e bolo sp\u00e1ja\u0165 r\u00f4znorod\u00e9 komunity na z\u00e1klade t\u00e9m, ktor\u00e9 sa t\u00fdkaj\u00fa v\u0161etk\u00fdch bez rozdielu. Mysl\u00edme si, \u017ee pr\u00e1ve tak\u00e1to dramaturgia m\u00e1 v&nbsp;bud\u00facnosti potenci\u00e1l prekon\u00e1va\u0165 r\u00f4zne bari\u00e9ry a&nbsp;predsudky medzi \u013eu\u010fmi, a&nbsp;u\u017e dnes vieme, do ktor\u00fdch \u201ev\u00f4d\u201c sa pust\u00edme bud\u00faci rok. Ako sa uk\u00e1zalo, t\u00e9me rovnopr\u00e1vnosti LGBTI \u013eud\u00ed v&nbsp;spojitosti so z\u00e1ujmami in\u00fdch sa niektor\u00ed pred o\u010dami verejnosti st\u00e1le rad\u0161ej vyh\u00fdbaj\u00fa.<\/p>\n\n\n\n<figure class=\"wp-block-image size-large\"><img loading=\"lazy\" decoding=\"async\" width=\"1024\" height=\"683\" src=\"https:\/\/duhovyrok.sk\/qys\/wp-content\/uploads\/sites\/2\/2021\/01\/Clanok-3-Milan-Zvada-Foto-2-1024x683.jpg\" alt=\"\" class=\"wp-image-2196\" srcset=\"https:\/\/duhovyrok.sk\/qys\/wp-content\/uploads\/sites\/2\/2021\/01\/Clanok-3-Milan-Zvada-Foto-2-1024x683.jpg 1024w, https:\/\/duhovyrok.sk\/qys\/wp-content\/uploads\/sites\/2\/2021\/01\/Clanok-3-Milan-Zvada-Foto-2-600x400.jpg 600w, https:\/\/duhovyrok.sk\/qys\/wp-content\/uploads\/sites\/2\/2021\/01\/Clanok-3-Milan-Zvada-Foto-2-1536x1024.jpg 1536w, https:\/\/duhovyrok.sk\/qys\/wp-content\/uploads\/sites\/2\/2021\/01\/Clanok-3-Milan-Zvada-Foto-2-300x200.jpg 300w, https:\/\/duhovyrok.sk\/qys\/wp-content\/uploads\/sites\/2\/2021\/01\/Clanok-3-Milan-Zvada-Foto-2.jpg 2048w\" sizes=\"auto, (max-width: 1024px) 100vw, 1024px\" \/><figcaption>Foto: Jakub Kov\u00e1\u010d<\/figcaption><\/figure>\n\n\n\n<p><strong>Ako environment\u00e1lne t\u00e9my s\u00favisia s LGBTI ? Pre\u010do ste ich zvolili ?&nbsp;<\/strong><\/p>\n\n\n\n<p>V&nbsp;globalizovanom svete ve\u013ea vec\u00ed so sebou navz\u00e1jom s\u00favis\u00ed (\u201ebutterfly effect\u201c), aj ke\u010f si to nemus\u00edme uvedomova\u0165 v&nbsp;celej komplexnosti. \u010casto to vy\u017eaduje nemal\u00e9 intelektu\u00e1lne \u00fasilie a \u010das na \u0161t\u00fadium, aby sme ist\u00e9 glob\u00e1lne fenom\u00e9ny a&nbsp;trendy aspo\u0148 \u010diasto\u010dne pochopili. Prvotn\u00fdm impulzom k&nbsp;dramaturgii programu #PRIDE #BB v\u0161ak bolo pomenovanie narat\u00edvu, ktor\u00fd r\u00e1mcuje diskurz o&nbsp;LGBTI \u013eu\u010foch na Slovensku. Jednoducho povedan\u00e9 \u2013 o&nbsp;LGBTI \u013eu\u010foch sa vo verejnej debate \u010dasto hovor\u00ed, priamo \u010di nepriamo, ako o&nbsp;t\u00fdch, ktor\u00ed \u201enie\u010do\u201c alebo \u201eniekoho\u201c ohrozuj\u00fa. M\u00f4\u017ee to by\u0165 tradi\u010dn\u00e1 rodina, hodnoty, deti, v\u00fdchova, kres\u0165ansk\u00e1 viera \u010di \u2013 dopl\u0148te si sami. Mnoh\u00e9 z argumentov be\u017en\u00fdch \u013eud\u00ed i&nbsp;populistov toti\u017e vych\u00e1dzaj\u00fa z&nbsp;ist\u00e9ho druhu ohrozenia \u010di strachu, ktor\u00e9 t\u00edto \u013eudia poci\u0165uj\u00fa pri pojmoch rodov\u00e1 identita, rodov\u00e9 prejavy \u010di in\u00e1 sexu\u00e1lna orient\u00e1cia. Za\u010d\u00edna to pri slov\u00e1ch \u2013 nen\u00e1vistn\u00fdch koment\u00e1roch a&nbsp;kon\u010d\u00ed pri fyzickom n\u00e1sil\u00ed. My sme sa rozhodli postupne odkr\u00fdva\u0165 tento \u201efalo\u0161n\u00fd\u201c pocit ohrozenia zalo\u017een\u00fd na domnienkach a dlhodobej stigmatiz\u00e1cii na\u0161ej komunity, ktor\u00e1 sa, paradoxne, do my\u0161lienkov\u00e9ho mainstreamu dostala z&nbsp;lek\u00e1rskeho prostredia (napr. homosexualita \u010di transrodovos\u0165 boli dlho pova\u017eovan\u00e9 za chorobu \u010di \u00fachylku, ktor\u00e9 \u201eobhajovali\u201c pr\u00e1ve psychiatri na z\u00e1klade konsenzu \u00fazkej skupiny \u013eud\u00ed).&nbsp;<\/p>\n\n\n\n<p><strong>Ak\u00fd bol teda program PRIDU?<\/strong><\/p>\n\n\n\n<p>Programom #PRIDE #BB sme sa sna\u017eili pouk\u00e1za\u0165 na to, \u017ee hrozba pre spolo\u010dnos\u0165 sp\u00e1jan\u00e1 s LGBTI \u013eu\u010fmi je len fikt\u00edvna, a&nbsp;preto by sme sa mali za\u010da\u0165 zaobera\u0165 hrozbami re\u00e1lnymi. Jednou z&nbsp;nich je, \u010di chceme alebo nie, prebiehaj\u00faca klimatick\u00e1 zmena, za ktor\u00fa sme ako z\u00e1padn\u00e1 civiliz\u00e1cia a&nbsp;industrializovan\u00e1 spolo\u010dnos\u0165 zodpovedn\u00ed svojim konan\u00edm, pohodlnos\u0165ou a&nbsp;ist\u00fdm druhom kult\u00farnej nadradenosti. Do programu sme v&nbsp;tejto s\u00favislosti pozvali aj environment\u00e1lneho aktivistu Petra Doubravsk\u00e9ho z&nbsp;Fridays for Future \u010cesk\u00e1 republika, ktor\u00fd dal svojej predn\u00e1\u0161ke ve\u013eavravn\u00fd podtitul: \u201e\u010co robi\u0165, ke\u010f je plan\u00e9ta teplej\u0161ia ne\u017e my?\u201c&nbsp;<\/p>\n\n\n\n<p>\u010eal\u0161ou spolo\u010denskou hrozbou, ktor\u00fa dlhodobo pova\u017eujeme za hodn\u00fa reflexie a k\u013e\u00fa\u010dov\u00fa pre v\u00fdvoj ob\u010dianskej spolo\u010dnosti a&nbsp;demokracie, je n\u00e1zorov\u00e1 a&nbsp;ideov\u00e1 polariz\u00e1cia spolo\u010dnosti. Do programu sme preto zaradili verejn\u00fa diskusiu pod n\u00e1zvom \u201eUmenie dial\u00f3gu pri zmene spolo\u010denskej kl\u00edmy\u201c, v&nbsp;ktorej na\u0161i hostia debatovali o&nbsp;tom, ako hovori\u0165 s&nbsp;\u013eu\u010fmi, ktor\u00ed n\u00e1s apriori pova\u017euj\u00fa za chor\u00fdch \u010di hrie\u0161nych. V&nbsp;\u0161ir\u0161om kontexte sa tie\u017e diskutovalo o&nbsp;hraniciach tohto dial\u00f3gu vo verejnom diskurze,&nbsp;tolerancii a rovnopr\u00e1vnosti.<\/p>\n\n\n\n<p><strong>Jednou ekologickou t\u00e9mou predn\u00e1\u0161ky bolo aj pr\u00edrodn\u00e9 stavite\u013estvo v&nbsp;kontexte environment\u00e1lnej a&nbsp;soci\u00e1lnej spravodlivosti. Prezradil by si o&nbsp;tom viac?&nbsp;<\/strong><\/p>\n\n\n\n<p>Kto by si bol pomyslel, \u017ee to m\u00f4\u017ee s\u00favisie\u0165 s&nbsp;rodov\u00fdmi stereotypmi a&nbsp;kon\u0161tel\u00e1ciami? Uvedomujeme si, \u017ee nekone\u010dn\u00fd hospod\u00e1rsky rast je len dogmou kapitalizmu. Je dlhodobo neudr\u017eate\u013en\u00e9, aby sme v&nbsp;mene osvietensk\u00e9ho ide\u00e1lu line\u00e1rneho pokroku \u013eudstva na\u010falej devastovali pr\u00edrodn\u00e9 zdroje a&nbsp;vy\u010derp\u00e1vali plan\u00e9tu. Na limity tohto typu pokroku nar\u00e1\u017eame aj v\u010faka slepej manifest\u00e1cii archetypu otca \u2013 stvorite\u013ea, ochrancu a&nbsp;dobyvate\u013ea. Tak\u00fdto pr\u00edstup k&nbsp;\u017eivotu a&nbsp;prostrediu je podmie\u0148ovan\u00fd siln\u00fdm patriarch\u00e1lnym usporiadan\u00edm sveta a&nbsp;tradi\u010dn\u00fdmi rodov\u00fdmi rolami, a&nbsp;je vo svojej podstate diskrimina\u010dn\u00fd. Av\u0161ak, m\u00e1lokto vie, \u017ee priekopn\u00ed\u010dkami v&nbsp;pr\u00edrodnom stavite\u013estve s\u00fa pr\u00e1ve \u017eeny, a&nbsp;medzi nimi lesba, Barbara Jones z&nbsp;Ve\u013ekej Brit\u00e1nie.<\/p>\n\n\n\n<p>Napokon \u2013 environment\u00e1lne t\u00e9my s\u00favisia aj s \u013eudskopr\u00e1vnymi hodnotami ak\u00fdmi s\u00fa najm\u00e4 rovnos\u0165, sloboda a spravodlivos\u0165. V&nbsp;duchu humanizmu sa pr\u00e1ve tieto hodnoty t\u00fdkaj\u00fa v\u0161etk\u00fdch \u013eud\u00ed bez rozdielu, nehovoriac o&nbsp;tretej gener\u00e1cii \u013eudsk\u00fdch pr\u00e1v, ktor\u00e9 definuj\u00fa tie\u017e pr\u00e1vo na zdrav\u00e9 \u017eivotn\u00e9 prostredie pre v\u0161etk\u00fdch.<\/p>\n\n\n\n<p><strong>Ak\u00e9 s\u00fa pl\u00e1ny do bud\u00facna s&nbsp;PRIDE v&nbsp;Banskej Bystrici?&nbsp;<\/strong><\/p>\n\n\n\n<p>Pl\u00e1nov do bud\u00facna m\u00e1me v\u017edy dostatok, no v&nbsp;kontexte akcelerovan\u00e9ho v\u00fdvoja technol\u00f3gii ako aj spolo\u010densk\u00fdch a&nbsp;svetov\u00fdch udalost\u00ed bude najd\u00f4le\u017eitej\u0161ie ur\u010di\u0165 si lok\u00e1lne priority. \u0164a\u017eko presne odhadn\u00fa\u0165, \u010do bude tvori\u0165 ducha doby (a&nbsp;\u201educha\u201c Slovenska) o&nbsp;rok. Nejak\u00e9 dramaturgick\u00e9 linky u\u017e m\u00e1me, t\u00e9my tie\u017e, a radi by sme do organiz\u00e1cie zapojili aj verejn\u00e9 in\u0161tit\u00facie. Uvid\u00edme, ak\u00e1 bude v\u00f4\u013ea, a&nbsp;ktor\u00e9 z&nbsp;nich bud\u00fa ochotn\u00e9 prihl\u00e1si\u0165 sa k&nbsp;hodnot\u00e1m otvorenej, demokratickej a&nbsp;ob\u010dianskej spolo\u010dnosti v&nbsp;kontexte pr\u00e1v LGBTI men\u0161iny. Od Stonewallu uplynulo 50 rokov a&nbsp;st\u00e1le je \u010do robi\u0165 \u2013 zvl\u00e1\u0161\u0165 na Slovensku, ktor\u00e9 zatia\u013e neuzn\u00e1va rovnopr\u00e1vnos\u0165 LGBTI \u013eud\u00ed v&nbsp;legislat\u00edvnej, a&nbsp;v&nbsp;mnoh\u00fdch pr\u00edpadoch, ani v symbolickej rovine. Na\u010falej budeme organizova\u0165 tematick\u00e9 podujatia po\u010das roka a&nbsp;neost\u00e1va n\u00e1m ni\u010d in\u00e9 len riadi\u0165 sa heslom: United we stand, divided we fall!<\/p>\n","protected":false},"excerpt":{"rendered":"<p>Milan Zvada m\u00e1 37 rokov, poch\u00e1dza z Ru\u017eomberka a v s\u00fa\u010dasnosti je dramaturgom kult\u00farneho centra Z\u00e1hrada v Banskej Bystrici. Od roku 2015 je \u010dlenom neform\u00e1lnej skupiny INOKRAJ, ktor\u00e1 sa sna\u017e\u00ed prep\u00e1ja\u0165 LGBTI \u013eud\u00ed v Banskobystrickom kraji so svetom a svet s nimi.<\/p>\n","protected":false},"author":9,"featured_media":2197,"comment_status":"closed","ping_status":"open","sticky":false,"template":"","format":"standard","meta":{"footnotes":""},"categories":[6,7,259,13],"tags":[30,115,141,185],"class_list":["post-2195","post","type-post","status-publish","format-standard","has-post-thumbnail","hentry","category-pribehy-lgbti-ludi","category-pride","category-rozhovory","category-viditelnost","tag-banska-bystrica","tag-milan-zvada","tag-pridebb","tag-rozhovor"],"_links":{"self":[{"href":"https:\/\/duhovyrok.sk\/qys\/wp-json\/wp\/v2\/posts\/2195","targetHints":{"allow":["GET"]}}],"collection":[{"href":"https:\/\/duhovyrok.sk\/qys\/wp-json\/wp\/v2\/posts"}],"about":[{"href":"https:\/\/duhovyrok.sk\/qys\/wp-json\/wp\/v2\/types\/post"}],"author":[{"embeddable":true,"href":"https:\/\/duhovyrok.sk\/qys\/wp-json\/wp\/v2\/users\/9"}],"replies":[{"embeddable":true,"href":"https:\/\/duhovyrok.sk\/qys\/wp-json\/wp\/v2\/comments?post=2195"}],"version-history":[{"count":1,"href":"https:\/\/duhovyrok.sk\/qys\/wp-json\/wp\/v2\/posts\/2195\/revisions"}],"predecessor-version":[{"id":2579,"href":"https:\/\/duhovyrok.sk\/qys\/wp-json\/wp\/v2\/posts\/2195\/revisions\/2579"}],"wp:featuredmedia":[{"embeddable":true,"href":"https:\/\/duhovyrok.sk\/qys\/wp-json\/wp\/v2\/media\/2197"}],"wp:attachment":[{"href":"https:\/\/duhovyrok.sk\/qys\/wp-json\/wp\/v2\/media?parent=2195"}],"wp:term":[{"taxonomy":"category","embeddable":true,"href":"https:\/\/duhovyrok.sk\/qys\/wp-json\/wp\/v2\/categories?post=2195"},{"taxonomy":"post_tag","embeddable":true,"href":"https:\/\/duhovyrok.sk\/qys\/wp-json\/wp\/v2\/tags?post=2195"}],"curies":[{"name":"wp","href":"https:\/\/api.w.org\/{rel}","templated":true}]}}