{"id":2090,"date":"2019-10-07T08:39:00","date_gmt":"2019-10-07T06:39:00","guid":{"rendered":"https:\/\/qys.sk\/?p=2090"},"modified":"2021-03-18T09:01:02","modified_gmt":"2021-03-18T08:01:02","slug":"performerka-nela-kornetova-laska-ani-tumor-si-nevyberaju-proste-to-tak-je-proste-sa-to-tak-deje","status":"publish","type":"post","link":"https:\/\/duhovyrok.sk\/qys\/performerka-nela-kornetova-laska-ani-tumor-si-nevyberaju-proste-to-tak-je-proste-sa-to-tak-deje\/","title":{"rendered":"Performerka Nela Kornetov\u00e1: L\u00e1ska ani tumor si nevyberaj\u00fa. Proste to tak je, proste sa to tak deje"},"content":{"rendered":"\n<p><strong>Autorka textu: Dominika Chrastov\u00e1 \/ Foto: Patrik Boreck\u00fd<\/strong><\/p>\n\n\n\n<blockquote class=\"wp-block-quote is-layout-flow wp-block-quote-is-layout-flow\"><p>Arch\u00edvny text sme prv\u00fd raz publikovali v \u010d\u00edsle Jese\u0148 2019<\/p><\/blockquote>\n\n\n\n<p>Nela Kornetov\u00e1 poch\u00e1dza z&nbsp;\u010ceska, no svoje \u0161t\u00fadium zav\u0155\u0161ila v&nbsp;N\u00f3rsku, kde zostala p\u00f4sobi\u0165 ako performerka a umeleck\u00e1 ved\u00faca zoskupenia T.I.T.S. U\u017e \u010doskoro sa predstav\u00ed na Slovensku, a&nbsp;to s&nbsp;inscen\u00e1ciou Tumor po\u010das festivalu Drama Queer 2019.<\/p>\n\n\n\n<p><strong>\u010co pova\u017eujete za hlavn\u00fa my\u0161lienku predstavenia Tumor?<\/strong><\/p>\n\n\n\n<p>Povedala by som, \u017ee ich je hne\u010f nieko\u013eko a v\u0161etky s\u00fa \u00fazko prepojen\u00e9. Rakovina je \u0165a\u017ek\u00e1 a nedostato\u010dne diskutovan\u00e1 t\u00e9ma, ktor\u00e1 sa dot\u00fdka ka\u017ed\u00e9ho, pokia\u013e nie osobne, tak jeho ve\u013emi bl\u00edzkej rodiny. T\u00fato t\u00e9mu chceme v na\u0161om predstaven\u00ed otvori\u0165 citlivo a s humorom a hlavne inak, ne\u017e z medic\u00ednskeho uhla poh\u013eadu. Tumor sme pre div\u00e1kov zhmotnili v osob\u00e1ch performerov na sc\u00e9ne. Taktie\u017e pracujeme s my\u0161lienkou, \u017ee rakovina je chorobou na\u0161ej doby a zam\u00fd\u0161\u013eame sa nad t\u00fdm, \u010do to o n\u00e1s, ako o&nbsp;spolo\u010dnosti, vypoved\u00e1. A potom je tu n\u00e1\u0161 k\u013e\u00fa\u010d \u2013 n\u00e1\u0161 twist: psychosomatick\u00e9 te\u00f3rie hovoria o mo\u017enom prijat\u00ed svojej choroby (teda l\u00e1sky), ktor\u00e9, ako niektor\u00ed tvrdia, n\u00e1s \u201cm\u00f4\u017ee\u201d dokonca i vylie\u010di\u0165. To n\u00e1s doviedlo a\u017e k romanci a h\u013eadaniu l\u00e1sky a mieru s vlastnou chorobou. #love&amp;peacewiththedeadlydisease.<\/p>\n\n\n\n<p><strong>\u010c\u00edm ste sa in\u0161pirovali pri jeho vytv\u00e1ran\u00ed?<\/strong><\/p>\n\n\n\n<p>Tumorom ako humorom. N\u00e1dorom ako motorom. Rakovinou ako \u201ekocovinou\u201c. <em>Tumor &#8211; karcinog\u00e9nna romanca<\/em> je silno zmyslov\u00e1 inscen\u00e1cia prep\u00e1jaj\u00faca pohyb, vizu\u00e1lnos\u0165 a slovo. Tak\u00e9 s\u00fa vlastne v\u0161etky performancie od T.I.T.S. Znamen\u00e1 to, \u017ee in\u0161pir\u00e1ciu h\u013ead\u00e1me \u00faplne vo v\u0161etkom, \u010do sa t\u00fdka t\u00e9my \u2013 vizu\u00e1lne, fyzicky, psychicky, textovo, priestorovo, hudobne&#8230; A samozrejme, potom je tu t\u00e9ma l\u00e1sky, ktor\u00e1 je, ako vieme, nekone\u010dn\u00e1 studnica. Toto je vlastne jeden z m\u00e1la kontextov, ke\u010f som s chu\u0165ou mohla vytv\u00e1ra\u0165 nie\u010do o l\u00e1ske aj ja.&nbsp;<\/p>\n\n\n\n<p><strong>Ak\u00e9 boli ohlasy po pra\u017eskej premi\u00e9re?<\/strong><\/p>\n\n\n\n<p>Premi\u00e9ra bola z na\u0161ej strany trochu nerv\u00f3zna, ale div\u00e1kov, aspo\u0148 t\u00fdch, s ktor\u00fdmi som sa rozpr\u00e1vala, sa dotkla, \u010do si v\u00e1\u017eim. U\u017e hne\u010f prv\u00e1 repr\u00edza bola omnoho lep\u0161ia, ke\u010f opadli prvotn\u00e9 nervy a&nbsp;vyp\u00e4tos\u0165 z premi\u00e9ry. Najv\u00e4\u010d\u0161iu rados\u0165 som mala z toho, \u017ee sa pri\u0161la pozrie\u0165 jedna z os\u00f4b, ktor\u00e1 rakovinu pre\u017eila a s ktorou sme pri zrode tej na\u0161ej romance viedli dlh\u00fd in\u0161pirat\u00edvny rozhovor. Vraj sme verne vystihli v\u0161etko, \u010do n\u00e1m povedala a sn\u00e1\u010f aj to, \u010do n\u00e1m vlastne ani nepovedala. Navy\u0161e jej jedine\u010dn\u00e1 reakcia znela: \u201eBola som ve\u013emi milo \u0161okovan\u00e1.\u201d<\/p>\n\n\n\n<blockquote class=\"wp-block-quote is-layout-flow wp-block-quote-is-layout-flow\"><p><strong>28.10.2019 o&nbsp;19:00 A4 \u2013 Priestor s\u00fa\u010dasnej kult\u00fary<\/strong><\/p><p><strong>T.I.T.S_Tumor- karcinog\u00e9nna romanca<\/strong> \/N\u00f3rsko\/<br>Vizu\u00e1lno \u2013 pohybov\u00e1 performancia venovan\u00e1 chorobe 21. Storo\u010dia.&nbsp;<br>Je mo\u017en\u00e9 milova\u0165 rakovinu? Tumor ako medzn\u00edk. Performeri sk\u00famaj\u00fa jeho somatick\u00fd, emocion\u00e1lny a duchovn\u00fd dopad.&nbsp;<br>Koncept a r\u00e9\u017eia: Nela H. Kornetov\u00e1<br>Dramaturgia: Dagmar Radov\u00e1 a Lucia Ferenczov\u00e1<br>Sc\u00e9nografia a video: Jan Hajdelak Hust\u00e1k<br>Hudba a zvuk: Ond\u0159ej SIFON And\u011bra<br>Performeri: Nela h. Kornetov\u00e1 a Jaro Vi\u0148arsk\u00fd<\/p><\/blockquote>\n\n\n\n<p><strong>Pre\u010do ste sa rozhodli vyst\u00fapi\u0165 s&nbsp;predstaven\u00edm Tumor aj na festivale Drama Queer?<\/strong><\/p>\n\n\n\n<p>Ako l\u00e1ska, tak ani tumor si nevyber\u00e1. Proste to tak je, proste sa to tak deje.<\/p>\n\n\n\n<p>Navy\u0161e T.I.T.S. pova\u017eujem za queer skupinu programovo pracuj\u00facu s kli\u0161\u00e9 genderov\u00fdmi rolami s feministick\u00fdm n\u00e1dychom. V\u0161etci z T.I.T.S. s\u00fa navy\u0161e bu\u010f \u010dlenmi alebo aspo\u0148 v\u00e1\u017enymi podporovate\u013emi LGBTQ komunity. V p\u00f4vodnom obsaden\u00ed sme taktie\u017e mali by\u0165 dve \u017eeny, \u010do sa, bohu\u017eia\u013e, po\u010das procesu zmenilo pre \u0161t\u00fadium jednej z performeriek. Tumor, ktor\u00fd uvid\u00edte na Drama Queer bude v \u010deskoslovenskej verzii \u2013 v obsaden\u00ed s Jarom Vi\u0148arsk\u00fdm a mnou. T\u00e1to verzia je vlastne jedine\u010dn\u00e1 pre T.I.T.S. Pokia\u013e toti\u017e pou\u017e\u00edvame slova, tak v\u00e4\u010d\u0161inou v angli\u010dtine alebo v \u010de\u0161tine.&nbsp;<\/p>\n\n\n\n<figure class=\"wp-block-image size-large\"><img decoding=\"async\" src=\"https:\/\/qys.sk\/wp-content\/uploads\/2019\/10\/\u010cl\u00e1nok-3-Tumor-2-1024x582.jpg\" alt=\"\" class=\"wp-image-2099\" \/><figcaption>Foto: Patrik Boreck\u00fd<\/figcaption><\/figure>\n\n\n\n<p><strong>Ste umeleckou ved\u00facou skupiny T.I.T.S. Ako vznikol tento n\u00e1zov?&nbsp;<\/strong><\/p>\n\n\n\n<p>Na\u0161e prv\u00e9 predstavenie, ktor\u00e9 sme vytvorili e\u0161te na Norwegian Theater Academy, sa volalo \u201eTrumpets in the Sky\u201d, skratka T.I.T.S. Ke\u010f sme na to pri\u0161li, tak to bolo jednozna\u010dn\u00e9 znamenie zvrchu, \u017ee toto bude na\u0161e meno. Bez oh\u013eadu na to, \u017ee som hrdou nosite\u013ekou hoci mal\u00fdch, ale \u0161ikovn\u00fdch \u201etits\u201c!<\/p>\n\n\n\n<p><strong>Ak\u00fdmi sp\u00f4sobmi sa daj\u00fa em\u00f3cie pretavi\u0165 do pohybu?<\/strong><\/p>\n\n\n\n<p>V na\u0161om podan\u00ed in\u0161tinkt\u00edvne, vizu\u00e1lne, r\u00f4znorodo. Sk\u00fa\u0161ame r\u00f4zne cesty a&nbsp;vyd\u00e1me sa tou, ktor\u00e1 na n\u00e1s v&nbsp;dan\u00fd moment nejak\u00fdm sp\u00f4sobom zap\u00f4sob\u00ed. A n\u00e1sledne na nej s pokorou tvrdo pracujeme. Taktie\u017e rada nar\u00e1bam so zrkadlov\u00fdmi neur\u00f3nmi, ktor\u00e9 v mozgu div\u00e1ka aktivuj\u00fa niektor\u00e9 obrazy, zvuky \u010di pohyby, a t\u00fdm na\u0161tartuj\u00fa jeho fyzick\u00fa empatiu.&nbsp;<\/p>\n\n\n\n<p><strong>\u010co v\u00e1s odjak\u017eiva pri\u0165ahovalo na performancii?<\/strong><\/p>\n\n\n\n<p>To, \u017ee je na\u017eivo. To, \u017ee m\u00f4\u017eete zdie\u013ea\u0165 priestor, em\u00f3cie, obrazy, zvuky s&nbsp;div\u00e1kom a&nbsp;spolo\u010dne ich v sebe necha\u0165 rezonova\u0165. Romeo Castelluci to vystihol na jednom z workshopov kr\u00e1sne vetou: \u201eDivadlo (performancia) je jedn\u00fdm z posledn\u00fdch vr\u00facnych miest, kde sa \u013eudia sch\u00e1dzaj\u00fa, ako kedysi pri ohni.\u201d A ja d\u00fafam, \u017ee my sme t\u00fdm oh\u0148om.&nbsp;<\/p>\n","protected":false},"excerpt":{"rendered":"<p>Nela Kornetov\u00e1 poch\u00e1dza z \u010ceska, no svoje \u0161t\u00fadium zav\u0155\u0161ila v N\u00f3rsku, kde zostala p\u00f4sobi\u0165 ako performerka a umeleck\u00e1 ved\u00faca zoskupenia T.I.T.S. U\u017e \u010doskoro sa predstav\u00ed na Slovensku.<\/p>\n","protected":false},"author":6,"featured_media":2100,"comment_status":"closed","ping_status":"open","sticky":false,"template":"","format":"standard","meta":{"footnotes":""},"categories":[256,6,10,259,13],"tags":[127,171,185],"class_list":["post-2090","post","type-post","status-publish","format-standard","has-post-thumbnail","hentry","category-divadlo","category-pribehy-lgbti-ludi","category-kultura","category-rozhovory","category-viditelnost","tag-performance","tag-queer-umenie","tag-rozhovor"],"_links":{"self":[{"href":"https:\/\/duhovyrok.sk\/qys\/wp-json\/wp\/v2\/posts\/2090","targetHints":{"allow":["GET"]}}],"collection":[{"href":"https:\/\/duhovyrok.sk\/qys\/wp-json\/wp\/v2\/posts"}],"about":[{"href":"https:\/\/duhovyrok.sk\/qys\/wp-json\/wp\/v2\/types\/post"}],"author":[{"embeddable":true,"href":"https:\/\/duhovyrok.sk\/qys\/wp-json\/wp\/v2\/users\/6"}],"replies":[{"embeddable":true,"href":"https:\/\/duhovyrok.sk\/qys\/wp-json\/wp\/v2\/comments?post=2090"}],"version-history":[{"count":1,"href":"https:\/\/duhovyrok.sk\/qys\/wp-json\/wp\/v2\/posts\/2090\/revisions"}],"predecessor-version":[{"id":2565,"href":"https:\/\/duhovyrok.sk\/qys\/wp-json\/wp\/v2\/posts\/2090\/revisions\/2565"}],"wp:featuredmedia":[{"embeddable":true,"href":"https:\/\/duhovyrok.sk\/qys\/wp-json\/wp\/v2\/media\/2100"}],"wp:attachment":[{"href":"https:\/\/duhovyrok.sk\/qys\/wp-json\/wp\/v2\/media?parent=2090"}],"wp:term":[{"taxonomy":"category","embeddable":true,"href":"https:\/\/duhovyrok.sk\/qys\/wp-json\/wp\/v2\/categories?post=2090"},{"taxonomy":"post_tag","embeddable":true,"href":"https:\/\/duhovyrok.sk\/qys\/wp-json\/wp\/v2\/tags?post=2090"}],"curies":[{"name":"wp","href":"https:\/\/api.w.org\/{rel}","templated":true}]}}