{"id":2032,"date":"2020-06-05T08:49:12","date_gmt":"2020-06-05T06:49:12","guid":{"rendered":"https:\/\/qys.sk\/?p=2032"},"modified":"2021-03-18T08:48:05","modified_gmt":"2021-03-18T07:48:05","slug":"david-lindert-fotim-autoportrety-na-ktorych-je-niekto-iny","status":"publish","type":"post","link":"https:\/\/duhovyrok.sk\/qys\/david-lindert-fotim-autoportrety-na-ktorych-je-niekto-iny\/","title":{"rendered":"David Lindert: Fot\u00edm autoportr\u00e9ty, na ktor\u00fdch je niekto in\u00fd"},"content":{"rendered":"\n<p>Foto: Arch\u00edv Davida Linderta<\/p>\n\n\n\n<blockquote class=\"wp-block-quote is-layout-flow wp-block-quote-is-layout-flow\"><p>Arch\u00edvny text sme prv\u00fd raz publikovali v \u010d\u00edsle Jar 2020.<\/p><\/blockquote>\n\n\n\n<p><strong>Na Instagrame zverej\u0148uje \u00faprimn\u00e9 postrehy zo sveta gej komunity, vtipn\u00e9 konverz\u00e1cie z Grindra, fot\u00ed int\u00edmne portr\u00e9ty. Mlad\u00fd \u010desk\u00fd fotograf a b\u00e1snik DAVID LINDERT na Instagrame vystupuje pod prez\u00fdvkou @the_radiant_baby a m\u00e1 tis\u00edcky fan\u00fa\u0161ikov. Medzi nimi aj v\u00fdznamn\u00e9ho fotografa Wolfganga Tillmansa. Bol na rezidencii vo \u0160vaj\u010diarsku, ned\u00e1vno sa dostal na pobyt nad\u00e1cie Tom of Finland Foundation. T\u00fa zalo\u017eila ju queer ikona, f\u00ednsky ilustr\u00e1tor zn\u00e1my obr\u00e1zkami nah\u00fdch mu\u017eov, Tom of Finland. V rozhovore pre magaz\u00edn QYS David hovor\u00ed viac o svojej tvorbe a ako do nej zasiahla kr\u00edza s nov\u00fdm koronav\u00edrusom.<\/strong><\/p>\n\n\n\n<p><strong>V s\u00fa\u010dasnosti si na rezidencii nad\u00e1cie Tom of Finland.<\/strong><\/p>\n\n\n\n<p>\u201eU\u017e na nej nie som. Musel som sa vr\u00e1ti\u0165. E\u0161te 13. marca som mal ma\u0165 s\u00f3lov\u00fa \u0161ou v O Town House a New Low. Nakoniec sa kv\u00f4li kr\u00edze s nov\u00fdm koronav\u00edrusom uskuto\u010dnila bez otvorenia, ale u\u017e \u010fal\u0161\u00ed t\u00fd\u017ede\u0148 sa v\u0161etky gal\u00e9rie zatvorili na neur\u010dito. Proste zl\u00fd timing na v\u0161etko.\u201d<\/p>\n\n\n\n<p><strong>Ako t\u00e1to rezidencia be\u017ene prebieha? Ak\u00fd si mal projekt?<\/strong><\/p>\n\n\n\n<p>\u201eTrv\u00e1 maxim\u00e1lne tri mesiace. M\u00f4j projekt sa mal najprv venova\u0165 miestnemu bezdomectvu. V centre Los Angeles \u017eije a\u017e 60 tis\u00edc \u013eud\u00ed v stanoch bez domova. Ke\u010f situ\u00e1cia s v\u00edrusom COVID-19 za\u010dala gradova\u0165 a jeden chlapec, ktor\u00e9ho som mal fotografova\u0165, skon\u010dil v nemocnici a t\u00fd\u017ede\u0148 mi neodpovedal, tie\u017e som dostal strach. Panika sa stup\u0148ovala a za\u010dal bezdomovcov na ulici obch\u00e1dza\u0165.\u201d<\/p>\n\n\n\n<p><strong>Kde teda teraz si a \u010do \u0165a \u010dak\u00e1 potom?<\/strong><\/p>\n\n\n\n<p>\u201eMoment\u00e1lne sa ukr\u00fdvam v malomeste v strednom Nemecku. Asi nikto nevie, \u010do sa bude dia\u0165. Nerob\u00edm v\u00edrusu PR.\u201d<\/p>\n\n\n\n<figure class=\"wp-block-image size-large\"><img decoding=\"async\" src=\"https:\/\/qys.sk\/wp-content\/uploads\/2021\/01\/\u010cl\u00e1nok-4-Lindert-1-1-683x1024.jpg\" alt=\"\" class=\"wp-image-2038\" \/><figcaption>Foto: David Lindert<br><\/figcaption><\/figure>\n\n\n\n<p><strong>Ako kr\u00edza s v\u00edrusom ovplyvnila \u017eivot vizu\u00e1lnych umelcov? Boj\u00ed sa v\u00e4\u010d\u0161ina z nich, \u010di pre\u017eij\u00fa \u010fal\u0161\u00ed mesiac?&nbsp;<\/strong><\/p>\n\n\n\n<p>\u201eM\u00e1m zl\u00fa imunitu a takmer ma presl\u00e1vilo, \u017ee som skoro st\u00e1le chor\u00fd, tak som prestal \u010d\u00edta\u0165 spr\u00e1vy a c\u00edtim sa lep\u0161ie. Sk\u00f4r m\u00e1m teraz strach zo svojich psychick\u00fdch chor\u00f4b, hoci pozn\u00e1m v\u0161etky svoje pr\u00edznaky schizofr\u00e9nie.\u201d<\/p>\n\n\n\n<p><strong>Vyu\u017e\u00edva\u0161 karant\u00e9nu na to, aby si viac tvoril?&nbsp;<\/strong><\/p>\n\n\n\n<p>Minul\u00fd t\u00fd\u017ede\u0148 som dokon\u010dil nov\u00fd \u010dasopis Quarantine a&nbsp;teraz prepisujem svoj losangelesk\u00fd denn\u00edk a&nbsp;pracujem na ve\u013ekej fotoknihe.<\/p>\n\n\n\n<p><strong>Rozm\u00fd\u0161\u013ea\u0161 teraz, \u017ee by si sa vr\u00e1til do \u010ceska?&nbsp;<\/strong><\/p>\n\n\n\n<p>Nezn\u00e1\u0161am \u010cesko. Nezn\u00e1\u0161am \u010desk\u00e9 zdravotn\u00edctvo a&nbsp;hlavne nezn\u00e1\u0161am \u010desk\u00fa politiku na \u010dele s&nbsp;Babi\u0161om. Do \u010ceska by som sa \u0161iel kv\u00f4li kr\u00edze nav\u0161t\u00edvi\u0165 rodinu, ale potom by som nevedel vycestova\u0165 sp\u00e4\u0165.&nbsp;<\/p>\n\n\n\n<p><strong>Na Instagrame m\u00e1\u0161 tis\u00edcky sledovate\u013eov. Nako\u013eko dnes pr\u00edtomnos\u0165 na soci\u00e1lnych sie\u0165ach pom\u00e1ha umelcovi uk\u00e1za\u0165 svoje dielo?&nbsp;<\/strong><\/p>\n\n\n\n<p>\u201eAsi dos\u0165. Ale m\u0148a ve\u013emi neovplyv\u0148uj\u00fa. Sk\u00f4r sa na Instagram chod\u00edm h\u00e1da\u0165 alebo ke\u010f si nie\u010do d\u00e1m, prid\u00e1vam pr\u00edspevky, ktor\u00e9 n\u00e1sledne hne\u010f zma\u017eem.\u201d&nbsp;<\/p>\n\n\n\n<p><strong>\u010co mimochodom znamen\u00e1 tvoj nick The Radiant Baby?<\/strong><\/p>\n\n\n\n<p>Bol to symbol, ktor\u00fd umelec Keith Haring pou\u017e\u00edval pre \u010distotu \u013eudskej existencie a&nbsp;n\u00e1deje do bud\u00facnosti. Obr\u00e1zok svietiaceho die\u0165a\u0165a Haring \u010dasto pou\u017e\u00edval v&nbsp;tvorbe spojenej s&nbsp;rasizmom, drogovou z\u00e1vislos\u0165ou a&nbsp;informovanos\u0165ou o&nbsp;AIDS.&nbsp;<\/p>\n\n\n\n<p><strong>Medzi tvojich sledovate\u013eov patr\u00ed aj skvel\u00fd nemeck\u00fd fotograf Wolfgang Tillmans. Stretli ste sa? Tvoja tvorba m\u00e1 k jeho s\u00e9ri\u00e1m celkom bl\u00edzko.&nbsp;<\/strong><\/p>\n\n\n\n<p>\u201ePozn\u00e1me sa u\u017e od roku 2017. Sme st\u00e1le v bl\u00edzkom kontakte, ob\u010das si vz\u00e1jomne konzultujeme tvorbu. Stretli sme sa aj v Los Angeles. Pri\u0161iel na moje autorsk\u00e9 \u010d\u00edtanie.\u201d<\/p>\n\n\n\n<figure class=\"wp-block-image size-large\"><img decoding=\"async\" src=\"https:\/\/qys.sk\/wp-content\/uploads\/2021\/01\/\u010cl\u00e1nok-4-Lindert-2-1-683x1024.jpg\" alt=\"\" class=\"wp-image-2039\" \/><figcaption>Foto: David Lindert<\/figcaption><\/figure>\n\n\n\n<p><strong>Na fotk\u00e1ch zobrazuje\u0161 be\u017en\u00e9 \u017eivotn\u00e9 situ\u00e1cie bez \u0161tyliz\u00e1cie. In\u0161piruje\u0161 sa n\u00e1hodne alebo vyh\u013ead\u00e1va\u0161 konkr\u00e9tne mot\u00edvy?<\/strong><\/p>\n\n\n\n<p>\u201eIn\u0161piruje ma hlavne vlastn\u00fd \u017eivot, moje pocity a em\u00f3cie k \u013eu\u010fom v okol\u00ed. Vlastne tvor\u00edm autoportr\u00e9ty, na ktor\u00fdch je niekto alebo nie\u010do in\u00e9, ne\u017e ja s\u00e1m.\u201d<\/p>\n\n\n\n<p><strong>Na z\u00e1beroch je aj nahota. Mal si niekedy probl\u00e9m presved\u010di\u0165 svojich modelov a modelky, nech sa odfotia?<\/strong><\/p>\n\n\n\n<p>\u201eO nahotu sa zauj\u00edmam, ak je prirodzenou s\u00fa\u010das\u0165ou dan\u00e9ho momentu. Nikomu nehovor\u00edm, aby sa vyzliekol alebo zostal oble\u010den\u00fd.&nbsp;<\/p>\n\n\n\n<p><strong>V jednom inom rozhovore si spom\u00ednal, \u017ee kr\u00e1sa nez\u00e1vis\u00ed od objektu fotografie. \u017de ti nez\u00e1le\u017e\u00ed na tom, \u010di fot\u00ed\u0161 \u010dloveka alebo rastlinu. Je nejak\u00fd mot\u00edv, ktor\u00fd v\u0161ak v z\u00e1beroch h\u013ead\u00e1\u0161? Nie\u010do, \u010do ich v\u0161etky sp\u00e1ja?<\/strong><\/p>\n\n\n\n<p>\u201eNechcem by\u0165 kur\u00e1torom vlastnej tvorby, ale v\u0161imol som si, \u017ee posledn\u00fdch sedem rokov svojich modelov a modelky fot\u00edm \u010dasto vo dver\u00e1ch alebo v posteliach na pokraji vy\u010derpania. Je mi bl\u00edzka filozofia nudy a neistoty. A najrad\u0161ej zachyt\u00e1vam babi\u010dku alebo priate\u013ea, preto\u017ee som si k nim vybudoval neverb\u00e1lne puto.\u201d<\/p>\n\n\n\n<p><strong>V b\u00e1sniach a z\u00e1piskoch \u00faprimne a s humorom opisuje\u0161 \u00fazkosti alebo aj z\u00e1vislosti. Je niekedy \u0165a\u017ek\u00e9 pre teba ich zverejni\u0165?<\/strong><\/p>\n\n\n\n<p>\u201eNie je.\u201d<\/p>\n\n\n\n<p><strong>M\u00e1\u0161 s\u00e9riu fotografi\u00ed z chatov na Grindri. Svet gej zoznamiek ukazuje ako ve\u013emi povrchn\u00fd, traumatizuj\u00faci. M\u00f4\u017eu by\u0165 do istej miery aj z\u00e1vislos\u0165ou?<\/strong><\/p>\n\n\n\n<p>\u201eD\u00fafam, \u017ee t\u00fa s\u00e9riu nikto neuvid\u00ed. Sk\u00f4r som ju zam\u00fd\u0161\u013eal, ako terapiu, nezd\u00e1 sa mi, \u017ee by mala nejak\u00fa umeleck\u00fa hodnotu. Svet Grindra nemus\u00ed by\u0165 v\u017edy povrchn\u00fd a traumatizuj\u00faci, v\u0161etci sa v \u0148om n\u00e1jdeme.\u201d<\/p>\n\n\n\n<p><strong>\u010co je pre teba ako mlad\u00e9ho umelca dnes cie\u013eom? Sk\u00f4r zauja\u0165 tvorbou gal\u00e9rie alebo podnieti\u0165 predaj diel fan\u00fa\u0161ikom?<\/strong><\/p>\n\n\n\n<p>\u201eAsi dost\u00e1va\u0165 mil\u00e9, dojemn\u00e9 spr\u00e1vy od fan\u00fa\u0161ikov, ale u\u017e v seba tie\u017e kone\u010dne ver\u00edm a som ambici\u00f3zny. S fotkou a po\u00e9ziou si umelec ve\u013emi nezarob\u00ed, iba ak nepatr\u00ed k najzn\u00e1mej\u0161\u00edm na svete. Chcel by som sa do toho bodu dosta\u0165 za desa\u0165 rokov, tak\u00fd m\u00e1m cie\u013e. No a hlavne zosta\u0165 na\u017eive.\u201d<\/p>\n","protected":false},"excerpt":{"rendered":"<p>Na Instagrame zverej\u0148uje \u00faprimn\u00e9 postrehy zo sveta gej komunity, vtipn\u00e9 konverz\u00e1cie z Grindra, fot\u00ed int\u00edmne portr\u00e9ty. Mlad\u00fd \u010desk\u00fd fotograf a b\u00e1snik DAVID LINDERT na Instagrame vystupuje pod prez\u00fdvkou @the_radiant_baby a m\u00e1 tis\u00edcky fan\u00fa\u0161ikov. <\/p>\n","protected":false},"author":10,"featured_media":2036,"comment_status":"closed","ping_status":"open","sticky":false,"template":"","format":"standard","meta":{"footnotes":""},"categories":[6,10,259,258],"tags":[147,159,171,185],"class_list":["post-2032","post","type-post","status-publish","format-standard","has-post-thumbnail","hentry","category-pribehy-lgbti-ludi","category-kultura","category-rozhovory","category-vizualne-umenie","tag-queer-fotografia","tag-queer-kultura","tag-queer-umenie","tag-rozhovor"],"_links":{"self":[{"href":"https:\/\/duhovyrok.sk\/qys\/wp-json\/wp\/v2\/posts\/2032","targetHints":{"allow":["GET"]}}],"collection":[{"href":"https:\/\/duhovyrok.sk\/qys\/wp-json\/wp\/v2\/posts"}],"about":[{"href":"https:\/\/duhovyrok.sk\/qys\/wp-json\/wp\/v2\/types\/post"}],"author":[{"embeddable":true,"href":"https:\/\/duhovyrok.sk\/qys\/wp-json\/wp\/v2\/users\/10"}],"replies":[{"embeddable":true,"href":"https:\/\/duhovyrok.sk\/qys\/wp-json\/wp\/v2\/comments?post=2032"}],"version-history":[{"count":1,"href":"https:\/\/duhovyrok.sk\/qys\/wp-json\/wp\/v2\/posts\/2032\/revisions"}],"predecessor-version":[{"id":2536,"href":"https:\/\/duhovyrok.sk\/qys\/wp-json\/wp\/v2\/posts\/2032\/revisions\/2536"}],"wp:featuredmedia":[{"embeddable":true,"href":"https:\/\/duhovyrok.sk\/qys\/wp-json\/wp\/v2\/media\/2036"}],"wp:attachment":[{"href":"https:\/\/duhovyrok.sk\/qys\/wp-json\/wp\/v2\/media?parent=2032"}],"wp:term":[{"taxonomy":"category","embeddable":true,"href":"https:\/\/duhovyrok.sk\/qys\/wp-json\/wp\/v2\/categories?post=2032"},{"taxonomy":"post_tag","embeddable":true,"href":"https:\/\/duhovyrok.sk\/qys\/wp-json\/wp\/v2\/tags?post=2032"}],"curies":[{"name":"wp","href":"https:\/\/api.w.org\/{rel}","templated":true}]}}