{"id":2028,"date":"2020-06-05T08:40:28","date_gmt":"2020-06-05T06:40:28","guid":{"rendered":"https:\/\/qys.sk\/?p=2028"},"modified":"2021-04-04T10:43:42","modified_gmt":"2021-04-04T08:43:42","slug":"podporu-pre-lgbt-ludi-ukazala-vystava-stojimeprivas","status":"publish","type":"post","link":"https:\/\/duhovyrok.sk\/qys\/podporu-pre-lgbt-ludi-ukazala-vystava-stojimeprivas\/","title":{"rendered":"Podporu pre LGBT+ \u013eud\u00ed uk\u00e1zala v\u00fdstava #stojimeprivas"},"content":{"rendered":"\n<p><strong>Text: Jakub Kov\u00e1\u010d \/ Foto: Jakub Branick\u00fd \u2013 Ticho a&nbsp;spol.<\/strong><\/p>\n\n\n\n<blockquote class=\"wp-block-quote is-layout-flow wp-block-quote-is-layout-flow\"><p>Arch\u00edvny text sme prv\u00fd raz publikovali v \u010d\u00edsle Jar 2020.<\/p><\/blockquote>\n\n\n\n<p>Fotografick\u00fa v\u00fdstavu #stojimeprivas #westandbyyourside pripravilo Divadlo Nomantinels v&nbsp;spolupr\u00e1ci fotografom Tom\u00e1\u0161om Hal\u00e1zsom.&nbsp;<\/p>\n\n\n\n<p>Motto v\u00fdstavy je &#8222;Odfo\u0165 sa s priate\u013emi a priate\u013ekami, rodinou, kolegami a kolegy\u0148ami a uk\u00e1\u017eme spolo\u010dne, \u017ee nie sme sami.&#8220; T\u00e1to v\u00fdstava je teda expoz\u00edciou portr\u00e9tov, ale aj v\u00fdstavou podpory pre bl\u00edzkych z&nbsp;LGBTI komunity. D\u00e1va verejnosti nielen mo\u017enos\u0165 vidie\u0165 i&nbsp;zdie\u013ea\u0165 my\u0161lienky \u013eud\u00ed, ktor\u00ed stoja pri nich a&nbsp;preukazuj\u00fa im, \u017ee v&nbsp;tom nie s\u00fa sami.<\/p>\n\n\n\n<figure class=\"wp-block-image size-large\"><img decoding=\"async\" src=\"https:\/\/qys.sk\/wp-content\/uploads\/2021\/01\/\u010cl\u00e1nok-3_Jakub-Branick\u00fd-2-1024x768.jpg\" alt=\"\" class=\"wp-image-2030\" \/><figcaption>Foto: Jakub Branick\u00fd<\/figcaption><\/figure>\n\n\n\n<p>Cyklus 6 fotografi\u00ed zobrazuje organiz\u00e1cie, pracovn\u00e9 skupiny i\u00a0jednotlivcov ako Ve\u013evyslanectvo Holandsk\u00e9ho kr\u00e1\u013eovstva, IBM, Martu Prokopov\u00fa s\u00a0Jakubom Kov\u00e1\u010dom a\u00a0\u010fal\u0161\u00edch. Pri ka\u017edej fotografi\u00ed je aj pr\u00edbeh podpory \u00fa\u010dastn\u00edkov v\u00fdstavy, s\u00a0ktor\u00fdm d\u00e1vaj\u00fa publiku pocit spolupatri\u010dnosti. Tento siln\u00fd koncept preukazuje hodnoty f\u00e9rovej spolo\u010dnosti.<\/p>\n\n\n\n<p><strong>Ve\u013evyslanectvo Holandsk\u00e9ho kr\u00e1\u013eovstva:<\/strong><\/p>\n\n\n\n<p>\u2019\u2019#STOJIMEPRIVAS, preto\u017ee ako Ve\u013evyslanectvo Holandska ver\u00edme v rovnos\u0165. Vyjadrujeme tak n\u00e1\u0161 z\u00e1v\u00e4zok chr\u00e1ni\u0165 a obhajova\u0165 \u013eudsk\u00e9 pr\u00e1va v\u0161etk\u00fdch \u013eud\u00ed bez rozdielu, vr\u00e1tane pr\u00e1v LGBTI komunity. Podporujeme rozmanitos\u0165, lebo ver\u00edme, \u017ee je k\u013e\u00fa\u010dov\u00e1 pre vz\u00e1jomn\u00e9 porozumenie a re\u0161pekt. Prispieva tak k tolerantnej\u0161ej spolo\u010dnosti, ktor\u00e1 je z\u00e1kladom zdravej, pluralitnej demokracie. \u2019\u2019<\/p>\n\n\n\n<p><strong>Progres\u00edvne Slovensko:<\/strong><\/p>\n\n\n\n<p>\u2019\u2019Vyspelos\u0165 krajiny a spolo\u010dnosti sa d\u00e1 mera\u0165 aj t\u00fdm, ako sa dok\u00e1\u017eu postavi\u0165 za \u013eud\u00ed, ktor\u00ed nikdy nebud\u00fa vo v\u00e4\u010d\u0161ine. LGBTI komunita \u010del\u00ed \u010doraz v\u00e4\u010d\u0161\u00edm \u00fatokom, je legislat\u00edvne v nev\u00fdhode a preto je potrebn\u00e9 sa jej postavi\u0165 za chrb\u00e1t. \u2019\u2019<\/p>\n\n\n\n<p><strong>IBM :&nbsp;<\/strong><\/p>\n\n\n\n<p>\u2019\u2019Obchodn\u00e9 aktivity a benefity IBM s\u00fa v s\u00falade so v\u0161etk\u00fdmi platn\u00fdmi z\u00e1konmi a to i v oblasti rovnosti pr\u00edle\u017eitost\u00ed. Aktivity ako naj\u00edmanie, pov\u00fd\u0161enie \u010di odme\u0148ovanie zamestnancov vykon\u00e1vame bez oh\u013eadu na rasu, farbu pleti, n\u00e1bo\u017eenstvo, pohlavie, rod, rodov\u00fa identitu, sexu\u00e1lnu orient\u00e1ciu, p\u00f4vod, genetiku, postihnutie alebo vek. IBM navy\u0161e vykon\u00e1va rozumn\u00e9 a dostupn\u00e9 \u00fapravy v oblastiach, ktor\u00e9 s\u00fa pod\u013ea na\u0161ej firmy vhodn\u00e9, aby umo\u017enili nielen zamestnancom s postihnut\u00edm, aby efekt\u00edvne vykon\u00e1vali svoju pr\u00e1cu. IBM podporuje pracovn\u00e9 prostredie, v ktorom nie je miesto pre ak\u00e9ko\u013evek formy ob\u0165a\u017eovania re\u0161pektuj\u00fac v\u0161etk\u00fdch zamestnancov a v\u0161etk\u00fdch t\u00fdch, s ktor\u00fdmi obchodujeme. Preto, my zamestnanci IBM, sme v\u010fa\u010dn\u00ed, \u017ee m\u00f4\u017eeme i touto cestou povzbudi\u0165 LGBTI \u013eud\u00ed na Slovensku. \u2019\u2019<\/p>\n\n\n\n<p><strong>ERG Pride at Dell Technologies:<\/strong><\/p>\n\n\n\n<p>\u2019\u2019Podporujeme LGBTI komunitu, preto\u017ee pozit\u00edvna zmena je dosiahnute\u013en\u00e1 a by\u0165 ticho znamen\u00e1 by\u0165 nevidite\u013en\u00fdmi. \u2019\u2019<\/p>\n\n\n\n<p><strong>Lenovo Diversitas:<\/strong><\/p>\n\n\n\n<p>\u2018\u2019Priate\u013eov si vyber\u00e1me na z\u00e1klade toho, ak\u00fdmi s\u00fa osobami. Tr\u00e1vime s nimi \u010das, preto\u017ee ich m\u00e1me radi. Na kv\u00edze, na pive, \u010di v pr\u00e1ci, je n\u00e1m spolu fajn. \u2019\u2019<\/p>\n\n\n\n<p><strong>Jakub Kov\u00e1\u010d &amp; Marta Prokopov\u00e1:<\/strong><\/p>\n\n\n\n<p>\u2019\u2019Umenie vytv\u00e1rame bez predsudkov a inakos\u0165 patr\u00ed do spolo\u010dnosti od po\u010diatku vekov.\u2019\u2019<\/p>\n\n\n\n<p>Vernis\u00e1\u017e v\u00fdstavy sa konala v&nbsp;decembri 2019 v&nbsp;A4 \u2013 priestore s\u00fa\u010dasnej kult\u00fary. Bohat\u00fd sprievodn\u00fd program sprev\u00e1dzal v\u00fdstavu s&nbsp;oslavou v\u00fdro\u010dia 10 rokov Divadla Nomantinels. S\u00fa\u010das\u0165ou bola pohybov\u00e1 perfomancia \u201eHommo sensozium\u201c a&nbsp;vyst\u00fapenie House of G\u00e1rbage s&nbsp;ich jedine\u010dnou show Queeriety.&nbsp;<\/p>\n\n\n\n<p>V\u00fdstava #stojimeprivas #westandbyyourside s&nbsp;hlavn\u00fdm posolstvom by mala cestova\u0165 po celom Slovensku. Zatia\u013e v\u00fdstava bola vystaven\u00e1 na za\u010diatku svojej cesty v&nbsp;Tepl\u00e1re\u0148 Caf\u00e9, n\u00e1sledne putovala do Divadla Ticho a&nbsp;spol. v&nbsp;Bratislave. O&nbsp;jej \u010fal\u0161ej ceste sa dozviete na str\u00e1nkach organiz\u00e1tora <a href=\"http:\/\/www.nomantinels.sk\">www.nomantinels.sk<\/a> a&nbsp;<a href=\"http:\/\/www.dohvyrok.sk\">www.duhovyrok.sk<\/a><\/p>\n\n\n\n<p>V&nbsp;pr\u00edpade ak m\u00e1te z\u00e1ujem sta\u0165 sa s\u00fa\u010das\u0165ou na\u0161ej v\u00fdstavy nap\u00ed\u0161te n\u00e1m na <a href=\"mailto:info@nomantinels.sk\">info@nomantinels.sk<\/a>&nbsp;<\/p>\n","protected":false},"excerpt":{"rendered":"<p>Fotografick\u00fa v\u00fdstavu #stojimeprivas #westandbyyourside pripravilo Divadlo Nomantinels v\u00a0spolupr\u00e1ci fotografom Tom\u00e1\u0161om Hal\u00e1zsom. Motto v\u00fdstavy je &#8222;Odfo\u0165 sa s priate\u013emi a priate\u013ekami, rodinou, kolegami a kolegy\u0148ami a uk\u00e1\u017eme spolo\u010dne, \u017ee nie sme sami.&#8220;<\/p>\n","protected":false},"author":9,"featured_media":2029,"comment_status":"closed","ping_status":"open","sticky":false,"template":"","format":"standard","meta":{"footnotes":""},"categories":[6,10,12,258],"tags":[171,172],"class_list":["post-2028","post","type-post","status-publish","format-standard","has-post-thumbnail","hentry","category-pribehy-lgbti-ludi","category-kultura","category-tipy","category-vizualne-umenie","tag-queer-umenie","tag-queer-vystava"],"_links":{"self":[{"href":"https:\/\/duhovyrok.sk\/qys\/wp-json\/wp\/v2\/posts\/2028","targetHints":{"allow":["GET"]}}],"collection":[{"href":"https:\/\/duhovyrok.sk\/qys\/wp-json\/wp\/v2\/posts"}],"about":[{"href":"https:\/\/duhovyrok.sk\/qys\/wp-json\/wp\/v2\/types\/post"}],"author":[{"embeddable":true,"href":"https:\/\/duhovyrok.sk\/qys\/wp-json\/wp\/v2\/users\/9"}],"replies":[{"embeddable":true,"href":"https:\/\/duhovyrok.sk\/qys\/wp-json\/wp\/v2\/comments?post=2028"}],"version-history":[{"count":2,"href":"https:\/\/duhovyrok.sk\/qys\/wp-json\/wp\/v2\/posts\/2028\/revisions"}],"predecessor-version":[{"id":2733,"href":"https:\/\/duhovyrok.sk\/qys\/wp-json\/wp\/v2\/posts\/2028\/revisions\/2733"}],"wp:featuredmedia":[{"embeddable":true,"href":"https:\/\/duhovyrok.sk\/qys\/wp-json\/wp\/v2\/media\/2029"}],"wp:attachment":[{"href":"https:\/\/duhovyrok.sk\/qys\/wp-json\/wp\/v2\/media?parent=2028"}],"wp:term":[{"taxonomy":"category","embeddable":true,"href":"https:\/\/duhovyrok.sk\/qys\/wp-json\/wp\/v2\/categories?post=2028"},{"taxonomy":"post_tag","embeddable":true,"href":"https:\/\/duhovyrok.sk\/qys\/wp-json\/wp\/v2\/tags?post=2028"}],"curies":[{"name":"wp","href":"https:\/\/api.w.org\/{rel}","templated":true}]}}