{"id":2015,"date":"2020-08-04T12:40:34","date_gmt":"2020-08-04T10:40:34","guid":{"rendered":"https:\/\/qys.sk\/?p=2015"},"modified":"2021-03-30T16:07:46","modified_gmt":"2021-03-30T14:07:46","slug":"ivana-belakova-ludska-koza-je-asi-najtazsie-medium-na-tvorbu-ale-o-to-krajsie","status":"publish","type":"post","link":"https:\/\/duhovyrok.sk\/qys\/ivana-belakova-ludska-koza-je-asi-najtazsie-medium-na-tvorbu-ale-o-to-krajsie\/","title":{"rendered":"Ivana Bel\u00e1kov\u00e1: \u013dudsk\u00e1 ko\u017ea je asi naj\u0165a\u017e\u0161ie m\u00e9dium na tvorbu, ale o to kraj\u0161ie"},"content":{"rendered":"\n<p><strong>Text: Robert Pakan \/ Foto: arch\u00edv Ivany Bel\u00e1kovej<\/strong><\/p>\n\n\n\n<blockquote class=\"wp-block-quote is-layout-flow wp-block-quote-is-layout-flow\"><p>Arch\u00edvny text sme prv\u00fd raz publikovali v \u010d\u00edsle Leto 2020<\/p><\/blockquote>\n\n\n\n<p><strong>\u201eKe\u010f n\u00e1jdete t\u00fa prav\u00fa osobu, ktor\u00e1 vo v\u00e1s vyvol\u00e1va to najlep\u0161ie, podporuje v\u00e1s, miluje v\u00e1s a rob\u00ed v\u00e1\u0161 svet kraj\u0161\u00edm a&nbsp;\u0161\u0165astnej\u0161\u00edm, v\u0161etko je jednoduch\u0161ie,\u201c hovor\u00ed Ivana Bel\u00e1kov\u00e1 \u2013 Slovenka, ktor\u00e1 svoje \u0161\u0165astie na\u0161la v Kalifornii, kde rozv\u00edja svoje tat\u00e9rske umenie. Jej tetovanie je jedine\u010dn\u00e9 ako ona sama. Poch\u00e1dza z dedinky Kostoln\u00e9 pri Novom Meste nad V\u00e1hom. Unik\u00e1tnos\u0165 jej \u0161t\u00fdlu potvrdzuje aj uznanie M\u00fazea MACRO v R\u00edme, ktor\u00e9 ju uv\u00e1dza vo svojom katal\u00f3gu. Ivana m\u00e1 mno\u017estvo medzin\u00e1rodn\u00fdch ocenen\u00ed a z\u00fa\u010dastnila sa na prest\u00ed\u017enych medzin\u00e1rodn\u00fdch v\u00fdstav\u00e1ch tetovacieho kreat\u00edvneho priemyslu. V L. A. \u017eije so svojou partnerkou Veronikou a odkazuje: \u201ePripad\u00e1 mi neskuto\u010dn\u00e9, \u017ee v roku 2020 sa tak\u00e9to nie\u010do, ako man\u017eelstv\u00e1 gejov a lesieb, e\u0161te st\u00e1le rie\u0161i, a robia sa rozdiely medzi \u013eu\u010fmi. Najd\u00f4le\u017eitej\u0161ie je pod\u013ea m\u0148a \u017ei\u0165 v&nbsp;pravde, a to je, \u017ee sme \u00faprimn\u00ed sami k sebe! Treba sa \u013e\u00fabi\u0165 a spr\u00e1va\u0165 sa k sebe najkraj\u0161ie ako vieme a hovori\u0165 o sebe len pekn\u00e9 veci.\u201c<\/strong><\/p>\n\n\n\n<p><strong>Slovenka, ktor\u00e1 sa stala medzin\u00e1rodne uzn\u00e1vanou tat\u00e9rkou. Premenila si svoj sen na skuto\u010dnos\u0165 a pov\u00fd\u0161ila t\u00fato svoju pr\u00e1cu na formu umeleck\u00e9ho vyjadrenia. Ivana, ako si sa dostala k tetovaniu a ak\u00e1 bola Tvoja cesta do L. A.?<\/strong><\/p>\n\n\n\n<p><em>K&nbsp;tetovaniu som sa dostala \u00faplnou n\u00e1hodou, ke\u010f sa ma kamar\u00e1tka op\u00fdtala, \u010di by som si to chcela sk\u00fasi\u0165. \u0160la som do toho a&nbsp;tetovanie sa mi od prvej sekundy zap\u00e1\u010dilo. Hne\u010f som vedela, \u017ee presne toto chcem v \u017eivote robi\u0165. T\u00e1to pr\u00edle\u017eitos\u0165 sa mi naskytla, ke\u010f som dokon\u010dovala stredn\u00fa \u0161kolu.<\/em><\/p>\n\n\n\n<p><em>Od mali\u010dka som kreslila a celkovo som v\u017edy nie\u010do tvorila. \u010ci u\u017e to bolo vyrez\u00e1vanie so\u0161iek alebo graffiti, fascinovali ma reklamy v \u010dasopisoch, oble\u010denie a celkovo dizajn. Milujem tanec, \u017eiv\u00e9 predstavenia, herectvo, hudbu, jedlo, p\u00edsanie. V\u0161etko toto je pre m\u0148a umenie. V\u0161etko som to vn\u00edmala a intenz\u00edvne preci\u0165ovala u\u017e od detstva.<\/em><\/p>\n\n\n\n<p><em>Moja cesta do L. A. bola jednoduch\u00e1 \u2013 pred t\u00fdm, ako som sem pri\u0161la a usadila sa, dva roky som cestovala po svete. Letela som aj cez Los Angeles a za\u0161la som sa pozrie\u0165 do jedn\u00e9ho tetovacieho \u0161t\u00fadia, kde mi pon\u00fakli pr\u00e1cu. Ponuku som prijala.<\/em><\/p>\n\n\n\n<figure class=\"wp-block-image size-large\"><img loading=\"lazy\" decoding=\"async\" width=\"768\" height=\"959\" src=\"https:\/\/duhovyrok.sk\/qys\/wp-content\/uploads\/sites\/2\/2021\/01\/WIth-Chris-Brown.jpg\" alt=\"\" class=\"wp-image-2016\" srcset=\"https:\/\/duhovyrok.sk\/qys\/wp-content\/uploads\/sites\/2\/2021\/01\/WIth-Chris-Brown.jpg 768w, https:\/\/duhovyrok.sk\/qys\/wp-content\/uploads\/sites\/2\/2021\/01\/WIth-Chris-Brown-481x600.jpg 481w, https:\/\/duhovyrok.sk\/qys\/wp-content\/uploads\/sites\/2\/2021\/01\/WIth-Chris-Brown-240x300.jpg 240w\" sizes=\"auto, (max-width: 768px) 100vw, 768px\" \/><figcaption>Ivana s Chrisom Brownom<\/figcaption><\/figure>\n\n\n\n<p><strong>\u013dudsk\u00e1 ko\u017ea je tvoj\u00edm pl\u00e1tnom. Ak\u00e9 to je, prisp\u00f4sobova\u0165 svoju tvorbu po\u017eiadavk\u00e1m&nbsp;klienta?<\/strong><\/p>\n\n\n\n<p><em>\u013dudsk\u00e1 ko\u017ea je asi naj\u0165a\u017e\u0161ie m\u00e9dium na tvorbu, ale o to kraj\u0161ie. Mus\u00edm pracova\u0165 s ko\u017eou, text\u00farou ko\u017ee, jej farbou \u2013 pigmentom. Tomuto v\u0161etk\u00e9mu sa mus\u00edm prisp\u00f4sobi\u0165, ale zjednodu\u0161ujem si to t\u00fdm, \u017ee si na z\u00e1klade t\u00fdchto faktorov d\u00f4kladne vyber\u00e1m klientov.<\/em><\/p>\n\n\n\n<p><em>M\u00e1m \u0161pecifick\u00fd \u0161t\u00fdl, ktor\u00fd sa ned\u00e1 aplikova\u0165 napr\u00edklad na tmav\u00fa poko\u017eku.<\/em><\/p>\n\n\n\n<p><strong>M\u00e1\u0161 mo\u017enos\u0165 robi\u0165 tetovanie aj pod\u013ea seba, tak, \u017ee ti do toho klient nezasahuje?<\/strong><\/p>\n\n\n\n<p><em>Takmer v\u017edy. Pred zaplaten\u00edm z\u00e1lohy vy\u017eadujem \u00fapln\u00fa umeleck\u00fa slobodu. Inak nechcem tetova\u0165. Viem sa dohodn\u00fa\u0165 v&nbsp;pr\u00edpadoch, ke\u010f ide o&nbsp;niekoho, kto m\u00e1 vyslovene tak\u00fa pr\u00e1cu, \u017ee mu bude tetovanie zasahova\u0165 do kari\u00e9ry.<\/em><\/p>\n\n\n\n<p><strong>Si tat\u00e9rkou oby\u010dajn\u00fdch \u013eud\u00ed aj celebr\u00edt, je v tom nejak\u00fd rozdiel?<\/strong><\/p>\n\n\n\n<p><em>Pre m\u0148a nie je. Je mi jedno, \u010di tetujem celebrity alebo \u201eoby\u010dajn\u00fdch\u201c \u013eud\u00ed. Prioritou je pre m\u0148a samotn\u00e1 pr\u00e1ca. Celebrity v\u0161ak maj\u00fa na rozdiel od \u201eoby\u010dajn\u00fdch\u201c \u013eud\u00ed r\u00f4zne po\u017eiadavky a \u201esk\u00fa\u0161aj\u00fa\u201c moju trpezlivos\u0165.<\/em><\/p>\n\n\n\n<p><strong>S\u00fa t\u00e9my, ktor\u00e9 m\u00e1\u0161 rada? Ktor\u00e9 to s\u00fa? Menia sa \u010dasom?<\/strong><\/p>\n\n\n\n<p><em>Najrad\u0161ej m\u00e1m detsk\u00e9 kresby, podobn\u00e9 tetovania ma ve\u013emi oslovuj\u00fa a bavia, asi aj preto, \u017ee ja sa c\u00edtim st\u00e1le ako die\u0165a \u2013 m\u00e1m tak\u00fa zvedav\u00fa, hrav\u00fa myse\u013e. Ve\u013emi rada tetujem zvierat\u00e1 a kvety alebo r\u00f4zne uleten\u00e9 mot\u00edvy, pri poh\u013eade na ktor\u00e9 sa \u013eudia zasmej\u00fa. \u010casom sa to ur\u010dite m\u00f4\u017ee meni\u0165. Mo\u017eno ma o rok bude bavi\u0165 tetova\u0165 nie\u010do \u00faplne in\u00e9.<\/em><\/p>\n\n\n\n<p><strong>Si v kontakte aj s queer komunitou v&nbsp;L. A.? Ak\u00e1 je? M\u00e1\u0161 v nej klientov?<\/strong><\/p>\n\n\n\n<p><em>By\u0165 gejom alebo lesbou je tu be\u017en\u00e9. Ani mi to nepripad\u00e1 ako separ\u00e1tna komunita, je to tu v\u0161etko \u201edomixovan\u00e9\u201c. Norm\u00e1lny be\u017en\u00fd \u017eivot. Tak to pod\u013ea m\u0148a m\u00e1 by\u0165, ka\u017ed\u00fd \u010dlovek nech je t\u00fdm, k\u00fdm chce by\u0165 a k\u00fdm sa c\u00edti. M\u00e1m ve\u013ea klientov, ktor\u00ed s\u00fa gejovia, transrodov\u00ed \u013eudia, drag queen a&nbsp;podobne. Ako asi v ka\u017edom ve\u013ekomeste, s\u00fa tu \u0161tvrte s gej podnikmi, usporad\u00favaj\u00fa sa r\u00f4zne PRIDE podujatia. LGBTI komunita v L. A. je obrovsk\u00e1, pripad\u00e1 mi, \u017ee \u201eka\u017ed\u00fd druh\u00fd\u201c \u010dlovek je gej. \u013dudia sa na verejnosti nemusia schov\u00e1va\u0165. P\u00e1ry si adoptuj\u00fa deti. Rodina a rodi\u010dia ich akceptuj\u00fa, je to \u00faplne be\u017en\u00e9. Samozrejme, \u017ee sa n\u00e1jdu aj v\u00fdnimky, ale \u013eudia, ktor\u00fdch ja pozn\u00e1m, maj\u00fa kr\u00e1sne vz\u0165ahy s pr\u00edbuzn\u00fdmi.<\/em><\/p>\n\n\n\n<figure class=\"wp-block-image size-large\"><img loading=\"lazy\" decoding=\"async\" width=\"850\" height=\"1024\" src=\"https:\/\/duhovyrok.sk\/qys\/wp-content\/uploads\/sites\/2\/2021\/01\/Kaius-Artwork-850x1024.jpg\" alt=\"\" class=\"wp-image-2018\" srcset=\"https:\/\/duhovyrok.sk\/qys\/wp-content\/uploads\/sites\/2\/2021\/01\/Kaius-Artwork-850x1024.jpg 850w, https:\/\/duhovyrok.sk\/qys\/wp-content\/uploads\/sites\/2\/2021\/01\/Kaius-Artwork-498x600.jpg 498w, https:\/\/duhovyrok.sk\/qys\/wp-content\/uploads\/sites\/2\/2021\/01\/Kaius-Artwork-249x300.jpg 249w, https:\/\/duhovyrok.sk\/qys\/wp-content\/uploads\/sites\/2\/2021\/01\/Kaius-Artwork.jpg 1041w\" sizes=\"auto, (max-width: 850px) 100vw, 850px\" \/><figcaption>(Arch\u00edv Ivany Bel\u00e1kovej)<\/figcaption><\/figure>\n\n\n\n<p><strong>L\u00ed\u0161ia sa tetovania LGBTI \u013eud\u00ed a heterosexu\u00e1lnych \u013eud\u00ed?<\/strong><\/p>\n\n\n\n<p><em>Nie. To naozaj z\u00e1le\u017e\u00ed od vkusu. \u010co sa komu p\u00e1\u010di.<\/em><\/p>\n\n\n\n<p><strong>Ak\u00fd je \u017eivot gejov a lesieb v L. A.? S\u00fa prijat\u00ed a prijat\u00e9 spolo\u010dnos\u0165ou?<\/strong><\/p>\n\n\n\n<p><em>\u00c1no, s\u00fa. Naozaj sa mi nezd\u00e1, \u017ee by sa \u013eudia za nimi ot\u00e1\u010dali&#8230; Gej \u013eudia tu maj\u00fa tak\u00e9 ist\u00e9 pr\u00e1va ako straight.<\/em><\/p>\n\n\n\n<p><strong>Ako vn\u00edma\u0161 LGBTI komunitu na Slovensku?<\/strong><\/p>\n\n\n\n<p><em>Na Slovensku ne\u017eijem u\u017e vy\u0161e 20 rokov, tak\u017ee naozaj neviem, ak\u00e9 to je. No predt\u00fdm sa mi ve\u013eakr\u00e1t stalo, \u017ee \u013eudia po mne pokrikovali, \u017ee som lesba, \u010di u\u017e v&nbsp;\u0161kole alebo na ulici. V bare mi vy\u0161plechli v\u00edno do tv\u00e1re, a to len zato, \u017ee som tam bola s&nbsp;kamar\u00e1tkou. Mysl\u00edm, ale aj d\u00fafam, \u017ee sa prostredie za tie roky zmenilo.<\/em><\/p>\n\n\n\n<p><strong>So svojou partnerkou tvor\u00edte \u0161\u0165astn\u00fd p\u00e1r, ak\u00e9 boli va\u0161e za\u010diatky a ak\u00e9 to je teraz?<\/strong><\/p>\n\n\n\n<p><em>\u00c1no, sme spolu ve\u013emi \u0161\u0165astn\u00e9 a m\u00e1me spolu kr\u00e1sny, plnohodnotn\u00fd vz\u0165ah. Na\u0161e za\u010diatky boli \u0165a\u017e\u0161ie len v tom, \u017ee sme sa o sebe u\u010dili a Veronica navy\u0161e nebola nikdy predt\u00fdm so \u017eenou. Treba ma\u0165 otvoren\u00fa komunik\u00e1ciu a by\u0165 \u00faprimn\u00fd jeden k druh\u00e9mu \u2013 to s\u00fa z\u00e1klady ka\u017ed\u00e9ho zdrav\u00e9ho vz\u0165ahu medzi dvoma \u013eu\u010fmi.<\/em><\/p>\n\n\n\n<p><em>Ve\u013emi sa \u013e\u00fabime a ni\u010d nepova\u017eujeme za prek\u00e1\u017eku, ktor\u00e1 by sa nedala prekona\u0165. Nepre\u017e\u00edvame nijak\u00e9 dr\u00e1my, dohadujeme sa len o mali\u010dkostiach. Neh\u00e1dame sa. Je to najkraj\u0161\u00ed vz\u0165ah, v&nbsp;akom sme obe kedy boli, ur\u010dite aj t\u00fdm, \u017ee ke\u010f n\u00e1jdete t\u00fa prav\u00fa osobu, ktor\u00e1 vo v\u00e1s preb\u00fadza to najlep\u0161ie, podporuje v\u00e1s, miluje v\u00e1s a rob\u00ed v\u00e1\u0161 svet kraj\u0161\u00edm a \u0161\u0165astnej\u0161\u00edm \u2013 v\u0161etko je jednoduch\u0161ie!<\/em><\/p>\n\n\n\n<p><strong>\u010co pod\u013ea teba na Slovensku ch\u00fdba, \u010do by si chcela zmeni\u0165?<\/strong><\/p>\n\n\n\n<p><em>Ke\u010f sa bav\u00edme o LGBTI, tak to, \u010do by sa malo na Slovensku zmeni\u0165, s\u00fa z\u00e1kony. Pod\u013ea m\u0148a ka\u017ed\u00fd, kto chce by\u0165 v&nbsp;man\u017eelstve, by mal ma\u0165 na to pr\u00e1vo. Zd\u00e1 sa mi neskuto\u010dn\u00e9, \u017ee v roku 2020 sa tak\u00e9to nie\u010do e\u0161te st\u00e1le rie\u0161i a robia sa rozdiely medzi \u013eu\u010fmi na z\u00e1klade ich pohlavia \u010di orient\u00e1cie.<\/em><\/p>\n\n\n\n<p><strong>\u010co ti naopak ch\u00fdba zo Slovenska, \u010do v L. A. nenach\u00e1dza\u0161?<\/strong><\/p>\n\n\n\n<p><em>Hlb\u0161ie vz\u0165ahy. V USA mi niekedy pripadaj\u00fa tak\u00e9 vykalkulovan\u00e9 a uzavret\u00e9. Mysl\u00edm si, \u017ee my Slov\u00e1ci a Slovenky sme neskuto\u010dne \u0161tedr\u00ed \u013eudia, \u010do sa t\u00fdka v\u0161etk\u00e9ho, materi\u00e1lnych vec\u00ed, \u010dasu, pohostinnosti, vz\u0165ahov.<\/em><\/p>\n\n\n\n<p><strong>Prejavuje sa nejako tvoja identita aj v tvojej tvorbe?<\/strong><\/p>\n\n\n\n<p><em>V mojej tvorbe sa predov\u0161etk\u00fdm odr\u00e1\u017ea moja osobnos\u0165. Moje tetovania s\u00fa pozit\u00edvne, z\u00e1bavn\u00e9, farebn\u00e9, najlep\u0161ie a&nbsp;dokonal\u00e9. (smiech)<\/em><\/p>\n\n\n\n<p><strong>Kde m\u00f4\u017eeme n\u00e1js\u0165 tvoje diela a ak\u00e9 m\u00e1\u0161 pl\u00e1ny do bud\u00facnosti? O \u010dom sn\u00edva Ivana a po \u010dom t\u00fa\u017ei?<\/strong><\/p>\n\n\n\n<p><em>Moje diela m\u00f4\u017eete n\u00e1js\u0165 na v\u0161etk\u00fdch soci\u00e1lnych sie\u0165ach pod menom <\/em><strong><em>IVANA TATTOO ART<\/em><\/strong><em>.<\/em><\/p>\n\n\n\n<p><em>Moje pl\u00e1ny do bud\u00facnosti sa t\u00fdkaj\u00fa m\u00f4jho vz\u0165ahu a mojej pr\u00e1ce \u2013 moment\u00e1lne sa chyst\u00e1m s\u0165ahova\u0165 do Miami, kde si chcem otvori\u0165 tetovacie \u0161t\u00fadio, a tak isto chcem po\u017eiada\u0165 Veronicu o ruku. Moje t\u00fa\u017eby sa v\u017edy t\u00fdkaj\u00fa m\u00f4jho \u0161\u0165astia, l\u00e1sky a v\u00e1\u0161ne. A ve\u013emi t\u00fa\u017eim spolupracova\u0165 na oble\u010den\u00ed s mojimi dizajnami pre high fashion n\u00e1vrh\u00e1rov ako Louis Vuitton, Gucci, Saint Laurent, Dsquared2, Dior&#8230;<\/em><\/p>\n\n\n\n<p><strong>Chcela by si e\u0161te nie\u010do na\u0161im \u010ditate\u013eom a&nbsp;\u010ditate\u013ek\u00e1m odk\u00e1za\u0165?<\/strong><\/p>\n\n\n\n<p><em>Napadlo mi p\u00e1r vec\u00ed: v prvom rade prajem v\u0161etk\u00fdm \u010ditate\u013eom a \u010ditate\u013ek\u00e1m len to najlep\u0161ie v&nbsp;\u017eivote, aby boli \u0161\u0165astn\u00ed, \u013e\u00faben\u00ed a&nbsp;zdrav\u00ed. Ka\u017ed\u00e9mu prajem ve\u013ea l\u00e1sky a n\u00e1dhern\u00fd \u017eivot!<\/em><\/p>\n\n\n\n<p><em>Najd\u00f4le\u017eitej\u0161ie je pod\u013ea m\u0148a \u017ei\u0165 v&nbsp;pravde, a to je, \u017ee sme \u00faprimn\u00ed sami k sebe! Treba sa \u013e\u00fabi\u0165 a spr\u00e1va\u0165 sa k sebe najkraj\u0161ie ako len vieme a hovori\u0165 o sebe len pekn\u00e9 veci. S\u00fastre\u010fova\u0165 sa na pozit\u00edvne veci a udalosti! Sila mysle je na\u0161a tajn\u00e1 zbra\u0148.<\/em><\/p>\n","protected":false},"excerpt":{"rendered":"<p>\u201eKe\u010f n\u00e1jdete t\u00fa prav\u00fa osobu, ktor\u00e1 vo v\u00e1s vyvol\u00e1va to najlep\u0161ie, podporuje v\u00e1s, miluje v\u00e1s a rob\u00ed v\u00e1\u0161 svet kraj\u0161\u00edm a \u0161\u0165astnej\u0161\u00edm, v\u0161etko je jednoduch\u0161ie,\u201c hovor\u00ed Ivana Bel\u00e1kov\u00e1 \u2013 Slovenka, ktor\u00e1 svoje \u0161\u0165astie na\u0161la v Kalifornii, kde rozv\u00edja svoje tat\u00e9rske umenie. <\/p>\n","protected":false},"author":7,"featured_media":2728,"comment_status":"closed","ping_status":"open","sticky":false,"template":"","format":"standard","meta":{"footnotes":""},"categories":[6,10,259,258],"tags":[159,185,210],"class_list":["post-2015","post","type-post","status-publish","format-standard","has-post-thumbnail","hentry","category-pribehy-lgbti-ludi","category-kultura","category-rozhovory","category-vizualne-umenie","tag-queer-kultura","tag-rozhovor","tag-tetovanie"],"_links":{"self":[{"href":"https:\/\/duhovyrok.sk\/qys\/wp-json\/wp\/v2\/posts\/2015","targetHints":{"allow":["GET"]}}],"collection":[{"href":"https:\/\/duhovyrok.sk\/qys\/wp-json\/wp\/v2\/posts"}],"about":[{"href":"https:\/\/duhovyrok.sk\/qys\/wp-json\/wp\/v2\/types\/post"}],"author":[{"embeddable":true,"href":"https:\/\/duhovyrok.sk\/qys\/wp-json\/wp\/v2\/users\/7"}],"replies":[{"embeddable":true,"href":"https:\/\/duhovyrok.sk\/qys\/wp-json\/wp\/v2\/comments?post=2015"}],"version-history":[{"count":2,"href":"https:\/\/duhovyrok.sk\/qys\/wp-json\/wp\/v2\/posts\/2015\/revisions"}],"predecessor-version":[{"id":2729,"href":"https:\/\/duhovyrok.sk\/qys\/wp-json\/wp\/v2\/posts\/2015\/revisions\/2729"}],"wp:featuredmedia":[{"embeddable":true,"href":"https:\/\/duhovyrok.sk\/qys\/wp-json\/wp\/v2\/media\/2728"}],"wp:attachment":[{"href":"https:\/\/duhovyrok.sk\/qys\/wp-json\/wp\/v2\/media?parent=2015"}],"wp:term":[{"taxonomy":"category","embeddable":true,"href":"https:\/\/duhovyrok.sk\/qys\/wp-json\/wp\/v2\/categories?post=2015"},{"taxonomy":"post_tag","embeddable":true,"href":"https:\/\/duhovyrok.sk\/qys\/wp-json\/wp\/v2\/tags?post=2015"}],"curies":[{"name":"wp","href":"https:\/\/api.w.org\/{rel}","templated":true}]}}