{"id":2011,"date":"2020-08-04T12:32:08","date_gmt":"2020-08-04T10:32:08","guid":{"rendered":"https:\/\/qys.sk\/?p=2011"},"modified":"2020-08-04T12:32:08","modified_gmt":"2020-08-04T10:32:08","slug":"duhove-vlajky-ruska-livestream-ako-pripravit-pride-v-casoch-krizy","status":"publish","type":"post","link":"https:\/\/duhovyrok.sk\/qys\/duhove-vlajky-ruska-livestream-ako-pripravit-pride-v-casoch-krizy\/","title":{"rendered":"D\u00fahov\u00e9 vlajky, r\u00fa\u0161ka, livestream. Ako pripravi\u0165 PRIDE v \u010dasoch kr\u00edzy?"},"content":{"rendered":"\n<p>Foto: Jan Kostaa z PRIDE BB 2020<\/p>\n\n\n\n<blockquote class=\"wp-block-quote is-layout-flow wp-block-quote-is-layout-flow\"><p>Arch\u00edvny \u010dl\u00e1nok sme prv\u00fd raz publikovali v \u010d\u00edsle Leto 2020.<\/p><\/blockquote>\n\n\n\n<p><strong>Bansk\u00e1 Bystrica zorganizovala jeden z m\u00e1la PRIDE sprievodov vo verejnom priestore. Do hygienick\u00fdch opatren\u00ed kv\u00f4li pand\u00e9mii koronav\u00edrusu sa zmestila. Bratislavsk\u00fd a ko\u0161ick\u00fd PRIDE sa takisto pripravuj\u00fa na men\u0161ie podujatia vo verejnom priestore, organiz\u00e1tori a organiz\u00e1torky na celom svete sa spojili.<\/strong><\/p>\n\n\n\n<p>R\u00fa\u0161ko na tv\u00e1ri, d\u00fahov\u00e1 vlajka v&nbsp;ruke. Napriek hust\u00e9mu da\u017e\u010fu 20. j\u00fana takmer sto \u013eud\u00ed pre\u0161lo n\u00e1mest\u00edm SNP v&nbsp;Banskej Bystrici. Bol to u\u017e tret\u00ed ro\u010dn\u00edk PRIDE-u v&nbsp;meste. Farebne oble\u010den\u00fd sprievod tancoval pod d\u00e1\u017ednikmi a&nbsp;v&nbsp;pr\u0161ipl\u00e1\u0161\u0165och do rytmu popov\u00fdch hitov, ktor\u00e9 p\u00fa\u0161\u0165ali z&nbsp;reproduktora na kolieskach. Miluj bl\u00ed\u017eneho, apeloval transparent jednej z&nbsp;\u00fa\u010dastn\u00ed\u010dok v&nbsp;z\u00e1vere sprievodu.<\/p>\n\n\n\n<p>Reagoval na to, \u017ee prijatie LGBTIQ komunity prech\u00e1dza po marcov\u00fdch parlamentn\u00fdch vo\u013eb\u00e1ch \u0165a\u017ek\u00fdmi \u010dasmi. \u201ePRIDE je celosvetov\u00e9 hnutie, ktor\u00e9 n\u00e1m ka\u017ed\u00fd rok v r\u00f4znych \u010dastiach sveta pripom\u00edna, \u017ee revol\u00facia sa s\u00edce za\u010dala v \u0161es\u0165desiatych rokoch, ale dodnes sa neskon\u010dila. 28. j\u00fana uplynie 51 rokov odvtedy, ako sa v newyorskom klube Stonewall postavila skupina queer \u013eud\u00ed inej farby pleti na odpor policajnej \u0161ikane, ktorej \u010delili pre svoju identitu,\u201c zhrnul dejiny PRIDE-u vo svojom prejave Milan Zvada z&nbsp;miestnej iniciat\u00edvy Inokraj.<\/p>\n\n\n\n<p>Zhroma\u017edenie sa presunulo do kult\u00farneho centra Z\u00e1hrada ne\u010faleko n\u00e1mestia. Po diskusi\u00e1ch na&nbsp;\u013eudskopr\u00e1vne t\u00e9my nasledovalo umenie: v\u00fdstava Adama Englera, s\u00f3lov\u00fd koncert huslistu Mareka Kon\u010deka a tane\u010dn\u00fd set d\u00edd\u017eejky B-Complex.<\/p>\n\n\n\n<p>Bol to jeden z&nbsp;m\u00e1la PRIDE sprievodov pripraven\u00fdch tento rok vo verejnom priestore, po\u010dtom \u00fa\u010dastn\u00edkov a&nbsp;\u00fa\u010dastn\u00ed\u010dok sa zmestil do nariaden\u00ed hygienikov. Po vypuknut\u00ed pand\u00e9mie koronav\u00edrusu je toti\u017e vo v\u00e4\u010d\u0161ine kraj\u00edn obmedzen\u00e9 zhroma\u017e\u010fovanie. Ak\u00fdm sp\u00f4sobom sa teda viete prida\u0165 k&nbsp;oslav\u00e1m napriek kr\u00edze?<\/p>\n\n\n\n<p><strong>Bratislava musela meni\u0165 koncept<\/strong><\/p>\n\n\n\n<p>Obmedzenia sa dotkn\u00fa aj najv\u00e4\u010d\u0161ieho PRIDE-u na Slovensku, ktor\u00fd minul\u00fd rok v&nbsp;Bratislave nav\u0161t\u00edvilo rekordn\u00fdch desa\u0165tis\u00edc \u013eud\u00ed. Teraz sa bratislavsk\u00fd PRIDE pripravoval na jubilejn\u00e9 oslavy, ke\u010f\u017ee u\u017e je to dek\u00e1da, odkedy LGBTIQ komunita prv\u00fd raz vy\u0161la na Slovensku hrdo do ul\u00edc s&nbsp;d\u00fahov\u00fdmi vlajkami.<\/p>\n\n\n\n<p>Organiz\u00e1tori a&nbsp;organiz\u00e1torky si chceli vo ve\u013ekom pripomen\u00fa\u0165, akou dlhou cestou podujatie pre\u0161lo, no nakoniec sa kv\u00f4li hygienick\u00fdm nariadeniam rozhodli pre \u00fastredn\u00e9 podujatie vysielan\u00e9 cez internet a s\u00e9riu men\u0161\u00edch sprievodn\u00fdch akci\u00ed po\u010das t\u00fd\u017ed\u0148a od 20. j\u00fala.&nbsp;<\/p>\n\n\n\n<p>PRIDE t\u00fd\u017ede\u0148 otvor\u00ed v pondelok 20. j\u00fala diskusia o&nbsp;dopadoch koronakr\u00edzy na slovensk\u00fa LGBTIQ komunitu s&nbsp;\u013eu\u010fmi z&nbsp;poradensk\u00fdch centier inPorad\u0148a a&nbsp;Prizma. V&nbsp;sobotu, teda de\u0148, na ktor\u00fd bol p\u00f4vodne pl\u00e1novan\u00fd samotn\u00fd pochod hlavn\u00fdm mestom, pripravuj\u00fa \u017eiv\u00fd prenos prejavov a&nbsp;hudobn\u00fdch vyst\u00fapen\u00ed slovensk\u00fdch hudobn\u00fdch skup\u00edn Bad Karma Boys, Puding pani Elvisovej a Modr\u00e9 Hory. Nasledova\u0165 bude PRIDE p\u00e1rty vo viacer\u00fdch bratislavsk\u00fdch kluboch. Ve\u013ek\u00fa oslavu desiatich rokov PRIDE-u na Slovensku chystaj\u00fa sk\u00f4r o&nbsp;rok.<\/p>\n\n\n\n<p>\u201eJe to pre n\u00e1s trochu sklamanie, ke\u010f\u017ee pre desiaty ro\u010dn\u00edk PRIDE-u sme mali napl\u00e1novan\u00e9 zmeny koncepcie \u2013 chceli sme sa presun\u00fa\u0165 na N\u00e1mestie slobody, pripravi\u0165 v\u00e4\u010d\u0161\u00ed program. Ale situ\u00e1cia si prechod k online forme vy\u017eadovala,\u201c hovor\u00ed Martin Macko z&nbsp;Iniciat\u00edvy Inakos\u0165.<\/p>\n\n\n\n<p>U\u017e v&nbsp;m\u00e1ji mali z viacer\u00fdch zdrojov potvrden\u00e9, \u017ee po\u010das leta nebude mo\u017en\u00e9 organizova\u0165 podujatia pre viac ako tis\u00edc n\u00e1v\u0161tevn\u00edkov a n\u00e1v\u0161tevn\u00ed\u010dok. V&nbsp;t\u00edme sa dohodli, \u017ee v&nbsp;tejto situ\u00e1cii nem\u00e1 zmysel organizova\u0165 open-air festival na n\u00e1mest\u00ed. Keby toti\u017e rozbehli pr\u00edpravy, znamenalo by to finan\u010dn\u00e9 n\u00e1klady, ktor\u00e9 by v&nbsp;pr\u00edpade zru\u0161enia podujatia vy\u0161li nazmar \u2013 a&nbsp;to si organiza\u010dn\u00fd t\u00edm nemohol dovoli\u0165. Uva\u017eovalo sa aj nad presunom term\u00ednu na september, no prev\u00e1\u017eil predpoklad, \u017ee situ\u00e1cia s&nbsp;pand\u00e9miou a&nbsp;nariadeniami sa u\u017e nebude dramaticky meni\u0165.<\/p>\n\n\n\n<p>Organizova\u0165 PRIDE si vy\u017eaduje dlhodob\u00fa pr\u00e1cu, prv\u00e9 pr\u00edpravy za\u010d\u00ednaj\u00fa u\u017e v&nbsp;janu\u00e1ri, intenz\u00edvne sa na \u0148om v\u0161ak pracuje posledn\u00e9 dva mesiace. Macko dop\u013a\u0148a, \u017ee pripravia \u010do najpestrej\u0161\u00ed program a&nbsp;e\u0161te st\u00e1le uva\u017euj\u00fa o tom, ako sa \u013eudia bud\u00fa m\u00f4c\u0165 ku komunite prihl\u00e1si\u0165 cez online prenos.<\/p>\n\n\n\n<p>Jedna z&nbsp;bratislavsk\u00fdch organiz\u00e1toriek Monika Grochov\u00e1 sa z\u00fa\u010dastnila aj banskobystrick\u00e9ho podujatia. Vo svojom prejave pripomenula, \u017ee pand\u00e9mia v\u00fdrazne zasiahla do \u017eivotov LGBTIQ p\u00e1rov: \u201ePr\u00e1ve po\u010das kr\u00edz a&nbsp;mimoriadnych situ\u00e1ci\u00ed sa nerovnosti v&nbsp;spolo\u010dnosti ukazuj\u00fa v&nbsp;jasnom svetle. Medzin\u00e1rodn\u00e9 p\u00e1ry rovnak\u00e9ho pohlavia nem\u00f4\u017eu v&nbsp;s\u00fa\u010dasnosti spolo\u010dne cestova\u0165, niektor\u00e9 rozdelila hranica a&nbsp;tie, ktor\u00e9 sa staraj\u00fa o&nbsp;die\u0165a, sa v&nbsp;starostlivosti nem\u00f4\u017eu strieda\u0165, lebo \u0161t\u00e1t uzn\u00e1va za rodi\u010da len jednu osobu.\u201c<\/p>\n\n\n\n<figure class=\"wp-block-image size-large\"><img decoding=\"async\" src=\"https:\/\/qys.sk\/wp-content\/uploads\/2021\/01\/IMG_9948-1024x683.jpg\" alt=\"\" class=\"wp-image-2012\" \/><\/figure>\n\n\n\n<p><strong>Chceme, aby PRIDE reflektoval situ\u00e1ciu v Ma\u010farsku<\/strong><\/p>\n\n\n\n<p>Ideme do online priestoru, hovor\u00ed Zara Kromkov\u00e1 o&nbsp;ko\u0161ickom PRIDE, tre\u0165om ve\u013ekom letnom podujat\u00ed. Spolu s&nbsp;ostatn\u00fdmi organiz\u00e1tormi a&nbsp;organiz\u00e1torkami chystaj\u00fa t\u00fd\u017edenn\u00fd program pln\u00fd online prenosov, ktor\u00fd sa za\u010dne v&nbsp;piatok 14. augusta v\u00fdstavou LGBTIQ umelk\u00fd\u0148 a&nbsp;umelcov.<\/p>\n\n\n\n<p>Nebude ch\u00fdba\u0165 feministick\u00e1 diskusia, online workshop o&nbsp;m\u00fdtoch a&nbsp;faktoch, slam poetry \u010di debata o&nbsp;tepl\u00fdch rodi\u010doch. V\u00e4\u010d\u0161ina podujat\u00ed bude vysielan\u00e1 online na\u017eivo z&nbsp;ko\u0161ickej Taba\u010dky. Vy\u0161e t\u00fd\u017ede\u0148 aktiv\u00edt skon\u010d\u00ed 23. augusta ekumenickou bohoslu\u017ebou. Organiz\u00e1torom finan\u010dne u\u017e druh\u00fd rok pomohlo aj mesto cez grantov\u00fd program a&nbsp;podporu mu vyjadril aj starosta jednej z&nbsp;mestsk\u00fdch \u010dast\u00ed.<\/p>\n\n\n\n<p>V&nbsp;s\u00favislosti s&nbsp;t\u00fdm organiz\u00e1tori a&nbsp;organiz\u00e1torky uva\u017euj\u00fa aj o usporiadan\u00ed diskusie na t\u00e9mu&nbsp;vz\u0165ahu region\u00e1lnej politiky a&nbsp;\u017eivota LGBTIQ \u013eud\u00ed. Radi by pozvali za st\u00f4l viacer\u00fdch starostov a&nbsp;starostky mestsk\u00fdch \u010dast\u00ed. \u201eChceli by sme, aby PRIDE reflektoval aj situ\u00e1ciu v&nbsp;Ma\u010farsku, kde zaviedli z\u00e1kaz pr\u00e1vnej tranz\u00edcie,\u201c dop\u013a\u0148a Zara.<\/p>\n\n\n\n<p>\u013dudia, ktor\u00ed bud\u00fa prenos sledova\u0165 online, sa bud\u00fa m\u00f4c\u0165 do viacer\u00fdch diskusi\u00ed aj zapoji\u0165 a&nbsp;vyjadri\u0165 svoj n\u00e1zor alebo podporu komunite.<\/p>\n\n\n\n<p><strong>PRIDE ako celosvetov\u00e9 podujatia, alebo v&nbsp;zime?<\/strong><\/p>\n\n\n\n<p>Podobne ako v&nbsp;Bratislave a&nbsp;Ko\u0161iciach, v\u00e4\u010d\u0161ina PRIDE-ov po celom svete bude prebieha\u0165 cez internetov\u00e9 vysielanie a&nbsp;aplik\u00e1cie. V&nbsp;sobotu 27. j\u00fana sa napr\u00edklad stovky organiz\u00e1torov a&nbsp;organiz\u00e1toriek z&nbsp;r\u00f4znych miest spojili, aby pripravili glob\u00e1lny online PRIDE.<\/p>\n\n\n\n<p>Na celodennom programe spievali napr\u00edklad Melanie C, Natasha Bedingfield, Pussy Riot \u010di Kesha. Svoje in\u0161pirat\u00edvne odkazy nahrali aj novoz\u00e9landsk\u00e1 premi\u00e9rka Jacinda Ardern a&nbsp;kanadsk\u00fd premi\u00e9r Justin Trudeau.<\/p>\n\n\n\n<p>V&nbsp;zbierke na podporu d\u00fahov\u00fdch organiz\u00e1ci\u00ed, ktor\u00e9 maj\u00fa v\u00fdpadky kv\u00f4li koronakr\u00edze, sa podarilo vyzbiera\u0165 25-tis\u00edc dol\u00e1rov. Mest\u00e1 v\u0161ak pripravuj\u00fa aj vlastn\u00e9 programy. Napr\u00edklad \u0161tokholmsk\u00fd PRIDE bude prebieha\u0165 digit\u00e1lne cez v\u00edkend od 31. j\u00fala do 2. augusta. Okrem toho sa prv\u00fd raz rozhodol pripravi\u0165 aj zimn\u00fa verziu festivalu, o ktorom predpokladaj\u00fa, \u017ee u\u017e prebehne bez obmedzen\u00ed v&nbsp;zhroma\u017e\u010fovan\u00ed sa.<\/p>\n\n\n\n<p>Aj najv\u00e4\u010d\u0161\u00ed PRIDE sprievod na svete v&nbsp;New Yorku (ka\u017ed\u00fd rok sa ho z\u00fa\u010dastnia mili\u00f3ny \u00fa\u010dastn\u00edkov a&nbsp;\u00fa\u010dastn\u00ed\u010dok) stavil uprostred pand\u00e9mie na online podujatia. Jedn\u00fdm zo zauj\u00edmav\u00fdch bodov programu bola koncom j\u00fana \u0161tafeta osamel\u00fdch be\u017ecov a&nbsp;be\u017ek\u00fd\u0148, ktor\u00ed a&nbsp;ktor\u00e9 si svoj beh nakr\u00facali na telef\u00f3n.&nbsp;<br><\/p>\n","protected":false},"excerpt":{"rendered":"<p>Bansk\u00e1 Bystrica zorganizovala jeden z m\u00e1la PRIDE sprievodov vo verejnom priestore v roku 2020. Do hygienick\u00fdch opatren\u00ed kv\u00f4li pand\u00e9mii koronav\u00edrusu sa zmestila. <\/p>\n","protected":false},"author":10,"featured_media":2013,"comment_status":"closed","ping_status":"open","sticky":false,"template":"","format":"standard","meta":{"footnotes":""},"categories":[2,7,13],"tags":[139],"class_list":["post-2011","post","type-post","status-publish","format-standard","has-post-thumbnail","hentry","category-comingout","category-pride","category-viditelnost","tag-pride"],"_links":{"self":[{"href":"https:\/\/duhovyrok.sk\/qys\/wp-json\/wp\/v2\/posts\/2011","targetHints":{"allow":["GET"]}}],"collection":[{"href":"https:\/\/duhovyrok.sk\/qys\/wp-json\/wp\/v2\/posts"}],"about":[{"href":"https:\/\/duhovyrok.sk\/qys\/wp-json\/wp\/v2\/types\/post"}],"author":[{"embeddable":true,"href":"https:\/\/duhovyrok.sk\/qys\/wp-json\/wp\/v2\/users\/10"}],"replies":[{"embeddable":true,"href":"https:\/\/duhovyrok.sk\/qys\/wp-json\/wp\/v2\/comments?post=2011"}],"version-history":[{"count":0,"href":"https:\/\/duhovyrok.sk\/qys\/wp-json\/wp\/v2\/posts\/2011\/revisions"}],"wp:featuredmedia":[{"embeddable":true,"href":"https:\/\/duhovyrok.sk\/qys\/wp-json\/wp\/v2\/media\/2013"}],"wp:attachment":[{"href":"https:\/\/duhovyrok.sk\/qys\/wp-json\/wp\/v2\/media?parent=2011"}],"wp:term":[{"taxonomy":"category","embeddable":true,"href":"https:\/\/duhovyrok.sk\/qys\/wp-json\/wp\/v2\/categories?post=2011"},{"taxonomy":"post_tag","embeddable":true,"href":"https:\/\/duhovyrok.sk\/qys\/wp-json\/wp\/v2\/tags?post=2011"}],"curies":[{"name":"wp","href":"https:\/\/api.w.org\/{rel}","templated":true}]}}