{"id":1956,"date":"2020-10-04T08:49:37","date_gmt":"2020-10-04T06:49:37","guid":{"rendered":"https:\/\/qys.sk\/?p=1956"},"modified":"2021-03-18T08:41:22","modified_gmt":"2021-03-18T07:41:22","slug":"filmar-igor-smitka-vidi-svet-inak-az-v-zahranici-si-uvedomil-ze-je-to-plus","status":"publish","type":"post","link":"https:\/\/duhovyrok.sk\/qys\/filmar-igor-smitka-vidi-svet-inak-az-v-zahranici-si-uvedomil-ze-je-to-plus\/","title":{"rendered":"Film\u00e1r Igor Smitka: Vid\u00ed svet inak, a\u017e v zahrani\u010d\u00ed si uvedomil, \u017ee je to plus"},"content":{"rendered":"\n<p><strong>Text: Roman Samotn\u00fd<\/strong> \/ <strong>FOTO: Arch\u00edv Igora Smitku<\/strong><\/p>\n\n\n\n<blockquote class=\"wp-block-quote is-layout-flow wp-block-quote-is-layout-flow\"><p>Arch\u00edvny text vy\u0161iel v \u010d\u00edsle Jese\u0148 2020<\/p><\/blockquote>\n\n\n\n<p><strong>S&nbsp;kamerou rob\u00ed z\u00e1zraky. Jeho podmaniv\u00e9 obrazy vytrvalo rozpr\u00e1vaj\u00fa fascinuj\u00faci pr\u00edbeh o&nbsp;svete plnom pestrosti a&nbsp;re\u0161pektu. Slovensk\u00fd kameraman a&nbsp;fotograf Igor Smitka prerazil v m\u00f3dnom biznise. Postupne v\u0161ak pres\u00fava pozornos\u0165 hlavne na nekomer\u010dn\u00e9 projekty, kde sa sna\u017e\u00ed da\u0165 priestor t\u00fdm, ktor\u00fdch nie je v&nbsp;spolo\u010dnosti po\u010du\u0165. Ako re\u017eis\u00e9r a kameraman m\u00e1 na svedom\u00ed aj spoty pre Filmov\u00fd festival inakosti.<\/strong><\/p>\n\n\n\n<p><strong>U\u017e \u0161tyri roky rob\u00ed\u0161 festivalov\u00fd spot pre FFi. Ako sa za ten \u010das zmenil tvoj pr\u00edstup k tejto t\u00e9me?<\/strong><\/p>\n\n\n\n<p>Mysl\u00edm si, \u017ee sa vyv\u00edja podobne ako aj ja. Postupne sa vo mne otv\u00e1raj\u00fa ot\u00e1zky a ja sa na ne sna\u017e\u00edm reagova\u0165. Sna\u017e\u00edm sa \u00eds\u0165 hlb\u0161ie, a napriek tomu, \u017ee vizu\u00e1l m\u00f4\u017ee p\u00f4sobi\u0165 od\u013eah\u010dene, schov\u00e1va mnoho vrstiev.<\/p>\n\n\n\n<p><strong>Ak\u00fdm smerom sa spoty tematicky pos\u00favaj\u00fa za ten \u010das?<\/strong><\/p>\n\n\n\n<p>Asi to nie je \u00faplne line\u00e1rny v\u00fdvoj, sk\u00f4r m\u00e1m pocit, \u017ee sa postupne sna\u017e\u00edme reagova\u0165 na queer t\u00e9my v prostred\u00ed Slovenska. A to je pre m\u0148a pr\u00e1ca, na ktorej koniec e\u0161te nevid\u00edm, st\u00e1le sa otv\u00e1raj\u00fa nov\u00e9 rozmery. Festivalov\u00fd spot pon\u00faka super priestor na kr\u00e1tke vizu\u00e1lne vyjadrenie. Z\u00e1rove\u0148 je to v\u0161ak v\u017edy ve\u013emi citliv\u00e1 vec, kde ka\u017ed\u00fd aspekt zva\u017eujeme do detailov \u2013 ke\u010f\u017ee n\u00edm svoj\u00edm sp\u00f4sobom reprezentujeme marginalizovan\u00e9 skupiny.<\/p>\n\n\n\n<p><strong>A \u010do tvoriv\u00fd t\u00edm a casting? Je zlo\u017eit\u00e9 n\u00e1js\u0165 \u013eud\u00ed na spolupr\u00e1cu?&nbsp;<\/strong><\/p>\n\n\n\n<p>Tvoriv\u00fd t\u00edm je ve\u013emi z\u00e1sadn\u00fd faktor, vyv\u00edja sa \u010dasom a spolo\u010dn\u00fdmi spolupr\u00e1cami, z\u00e1\u017eitkami. Ke\u010f pracujete s \u013eu\u010fmi, ktor\u00fdch si v\u00e1\u017eite a m\u00e1te sa radi, potom je to \u00faplne in\u00e1 \u00farove\u0148 spolupr\u00e1ce. Ve\u013emi ma te\u0161\u00ed a \u010dasto aj prekvap\u00ed, kto v\u0161etko n\u00e1m pom\u00f4\u017ee a venuje energiu.<\/p>\n\n\n\n<p><strong>Plat\u00ed to aj pre \u00fa\u010dinkuj\u00facich v spote?<\/strong><\/p>\n\n\n\n<p>Sna\u017e\u00edme sa zap\u00e1ja\u0165 \u010do najviac \u013eud\u00ed z komunity \u2013 chceme vytvori\u0165 uverite\u013en\u00fd vizu\u00e1l a z\u00e1rove\u0148 reprezentova\u0165 re\u00e1lnych \u013eud\u00ed. Zatia\u013e sa n\u00e1m dar\u00ed vyc\u00edti\u0165, koho projekt naozaj zauj\u00edma \u2013 tak\u017ee \u00e1no. Spoznali sme v\u010faka tomu mnoho zauj\u00edmav\u00fdch \u013eud\u00ed.<\/p>\n\n\n\n<p><strong>Ako vn\u00edma\u0161 samotn\u00fd festival z poz\u00edcie n\u00e1v\u0161tevn\u00edka, v \u010dom sa pod\u013ea teba zmenila atmosf\u00e9ra a \u013eudia, ktor\u00ed tam chodia?<\/strong><\/p>\n\n\n\n<p>Ve\u013emi ma te\u0161\u00ed vidie\u0165 na festivale mlad\u0161\u00edch a&nbsp;mlad\u0161\u00edch. Jav\u00ed sa mi to ako zdrav\u00e9 prostredie na to, aby videli, ak\u00e9 \u0161irok\u00e9 spektrum komunita m\u00e1. Ako teenager som naozaj nepoznal ve\u013ea queer \u013eud\u00ed. N\u00e1v\u0161tevn\u00edci festivalu dnes okrem sledovania filmov m\u00f4\u017eu z\u00e1rove\u0148 vn\u00edma\u0165 re\u00e1lnych \u013eud\u00ed z komunity a&nbsp;tak aj svoju be\u017enos\u0165.<\/p>\n\n\n\n<p><strong>Pred dvomi rokmi si sa pres\u0165ahoval do Prahy. \u010c\u00edm by mohla pra\u017esk\u00e1 sc\u00e9na in\u0161pirova\u0165 t\u00fa bratislavsk\u00fa? A \u010d\u00edm naopak Bratislava Prahu?<\/strong><\/p>\n\n\n\n<p>V Prahe asi vn\u00edmam omnoho silnej\u0161iu klubov\u00fa sc\u00e9nu, samozrejme pracuje s v\u00e4\u010d\u0161\u00edm publikom, teda m\u00e1 aj viac priestoru na rozvoj. Na Bratislave som mal r\u00e1d, \u017ee aj na queer klubov\u00fdch eventoch stretnete \u013eud\u00ed mimo minority, \u010do na m\u0148a p\u00f4sobilo milo a inkluz\u00edvne.<\/p>\n\n\n\n<p><strong>Ve\u013ea pracuje\u0161 v medzin\u00e1rodn\u00fdch t\u00edmoch, rovnako aj ve\u013ea cestuje\u0161. Ako sa vyv\u00edja vn\u00edmanie LGBTIQ identity v medzin\u00e1rodnom kontexte? Je mo\u017en\u00e9 pomenova\u0165 nejak\u00e9 trendy?<\/strong><\/p>\n\n\n\n<p>Je to pre m\u0148a ve\u013emi zauj\u00edmav\u00e1 vec: moje povolanie je samo osebe zasaden\u00e9 do dos\u0165 maskul\u00ednneho prostredia. A\u017e v zahrani\u010d\u00ed som si uvedomil, \u017ee to, kv\u00f4li \u010domu ma \u013eudia oslovuj\u00fa do projektov, je pr\u00e1ve m\u00f4j \u201ein\u00fd\u201c poh\u013ead, ktor\u00fd som na Slovensku nevedel \u00faplne prejavi\u0165. Pomohlo mi to oslobodi\u0165 sa a uvedomi\u0165 si, ak\u00e9 t\u00e9my s\u00fa pre m\u0148a d\u00f4le\u017eit\u00e9. Je zauj\u00edmav\u00e9 pri cestovan\u00ed vn\u00edma\u0165 mieru otvorenosti spolo\u010dnosti, celkov\u00fa atmosf\u00e9ru. Napr\u00edklad, ke\u010f sme pracovali na dokumente o zakladate\u013eovi drag sc\u00e9ny v\u00a0Gruz\u00ednsku. Pri nakr\u00facan\u00ed sc\u00e9ny, ako kr\u00e1\u010da v dragu po uliciach Tbilisi, sme mali so sebou pre istotu ochranku. Tbilisi je kr\u00e1sne mesto, ale v uliciach bolo skuto\u010dne c\u00edti\u0165 \u0165a\u017eobu. Vlastne v\u017edy pri cestovan\u00ed sa sna\u017e\u00edm (aspo\u0148 trochu) adaptova\u0165 na dan\u00fa atmosf\u00e9ru.<\/p>\n\n\n\n<figure class=\"wp-block-image size-large\"><img loading=\"lazy\" decoding=\"async\" width=\"600\" height=\"651\" src=\"https:\/\/duhovyrok.sk\/qys\/wp-content\/uploads\/sites\/2\/2021\/01\/Igor-Smitka.jpg\" alt=\"\" class=\"wp-image-1957\" srcset=\"https:\/\/duhovyrok.sk\/qys\/wp-content\/uploads\/sites\/2\/2021\/01\/Igor-Smitka.jpg 600w, https:\/\/duhovyrok.sk\/qys\/wp-content\/uploads\/sites\/2\/2021\/01\/Igor-Smitka-553x600.jpg 553w, https:\/\/duhovyrok.sk\/qys\/wp-content\/uploads\/sites\/2\/2021\/01\/Igor-Smitka-276x300.jpg 276w\" sizes=\"auto, (max-width: 600px) 100vw, 600px\" \/><figcaption>FOTO &#8211; Arch\u00edv Igora Smitku<\/figcaption><\/figure>\n\n\n\n<p><strong>Pracuje\u0161 hlavne v oblasti m\u00f3dy a \u010fal\u0161\u00edch komer\u010dn\u00fdch objedn\u00e1vok. Je mo\u017en\u00e9 prepoji\u0165 biznis s aktivizmom?&nbsp;<\/strong><\/p>\n\n\n\n<p>V poslednej dobe si uvedomujem, \u017ee oblas\u0165 m\u00f3dy je pre m\u0148a asi priestor, kde sa v r\u00e1mci komercie m\u00f4\u017eem prejavi\u0165 najslobodnej\u0161ie, najv\u00fdtvarnej\u0161ie. Z\u00e1rove\u0148 je to priestor, kde sme nikdy po\u010das kreat\u00edvneho procesu neboli limitovan\u00ed pri castingu, stylingu \u010di v\u00fdbere t\u00e9m. Z mojej sk\u00fasenosti je to ve\u013emi tolerantn\u00e9 a akceptuj\u00face prostredie. Postupom \u010dasu ma to v\u0161ak nasmerovalo viac k nekomer\u010dn\u00fdm projektom, ktor\u00e9 d\u00e1vaj\u00fa hlas a pozornos\u0165 \u013eudom, ktor\u00ed ich be\u017ene \u00faplne nedost\u00e1vaj\u00fa. Toto mi d\u00e1va moment\u00e1lne najv\u00e4\u010d\u0161\u00ed zmysel. Ale mysl\u00edm si, \u017ee aj v r\u00e1mci komercie sa daj\u00fa robi\u0165 prospe\u0161n\u00e9 veci, \u010di u\u017e vo\u013ebou t\u00edmu, castingu, reprezent\u00e1cie, a celkovo pos\u00favan\u00edm jazyka komer\u010dnej tvorby smerom k v\u00e4\u010d\u0161ej inkluzivite, akcept\u00e1cii.<\/p>\n\n\n\n<p><strong>Za\u010d\u00ednal si s fotkou, no aktu\u00e1lne sa s\u00fastred\u00ed\u0161 najm\u00e4 na video. V \u010dom ti to viac vyhovuje?<\/strong><\/p>\n\n\n\n<p>Napriek tomu, \u017ee fotografiu m\u00e1m ve\u013emi r\u00e1d, v istom momente som sa \u0148ou u\u017e nevedel vyjadrova\u0165. Filmov\u00e9 m\u00e9dium pre m\u0148a komplexnej\u0161ie sp\u00e1ja to, \u010do som chcel hovori\u0165. St\u00e1le v \u0148om nach\u00e1dzam \u010fal\u0161ie a \u010fal\u0161ie aspekty, ktor\u00e9 ma bav\u00ed sk\u00fama\u0165.<\/p>\n\n\n\n<p><strong>A \u010do je pr\u00e1ve ten tvoj odkaz, o ktorom chce\u0161 hovori\u0165 vo svojej tvorbe?<\/strong><\/p>\n\n\n\n<p>T\u00fdch odkazov je vlastne celkom dos\u0165, postupne sa mi odokr\u00fdvaj\u00fa a ja sa ich postupne sna\u017e\u00edm spr\u00e1vne uchopi\u0165. Asi sa sna\u017e\u00edm d\u00f4le\u017eit\u00e9 a \u0165a\u017ek\u00e9 t\u00e9my zas\u00e1dza\u0165 do pekn\u00fdch svetov. A budem sa opakova\u0165, ale \u2013 d\u00f4le\u017eit\u00e9 je pre m\u0148a d\u00e1va\u0165 \u013eu\u010fom priestor a hlas.<\/p>\n","protected":false},"excerpt":{"rendered":"<p>S kamerou rob\u00ed z\u00e1zraky. Jeho podmaniv\u00e9 obrazy vytrvalo rozpr\u00e1vaj\u00fa fascinuj\u00faci pr\u00edbeh o svete plnom pestrosti a re\u0161pektu. Slovensk\u00fd kameraman a fotograf Igor Smitka prerazil v m\u00f3dnom biznise. <\/p>\n","protected":false},"author":16,"featured_media":1958,"comment_status":"closed","ping_status":"open","sticky":false,"template":"","format":"standard","meta":{"footnotes":""},"categories":[254,6,10,259],"tags":[146,159],"class_list":["post-1956","post","type-post","status-publish","format-standard","has-post-thumbnail","hentry","category-film","category-pribehy-lgbti-ludi","category-kultura","category-rozhovory","tag-queer-film","tag-queer-kultura"],"_links":{"self":[{"href":"https:\/\/duhovyrok.sk\/qys\/wp-json\/wp\/v2\/posts\/1956","targetHints":{"allow":["GET"]}}],"collection":[{"href":"https:\/\/duhovyrok.sk\/qys\/wp-json\/wp\/v2\/posts"}],"about":[{"href":"https:\/\/duhovyrok.sk\/qys\/wp-json\/wp\/v2\/types\/post"}],"author":[{"embeddable":true,"href":"https:\/\/duhovyrok.sk\/qys\/wp-json\/wp\/v2\/users\/16"}],"replies":[{"embeddable":true,"href":"https:\/\/duhovyrok.sk\/qys\/wp-json\/wp\/v2\/comments?post=1956"}],"version-history":[{"count":1,"href":"https:\/\/duhovyrok.sk\/qys\/wp-json\/wp\/v2\/posts\/1956\/revisions"}],"predecessor-version":[{"id":2523,"href":"https:\/\/duhovyrok.sk\/qys\/wp-json\/wp\/v2\/posts\/1956\/revisions\/2523"}],"wp:featuredmedia":[{"embeddable":true,"href":"https:\/\/duhovyrok.sk\/qys\/wp-json\/wp\/v2\/media\/1958"}],"wp:attachment":[{"href":"https:\/\/duhovyrok.sk\/qys\/wp-json\/wp\/v2\/media?parent=1956"}],"wp:term":[{"taxonomy":"category","embeddable":true,"href":"https:\/\/duhovyrok.sk\/qys\/wp-json\/wp\/v2\/categories?post=1956"},{"taxonomy":"post_tag","embeddable":true,"href":"https:\/\/duhovyrok.sk\/qys\/wp-json\/wp\/v2\/tags?post=1956"}],"curies":[{"name":"wp","href":"https:\/\/api.w.org\/{rel}","templated":true}]}}