{"id":1924,"date":"2021-02-02T10:09:36","date_gmt":"2021-02-02T09:09:36","guid":{"rendered":"https:\/\/qys.sk\/?p=1924"},"modified":"2021-11-21T20:00:27","modified_gmt":"2021-11-21T19:00:27","slug":"jaro-gyurik-komunisti-mali-tendenciu-homosexualitu-potierat-akoby-vobec-neexistovala","status":"publish","type":"post","link":"https:\/\/duhovyrok.sk\/qys\/jaro-gyurik-komunisti-mali-tendenciu-homosexualitu-potierat-akoby-vobec-neexistovala\/","title":{"rendered":"Jaro Gyur\u00edk: Komunisti mali tendenciu homosexualitu potiera\u0165, akoby v\u00f4bec neexistovala"},"content":{"rendered":"\n<p><strong>Autor: Andrej Kuruc<\/strong> \/ <strong>Foto: Jakub Kov\u00e1\u010d<\/strong><\/p>\n\n\n\n<blockquote class=\"wp-block-quote is-layout-flow wp-block-quote-is-layout-flow\"><p>Text sme prv\u00fd raz publikovali v \u010d\u00edsle Zima 2020.<\/p><\/blockquote>\n\n\n\n<p><strong>V r\u00e1mci rozhovorov s aktivistami z minul\u00fdch obdob\u00ed sme sa porozpr\u00e1vali s Jarom Gyur\u00edkom, ktor\u00fd p\u00f4sobil v ob\u010dianskom zdru\u017een\u00ed Ganymedes. Pripravil jeden z prv\u00fdch reprezenta\u010dn\u00fdch d\u00fahov\u00fdch plesov. Venoval sa aj aktivit\u00e1m v oblasti prevencie HIV.&nbsp;<\/strong><\/p>\n\n\n\n<p>Aktivista z 90. rokov minul\u00e9ho storo\u010dia Jaro Gyur\u00edk poch\u00e1dza z Bratislavy a v s\u00fa\u010dasnosti m\u00e1 55 rokov. Svoju in\u00fa orient\u00e1ciu si za\u010dal uvedomova\u0165 u\u017e po\u010das puberty. V&nbsp; socializme nebolo pr\u00edli\u0161 ve\u013ea zdrojov a inform\u00e1ci\u00ed o inej sexu\u00e1lnej orient\u00e1cii ako heterosexu\u00e1lnej. Preto si myslel,&nbsp; \u017ee je to ur\u010dit\u00e9 \u0161t\u00e1dium v\u00fdvoja \u013eudskej sexuality a to, \u017ee ho vzru\u0161uj\u00fa a viac pri\u0165ahuj\u00fa mu\u017ei, je len do\u010dasn\u00e9 a \u017ee to \u010dasom prejde. \u201eNajviac som s\u00e1m so sebou bol konfrontovan\u00fd v obdob\u00ed z\u00e1kladnej vojenskej slu\u017eby, ktor\u00e1 za socializmu bola dvojro\u010dn\u00e1 a len pre mu\u017eov.\u201c A\u017e&nbsp; po vojne stretol \u010dloveka, ktor\u00fd bol ochotn\u00fd sa s n\u00edm o t\u00fdchto veciach rozpr\u00e1va\u0165, a zistil, \u017ee to nie je s\u00fa\u010das\u0165 pubert\u00e1lneho procesu, ale \u017ee ide o hol\u00fd fakt, \u017ee je homosexu\u00e1lne orientovan\u00fd. \u201eV\u00e4\u010d\u0161inu ve\u010dera rozpr\u00e1val on o tom, ako \u017eije, \u010do odha\u013eovalo moje skr\u00fdvan\u00e9 predstavy. Tie predstavy bolo \u0165a\u017ek\u00e9 nielen realizova\u0165, ale aj vyslovi\u0165 ich pred sebou,\u201c prizn\u00e1va Jaro. Pod\u013ea Jara spolo\u010dnos\u0165, v ktorej \u010dlovek vyrast\u00e1 bez mo\u017enosti inform\u00e1ci\u00ed, d\u00e1va vzorec \u017eitia, do ktor\u00e9ho homosexu\u00e1lne orientovan\u00ed \u013eudia nezapadaj\u00fa. \u201eTo bol&nbsp; skok, bol to prv\u00fd \u010dlovek, s ktor\u00fdm som bol schopn\u00fd otvorene komunikova\u0165 o homosexualite.\u201c Jaro tie\u017e videl, \u017ee tento jeho kamar\u00e1t je \u00faplne otvoren\u00fd aj pred rodinou, kde bol absol\u00fatne re\u0161pektovan\u00fd. To mu dalo silu, aby prijal s\u00e1m seba, aj ke\u010f pred rodinou to e\u0161te skr\u00fdval, ke\u010f\u017ee nevedel, ako to cel\u00e9 prebehne. Ten \u010dlovek mu otvoril aj dvere do komunity, kde sa zoznamoval s nov\u00fdmi \u013eu\u010fmi. V rozhovoroch mal mo\u017enos\u0165 spozn\u00e1va\u0165, ako funguje \u017eivot s t\u00fdmto zameran\u00edm.&nbsp;<\/p>\n\n\n\n<p>V tom obdob\u00ed nefungovali m\u00e9di\u00e1, ako s\u00fa mobil a aplik\u00e1cie. Jedin\u00e1 komunik\u00e1cia bola cez telef\u00f3n, ktor\u00fd bol dr\u00f4tom pripevnen\u00fd k stene. Vtedy bola alfa omega n\u00e1js\u0165 aspo\u0148 jedn\u00e9ho \u010dloveka, ktor\u00fd druh\u00fdm sprostredkuje, aby sa stret\u00e1vali s \u010fal\u0161\u00edmi. Bola e\u0161te jedna mo\u017enos\u0165, tak\u00e9 verejn\u00e9 tajomstvo, a to \u00eds\u0165 na miesta, kde sa homosexu\u00e1lne orientovan\u00ed mu\u017ei sch\u00e1dzaj\u00fa. \u201eV\u00e4\u010d\u0161inou to boli parky, z\u00e1chody, kde za norm\u00e1lnych okolnost\u00ed m\u00e1 \u010dlovek bari\u00e9ru spravi\u0165 ten krok a \u00eds\u0165 na tak\u00e9 miesto.\u201c Potom e\u0161te fungovala tak\u00e1 zauj\u00edmavos\u0165, v\u00e4\u010d\u0161inou za bieleho d\u0148a, dod\u00e1va Jaro: \u201eKe\u010f kr\u00e1\u010da\u0161 niekde a n\u00e1hodou sprav\u00ed okoloid\u00faci o\u010dn\u00fd kontakt, tak zostane\u0161 st\u00e1\u0165 pri v\u00fdkladnej skrini, ktor\u00e1 funguje ako zrkadlo, a v perif\u00e9rnom viden\u00ed sleduje\u0161, \u010di doty\u010dn\u00e1 osoba pokra\u010duje \u010falej bez obzerania, alebo je ind\u00edcia, \u017ee ten poh\u013ead nebol n\u00e1hodn\u00fd.\u201c Toto bola na\u0161a aplik\u00e1cia, s \u00fasmevom vrav\u00ed Jaro. Spom\u00edna si, \u017ee v Bratislave mali tzv. ru\u017eov\u00fd trojuholn\u00edk. I\u0161lo o tri verejn\u00e9 z\u00e1chody na N\u00e1mest\u00ed SNP, \u0160af\u00e1rikovom n\u00e1mest\u00ed a pred Redutou. Po revol\u00facii pribudla k tomu \u017eelezni\u010dn\u00e1 stanica. \u201eZ\u00e1bavn\u00e9 bolo, \u017ee chodila ru\u017eov\u00e1 elektri\u010dka \u010d. 13, ktor\u00e1 st\u00e1la presne na t\u00fdchto miestach,\u201c spom\u00edna Jaro.&nbsp;<\/p>\n\n\n\n<p>Okrem t\u00fdchto mo\u017enost\u00ed boli v Bratislave \u013eudia, ktor\u00ed boli soci\u00e1lne a finan\u010dne dos\u0165 slu\u0161ne zabezpe\u010den\u00ed a mohli si dovoli\u0165 ma\u0165 dom. Ich sp\u00f4sob fungovania vytvoril okolo nich bublinu. U t\u00fdchto \u013eud\u00ed sa stret\u00e1valo mnoho gejov. T\u00ed \u013eudia s domami vytv\u00e1rali mal\u00e9 komunitn\u00e9 centrum, kde bolo mo\u017en\u00e9 pr\u00eds\u0165, pohovori\u0165 si, stretn\u00fa\u0165 niekoho, da\u0165 si k\u00e1vu. Jaro hovor\u00ed o jednom z nich, volal sa Izis, p\u00e1n ve\u013emi robustn\u00fd a ve\u013emi mil\u00fd, potom to bol Golda, ten b\u00fdval na Kolibe. Niekedy sa u doty\u010dn\u00fdch \u013eud\u00ed stretalo p\u00e1r \u013eud\u00ed, niekedy to bola kv\u00e1zi z\u00e1bava. \u201eNikdy som na takej v\u00e4\u010d\u0161ej p\u00e1rty nebol. Bola to n\u00e1hrada za kaviare\u0148, preto\u017ee v obdob\u00ed socializmu \u00eds\u0165 do kaviarne znamenalo nad\u00e1vky a be\u017en\u00ed \u013eudia zvy\u010dajne nemali extra peniaze na ka\u017edove\u010dern\u00e9 vysed\u00e1vanie pri kofole,\u201c spom\u00edna Jaro. Jaro fungoval v men\u0161\u00edch komunit\u00e1ch. Poznal \u013eud\u00ed,&nbsp; ktor\u00ed pracovali v baroch alebo re\u0161taur\u00e1ci\u00e1ch, a teda mal pr\u00edle\u017eitos\u0165 tam pr\u00eds\u0165 a u\u017e len to sta\u010dilo k tomu, aby tam stretol mu\u017eov s t\u00fdm ist\u00fdm zameran\u00edm.&nbsp;&nbsp;<\/p>\n\n\n\n<p>Aj v tom obdob\u00ed bolo vidie\u0165 dvojice, ktor\u00e9 spolu fungovali. Nebolo to pravidlo, ale v\u00e4\u010d\u0161inou boli utajen\u00e9. Vo verejnom \u017eivote sa o tom nehovorilo, pod\u013ea Jara pre\u017e\u00edvali na princ\u00edpe disentu. \u201eV\u00e4\u010d\u0161inou ak sa homosexualita spomenula, tak v s\u00favislosti s t\u00fdm, \u017ee bol niekde probl\u00e9m alebo krimin\u00e1lna aktivita. Pre komunistov to bol probl\u00e9m \u010d\u00edslo nula, lebo mali tendenciu homosexualitu potl\u00e1\u010da\u0165, ako keby v\u00f4bec neexistovala.\u201c S\u00e1m sk\u00fasenos\u0165 s represiami zo strany \u0161t\u00e1tu nemal. Po\u010dul sprostredkovane, \u017ee tajn\u00e1 slu\u017eba mala zoznam homosexu\u00e1lnych \u013eud\u00ed, ktor\u00fdch malo zmysel sledova\u0165.&nbsp;&nbsp;<\/p>\n\n\n\n<p>A\u017e kr\u00e1tko pred revol\u00faciou sa zop\u00e1rkr\u00e1t objavovali \u010dl\u00e1nky v novin\u00e1ch, ale v\u00e4\u010d\u0161inou len v rovine, \u017ee nie\u010do tak\u00e9 existuje, nie \u017ee treba zmeni\u0165 pr\u00edstup k t\u00fdmto \u013eu\u010fom. Za re\u017eimu bol homosexu\u00e1lny kontakt s osobou mlad\u0161ou ako osemn\u00e1s\u0165 rokov trestn\u00fd, \u010di\u017ee ke\u010f do\u0161lo k sexu s mlad\u0161ou osobou, automaticky nastali opleta\u010dky so z\u00e1konom. Sex pri heterosexu\u00e1lne orientovan\u00fdch \u013eu\u010foch bol pritom povolen\u00fd u\u017e od p\u00e4tn\u00e1stich rokov. Vyrovnalo sa to a\u017e po revol\u00facii v roku 1989. V\u010faka Marianovi Vojtekovi a hnutiu Ganymedes sa podarilo zrovnopr\u00e1vni\u0165 vekov\u00fa hranicu, zd\u00f4raz\u0148uje Jaro.&nbsp;&nbsp;<\/p>\n\n\n\n<p>Tesne pred revol\u00faciou sa Jaro i\u0161iel e\u0161te porozpr\u00e1va\u0165 s lek\u00e1rkou, aby sa uistil v tom, \u010do c\u00edti. Nav\u0161t\u00edvil sexuologick\u00fa ordin\u00e1ciu pani doktorky Castiglione. \u201eNemala dlh\u00fd proces, polo\u017eila mi z\u00e1kladn\u00fa ot\u00e1zku: O \u010dom sn\u00edva\u0161? Tak to je a nau\u010d sa to prija\u0165.\u201c Ke\u010f do\u0161la doba, \u017ee LGBTI \u013eudia mali mo\u017enos\u0165 sa viac slobodne prejavova\u0165, tak mu raz jedn\u00e9ho d\u0148a pri priate\u013eskom rozhovore povedala: \u201eO tomto \u010dase cho\u010f do foyer ROH, tam sa maj\u00fa stretn\u00fa\u0165 \u013eudia, ktor\u00ed chc\u00fa v tejto veci nie\u010do urobi\u0165 pozit\u00edvne pre v\u00e1s, pre seba.\u201c Tak do\u0161iel na miesto, nikoho nepoznal, ale videl mal\u00fa skupinku pri stole. S malou du\u0161i\u010dkou sa prihovoril. Srde\u010dne ho priv\u00edtali, vedeli o \u0148om. Postupne sa stret\u00e1vali a za\u010dali si vytv\u00e1ra\u0165 organiza\u010dn\u00fa \u0161trukt\u00faru aj po\u0161tov\u00fa schr\u00e1nku. \u201eNikto nebol ochotn\u00fd poskytn\u00fa\u0165 svoju po\u0161tov\u00fa adresu, tak sme si zalo\u017eili PO BOX,\u201c vysvet\u013euje Jaro. Pripravili stanovy a poslali \u017eiados\u0165 na registr\u00e1ciu ob\u010dianskeho zdru\u017eenia na ministerstvo vn\u00fatra. Prebehlo to hladko. \u201eZhodou okolnost\u00ed Marian Vojtek mal celkom slu\u0161n\u00e9 kontakty na zahrani\u010dn\u00e9 tepl\u00e9 organiz\u00e1cie&nbsp; a v roku 1990 sme v\u010faka tomu i\u0161li partia na Pride do Berl\u00edna, kde n\u00e1m uk\u00e1zali, ako funguje cel\u00fd Pride, ako \u017eivot a veci, ktor\u00e9 boli pre n\u00e1s \u00fapln\u00e1 nezn\u00e1ma,\u201c opisuje Jaro.&nbsp;<\/p>\n\n\n\n<p>Na za\u010diatku boli \u0161iesti \u013eudia, ktor\u00ed sa podp\u00edsali pod zakladaciu listinu. A\u017e nesk\u00f4r sa Marianovi Vojtekovi podarilo nakontaktova\u0165 zop\u00e1r \u017eien, ke\u010f\u017ee chceli ma\u0165 \u010do naj\u0161ir\u0161\u00ed z\u00e1ber. \u201eBolo nieko\u013eko n\u00e1vrhov, ako sa m\u00e1 na\u0161a organiz\u00e1cia vola\u0165, uzniesli sme sa na tom, \u017ee sa bude vola\u0165 zdru\u017eenie Ganymedes.\u201c V prvej f\u00e1ze v\u00f4bec neuva\u017eovali o&nbsp; man\u017eelstv\u00e1ch alebo o registrovan\u00fdch partnerstv\u00e1ch. Prvorad\u00e9 bolo v\u00f4bec vytvori\u0165 priestor na to, aby \u013eudia s touto orient\u00e1ciou nemali pocit samoty, aby mali pr\u00edle\u017eitos\u0165 sa zozn\u00e1mi\u0165. A\u0161pirovali na linku pomoci, \u010do bolo komplikovan\u00e9, lebo nemali \u017eiadne prostriedky. V\u00e4\u010d\u0161ina vec\u00ed sa diala na kolene. \u201eDom ROH bol obrovsk\u00fd bezbari\u00e9rovo otvoren\u00fd priestor. Bolo obdivuhodn\u00e9, \u017ee sa tam stretali \u013eudia, ktor\u00ed nemali probl\u00e9m s t\u00fdm, \u017ee n\u00e1hodou okoloid\u00faci po\u010duje, ako sa rozpr\u00e1vame o tepl\u00fdch veciach,\u201c obdivne vrav\u00ed Jaro. Najakt\u00edvnej\u0161\u00edm bol Marian Vojtek, ktor\u00fd sa stal predsedom zdru\u017eenia. Nesk\u00f4r sa k n\u00e1m pridal Ivan Po\u017egai. Marian a Ivan tvorili tie\u017e spolu p\u00e1r.&nbsp;&nbsp;<\/p>\n\n\n\n<p>Rie\u0161ili tie\u017e, ktor\u00fdm novin\u00e1m poskytn\u00fa rozhovor. \u201eMarian mal tendenciu sa st\u00e1le na nie\u010do s\u0165a\u017eova\u0165, \u010do bolo opodstatnen\u00e9, ale mne to nepri\u0161lo kon\u0161trukt\u00edvne p\u00edsa\u0165. Chcel som sa zamera\u0165 na pozit\u00edvne veci pre komunitu a rozpr\u00e1va\u0165 sa o tom,\u201c spom\u00edna Jaro. Aj preto za\u010dal chodi\u0165 menej na ich stretnutia, hoci, ako hovor\u00ed, dodnes je v \u00favodzovk\u00e1ch \u010dlenom Ganymedesu. Jaro chcel tie\u017e vytvori\u0165 priestor pre z\u00e1bavu tepl\u00fdch \u013eud\u00ed. T\u00fdm, \u017ee tancoval spolo\u010densk\u00e9 tance, mal k tomu bl\u00edzko. \u201eI\u0161iel som do PKO, zistil som mo\u017enosti, \u010di si ho m\u00f4\u017eem prenaja\u0165 ako s\u00fakromn\u00e1 osoba, \u017ee chcem robi\u0165 ples. Pani, ktor\u00e1 to v PKO vybavovala, s t\u00fdm absol\u00fatne nemala probl\u00e9m, ke\u010f som jej na rovinu povedal, o \u010do ide.\u201c Tak pripravil prv\u00fd reprezenta\u010dn\u00fd gej ples, hoci na tom prerobil. Nesk\u00f4r mal mo\u017enos\u0165 vyu\u017e\u00edva\u0165 Kamel klub, v ktorom sa potom desa\u0165 rokov pravidelne ka\u017ed\u00fd mesiac robili gej p\u00e1rty. \u201eI\u0161lo o to, aby \u013eudia pri\u0161li, zabavili sa a na\u0161li si medzi sebou \u013eud\u00ed, ktor\u00fdm ich sp\u00f4sob z\u00e1bavy a komunik\u00e1cie vyhovuje.\u201c Neboli to prv\u00e9 akcie, Marian Vojtek robil e\u0161te sk\u00f4r z\u00e1bavy v Dome lodn\u00edkov. Napr\u00edklad tam pri\u0161li robi\u0165 z\u00e1bavu Helena&nbsp; R\u016f\u017ei\u010dkov\u00e1 so synom. Postupne sa aspo\u0148 nie\u010do za\u010dalo dia\u0165.&nbsp;<\/p>\n\n\n\n<p>V\u010faka kontaktom na zahrani\u010die sa Marianovi Vojtekovi postupom \u010dasu podarilo zorganizova\u0165 v\u00fdlet do Amsterdamu. Po\u010das t\u00fd\u017ed\u0148a im ukazovali, ako funguje redakcia tepl\u00fdch nov\u00edn, ako funguje v policajnom zbore oddelenie zaoberaj\u00face sa LGBT \u013eu\u010fmi. Z hist\u00f3rie, ako vzniklo, \u017ee v Amsterdame je tepl\u00e1 \u0161tvr\u0165. Stretli sa s policajn\u00fdm prefektom. \u201eBolo to pre n\u00e1s pou\u010dn\u00e9.&nbsp; V tom obdob\u00ed som za\u010dal prv\u00fdkr\u00e1t uva\u017eova\u0165 aj o prevent\u00edvnych aktivit\u00e1ch, lebo bol za\u010diatok 90. rokov. Vtedy e\u0161te neboli lieky na HIV, vyzeral to by\u0165 z\u00e1va\u017en\u00fd probl\u00e9m.\u201c Holandsko Jarovi otvorilo o\u010di, lebo tam bol konfrontovan\u00fd s t\u00fdm, \u017ee to nie je z\u00e1le\u017eitos\u0165 len p\u00e1r \u013eud\u00ed. T\u00fdm, \u017ee bolo Slovensko za \u017eeleznou oponou, malo n\u00edzky v\u00fdskyt HIV pozit\u00edvnych \u013eud\u00ed. Po n\u00e1vrate z Amsterdamu sa rozhodol venova\u0165 viac prevencii. Na z\u00e1bav\u00e1ch rozd\u00e1val let\u00e1ky, inform\u00e1cie, ke\u010f sa mu podarilo zohna\u0165, tak aj prezervat\u00edvy. V obdob\u00ed pred tridsiatimi rokmi nikto netu\u0161il, ako to cel\u00e9 bude, v\u00e4\u010d\u0161ina chalanov mala strach. Pomohli im \u013eudia zo zdravotn\u00edckeho prostredia. Nesk\u00f4r sa z\u00fa\u010dastnil na konferencii v \u010cech\u00e1ch s touto tematikou, kde sa zozn\u00e1mil s \u010cechmi \u017eij\u00facimi vo \u0160vaj\u010diarsku. Ke\u010f videli, \u017ee tieto prevent\u00edvne aktivity robia svojpomocne, pomohli im nap\u00edsa\u0165 projekt, vtedy to nebolo tak\u00e9 zlo\u017eit\u00e9. Nav\u0161t\u00edvili aj Z\u00fcrich, kde videli, ako funguje prevencia drog, z\u00e1chrann\u00e9 stredisko pre drogovo z\u00e1visl\u00fdch, r\u00f4zne organiz\u00e1cie, ktor\u00e9 sa venuj\u00fa tepl\u00e9mu \u017eivotu alebo prevencii HIV. \u201eZ t\u00fdch poznatkov vznikol projekt Jazda proti AIDS a drog\u00e1m. Boli dva ro\u010dn\u00edky. Chodili sme s \u010derven\u00fdm Cadillacom. Slovensk\u00e1 akad\u00e9mia vied n\u00e1m poskytla priestor, aby sme mohli vy\u0161koli\u0165 \u013eud\u00ed, a z\u00e1rove\u0148 sme zbierali dotazn\u00edky, aby si SAV spravila prieskum, ak\u00e9 je povedomie a stav spolo\u010dnosti, \u010do sa t\u00fdka poh\u013eadu a sk\u00fasenost\u00ed s HIV a AIDS,\u201c vymen\u00fava svoje aktivity Jaro.&nbsp;&nbsp;<\/p>\n\n\n\n<p>\u010co sa t\u00fdka partnerstiev, v komunite nec\u00edtil n\u00e1tlak na to, \u017ee toto je to najd\u00f4le\u017eitej\u0161ie, \u010do potrebuje. V tom obdob\u00ed im bohato sta\u010dilo, ke\u010f sa mohli stretn\u00fa\u0165. Napr\u00edklad okrem z\u00e1bavy si vymysleli dezorienta\u010dn\u00e9 preteky. Alebo na Partiz\u00e1nskej l\u00fake h\u00e1dzali kabelkou.&nbsp;<\/p>\n\n\n\n<p>Jaro mal \u0161\u0165astie, \u017ee nemal ve\u013ea negat\u00edvnych sk\u00fasenost\u00ed spojen\u00fdch s orient\u00e1ciou. Spom\u00edna si, ako raz v Carltone pripravovala anglick\u00e1 BBC 4 rozhovor s n\u00edm a Marianom Vojtekom.&nbsp; Carlton bol legendou, stret\u00e1vali sa tam tepl\u00ed \u013eudia, v hale bol obrovsk\u00fd sklenen\u00fd luster. V tom obdob\u00ed u\u017e nefungoval, lebo ho rekon\u0161truovali. Novin\u00e1rka sa rozhodla nat\u00e1\u010da\u0165 tam. \u201eJa som chv\u00ed\u013eu me\u0161kal, chystali to\u010denie, a ke\u010f som tam klopal, otvoril mi str\u00e1\u017enik, ktor\u00fd to komentoval nasledovne: J\u00e1j, \u017ee to tam t\u00ed tepl\u00ed to\u010dia, to treba postrie\u013ea\u0165.\u201c Jaro mu na to: \u201eHovor\u00edm, m\u00f4j zlat\u00fd, ty sa nechaj postrie\u013ea\u0165. Ak niekto pust\u00ed z huby tak\u00fato vec, tak ho treba ignorova\u0165. Na\u010do rie\u0161i\u0165 \u00faplne zbyto\u010dn\u00e9 slov\u00e1,\u201c uzatv\u00e1ra pr\u00edhodu Jaro.&nbsp;<\/p>\n\n\n\n<p>\u010co sa t\u00fdka transrodov\u00fdch \u013eud\u00ed, tak Jaro uv\u00e1dza, \u017ee na ich akcie chodili aj drag queens \u010di transrodov\u00e9 \u017eeny. \u201ePre m\u0148a je to tak\u00e1 vec, \u017ee ich re\u0161pektujem, akceptujem, patr\u00ed to k \u017eivotu, je to s\u00fa\u010das\u0165 farebnej spolo\u010dnosti,\u201c vyjadruje sa Jaro.&nbsp;&nbsp;<\/p>\n\n\n\n<p>Jaro sa nesk\u00f4r ods\u0165ahoval do Anglicka, kde \u017eije doteraz. Pod\u013ea Jara za posledn\u00fdch tridsa\u0165 rokov ve\u013emi ve\u013ea vec\u00ed ovplyvnili technol\u00f3gie. Dne\u0161n\u00e9 mo\u017enosti komunik\u00e1cie v\u00fdrazne ovplyv\u0148uj\u00fa to, ako sa spr\u00e1vame. \u201ePr\u00edde mi to, \u010do sa t\u00fdka vn\u00fatra komunity, trochu chladnej\u0161ie. M\u00e1m pocit, \u017ee sme ako komunita bez t\u00fdch technologick\u00fdch vymo\u017eenost\u00ed dr\u017eali viac pri sebe. C\u00edtil som to stmelenej\u0161ie,\u201c zdie\u013ea pocity Jaro. Z h\u013eadiska zrovnopr\u00e1vnenia si mysl\u00ed, \u017ee verejn\u00e9 povedomie a akcept\u00e1cia s\u00fa ove\u013ea lep\u0161ie, ako b\u00fdvali. Trochu ho prekvapuje cirkev, \u017ee za\u010dala \u201eboj\u201c, lebo ke\u010f si spomenie na za\u010diatky, tak nikto \u017eiadne prek\u00e1\u017eky nerie\u0161il. \u201eV\u00f4bec sme neboli s ni\u010d\u00edm tak\u00fdm konfrontovan\u00ed. Ka\u017ed\u00fd si rie\u0161il svoje. Dnes je v tom brut\u00e1lny gul\u00e1\u0161 a navz\u00e1jom sa tie komunity nap\u00e1daj\u00fa. Nerob\u00ed to dobr\u00fa atmosf\u00e9ru.\u201c&nbsp;<\/p>\n\n\n\n<p>\u010co sa t\u00fdka aktivizmu, z t\u00fdch ind\u00edci\u00ed, ktor\u00e9 m\u00e1 cez internet, je r\u00e1d, \u017ee v\u00f4bec nie\u010do funguje, \u017ee s\u00fa \u013eudia, ktor\u00ed sa zaoberaj\u00fa t\u00fdmito vecami. \u201eP\u00e1\u010di sa mi, \u017ee m\u00e1me divadlo. P\u00e1\u010di sa mi, \u017ee m\u00e1me podnik, z\u00e1bavu, \u017ee m\u00e1me saunu. To, \u017ee s\u00fa to aj komer\u010dn\u00e9 veci, nevad\u00ed, preto\u017ee to vytv\u00e1ra priestor, aby sme sa tam mohli stretn\u00fa\u0165. Lebo nie je ni\u010d d\u00f4le\u017eitej\u0161ie ako ma\u0165 pocit, \u017ee nie som na svete s\u00e1m,\u201c uzatv\u00e1ra svoje rozpr\u00e1vanie Jaro.<\/p>\n\n\n\n<div class=\"wp-block-group\"><div class=\"wp-block-group__inner-container is-layout-flow wp-block-group-is-layout-flow\">\n<p class=\"has-text-align-center has-small-font-size\">Co-funded by the Europe for Citizens Programme of the European Union.<\/p>\n<\/div><\/div>\n\n\n\n<div class=\"wp-block-image\"><figure class=\"aligncenter size-large is-resized\"><img loading=\"lazy\" decoding=\"async\" src=\"https:\/\/duhovyrok.sk\/qys\/wp-content\/uploads\/sites\/2\/2021\/10\/europe-for-citizens-1024x178.png\" alt=\"\" class=\"wp-image-3139\" width=\"256\" height=\"45\" srcset=\"https:\/\/duhovyrok.sk\/qys\/wp-content\/uploads\/sites\/2\/2021\/10\/europe-for-citizens-1024x178.png 1024w, https:\/\/duhovyrok.sk\/qys\/wp-content\/uploads\/sites\/2\/2021\/10\/europe-for-citizens-700x122.png 700w, https:\/\/duhovyrok.sk\/qys\/wp-content\/uploads\/sites\/2\/2021\/10\/europe-for-citizens-1536x267.png 1536w, https:\/\/duhovyrok.sk\/qys\/wp-content\/uploads\/sites\/2\/2021\/10\/europe-for-citizens-2048x356.png 2048w\" sizes=\"auto, (max-width: 256px) 100vw, 256px\" \/><\/figure><\/div>\n","protected":false},"excerpt":{"rendered":"<p>V r\u00e1mci rozhovorov s aktivistami z minul\u00fdch obdob\u00ed sme sa porozpr\u00e1vali s Jarom Gyur\u00edkom, ktor\u00fd p\u00f4sobil v ob\u010dianskom zdru\u017een\u00ed Ganymedes. Pripravil jeden z prv\u00fdch reprezenta\u010dn\u00fdch d\u00fahov\u00fdch plesov. Venoval sa aj aktivit\u00e1m v oblasti prevencie HIV. <\/p>\n","protected":false},"author":2,"featured_media":1925,"comment_status":"closed","ping_status":"open","sticky":false,"template":"","format":"standard","meta":{"footnotes":""},"categories":[2,3,9],"tags":[266,321,104,138,149,185],"class_list":["post-1924","post","type-post","status-publish","format-standard","has-post-thumbnail","hentry","category-comingout","category-partnerstva","category-queer-historia","tag-from-qys","tag-historia-lgbt","tag-loading-love","tag-pribeh","tag-queer-historia","tag-rozhovor"],"_links":{"self":[{"href":"https:\/\/duhovyrok.sk\/qys\/wp-json\/wp\/v2\/posts\/1924","targetHints":{"allow":["GET"]}}],"collection":[{"href":"https:\/\/duhovyrok.sk\/qys\/wp-json\/wp\/v2\/posts"}],"about":[{"href":"https:\/\/duhovyrok.sk\/qys\/wp-json\/wp\/v2\/types\/post"}],"author":[{"embeddable":true,"href":"https:\/\/duhovyrok.sk\/qys\/wp-json\/wp\/v2\/users\/2"}],"replies":[{"embeddable":true,"href":"https:\/\/duhovyrok.sk\/qys\/wp-json\/wp\/v2\/comments?post=1924"}],"version-history":[{"count":3,"href":"https:\/\/duhovyrok.sk\/qys\/wp-json\/wp\/v2\/posts\/1924\/revisions"}],"predecessor-version":[{"id":3159,"href":"https:\/\/duhovyrok.sk\/qys\/wp-json\/wp\/v2\/posts\/1924\/revisions\/3159"}],"wp:featuredmedia":[{"embeddable":true,"href":"https:\/\/duhovyrok.sk\/qys\/wp-json\/wp\/v2\/media\/1925"}],"wp:attachment":[{"href":"https:\/\/duhovyrok.sk\/qys\/wp-json\/wp\/v2\/media?parent=1924"}],"wp:term":[{"taxonomy":"category","embeddable":true,"href":"https:\/\/duhovyrok.sk\/qys\/wp-json\/wp\/v2\/categories?post=1924"},{"taxonomy":"post_tag","embeddable":true,"href":"https:\/\/duhovyrok.sk\/qys\/wp-json\/wp\/v2\/tags?post=1924"}],"curies":[{"name":"wp","href":"https:\/\/api.w.org\/{rel}","templated":true}]}}