{"id":1900,"date":"2018-05-31T09:28:40","date_gmt":"2018-05-31T07:28:40","guid":{"rendered":"https:\/\/qys.sk\/?p=1900"},"modified":"2018-05-31T09:28:40","modified_gmt":"2018-05-31T07:28:40","slug":"futbalom-proti-homofobii-2018","status":"publish","type":"post","link":"https:\/\/duhovyrok.sk\/qys\/futbalom-proti-homofobii-2018\/","title":{"rendered":"Futbalom proti Homof\u00f3bii 2018"},"content":{"rendered":"\n<p>Autor textu: Andrej Kuruc \/ Foto: Ladislava Luk\u00e1\u010dov\u00e1<\/p>\n\n\n\n<blockquote class=\"wp-block-quote is-layout-flow wp-block-quote-is-layout-flow\"><p>Arch\u00edvny text sme prv\u00fd raz publikovali v \u010d\u00edsle Jar 2018<\/p><\/blockquote>\n\n\n\n<p>Futbal v. Homof\u00f3bia (FvH) je medzin\u00e1rodn\u00e1 iniciat\u00edva FARE (www.farenet.org) bojuj\u00faca proti homof\u00f3bii vo futbale, od amat\u00e9rskej a\u017e po profesion\u00e1lny futbal. My\u0161lienkou je je, aby futbal uk\u00e1zal cestu pri odstra\u0148ovan\u00ed diskrimin\u00e1cie a predsudkov aj na z\u00e1klade sexu\u00e1lnej orient\u00e1cie alebo rodovej identity. Tento rok sa konali aj FARE aktivity na Slovensku v r\u00e1mci mesiaca LGBT hist\u00f3rie vo febru\u00e1ri. S jej organiz\u00e1torom a dlhoro\u010dn\u00fdm LGBT aktivistom Richardom Feketem sme sa porozpr\u00e1vali o\u00a0jeho priebehu.<\/p>\n\n\n\n<p><strong>Viem, \u017ee si roky LGBT aktivista, organizoval si prv\u00e9 PRIDE pochody, pre\u010do zrazu futbalov\u00fd turnaj <\/strong><strong>\u2013<\/strong><strong> si aj futbalista?&nbsp;<\/strong><\/p>\n\n\n\n<p>Futbal hr\u00e1m \u00faplne amat\u00e9rsky, ledva beh\u00e1m za loptou. Rad\u0161ej sa na futbal pozer\u00e1m a e\u0161te rad\u0161ej sa kamar\u00e1tim s&nbsp;futbalistami a futbalistkami. Pam\u00e4t\u00e1m si cca 10 rokov star\u00fa v\u00fdborn\u00fa kampa\u0148 QLF s n\u00e1zvom Vykopnime homof\u00f3biu! Dnes je znova a st\u00e1le aktu\u00e1lna. U\u017e roky sa zap\u00e1jam aj do akci\u00ed FARE (Football Against Racism in Europe) a pravidelne sa z\u00fa\u010dast\u0148ujem turnaja Bratislavskej ligy v malom futbale (BLMF) proti rasizmu a intolerancii, ktor\u00fd za\u010dalo organizova\u0165 kedysi o.z. \u013dudia proti rasizmu a teraz ho organizuje o.z. In\u0161tit\u00fat pre medzikult\u00farny dial\u00f3g na jese\u0148 na Mladej garde v Bratislave. Rob\u00edm to z presved\u010denia a pre my\u0161lienku akcie \u2013 sp\u00e1janie sa \u013eud\u00ed bez rozdielu farby pleti, n\u00e1rodnosti, n\u00e1bo\u017eenstva a na z\u00e1klade boja proti rasizmu a intolerancii. Propag\u00e1cia my\u0161lienok tolerancie a mierov\u00e9ho spolu\u017eitia medzi \u013eu\u010fmi naber\u00e1 na d\u00f4le\u017eitosti. Nielen v Eur\u00f3pe z\u00edskavaj\u00fa na popularite zoskupenia hl\u00e1saj\u00face nen\u00e1vis\u0165 na z\u00e1klade predsudkov. Preto je nevyhnutn\u00e9, aby sa konali aj podujatia ako tento turnaj, ktor\u00e9 sp\u00e1jaj\u00fa \u013eud\u00ed prostredn\u00edctvom \u0161portu \u010di kult\u00fary. V\u017edy som chcel postavi\u0165 aj LGBT dru\u017estvo, ale nikdy sa to nepodarilo.&nbsp; Zachytil som tento rok v\u00fdzvu FARE oh\u013eadne<a href=\"http:\/\/farenet.org\/campaigns\/football-v-homophobia-month-action\"> kampane FvH<\/a> \u0161peci\u00e1lne zameranej na podporu LGBT komunity s mo\u017enos\u0165ou zapoji\u0165 sa. Za Slovensko sa toho nikto nechopil, tak som si vymyslel projekt t\u00fd\u017ed\u0148a r\u00f4znych aktiv\u00edt a poslal ho. Vo FARE sa im to zap\u00e1\u010dilo, a tak som sa do toho pustil.<\/p>\n\n\n\n<figure class=\"wp-block-embed-youtube aligncenter wp-block-embed is-type-video is-provider-youtube wp-embed-aspect-16-9 wp-has-aspect-ratio\"><div class=\"wp-block-embed__wrapper\">\n<iframe loading=\"lazy\" title=\"Trailer: FC Roma\" width=\"1778\" height=\"1000\" src=\"https:\/\/www.youtube.com\/embed\/GBBs5dgmxqw?feature=oembed\" frameborder=\"0\" allow=\"accelerometer; autoplay; clipboard-write; encrypted-media; gyroscope; picture-in-picture\" allowfullscreen><\/iframe>\n<\/div><\/figure>\n\n\n\n<p><strong>\u010co v\u0161etko sa uskuto\u010dnilo e\u0161te okrem futbalov\u00e9ho turnaja LGBT organiz\u00e1ci\u00ed a&nbsp;aktivistov a&nbsp;aktivistiek?<\/strong><\/p>\n\n\n\n<p>Mali sme premietanie dokumentu FC ROMA o rasizme vo futbale a diskusiu na t\u00e9mu homof\u00f3bia a rasizmus v \u0161porte. Potom bol samotn\u00fd futbalov\u00fd turnaj LGBT aktivistov a organiz\u00e1ci\u00ed a jednotlivcov, registrovalo sa a pri\u0161lo a\u017e \u0161es\u0165 t\u00edmov a spolu asi 50 \u00fa\u010dastn\u00edkov a \u00fa\u010dastn\u00ed\u010dok. Ver\u00edm, \u017ee nabud\u00face rok sa zapoj\u00ed viac \u013eud\u00ed, u\u017e teraz viem, \u017ee budem potrebova\u0165 viac dobrovo\u013en\u00edkov na technick\u00e9 a organiza\u010dn\u00e9 zabezpe\u010denie. Teraz som to robil s\u00e1m s priate\u013eom, bez ktor\u00e9ho pomoci by som to nezvl\u00e1dol. Pre ne\u0161portovcov sme realizovali workshop s Kundycrew o radik\u00e1lnom vy\u0161\u00edvan\u00ed feministick\u00fdch futbalov\u00fdch sloganov a \u0161\u00e1lov. Turnaj mal svoju futbalov\u00fa p\u00e1rty s vyhl\u00e1sen\u00edm v\u00fdsledkov turnaja a odovzdan\u00edm diplomov a medail\u00ed v\u00ed\u0165azom a v\u00ed\u0165azk\u00e1m. S\u00fa\u010das\u0165ou aktiv\u00edt bola aj diskusia s programov\u00fdm riadite\u013eom Jay Gilliamom z HRC Global NYC o Black History a \u017eivote LGBT \u013eud\u00ed v USA v&nbsp;porovnan\u00ed so Slovenskom.&nbsp;<\/p>\n\n\n\n<p><strong>Chyst\u00e1\u0161 sa zorganizova\u0165 rovnak\u00e9 podujatie aj o rok?<\/strong><\/p>\n\n\n\n<p>Ur\u010dite \u00e1no, chcel by som z toho spravi\u0165 trad\u00edciu a zapoji\u0165 do toho \u010do najviac \u013eud\u00ed. Nie\u010do podobn\u00e9 ako je UCFO, pr\u00edpadne sa s nimi spoji\u0165. My\u0161lienka je rovnak\u00e1 \u2013 odstr\u00e1nenie predsudkov a netolerancie pomocou univerz\u00e1lneho jazyka \u0161portu a priate\u013estva medzi \u013eu\u010fmi. LOVE \u2013 PEACE \u2013 NO WAR.<\/p>\n","protected":false},"excerpt":{"rendered":"<p>Futbal v. Homof\u00f3bia (FvH) je medzin\u00e1rodn\u00e1 iniciat\u00edva FARE (www.farenet.org) bojuj\u00faca proti homof\u00f3bii vo futbale, od amat\u00e9rskej a\u017e po profesion\u00e1lny futbal. <\/p>\n","protected":false},"author":2,"featured_media":1902,"comment_status":"closed","ping_status":"open","sticky":false,"template":"","format":"standard","meta":{"footnotes":""},"categories":[1,13],"tags":[59,148,166],"class_list":["post-1900","post","type-post","status-publish","format-standard","has-post-thumbnail","hentry","category-nezaradene","category-viditelnost","tag-futbalista","tag-queer-futbal","tag-queer-sport"],"_links":{"self":[{"href":"https:\/\/duhovyrok.sk\/qys\/wp-json\/wp\/v2\/posts\/1900","targetHints":{"allow":["GET"]}}],"collection":[{"href":"https:\/\/duhovyrok.sk\/qys\/wp-json\/wp\/v2\/posts"}],"about":[{"href":"https:\/\/duhovyrok.sk\/qys\/wp-json\/wp\/v2\/types\/post"}],"author":[{"embeddable":true,"href":"https:\/\/duhovyrok.sk\/qys\/wp-json\/wp\/v2\/users\/2"}],"replies":[{"embeddable":true,"href":"https:\/\/duhovyrok.sk\/qys\/wp-json\/wp\/v2\/comments?post=1900"}],"version-history":[{"count":0,"href":"https:\/\/duhovyrok.sk\/qys\/wp-json\/wp\/v2\/posts\/1900\/revisions"}],"wp:featuredmedia":[{"embeddable":true,"href":"https:\/\/duhovyrok.sk\/qys\/wp-json\/wp\/v2\/media\/1902"}],"wp:attachment":[{"href":"https:\/\/duhovyrok.sk\/qys\/wp-json\/wp\/v2\/media?parent=1900"}],"wp:term":[{"taxonomy":"category","embeddable":true,"href":"https:\/\/duhovyrok.sk\/qys\/wp-json\/wp\/v2\/categories?post=1900"},{"taxonomy":"post_tag","embeddable":true,"href":"https:\/\/duhovyrok.sk\/qys\/wp-json\/wp\/v2\/tags?post=1900"}],"curies":[{"name":"wp","href":"https:\/\/api.w.org\/{rel}","templated":true}]}}