{"id":1888,"date":"2018-05-31T09:10:03","date_gmt":"2018-05-31T07:10:03","guid":{"rendered":"https:\/\/qys.sk\/?p=1888"},"modified":"2021-03-18T09:21:32","modified_gmt":"2021-03-18T08:21:32","slug":"vyzva-od-teplarne-budte-divni","status":"publish","type":"post","link":"https:\/\/duhovyrok.sk\/qys\/vyzva-od-teplarne-budte-divni\/","title":{"rendered":"V\u00fdzva od Tepl\u00e1rne: Bu\u010fte divn\u00ed!"},"content":{"rendered":"\n<p>Autor textu: Marek Majzon \/ Foto: Robert Pakan<\/p>\n\n\n\n<blockquote class=\"wp-block-quote is-layout-flow wp-block-quote-is-layout-flow\"><p>Arch\u00edvny text bol prv\u00fd raz publikovan\u00fd v \u010d\u00edsle Jar 2018<\/p><\/blockquote>\n\n\n\n<p><em>Vitajte vo svete, kde m\u00f4\u017eete by\u0165 ak\u00fdko\u013evek chcete. D\u00f4le\u017eit\u00e9 je pohodlne sa usadi\u0165 a nebra\u0165 sa v\u00e1\u017ene. Na Z\u00e1mockej pod hradom na v\u00e1s ka\u017ed\u00fd mesiac netrpezlivo \u010dakaj\u00fa t\u00ed, \u010do v\u00e1s zabavia, a\u017e budete plaka\u0165. Len smelo vst\u00fapte do Tep La Ren Cabaretu!<\/em><\/p>\n\n\n\n<p>Ak&nbsp;sa u\u017e nejak\u00fd ten piatok pohybujete v bratislavskej LGBTI komunite, rozhodne pozn\u00e1te Tepl\u00e1re\u0148 Caf\u00e9. \u00datuln\u00e9 priestory kaviarne v centre mesta poskytuj\u00fa pr\u00edjemn\u00fa atmosf\u00e9ru a ne\u017en\u00e9 pohladenie ka\u017edej teplej du\u0161e. Person\u00e1l je ochotn\u00fd nielen vybavi\u0165 objedn\u00e1vku n\u00e1v\u0161tevn\u00edka, ale s rados\u0165ou si vypo\u010duje ak\u00fako\u013evek boliestku z ka\u017edodenn\u00e9ho \u017eivota \u010di osl\u00e1vi i ten najmen\u0161\u00ed \u00faspech. Jej majite\u013e Roman Samotn\u00fd to m\u00e1 jednoducho dobre premyslen\u00e9.&nbsp;<\/p>\n\n\n\n<p>Raz do mesiaca, v\u00e4\u010d\u0161inou druh\u00fa stredu, sa v\u0161ak notoricky zn\u00e1my priestor v\u00fdrazne zmen\u00ed. K baru pribudne p\u00f3dium a predn\u00e9 stoly sa premie\u0148aj\u00fa na h\u013eadisko pripom\u00ednaj\u00face&nbsp;starovek\u00e9 divadl\u00e1. V tejto novodobej antike sa zrodila modern\u00e1 exhib\u00edcia, ak\u00e1 v Bratislave zatia\u013e nemala obdoby. Za v\u0161etko m\u00f4\u017ee n\u00e1hoda.<\/p>\n\n\n\n<p>Roman, resp. Roma\u0148a, ako matku v\u0161etk\u00fdch aktivistov naz\u00fdvame, si dala v novembri spont\u00e1nny v\u00fdlet do Bruselu. Kamar\u00e1t, ktor\u00e9ho i\u0161iel nav\u0161t\u00edvi\u0165, vzal rolu sprievodcu zodpovedne a predstavil mu tamoj\u0161ie queer kabarety. \u201eBola to ve\u013emi divok\u00e1 a autentick\u00e1 energia, ve\u013emi kontaktn\u00e9 vyst\u00fapenia. Hne\u010f mi i\u0161iel v hlave pl\u00e1n, \u017ee nie\u010do podobn\u00e9 by som spravil u seba v bare. S kamo\u0161mi sme v Tepl\u00e1re\u0148 Caf\u00e9 neust\u00e1le vym\u00fd\u0161\u013eali hl\u00faposti, ja\u0161ili sa, tak mi napadlo, \u017ee mo\u017eno by to zaujalo aj publikum,&#8220; spom\u00edna.<\/p>\n\n\n\n<p>A zaujalo. \u201ePrv\u00fd kabaret bol \u00faplne turbo. Ja som zostal \u00faplne zasko\u010den\u00fd, t\u00e1 sp\u00e4tn\u00e1 v\u00e4zba bola brut\u00e1lna, bolo to ve\u013emi \u017eiv\u00e9 a interakt\u00edvne, divo\u010dina. Bol som za to ve\u013emi v\u010fa\u010dn\u00fd,&#8220; te\u0161il sa Roman, ktor\u00fd v \u010dase rozhovoru organizoval u\u017e \u0161iestu ed\u00edciu kabaretu. Akosi sa za ten \u010das ust\u00e1lila pestr\u00e1 kombin\u00e1cia vtipn\u00fdch, ale aj pikantn\u00fdch \u010d\u00edsel. Najz\u00e1bavnej\u0161\u00ed ve\u010der v mesiaci sa kon\u00e1 pod taktovkou spev\u00e1kov, hudobn\u00edkov, tane\u010dn\u00edkov a tane\u010dn\u00ed\u010dok, ale aj spisovate\u013eov a humoristov.\u00a0<\/p>\n\n\n\n<figure class=\"wp-block-image size-large\"><img decoding=\"async\" src=\"https:\/\/qys.sk\/wp-content\/uploads\/2020\/12\/fotografia-2-\u010dl\u00e1nok-13-1024x768.jpg\" alt=\"\" class=\"wp-image-1890\" \/><figcaption>Foto: Robert Pakan<\/figcaption><\/figure>\n\n\n\n<p>Jeden by povedal, \u017ee to\u013eko umeleck\u00e9ho \u201emateri\u00e1lu&#8220; da\u0165 dokopy mus\u00ed by\u0165 fu\u0161ka, no zjavne nie pre Romana. \u201eM\u00e1m okolo seba ve\u013ea \u013eud\u00ed od umenia, performerov, tane\u010dn\u00edkov, divadeln\u00edkov, tak\u017ee to \u0161lo vcelku hladko,&#8220; vysvetlil. O nie\u010do \u0165a\u017e\u0161ia bola v\u00fdzva, pred ktor\u00fa sa postavil z vlastnej iniciat\u00edvy: \u201eChcel som aj \u013eud\u00ed, ktor\u00ed nevystupuj\u00fa profesion\u00e1lne, aby to bolo viac punk. T\u00fdch som musel presvied\u010da\u0165, mali obavy \u00eds\u0165 pred publikum, ale nakoniec zistili, ak\u00fd je to siln\u00fd z\u00e1\u017eitok, a tak m\u00e1m na kabarete aj ve\u013ea amat\u00e9rov. Vlastne je ich v\u00e4\u010d\u0161ina.&#8220;<\/p>\n\n\n\n<p>Pr\u00e1ve z\u00e1ujem neumeleckej obce je to, \u010do d\u00e1va kabaretu Tep La Ren Cabaret in\u00fa dimenziu. Paradoxom je priama \u00famera \u2013 \u010d\u00edm viac \u013eud\u00ed pr\u00edde do skromn\u00fdch priestorov Tepl\u00e1re\u0148 Caf\u00e9, t\u00fdm viac ich chce vystupova\u0165. Zv\u00e4\u010d\u0161uje sa line-up, publikum aj atmosf\u00e9ra. Kam to v\u0161ak chce v\u0161etko Roman zmesti\u0165? \u201eUr\u010dite chcem necha\u0165 kabaret v Tepl\u00e1re\u0148 Caf\u00e9, aby to bolo ve\u013emi kontaktn\u00e9. Pr\u00e1ve v malom priestore vznikne intimita, \u013eudia sa na seba tla\u010dia a vtedy je viac interakci\u00ed. Div\u00e1ci s\u00fa fyzicky bl\u00edzko aj pri \u00fa\u010dinkuj\u00facich, \u010do tie\u017e umocn\u00ed atmosf\u00e9ru. Niekedy treba o\u017eelie\u0165 komfort, preto\u017ee sila z\u00e1\u017eitku je d\u00f4le\u017eitej\u0161ia. Autor \u010dl\u00e1nku je tie\u017e jedn\u00fdm z \u00fa\u010dinkuj\u00facich a skuto\u010dne mo\u017eno len potvrdi\u0165, \u017ee div\u00e1cka l\u00e1ska je ove\u013ea bli\u017e\u0161ie v tesnej\u0161\u00edch priestoroch.<\/p>\n\n\n\n<p>Ak sa sp\u00fdtate Romana, \u010di vid\u00ed v projekte bud\u00facnos\u0165, je fascinuj\u00face vidie\u0165 odhodlanie, vytrvalos\u0165 a optimizmus. N\u00e1stoj\u00ed na pilieroch kabaretu, ktor\u00fdmi s\u00fa podivnos\u0165, preh\u00e1\u0148anie, sloboda a \u201epunk&#8220;. &#8222;Jedn\u00fdm z d\u00f4vodov, pre\u010do rob\u00edm kabaret, je vyzdvihn\u00fa\u0165 divnos\u0165 a pestros\u0165. Na Slovensku mi st\u00e1le akosi ch\u00fdba viac pr\u00fadov, ktor\u00e9 by boli queer, punk, \u00falet. V\u0161etko je tu tak akosi prvopl\u00e1novo napekno. Mojou amb\u00edciou je, aby kabaret bol prehliadkou prapodivnost\u00ed, aby sa \u013eudia nad\u00fdchli slobody, aby mohli oceni\u0165 r\u00f4zne aspekty reality, \u013eudskosti, tela. Predstavujem si, \u017ee na kabarete sk\u00fasime e\u0161te viac uvo\u013eni\u0165 hranice, budeme viac experimentova\u0165 aj form\u00e1lne a tie\u017e \u017ee viac prepoj\u00edme z\u00e1bavu s d\u00f4le\u017eit\u00fdmi spolo\u010densk\u00fdmi a osobn\u00fdmi t\u00e9mami,&#8220; pris\u013e\u00fabil organiz\u00e1tor.&nbsp;&nbsp;<\/p>\n","protected":false},"excerpt":{"rendered":"<p>Autor textu: Marek Majzon \/ Foto: Robert Pakan Arch\u00edvny text bol prv\u00fd raz publikovan\u00fd v \u010d\u00edsle Jar 2018 Vitajte vo svete, kde m\u00f4\u017eete by\u0165 ak\u00fdko\u013evek chcete. D\u00f4le\u017eit\u00e9 je pohodlne sa usadi\u0165 a nebra\u0165 sa v\u00e1\u017ene. Na Z\u00e1mockej pod hradom na v\u00e1s ka\u017ed\u00fd mesiac netrpezlivo \u010dakaj\u00fa t\u00ed, \u010do v\u00e1s zabavia, a\u017e budete plaka\u0165. Len smelo vst\u00fapte <a href=\"https:\/\/duhovyrok.sk\/qys\/vyzva-od-teplarne-budte-divni\/\" class=\"more-link\">&#8230;<\/a><\/p>\n","protected":false},"author":2,"featured_media":1889,"comment_status":"closed","ping_status":"open","sticky":false,"template":"","format":"standard","meta":{"footnotes":""},"categories":[10,259],"tags":[152,159,205],"class_list":["post-1888","post","type-post","status-publish","format-standard","has-post-thumbnail","hentry","category-kultura","category-rozhovory","tag-queer-kabaret","tag-queer-kultura","tag-teplaren"],"_links":{"self":[{"href":"https:\/\/duhovyrok.sk\/qys\/wp-json\/wp\/v2\/posts\/1888","targetHints":{"allow":["GET"]}}],"collection":[{"href":"https:\/\/duhovyrok.sk\/qys\/wp-json\/wp\/v2\/posts"}],"about":[{"href":"https:\/\/duhovyrok.sk\/qys\/wp-json\/wp\/v2\/types\/post"}],"author":[{"embeddable":true,"href":"https:\/\/duhovyrok.sk\/qys\/wp-json\/wp\/v2\/users\/2"}],"replies":[{"embeddable":true,"href":"https:\/\/duhovyrok.sk\/qys\/wp-json\/wp\/v2\/comments?post=1888"}],"version-history":[{"count":1,"href":"https:\/\/duhovyrok.sk\/qys\/wp-json\/wp\/v2\/posts\/1888\/revisions"}],"predecessor-version":[{"id":2631,"href":"https:\/\/duhovyrok.sk\/qys\/wp-json\/wp\/v2\/posts\/1888\/revisions\/2631"}],"wp:featuredmedia":[{"embeddable":true,"href":"https:\/\/duhovyrok.sk\/qys\/wp-json\/wp\/v2\/media\/1889"}],"wp:attachment":[{"href":"https:\/\/duhovyrok.sk\/qys\/wp-json\/wp\/v2\/media?parent=1888"}],"wp:term":[{"taxonomy":"category","embeddable":true,"href":"https:\/\/duhovyrok.sk\/qys\/wp-json\/wp\/v2\/categories?post=1888"},{"taxonomy":"post_tag","embeddable":true,"href":"https:\/\/duhovyrok.sk\/qys\/wp-json\/wp\/v2\/tags?post=1888"}],"curies":[{"name":"wp","href":"https:\/\/api.w.org\/{rel}","templated":true}]}}