{"id":1864,"date":"2018-05-31T08:28:54","date_gmt":"2018-05-31T06:28:54","guid":{"rendered":"https:\/\/qys.sk\/?p=1864"},"modified":"2021-03-18T09:22:18","modified_gmt":"2021-03-18T08:22:18","slug":"erik-zigmund-hudobnik-vsetci-mi-zacali-tlieskat","status":"publish","type":"post","link":"https:\/\/duhovyrok.sk\/qys\/erik-zigmund-hudobnik-vsetci-mi-zacali-tlieskat\/","title":{"rendered":"Erik \u017digmund, hudobn\u00edk: V\u0161etci mi za\u010dali tlieska\u0165"},"content":{"rendered":"\n<p><em>Autor textu: Richard Fekete \/ Foto: S\u00fakromn\u00fd arch\u00edv Erika \u017digmunda<\/em><\/p>\n\n\n\n<p><em>Erik \u017digmund m\u00e1 21 rokov, je z Tren\u010d\u00edna, \u0161tudoval konzervat\u00f3rium v \u017diline a \u017eije, pracuje a \u0161tuduje teraz v Bratislave na V\u0160MU, odbor gitara. Ned\u00e1vno ho bolo mo\u017en\u00e9 za\u017ei\u0165 aj na koncerte v Caf\u00e9 Tepl\u00e1re\u0148.&nbsp;<\/em><\/p>\n\n\n\n<p><strong>Povedz n\u00e1m pre\u010do pr\u00e1ve koncert v&nbsp;Tepl\u00e1re\u0148 Caf\u00e9 a ak\u00fd m\u00e1\u0161 vz\u0165ah k p\u00edsmenk\u00e1m LGBTQI+?<\/strong><\/p>\n\n\n\n<p>Predned\u00e1vnom som sa rozhodol, \u017ee sa budem sna\u017ei\u0165 prezentova\u0165 a robi\u0165 koncerty, kde sa len bude da\u0165. Preto som kontaktoval Romana Samotn\u00e9ho s ot\u00e1zkou na koncert v Caf\u00e9 Tepl\u00e1re\u0148. Okrem spom\u00ednanej kaviarne som koncertoval aj v \u010fal\u0161\u00edch priestoroch, napr\u00edklad v Kafe Scherz alebo v divadle Ticho a&nbsp;spol., kde som hral aj na klav\u00edri. M\u00f4j vz\u0165ah k LGBTQI+ skupine je ve\u013emi kladn\u00fd, preto\u017ee s\u00e1m do nej patr\u00edm.<\/p>\n\n\n\n<p><strong>Vrav\u00ed\u0161, \u017ee in\u0161pir\u00e1ciou ti je Amy Winehouse a \u010fal\u0161\u00ed jazzov\u00ed alebo RNB interpreti. Ktor\u00ed to s\u00fa?<\/strong><\/p>\n\n\n\n<p>Amy bola mojou ve\u013ekou podporou a in\u0161pir\u00e1ciou u\u017e odmali\u010dka. M\u00e1m pocit, ako keby jej texty boli p\u00edsan\u00e9 mnou. Ve\u013emi sa s \u0148ou a jej hudbou stoto\u017e\u0148ujem. Moja star\u0161ia sestra fi\u010dala na popov\u00fdch interpretoch, \u010di\u017ee v mojej hudbe je c\u00edti\u0165 ve\u013ek\u00fd vplyv aj in\u00fdch \u017e\u00e1nrov, nielen jazzu alebo RNB. Taktie\u017e aj vplyv klasickej hudby, ke\u010f\u017ee ju \u0161tudujem u\u017e 13 rokov. K moj\u00edm ob\u013e\u00fabencom patr\u00ed napr\u00edklad Lady Gaga, Jorja Smith, Stewie Wonder, Zaz a ve\u013ea in\u00fdch.<\/p>\n\n\n\n<p><strong>Tvoj koncert mal skoro hodinu, preva\u017ene si hral vlastn\u00e9 skladby&nbsp; a zop\u00e1r cover verzi\u00ed zn\u00e1mych queer pesni\u010diek. Povedz na\u0161im \u010ditate\u013eom a \u010ditate\u013ek\u00e1m, kde h\u013ead\u00e1\u0161 in\u0161pir\u00e1cie a nako\u013eko osobn\u00e9 s\u00fa tvoje v\u00fdpovede. \u010co vlastne pre teba tvoje pesni\u010dky znamenaj\u00fa?<\/strong><\/p>\n\n\n\n<p>Tvorba mojich skladieb je ve\u013emi individu\u00e1lna. Niekedy mi napadne mel\u00f3dia alebo harm\u00f3nia, ku ktorej zlo\u017e\u00edm text alebo zase naopak. Moje texty s\u00fa takou v\u00fdpove\u010fou mojej du\u0161e a pova\u017eujem ich za svoj denn\u00edk, tak\u017ee s\u00fa maxim\u00e1lne osobn\u00e9. In\u0161pir\u00e1ciu h\u013ead\u00e1m teda v samom sebe, v udalostiach, ktor\u00e9 sa stali, v pocitoch, ktor\u00e9 pr\u00e1ve pre\u017e\u00edvam. Sklaba Everytime je mojou prvou a najob\u013e\u00fabenej\u0161ou, preto\u017ee si mysl\u00edm, \u017ee vie najlep\u0161ie vyjadri\u0165 em\u00f3ciu, ktor\u00fa som pri tvorbe v&nbsp;sebe mal.&nbsp;&nbsp;<\/p>\n\n\n\n<p>\u00a0<\/p>\n\n\n\n<figure class=\"wp-block-embed-youtube aligncenter wp-block-embed is-type-video is-provider-youtube wp-embed-aspect-16-9 wp-has-aspect-ratio\"><div class=\"wp-block-embed__wrapper\">\n<iframe loading=\"lazy\" title=\"Erik \u017digmund - Everytime (demo)\" width=\"1778\" height=\"1000\" src=\"https:\/\/www.youtube.com\/embed\/8G8XyLTawtc?feature=oembed\" frameborder=\"0\" allow=\"accelerometer; autoplay; clipboard-write; encrypted-media; gyroscope; picture-in-picture\" allowfullscreen><\/iframe>\n<\/div><\/figure>\n\n\n\n<p><strong>V\u0161etky pesni\u010dky si spieval v angli\u010dtine, m\u00e1\u0161 aj nejak\u00e9 v sloven\u010dine?<\/strong><\/p>\n\n\n\n<p>Ner\u00e1d sklad\u00e1m piesne v sloven\u010dine, preto\u017ee angli\u010dtina je spevnej\u0161\u00ed jazyk. Zlo\u017ei\u0165 text po slovensky mi pripad\u00e1 n\u00e1ro\u010dnej\u0161ie ako v angli\u010dtine a znie mi jednoducho v\u00e1bivej\u0161ie. Aj napriek tomu som zlo\u017eil skladbu Zab\u00fada\u0161, ktor\u00e1 vznikla ako tak\u00fd pokus po slovensky. Vyjadruje pocit, ke\u010f silou-mocou chcete zabudn\u00fa\u0165 na \u010dloveka, s ktor\u00fdm ste str\u00e1vili dlh\u0161\u00ed \u010das, a ke\u010f u\u017e pomaly zab\u00fadate, tak si uvedom\u00edte, \u017ee ho zo svojho srdca nechcete nikdy vymaza\u0165.&nbsp;<\/p>\n\n\n\n<p><strong>Vr\u00e1tim sa e\u0161te k tvojmu recit\u00e1lu, spieval si aj piese\u0148 HOME, \u010do pre teba znamen\u00e1 domov?<\/strong><\/p>\n\n\n\n<p>Skladba Home vznikla, ke\u010f som si uvedomil, \u017ee m\u00e1m okolo seba \u013eud\u00ed, ktor\u00ed ma v\u017edy vedeli podpori\u0165 alebo mi uk\u00e1za\u0165 cestu, ke\u010f sa vyskytol nejak\u00fd probl\u00e9m. T\u00fdm, \u017ee som b\u00fdval u\u017e po\u010das \u0161t\u00fadia na konzervat\u00f3riu na intern\u00e1te, doma som \u010dasto nebol. Vytvorili sme si tam \u00fa\u017easn\u00fa partiu \u013eud\u00ed, s ktor\u00fdmi sme doteraz spolu. T\u00edto \u013eudia mi nahradili \u201edomov\u201d a v\u017edy, ke\u010f sme spolu, tak m\u00e1m pocit, \u017ee mi ni\u010d nech\u00fdba. Preto si ich ve\u013emi cen\u00edm ako aj svojich rodi\u010dov, ktor\u00ed ma odmali\u010dka podporovali v tom, \u010do som potreboval. Aj m\u00f4j coming out zvl\u00e1dli ve\u013emi stato\u010dne.&nbsp;<\/p>\n\n\n\n<figure class=\"wp-block-embed-youtube aligncenter wp-block-embed is-type-video is-provider-youtube wp-embed-aspect-16-9 wp-has-aspect-ratio\"><div class=\"wp-block-embed__wrapper\">\n<iframe loading=\"lazy\" title=\"Erik \u017digmund - Home\" width=\"1778\" height=\"1000\" src=\"https:\/\/www.youtube.com\/embed\/swE_tUklPac?feature=oembed\" frameborder=\"0\" allow=\"accelerometer; autoplay; clipboard-write; encrypted-media; gyroscope; picture-in-picture\" allowfullscreen><\/iframe>\n<\/div><\/figure>\n\n\n\n<p><strong>Povie\u0161 nie\u010do viac o tvojom coming oute? Mnoh\u00ed na\u0161i mlad\u00ed \u010ditatelia a \u010ditate\u013eky e\u0161te stoja pred touto \u0165a\u017ekou \u00falohou. \u010co by si im poradil?&nbsp;<\/strong><\/p>\n\n\n\n<p>M\u00f4j coming out prebiehal ve\u013emi nezvy\u010dajne a dramaticky. Bol som \u0161tvrt\u00e1k na strednej a v\u0161etko bolo \u00faplne \u00fa\u017easn\u00e9. U\u017e\u00edval som si \u0161tudentsk\u00fd \u017eivot, mal som po maturite a nemal som \u017eiadne probl\u00e9my. V tom mi zrazu zomrela kamar\u00e1tka a vtedy to i\u0161lo v\u0161etko dole vodou. \u010ealej som bol ne\u0161\u0165astne za\u013e\u00faben\u00fd do niekoho, komu to bolo \u00faplne jedno, a ve\u013emi som sa pre to tr\u00e1pil. Rozm\u00fd\u0161\u013eal som u\u017e nad v\u0161eli\u010d\u00edm. Po maturite sme boli na chate s kamar\u00e1tmi a ja som po tomto v\u0161etkom nemal n\u00e1ladu na ni\u010d. Ke\u010f som sa vr\u00e1til z chaty, rodi\u010dia organizovali rodinn\u00fa oslavu, na ktor\u00fa som musel pr\u00eds\u0165, preto\u017ee som tam mal spieva\u0165 a ve\u013ea \u010dlenov rodiny ma dlho nevidelo. To bol ten de\u0148, kedy to pri\u0161lo. Sedel som tam za stolom a v\u0161etci okolo tancovali a bavili sa. Povedal som si, \u017ee sa mus\u00edm nejak postavi\u0165 na nohy a urobi\u0165 nie\u010do tak\u00e9 prelomov\u00e9, \u010do ma posunie. Mal som u\u017e \u00eds\u0165 spieva\u0165, ale nevy\u0161iel by zo m\u0148a ani t\u00f3n. Zobral som si mikrof\u00f3n a otcovi som povedal, nech e\u0161te nep\u00fa\u0161\u0165a podklad, lebo chcem nie\u010do v\u0161etk\u00fdm poveda\u0165. Nemal som v\u00f4bec \u017eiadnu tr\u00e9mu. Jednoducho to i\u0161lo zo m\u0148a samo. Pred celou rodinou som povedal, \u017ee som \u201etepl\u00fd\u201d. Hne\u010f ako som dohovoril, v\u0161etci mi za\u010dali tlieska\u0165 a ja som sa rozplakal. Niektor\u00ed mi e\u0161te pri\u0161li zagratulova\u0165, ako keby som mal narodeniny. Vtedy zo m\u0148a spadol neskuto\u010dne ve\u013ek\u00fd kame\u0148 a uvedomil som si, ak\u00fa m\u00e1m \u00fa\u017easn\u00fa rodinu.<\/p>\n\n\n\n<p><strong>Klob\u00fak dole pred takou odvahou a obdiv tvojej rodine, \u017ee to tak super zobrali a podporili a si teraz \u0161\u0165astn\u00fd. P\u00e1\u010dila sa mi aj tvoja pesni\u010dka Happy. Mysl\u00edm si, \u017ee by sme (LGBT) mali by\u0165 \u0161\u0165astn\u00ed v\u0161etci. M\u00e1me na to pr\u00e1vo a t\u00fa\u017eime po tom v\u0161etci. \u010co rob\u00ed \u0161\u0165astn\u00e9ho teba, \u010do rob\u00ed\u0161 pre to, aby si bol \u0161\u0165astn\u00fd?<\/strong><\/p>\n\n\n\n<p>Nau\u010dil som sa te\u0161i\u0165 z mali\u010dkost\u00ed. V \u010dase strednej \u0161koly som mal st\u00e1le pocit, \u017ee mi nie\u010do ch\u00fdba, ale potom som si uvedomil, \u017ee m\u00e1m \u00faplne v\u0161etko, \u010do potrebujem. Rodinu, kamar\u00e1tov, strechu nad hlavou, jedlo a vodu. To je v\u0161etko, \u010do potrebujem k \u0161\u0165astiu. Ned\u00e1vno som pre\u0161iel na veg\u00e1nstvo a za\u010dal som myslie\u0165 viac pozit\u00edvne, \u010do sa odr\u00e1\u017ea aj v mojej tvorbe. Mysl\u00edm si, \u017ee \u013eudia, ktor\u00ed maj\u00fa nejak\u00e9 depresie, by mali zmeni\u0165 svoj \u017eivotn\u00fd \u0161t\u00fdl, a t\u00fdm by si vy\u010distili nielen telo, ale aj myse\u013e.&nbsp;<\/p>\n\n\n\n<figure class=\"wp-block-embed-youtube aligncenter wp-block-embed is-type-video is-provider-youtube wp-embed-aspect-16-9 wp-has-aspect-ratio\"><div class=\"wp-block-embed__wrapper\">\n<iframe loading=\"lazy\" title=\"Erik \u017digmund - HAPPY (demo)\" width=\"1778\" height=\"1000\" src=\"https:\/\/www.youtube.com\/embed\/_f1vxl-vueM?feature=oembed\" frameborder=\"0\" allow=\"accelerometer; autoplay; clipboard-write; encrypted-media; gyroscope; picture-in-picture\" allowfullscreen><\/iframe>\n<\/div><\/figure>\n\n\n\n<p><strong>Na z\u00e1ver rozhovoru n\u00e1m e\u0161te povedz, \u010do chce\u0161 dosiahnu\u0165 v \u017eivote? Kde sa vid\u00ed\u0161 na hudobnej sc\u00e9ne?&nbsp;<\/strong><\/p>\n\n\n\n<p>Moje moment\u00e1lne p\u00f4sobenie vn\u00edmam ako len za\u010diatky nie\u010doho. V publiku sed\u00ed p\u00e1r \u013eud\u00ed, ktor\u00fdch v\u00e4\u010d\u0161inou v\u0161etk\u00fdch pozn\u00e1m. Svoju tvorbu a zvuk chcem \u010falej rozv\u00edja\u0165. Zatia\u013e sa sprev\u00e1dzam s\u00e1m na gitare alebo klav\u00edri, ale \u010doskoro chcem zalo\u017ei\u0165 kapelu, \u010d\u00edm dosiahnem v\u00e4\u010d\u0161\u00ed a v\u00fdraznej\u0161\u00ed zvuk. Neviem presne, \u010do bude o p\u00e1r rokov, ale ur\u010dite chcem \u00eds\u0165 st\u00e1le \u010falej. Chcel by som ur\u010dite nahra\u0165 album a nato\u010di\u0165 p\u00e1r klipov, \u010do u\u017e tie\u017e chyst\u00e1m v bl\u00edzkej dobe. Mysl\u00edm, \u017ee sa m\u00e1te sa na \u010do te\u0161i\u0165.<\/p>\n\n\n\n<blockquote class=\"wp-block-quote is-layout-flow wp-block-quote-is-layout-flow\"><p><strong>Erik \u017digmund<\/strong><\/p><p><strong>HAPPY<\/strong><\/p><p>i don\u2019t understand why i was so blue<br>damn it everybody saw me like a fool<br>deep down fully closed in my mind<br><br>wearing black clothes and elegant shoes<br>i didn\u2019t have any muse<br>but i can say that this is finally me<br><br>walking like a star<br>the song in my mind<br>i feel it i feel it<br>smoking a cigar<br>playing my guitar<br>i feel it i feel it<br><br>happy<br>now i\u2019m trully saying that i\u2019m<br>happy<br>i don\u2019t care what\u2019s coming but i\u2019m<br>happy<br>i have all i want so i\u2019m<br>happy<br><br>one good friend told me &#8211; be yourself<br>but i didn\u2019t even know who the fuck i am<br>i should probably ask my dad Roman<br><br>walking like a star<br>the song in my mind<br>i feel it i feel it<br>smoking a cigar<br>playing my guitar<br>i feel it i feel it<br><br>happy<br>now i\u2019m trully saying that i\u2019m<br>happy<br>i don\u2019t care what\u2019s coming but i\u2019m<br>happy<br>i have all i want so i\u2019m<br>happy<br><br>B: i\u2019m curious how long it will take<br>sometimes it\u2019s not easy to make a good decision<br>i\u2019m curious if people in my age<br>are thinking about the same<br>if they are happy i as i am<br><br>happy<br>now i\u2019m trully saying that i\u2019m<br>happy<br>i don\u2019t care what\u2019s coming but i\u2019m<br>happy<br>i have all i want so i\u2019m<br>happy<br><br>happy<br>now i\u2019m trully saying that i\u2019m<br>happy<br>i don\u2019t care what\u2019s coming but i\u2019m<br>happy<br>i have all i want so i\u2019m<br>happy<\/p><\/blockquote>\n","protected":false},"excerpt":{"rendered":"<p>Autor textu: Richard Fekete \/ Foto: S\u00fakromn\u00fd arch\u00edv Erika \u017digmunda Erik \u017digmund m\u00e1 21 rokov, je z Tren\u010d\u00edna, \u0161tudoval konzervat\u00f3rium v \u017diline a \u017eije, pracuje a \u0161tuduje teraz v Bratislave na V\u0160MU, odbor gitara. Ned\u00e1vno ho bolo mo\u017en\u00e9 za\u017ei\u0165 aj na koncerte v Caf\u00e9 Tepl\u00e1re\u0148.&nbsp; Povedz n\u00e1m pre\u010do pr\u00e1ve koncert v&nbsp;Tepl\u00e1re\u0148 Caf\u00e9 a ak\u00fd m\u00e1\u0161 <a href=\"https:\/\/duhovyrok.sk\/qys\/erik-zigmund-hudobnik-vsetci-mi-zacali-tlieskat\/\" class=\"more-link\">&#8230;<\/a><\/p>\n","protected":false},"author":2,"featured_media":1867,"comment_status":"closed","ping_status":"open","sticky":false,"template":"","format":"standard","meta":{"footnotes":""},"categories":[2,255,6,10,259,13],"tags":[142,159],"class_list":["post-1864","post","type-post","status-publish","format-standard","has-post-thumbnail","hentry","category-comingout","category-hudba","category-pribehy-lgbti-ludi","category-kultura","category-rozhovory","category-viditelnost","tag-queer","tag-queer-kultura"],"_links":{"self":[{"href":"https:\/\/duhovyrok.sk\/qys\/wp-json\/wp\/v2\/posts\/1864","targetHints":{"allow":["GET"]}}],"collection":[{"href":"https:\/\/duhovyrok.sk\/qys\/wp-json\/wp\/v2\/posts"}],"about":[{"href":"https:\/\/duhovyrok.sk\/qys\/wp-json\/wp\/v2\/types\/post"}],"author":[{"embeddable":true,"href":"https:\/\/duhovyrok.sk\/qys\/wp-json\/wp\/v2\/users\/2"}],"replies":[{"embeddable":true,"href":"https:\/\/duhovyrok.sk\/qys\/wp-json\/wp\/v2\/comments?post=1864"}],"version-history":[{"count":1,"href":"https:\/\/duhovyrok.sk\/qys\/wp-json\/wp\/v2\/posts\/1864\/revisions"}],"predecessor-version":[{"id":2634,"href":"https:\/\/duhovyrok.sk\/qys\/wp-json\/wp\/v2\/posts\/1864\/revisions\/2634"}],"wp:featuredmedia":[{"embeddable":true,"href":"https:\/\/duhovyrok.sk\/qys\/wp-json\/wp\/v2\/media\/1867"}],"wp:attachment":[{"href":"https:\/\/duhovyrok.sk\/qys\/wp-json\/wp\/v2\/media?parent=1864"}],"wp:term":[{"taxonomy":"category","embeddable":true,"href":"https:\/\/duhovyrok.sk\/qys\/wp-json\/wp\/v2\/categories?post=1864"},{"taxonomy":"post_tag","embeddable":true,"href":"https:\/\/duhovyrok.sk\/qys\/wp-json\/wp\/v2\/tags?post=1864"}],"curies":[{"name":"wp","href":"https:\/\/api.w.org\/{rel}","templated":true}]}}