{"id":1745,"date":"2020-11-06T14:25:58","date_gmt":"2020-11-06T13:25:58","guid":{"rendered":"https:\/\/qys.sk\/?p=1745"},"modified":"2021-03-16T10:31:06","modified_gmt":"2021-03-16T09:31:06","slug":"richard-stanke-queer-ludia-nechcu-nikomu-z-prav-uberat-chcu-len-rovnake-moznosti-ako-ostatni","status":"publish","type":"post","link":"https:\/\/duhovyrok.sk\/qys\/richard-stanke-queer-ludia-nechcu-nikomu-z-prav-uberat-chcu-len-rovnake-moznosti-ako-ostatni\/","title":{"rendered":"Richard Stanke: Queer \u013eudia nechc\u00fa nikomu z pr\u00e1v ubera\u0165, chc\u00fa len rovnak\u00e9 mo\u017enosti ako ostatn\u00ed"},"content":{"rendered":"\n<p><strong>Richard Stanke (1967) je dlhoro\u010dn\u00fdm \u010dlenom \u010cinohry SND. V s\u00fa\u010dasnosti ho m\u00f4\u017eete vidie\u0165 v inscen\u00e1ci\u00e1ch <em><a href=\"https:\/\/snd.sk\/inscenacia\/2809\/fanny-a-alexander\" target=\"_blank\" rel=\"noreferrer noopener\">Fanny a\u00a0Alexander<\/a><\/em>,<em>\u00a0<a href=\"https:\/\/snd.sk\/inscenacia\/3243\/elity-kriminalny-pribeh-s-politickym-pozadim\" target=\"_blank\" rel=\"noreferrer noopener\">Elity<\/a><\/em> a\u00a0\u010fal\u0161\u00edch. V telev\u00edzii sa objavil napr\u00edklad v skvelom seri\u00e1li HBO <em><a href=\"https:\/\/hbogo.cz\/serialy\/pustina\/rada-1\">Pustina<\/a><\/em> alebo v\u00a0seri\u00e1loch <em>Delukse<\/em> a\u00a0<em>Ministri<\/em>. Hovor\u00ed, \u017ee coming-outom si pre\u0161iel v\u00a090. rokoch. Tolerancia k men\u0161in\u00e1m pod\u013ea neho na Slovensku akoby prech\u00e1dzala s\u00ednusoidou. V\u00a0rozhovore pre QYS hovor\u00ed, ako pre\u017eil jarn\u00fa karant\u00e9nu, \u010do znamenala pre kult\u00faru a\u00a0ako referendum za rodinu pohlo diskusiou o\u00a0pr\u00e1vach queer \u013eud\u00ed.<\/strong><\/p>\n\n\n\n<p><strong>V\u0161etk\u00fdch sa n\u00e1s dotkla karant\u00e9na. Ako ste vy pre\u017e\u00edvali jar 2020, ke\u010f sa zavrelo divadlo?<\/strong><\/p>\n\n\n\n<p>Nevydr\u017e\u00edm len tak sedie\u0165 doma a&nbsp;ni\u010d nerobi\u0165, preto sme si hne\u010f na za\u010diatku karant\u00e9ny s&nbsp;kolegami vymysleli nejak\u00fa \u010dinnos\u0165. Cez stream sme \u010d\u00edtali de\u0165om a&nbsp;dospel\u00fdm uk\u00e1\u017eky literat\u00fary. \u010c\u00edtali sme ka\u017ed\u00fd de\u0148, na obed dve hodiny a&nbsp;potom ve\u010der. Bolo skvel\u00e9, \u017ee sme si t\u00fdm zachovali ur\u010dit\u00fd re\u017eim a stret\u00e1vali sme sa pravidelne dva mesiace. Medzi\u010dasom som sa venoval e\u0161te rozhlasov\u00fdm projektom a&nbsp;dabingu.<\/p>\n\n\n\n<p><strong>Stratili ste pr\u00edjem z&nbsp;divadla?<\/strong><\/p>\n\n\n\n<p>Dost\u00e1vali sme len z\u00e1kladn\u00fd plat, aj to zn\u00ed\u017een\u00fd. Treba si v\u0161ak uvedomi\u0165, \u017ee v&nbsp;Slovenskom n\u00e1rodnom divadle ani z\u00e1kladn\u00e9 platy nie s\u00fa tak\u00e9 vysok\u00e9, ako si mnoh\u00ed predstavuj\u00fa. V&nbsp;s\u00fa\u010dasnosti pr\u00e1ve nakr\u00facam pre TV JOJ seri\u00e1l <em>Delukse<\/em>, ktor\u00e9ho v\u00fdroba sa posunula z&nbsp;jari. Mysl\u00edm si, \u017ee treba by\u0165 pripraven\u00fd na ne\u010dakan\u00e9 situ\u00e1cie.<\/p>\n\n\n\n<p><strong>Ke\u010f sa zavreli hranice, uviazli ste na Slovensku? Rodinu m\u00e1te v&nbsp;\u010cesku.<\/strong><\/p>\n\n\n\n<p>Boli sme v&nbsp;spojen\u00ed aspo\u0148 telefonicky a&nbsp;\u010dakal som, k\u00fdm sa hranice op\u00e4\u0165 otvoria.<\/p>\n\n\n\n<p><strong>Dotkla sa \u0165a\u017e\u0161ie niektor\u00fdch va\u0161ich kolegov hercov pandemick\u00e1 situ\u00e1cia?<\/strong><\/p>\n\n\n\n<p>Dotkla sa v\u00e4\u010d\u0161iny \u013eud\u00ed pracuj\u00facich v kult\u00fare. Ak nemali u\u0161etren\u00fa rezervu,\u00a0doteraz sa s\u00a0t\u00fdm boria. Hoci, \u010d\u00edtal som vyjadrenia odborn\u00edkov z\u00a0\u010ciech a\u00a0Rak\u00faska, \u017ee pri predstaveniach v\u00a0divadle alebo na koncertoch v\u00e1\u017enej hudby je riziko prenosu choroby minim\u00e1lne. Tieto akcie sa nem\u00f4\u017eu h\u00e1dza\u0165 do jedn\u00e9ho vreca s\u00a0diskot\u00e9kami a\u00a0in\u00fdmi podujatiami, pri ktor\u00fdch je riziko v\u00e4\u010d\u0161ie. V\u00a0divadle sme do j\u00fana nehrali \u017eiadne predstavenia, v\u00a0lete ich bolo m\u00e1lo a\u00a0teraz sa op\u00e4\u0165 spr\u00edsnili hygienick\u00e9 opatrenia. Umelci a kult\u00fara sa z\u00a0pand\u00e9mie bud\u00fa dlho spam\u00e4t\u00e1va\u0165 a\u00a0mnoh\u00fdch to m\u00f4\u017ee \u00faplne polo\u017ei\u0165, mysl\u00edm si.<\/p>\n\n\n\n<p><strong>Boli ste kritikom b\u00fdval\u00e9ho vedenia ministerstva kult\u00fary. Zvl\u00e1da to s\u00fa\u010dasn\u00e9 situ\u00e1ciu lep\u0161ie?<\/strong><\/p>\n\n\n\n<p>Z&nbsp;m\u00f4jho poh\u013eadu je m\u00e1lo ak\u010dn\u00e9. Nem\u00e1m presn\u00e9 inform\u00e1cie, no z&nbsp;reakci\u00ed kolegov z&nbsp;in\u00fdch profesi\u00ed sa mi zd\u00e1, \u017ee s\u00fa\u010dasn\u00e1 ministerka t\u00e1pe, nevid\u00edm jej jasn\u00fa v\u00edziu. Aj ke\u010f sa zdvihla vlna hejtov na profesiu umelcov po\u010das pand\u00e9mie, ministerka zostala ticho a&nbsp;umeleckej obce sa, pokia\u013e som postrehol, nezastala. S t\u00fdm, \u017ee si niektor\u00ed vo vl\u00e1de neuvedomuj\u00fa d\u00f4le\u017eitos\u0165 kult\u00fary, ni\u010d neurob\u00edme, to je vec ich rodi\u010dov a&nbsp;\u0161kolstva, \u017ee ich k&nbsp;tomu neviedli. O&nbsp;to priebojnej\u0161ia by v\u0161ak mala by\u0165 ministerka. A&nbsp;my jej radi pom\u00f4\u017eeme, ak bude ona vedie\u0165, ako. M\u00f4\u017eeme sa rozpr\u00e1va\u0165 s&nbsp;ministrom financi\u00ed, ba s&nbsp;premi\u00e9rom, o&nbsp;d\u00f4le\u017eitosti umenia, a&nbsp;to hlavne v&nbsp;obdob\u00ed storo\u010dnice Slovensk\u00e9ho n\u00e1rodn\u00e9ho divadla. Pre\u017eilo r\u00f4zne totalitn\u00e9 re\u017eimy aj kr\u00edzov\u00e9 roky a&nbsp;bolo by hanbou, keby nepre\u017eilo pr\u00e1ve st\u00fa sez\u00f3nu a&nbsp;nevytvorili by sa \u017eiadne nov\u00e9 inscen\u00e1cie.<\/p>\n\n\n\n<p><strong>Z&nbsp;viacer\u00fdch zdrojov po\u010du\u0165, \u017ee divadlo u\u017e nezvl\u00e1da vypl\u00e1ca\u0165 fakt\u00fary.<\/strong><\/p>\n\n\n\n<p>T\u00fdm, \u017ee sa l\u00edstky na predstavenia pred\u00e1vali mesiace dopredu a&nbsp;div\u00e1ci potom chceli sp\u00e4\u0165 peniaze za tie, \u010do sa neuskuto\u010dnili, divadlo ich u\u017e nezvl\u00e1dalo vypl\u00e1ca\u0165, a&nbsp;nieto e\u0161te financova\u0165 \u010fal\u0161\u00ed chod. Nie som ekon\u00f3m divadla, nevid\u00edm do h\u013abky situ\u00e1cie, ale takto n\u00e1m to bolo prezentovan\u00e9. Nevieme, \u010di budeme ma\u0165 v&nbsp;tejto sez\u00f3ne peniaze na nov\u00e9 inscen\u00e1cie, \u010di nebudeme hra\u0165 len to, \u010do je u\u017e odpremi\u00e9rovan\u00e9.<\/p>\n\n\n\n<p><strong>Dlh\u00e9 roky ste patr\u00f3nom Filmov\u00e9ho festivalu inakosti. Ako s\u00fa\u010dasn\u00e1 vl\u00e1da pod\u013ea v\u00e1s reflektuje \u017eivot LGBT+ komunity?<\/strong><\/p>\n\n\n\n<p>S\u00fa\u010dasn\u00e1 vl\u00e1da? To z\u00e1vis\u00ed asi od n\u00e1zorov konkr\u00e9tnych ministrov, no nec\u00edtim ve\u013ek\u00fa zmenu oproti predch\u00e1dzaj\u00facej. Teraj\u0161\u00ed kabinet len nast\u00fapil na pohodln\u00fa vlnu: bez toho, aby vyrie\u0161ili t\u00fato ot\u00e1zku a&nbsp;vzali by t\u00fdm zbra\u0148 kritikom pr\u00e1v men\u0161\u00edn, politici t\u00e9mu vy\u0165ahuj\u00fa vtedy, ke\u010f sa im to hod\u00ed: pred vo\u013ebami \u010di v&nbsp;kr\u00edzov\u00fdch situ\u00e1ci\u00e1ch.<\/p>\n\n\n\n<p><strong>V&nbsp;minulosti ste hovoril, \u017ee coming-out pre v\u00e1s v&nbsp;divadle nebol zlo\u017eit\u00fd, v&nbsp;divadle to nikto nerie\u0161il.<\/strong><\/p>\n\n\n\n<p>Je ve\u013emi d\u00f4le\u017eit\u00e9, ak\u00fd okruh \u013eud\u00ed m\u00e1te okolo seba. Nez\u00e1le\u017e\u00ed na tom, v&nbsp;akej profesii pracujete, hoci v&nbsp;umeleckom prostred\u00ed je to ur\u010dite jednoduch\u0161ie.<\/p>\n\n\n\n<p><strong>Za\u017eili ste niekedy negat\u00edvne z\u00e1\u017eitky vzh\u013eadom na va\u0161u sexualitu?<\/strong><\/p>\n\n\n\n<p>Otvorene nikdy, tak\u00e9to veci sa v\u0161ak asi rie\u0161ia hlavne za chrbtom.<\/p>\n\n\n\n<p><strong>V&nbsp;zahrani\u010d\u00ed sa hovor\u00ed, \u017ee ke\u010f sa herec otvorene hl\u00e1si k&nbsp;inej sexu\u00e1lnej orient\u00e1cii, hne\u010f si ho za\u0161katu\u013ekuj\u00fa v&nbsp;istom type rol\u00ed.<\/strong><\/p>\n\n\n\n<p>Viete \u010do, ja si nespom\u00ednam, \u017ee by som bol v\u00f4bec niekedy obsaden\u00fd do roly homosexu\u00e1la. Je to v\u0161ak vec, ktor\u00fa by som i tak nevedel ovplyvni\u0165, jedine t\u00fdm, \u017ee by som t\u00fa rolu prijal alebo nie. Neviem, \u010di mi kv\u00f4li tomu niekedy u\u0161li nejak\u00e9 postavy, a&nbsp;nezaober\u00e1m sa t\u00fdm. V\u0161eobecne sa nezaober\u00e1m t\u00fdm, \u010do neviem ovplyvni\u0165.<\/p>\n\n\n\n<p><strong>V&nbsp;Novej Cvernovke je v s\u00fa\u010dasnosti v\u00fdstava o&nbsp;hist\u00f3rii queer komunity. Ako ste sa vy c\u00edtili za socializmu?<\/strong><\/p>\n\n\n\n<p>Videl som ju pred t\u00fd\u017ed\u0148om. Za socializmu som bol mal\u00fd chlapec, vtedy som to nerie\u0161il. Coming-out som za\u017eil a\u017e po revol\u00facii, v&nbsp;90. rokoch, a&nbsp;hoci ani vtedy nebola ide\u00e1lna situ\u00e1cia, ja osobne som c\u00edtil uvo\u013enenie. Za\u010dalo sa viac cestova\u0165, prich\u00e1dzali \u013eudia zo zahrani\u010dia, zmenila sa atmosf\u00e9ra. Tolerancia k&nbsp;men\u0161in\u00e1m ale v\u017edy z\u00e1vis\u00ed od spolo\u010denskej atmosf\u00e9ry, ako s\u00fa nastaven\u00e9 m\u00e9di\u00e1 a \u2013&nbsp;bohu\u017eia\u013e \u2013 aj predstavitelia vl\u00e1dy.<\/p>\n\n\n\n<p><strong>M\u00e1te pocit, \u017ee sa za posledn\u00fdch desa\u0165 rokov situ\u00e1cia zhor\u0161ila? Aj kv\u00f4li referendu za rodinu?<\/strong><\/p>\n\n\n\n<p>Neviem, \u010di sa zhor\u0161ila, mo\u017eno sk\u00f4r pre\u010distila. Niektor\u00ed, ktor\u00ed sa predt\u00fdm k&nbsp;t\u00e9me inakosti nevyjadrili, boli n\u00faten\u00ed poveda\u0165 svoj n\u00e1zor. Uk\u00e1zalo sa, kto kde stoj\u00ed. \u0160okuje ma napr\u00edklad, \u017ee Boris Koll\u00e1r, ktor\u00fd \u017eije nie pr\u00e1ve tradi\u010dn\u00fdm sp\u00f4sobom, sa pozastavil nad PRIDE-om, vraj nevie svojim de\u0165om vysvetli\u0165, pre\u010do sa dvaja mu\u017ei dr\u017eia za ruky. To je probl\u00e9m jeho sam\u00e9ho, jeho v\u00fdchovy a&nbsp;vzdelania, \u017ee im to nevie vysvetli\u0165.<\/p>\n\n\n\n<p><strong>Pre politikov je to mo\u017eno aj tak\u00e1 imid\u017eov\u00e1, ma\u010distick\u00e1 vec, odsudzova\u0165 homosexualitu.<\/strong><\/p>\n\n\n\n<p>Ke\u010f niekto rozpr\u00e1va nie\u010do len preto, \u017ee t\u00fdm z\u00edska politick\u00e9 body, hovor\u00ed to ve\u013ea o&nbsp;jeho charaktere a&nbsp;mor\u00e1lke. To je hor\u0161ie ako ke\u010f v\u00e1m niekto priamo povie negat\u00edvny n\u00e1zor.<\/p>\n\n\n\n<p><strong>B\u00e1li ste sa niekedy hovori\u0165 o&nbsp;svojom s\u00fakrom\u00ed? Mnoh\u00ed gejovia a lesby sa otvoria pre kamar\u00e1tov, ale od verejnosti si dr\u017eia odstup.<\/strong><\/p>\n\n\n\n<p>Nechcem o&nbsp;svojom s\u00fakrom\u00ed hovori\u0165, to je pravda. Je to moja z\u00e1le\u017eitos\u0165, nemus\u00edm s t\u00fdm oboznamova\u0165 cel\u00e9 Slovensko. Ja tie\u017e neviem o&nbsp;\u017eivote in\u00fdch be\u017en\u00fdch obyvate\u013eov, pre\u010do by oni mali vedie\u0165 o&nbsp;mne? Ke\u010f chcel bulv\u00e1r p\u00edsa\u0165 o&nbsp;mojom s\u00fakrom\u00ed, \u010dasto sa ma na\u0148 ani priamo nesp\u00fdtal, len vytiahol star\u00e9 vyjadrenia z&nbsp;in\u00fdch rozhovorov a&nbsp;prezentoval ich za svoje. To mi pripad\u00e1 ako hrub\u00e1 neprofesionalita.<\/p>\n\n\n\n<p><strong>Nezd\u00e1 sa novin\u00e1rom, \u017ee je to tabu, a&nbsp;boja sa to op\u00fdta\u0165?<\/strong><\/p>\n\n\n\n<p>Op\u00fdta\u0165 sa m\u00f4\u017eu a ke\u010f \u010dlovek odpoveda\u0165 chce, odpovie.<\/p>\n\n\n\n<p><strong>Ke\u010f sa Petra Pellegriniho sp\u00fdtali na jeho sexu\u00e1lnu orient\u00e1ciu, bol z&nbsp;toho \u0161kand\u00e1l.<\/strong><\/p>\n\n\n\n<p>Z\u00e1le\u017e\u00ed aj na tom, ako je ot\u00e1zka polo\u017een\u00e1. Sexualita je int\u00edmna vec ka\u017ed\u00e9ho \u010dloveka, a&nbsp;ke\u010f o&nbsp;tom niekto hovori\u0165 nechce, je neslu\u0161n\u00e9 sa na to p\u00fdta\u0165. Ani ja sa nep\u00fdtam \u013eud\u00ed na ich int\u00edmny \u017eivot, s\u00fa hranice slu\u0161nosti, ktor\u00e9 by sa nemali prekra\u010dova\u0165. Novin\u00e1r, ktor\u00fd robil rozhovor s Pellegrinim, si mohol najprv zisti\u0165, \u010di sa o&nbsp;tom rozpr\u00e1va\u0165 chce.<\/p>\n\n\n\n<p><strong>Na Slovensku m\u00e1me u\u017e desa\u0165 rokov PRIDE, ale st\u00e1le nem\u00e1me registrovan\u00e9 partnerstv\u00e1, hoci v&nbsp;in\u00fdch krajin\u00e1ch je to \u0161tandard.<\/strong><\/p>\n\n\n\n<p>St\u00e1le neprebehla riadna verejn\u00e1 diskusia s&nbsp;fundovan\u00fdmi odborn\u00edkmi. Verejnos\u0165 \u017eije v&nbsp;mylnej predstave, \u017ee homosexu\u00e1li s\u00fa promiskuitn\u00ed a zh\u00fdral\u00ed, ale je to len obraz, ktor\u00fd prezentuj\u00fa m\u00e9di\u00e1. Mnoh\u00ed a&nbsp;mnoh\u00e9 \u017eij\u00fa be\u017en\u00fdm, slu\u0161n\u00fdm \u017eivotom a&nbsp;pr\u00e1ve kv\u00f4li stereotypom o&nbsp;tom nechc\u00fa hovori\u0165.&nbsp;<\/p>\n\n\n\n<p><strong>Mo\u017eno to v\u00e4\u010d\u0161inov\u00fa spolo\u010dnos\u0165 nezauj\u00edma. \u017dij\u00fa si svoj \u017eivot, zakladaj\u00fa si rodiny, pr\u00e1va men\u0161\u00edn pre nich nie s\u00fa podstatn\u00e9.<\/strong><\/p>\n\n\n\n<p>To je dobr\u00e9, ak ich to nezauj\u00edma. Ich sa registrovan\u00e9 partnerstv\u00e1 ani net\u00fdkaj\u00fa. Queer \u013eudia im nechc\u00fa nie\u010do bra\u0165, chc\u00fa len tak\u00e9 ist\u00e9 pr\u00e1va ako oni. Mo\u017eno nejakou kampa\u0148ou by sme to mali v\u0161etk\u00fdm zrozumite\u013ene vysvetli\u0165. Diskusia sa v\u0161ak zvrhla na to, \u017ee sa id\u00fa kradn\u00fa\u0165 deti, a&nbsp;in\u00e9 nezmysly. To bol aj cie\u013e niektor\u00fdch politikov. Tak ako chceli vzbudi\u0165 strach z&nbsp;ute\u010dencov, vymysleli si strach z&nbsp;r\u00f4znych men\u0161\u00edn. S\u00fa to naozaj len klamstv\u00e1.<\/p>\n\n\n\n<p><strong>Uva\u017eovali ste nad t\u00fdm, kde kon\u010d\u00ed va\u0161a rola umelca a&nbsp;kde za\u010d\u00edna aktivizmus? Ke\u010f ste sa \u010dasto vyjadrovali k&nbsp;spolo\u010densk\u00fdm ot\u00e1zkam, c\u00edtili ste sa ako aktivista?<\/strong><\/p>\n\n\n\n<p>Nikdy som sa nad t\u00fdm nezam\u00fd\u0161\u013eal. Ja som v&nbsp;prvom rade ob\u010danom tohto \u0161t\u00e1tu. Aj ke\u010f sa k&nbsp;nie\u010domu vyjadr\u00edm a&nbsp;\u0161tve ma to, vyjadrujem sa k&nbsp;tomu ako ob\u010dan. To, \u017ee si ma niekto stoto\u017en\u00ed s&nbsp;mojou pr\u00e1cou, za to nem\u00f4\u017eem.<\/p>\n\n\n\n<p><strong>B\u00e1li ste sa niekedy, \u017ee to ubl\u00ed\u017ei va\u0161ej kari\u00e9re?<\/strong><\/p>\n\n\n\n<p>Neb\u00e1l, a\u00a0ani som nad t\u00fdm takto nerozm\u00fd\u0161\u013eal. Aj keby som sa zam\u00fd\u0161\u013eal, neovplyvnilo by to moje konanie. S\u00fa d\u00f4le\u017eitej\u0161ie veci ne\u017e kari\u00e9ra. Keby sa \u010dlovek neust\u00e1le b\u00e1l, asi by nespravil v\u00f4bec ni\u010d.<\/p>\n\n\n\n<p><strong>Text: Marek Hudec<\/strong><\/p>\n\n\n\n<p><strong>FOTO: P. Pilc, arch\u00edv Richarda Stankeho<\/strong><\/p>\n","protected":false},"excerpt":{"rendered":"<p>Richard Stanke (1967) je dlhoro\u010dn\u00fdm \u010dlenom \u010cinohry SND. V s\u00fa\u010dasnosti ho m\u00f4\u017eete vidie\u0165 v inscen\u00e1ci\u00e1ch Fanny a\u00a0Alexander,\u00a0Elity a\u00a0\u010fal\u0161\u00edch. V telev\u00edzii sa objavil napr\u00edklad v skvelom seri\u00e1li HBO Pustina alebo v\u00a0seri\u00e1loch Delukse a\u00a0Ministri. Hovor\u00ed, \u017ee coming-outom si pre\u0161iel v\u00a090. rokoch. Tolerancia k men\u0161in\u00e1m pod\u013ea neho na Slovensku akoby prech\u00e1dzala s\u00ednusoidou. V\u00a0rozhovore pre QYS hovor\u00ed, ako pre\u017eil <a href=\"https:\/\/duhovyrok.sk\/qys\/richard-stanke-queer-ludia-nechcu-nikomu-z-prav-uberat-chcu-len-rovnake-moznosti-ako-ostatni\/\" class=\"more-link\">&#8230;<\/a><\/p>\n","protected":false},"author":10,"featured_media":1746,"comment_status":"closed","ping_status":"open","sticky":false,"template":"","format":"standard","meta":{"footnotes":""},"categories":[256,254,6,10,259],"tags":[97,142,159,161,178],"class_list":["post-1745","post","type-post","status-publish","format-standard","has-post-thumbnail","hentry","category-divadlo","category-film","category-pribehy-lgbti-ludi","category-kultura","category-rozhovory","tag-kultura","tag-queer","tag-queer-kultura","tag-queer-osobnost","tag-richard-stanke"],"_links":{"self":[{"href":"https:\/\/duhovyrok.sk\/qys\/wp-json\/wp\/v2\/posts\/1745","targetHints":{"allow":["GET"]}}],"collection":[{"href":"https:\/\/duhovyrok.sk\/qys\/wp-json\/wp\/v2\/posts"}],"about":[{"href":"https:\/\/duhovyrok.sk\/qys\/wp-json\/wp\/v2\/types\/post"}],"author":[{"embeddable":true,"href":"https:\/\/duhovyrok.sk\/qys\/wp-json\/wp\/v2\/users\/10"}],"replies":[{"embeddable":true,"href":"https:\/\/duhovyrok.sk\/qys\/wp-json\/wp\/v2\/comments?post=1745"}],"version-history":[{"count":1,"href":"https:\/\/duhovyrok.sk\/qys\/wp-json\/wp\/v2\/posts\/1745\/revisions"}],"predecessor-version":[{"id":2517,"href":"https:\/\/duhovyrok.sk\/qys\/wp-json\/wp\/v2\/posts\/1745\/revisions\/2517"}],"wp:featuredmedia":[{"embeddable":true,"href":"https:\/\/duhovyrok.sk\/qys\/wp-json\/wp\/v2\/media\/1746"}],"wp:attachment":[{"href":"https:\/\/duhovyrok.sk\/qys\/wp-json\/wp\/v2\/media?parent=1745"}],"wp:term":[{"taxonomy":"category","embeddable":true,"href":"https:\/\/duhovyrok.sk\/qys\/wp-json\/wp\/v2\/categories?post=1745"},{"taxonomy":"post_tag","embeddable":true,"href":"https:\/\/duhovyrok.sk\/qys\/wp-json\/wp\/v2\/tags?post=1745"}],"curies":[{"name":"wp","href":"https:\/\/api.w.org\/{rel}","templated":true}]}}