{"id":1727,"date":"2020-11-03T19:03:48","date_gmt":"2020-11-03T18:03:48","guid":{"rendered":"https:\/\/qys.sk\/?p=1727"},"modified":"2020-11-03T19:03:48","modified_gmt":"2020-11-03T18:03:48","slug":"nezabudni-na-svoj-jesenny-magazin-qys","status":"publish","type":"post","link":"https:\/\/duhovyrok.sk\/qys\/nezabudni-na-svoj-jesenny-magazin-qys\/","title":{"rendered":"Nezabudni na svoj jesenn\u00fd magaz\u00edn QYS!"},"content":{"rendered":"\n<p>V jesennom \u010d\u00edsle n\u00e1jde\u0161 mno\u017estvo in\u0161pirat\u00edvnych \u010dl\u00e1nkov o queer filme a divadle. Vhodn\u00e9 do da\u017ediv\u00e9ho po\u010dasia. <img loading=\"lazy\" decoding=\"async\" height=\"16\" width=\"16\" alt=\"\ud83d\udcd6\" src=\"https:\/\/static.xx.fbcdn.net\/images\/emoji.php\/v9\/t9e\/1\/16\/1f4d6.png\"><a href=\"https:\/\/issuu.com\/nomantinels\/docs\/_qys_magaz_n___jesen2020\"><img loading=\"lazy\" decoding=\"async\" height=\"16\" width=\"16\" alt=\"\ud83d\ude42\" src=\"https:\/\/static.xx.fbcdn.net\/images\/emoji.php\/v9\/t4c\/1\/16\/1f642.png\"><\/a> <img loading=\"lazy\" decoding=\"async\" height=\"16\" width=\"16\" alt=\"\ud83e\udd17\" src=\"https:\/\/static.xx.fbcdn.net\/images\/emoji.php\/v9\/tb7\/1\/16\/1f917.png\"><\/p>\n\n\n\n<p>N\u00e1jde\u0161 v \u0148om: <\/p>\n\n\n\n<p>&#8211; rozhovor s Richardom Stankem: Queer \u013eudia nechc\u00fa nikomu z pr\u00e1v ubera\u0165, chc\u00fa len rovnak\u00e9 mo\u017enosti ako ostatn\u00ed <\/p>\n\n\n\n<p>&#8211; rozhovor Claudom Johannom \u010ciernym: Mojim najsilnej\u0161\u00edm z\u00e1\u017eitkom z tranz\u00edcie bolo zistenie, ako prebieha zdravotn\u00e1 starostlivos\u0165 pre transrodov\u00fdch \u013eud\u00ed <\/p>\n\n\n\n<p>&#8211; rozhovor film\u00e1rom Igorom Smitkom: Vid\u00ed svet inak, a\u017e v zahrani\u010d\u00ed si uvedomil, \u017ee je to plus <\/p>\n\n\n\n<p>&#8211; mozaika mlad\u00fdch queer film\u00e1rov a film\u00e1rok<\/p>\n\n\n\n<p>&#8211; hudobn\u00fd chamele\u00f3n David Bowie o\u017eil v muzik\u00e1li<\/p>\n\n\n\n<p>&#8211; rozhovor s po\u013eskou aktivistkou o LGBT+ protestoch <\/p>\n\n\n\n<p>&#8211; queer hudba, komiks<\/p>\n\n\n\n<p>A mnoho \u010fal\u0161ieho skvel\u00e9ho\u2026 <img loading=\"lazy\" decoding=\"async\" height=\"16\" width=\"16\" alt=\"\ud83e\udd29\" src=\"https:\/\/static.xx.fbcdn.net\/images\/emoji.php\/v9\/t58\/1\/16\/1f929.png\"><\/p>\n\n\n\n<p><img loading=\"lazy\" decoding=\"async\" height=\"16\" width=\"16\" alt=\"\u27a1\ufe0f\" src=\"https:\/\/static.xx.fbcdn.net\/images\/emoji.php\/v9\/t9e\/1\/16\/27a1.png\"> Magaz\u00edn QYS u\u017e n\u00e1jde\u0161 v kn\u00edhkupectve Artforum na Kozej a v Martinuse na Obchodnej v Bratislave. <img loading=\"lazy\" decoding=\"async\" height=\"16\" width=\"16\" alt=\"\ud83d\udcf0\" src=\"https:\/\/static.xx.fbcdn.net\/images\/emoji.php\/v9\/td6\/1\/16\/1f4f0.png\"><\/p>\n\n\n\n<p><img loading=\"lazy\" decoding=\"async\" height=\"16\" width=\"16\" alt=\"\u27a1\ufe0f\" src=\"https:\/\/static.xx.fbcdn.net\/images\/emoji.php\/v9\/t9e\/1\/16\/27a1.png\"> Na na\u0161om webe si m\u00f4\u017ee\u0161 objedna\u0165 predplatn\u00e9 magaz\u00ednu na cel\u00fd rok alebo aktu\u00e1lny v\u00fdtla\u010dok <img loading=\"lazy\" decoding=\"async\" height=\"16\" width=\"16\" alt=\"\ud83d\udcd3\" src=\"https:\/\/static.xx.fbcdn.net\/images\/emoji.php\/v9\/t1b\/1\/16\/1f4d3.png\"><\/p>\n\n\n\n<p>Viac info tu: <img loading=\"lazy\" decoding=\"async\" height=\"16\" width=\"16\" alt=\"\ud83d\udc49\" src=\"https:\/\/static.xx.fbcdn.net\/images\/emoji.php\/v9\/t51\/1\/16\/1f449.png\"><a rel=\"noreferrer noopener\" href=\"https:\/\/qys.sk\/objednajte-si\/?fbclid=IwAR2g4gCWnSbB2dif89DPdabEmw64Iw2wIxPke3_Cf7L88X1z5t7O7ow4_q0\" target=\"_blank\">https:\/\/qys.sk\/objednajte-si\/<\/a><\/p>\n\n\n\n<p>Titulka: Igor Smitka<\/p>\n","protected":false},"excerpt":{"rendered":"<p>V jesennom \u010d\u00edsle n\u00e1jde\u0161 mno\u017estvo in\u0161pirat\u00edvnych \u010dl\u00e1nkov o queer filme a divadle. Vhodn\u00e9 do da\u017ediv\u00e9ho po\u010dasia. N\u00e1jde\u0161 v \u0148om: &#8211; rozhovor s Richardom Stankem: Queer \u013eudia nechc\u00fa nikomu z pr\u00e1v ubera\u0165, chc\u00fa len rovnak\u00e9 mo\u017enosti ako ostatn\u00ed &#8211; rozhovor Claudom Johannom \u010ciernym: Mojim najsilnej\u0161\u00edm z\u00e1\u017eitkom z tranz\u00edcie bolo zistenie, ako prebieha zdravotn\u00e1 starostlivos\u0165 pre transrodov\u00fdch <a href=\"https:\/\/duhovyrok.sk\/qys\/nezabudni-na-svoj-jesenny-magazin-qys\/\" class=\"more-link\">&#8230;<\/a><\/p>\n","protected":false},"author":2,"featured_media":1728,"comment_status":"closed","ping_status":"open","sticky":false,"template":"","format":"standard","meta":{"footnotes":""},"categories":[2,3,4,5,6,8,9,10,12,13],"tags":[173],"class_list":["post-1727","post","type-post","status-publish","format-standard","has-post-thumbnail","hentry","category-comingout","category-partnerstva","category-praca","category-praca-a-skola","category-pribehy-lgbti-ludi","category-queer-veda","category-queer-historia","category-kultura","category-tipy","category-viditelnost","tag-qys"],"_links":{"self":[{"href":"https:\/\/duhovyrok.sk\/qys\/wp-json\/wp\/v2\/posts\/1727","targetHints":{"allow":["GET"]}}],"collection":[{"href":"https:\/\/duhovyrok.sk\/qys\/wp-json\/wp\/v2\/posts"}],"about":[{"href":"https:\/\/duhovyrok.sk\/qys\/wp-json\/wp\/v2\/types\/post"}],"author":[{"embeddable":true,"href":"https:\/\/duhovyrok.sk\/qys\/wp-json\/wp\/v2\/users\/2"}],"replies":[{"embeddable":true,"href":"https:\/\/duhovyrok.sk\/qys\/wp-json\/wp\/v2\/comments?post=1727"}],"version-history":[{"count":0,"href":"https:\/\/duhovyrok.sk\/qys\/wp-json\/wp\/v2\/posts\/1727\/revisions"}],"wp:featuredmedia":[{"embeddable":true,"href":"https:\/\/duhovyrok.sk\/qys\/wp-json\/wp\/v2\/media\/1728"}],"wp:attachment":[{"href":"https:\/\/duhovyrok.sk\/qys\/wp-json\/wp\/v2\/media?parent=1727"}],"wp:term":[{"taxonomy":"category","embeddable":true,"href":"https:\/\/duhovyrok.sk\/qys\/wp-json\/wp\/v2\/categories?post=1727"},{"taxonomy":"post_tag","embeddable":true,"href":"https:\/\/duhovyrok.sk\/qys\/wp-json\/wp\/v2\/tags?post=1727"}],"curies":[{"name":"wp","href":"https:\/\/api.w.org\/{rel}","templated":true}]}}