{"id":1690,"date":"2020-10-11T17:00:40","date_gmt":"2020-10-11T15:00:40","guid":{"rendered":"https:\/\/qys.sk\/?p=1690"},"modified":"2021-03-18T08:41:05","modified_gmt":"2021-03-18T07:41:05","slug":"fotografka-jarcovjakova-queer-ludia-ma-za-totality-fascinovali-svojou-pestrostou","status":"publish","type":"post","link":"https:\/\/duhovyrok.sk\/qys\/fotografka-jarcovjakova-queer-ludia-ma-za-totality-fascinovali-svojou-pestrostou\/","title":{"rendered":"Fotografka Jarcovj\u00e1kov\u00e1: Queer \u013eudia ma za totality fascinovali svojou pestros\u0165ou"},"content":{"rendered":"\n<p><strong>\u010cesk\u00e1 fotografka Libu\u0161e Jarcovj\u00e1kov\u00e1 je Osobnos\u0165ou \u010deskej fotografie za rok 2017. Za \u010dias komunistickej totality v&nbsp;\u010ceskoslovensku fotografovala no\u010dn\u00fd \u017eivot pra\u017eskej LGBTIQ komunity. Fotografie sa po desa\u0165ro\u010diach rozhodla zverejni\u0165 a dnes o tejto t\u00e9me pripravuje aj knihu. V rozhovore pre QYS opisuje, \u010d\u00edm si ju queer sc\u00e9na v osemdesiatych rokoch z\u00edskala.<\/strong><\/p>\n\n\n\n<p><strong>Ako ste pri\u0161li na n\u00e1pad fotografova\u0165 no\u010dn\u00fd \u017eivot LGBTIQ \u013eud\u00ed?<\/strong><\/p>\n\n\n\n<p>Ke\u010f ma kamar\u00e1t zaviedol k Petrovi Vokovi, \u010do bol jeden z dvoch podnikov pre LGBTIQ \u013eud\u00ed v Prahe, bola som fascinovan\u00e1 tou energiou, slobodou a inakos\u0165ou. Hne\u010f som vedela, \u017ee tam chcem foti\u0165. Len\u017ee to bol dlh\u00fd proces. Trvalo takmer rok, ne\u017e mohol do t\u00fdchto podnikov \u010dlovek v\u00f4bec chodi\u0165 s\u00e1m, preto\u017ee v oboch boli vyhadzova\u010di.<\/p>\n\n\n\n<figure class=\"wp-block-image size-large\"><img decoding=\"async\" src=\"https:\/\/qys.sk\/wp-content\/uploads\/2020\/10\/tclub-variantaxlarge.2x.1427753418-1024x660.jpg\" alt=\"\" class=\"wp-image-1698\" \/><figcaption><strong><strong>Fotografia z dokument\u00e1rnej s\u00e9rie T-CLUB (1983-1985)<\/strong>, Foto: <strong>L. Jarcovj\u00e1kov\u00e1<\/strong><\/strong><\/figcaption><\/figure>\n\n\n\n<p><strong>Pre\u010do bolo \u0165a\u017ek\u00e9 dosta\u0165 sa dovn\u00fatra?<\/strong><\/p>\n\n\n\n<p>Vyhadzova\u010di sledovali, kto dnu patr\u00ed a kto nie. A nemuselo \u00eds\u0165 v\u00fdhradne o sexu\u00e1lnu orient\u00e1ciu. Oni sa sna\u017eili eliminova\u0165 r\u00f4znych \u201eobzera\u010dov\u201c a provokat\u00e9rov, a \u013eudia vn\u00fatri v\u00e1s u\u017e museli pozna\u0165 alebo ma\u0165 pocit, \u017ee tam patr\u00edte. A to chv\u00ed\u013eu trvalo. Jedna vec v\u0161ak je dosta\u0165 sa bez probl\u00e9mov dnu a \u010fal\u0161ia m\u00f4c\u0165 tam vytiahnu\u0165 fotoapar\u00e1t. \u013dudia boli opatrn\u00ed, no \u010dasom ma o to sami za\u010dali \u017eiada\u0165.<\/p>\n\n\n\n<p><strong>Ak\u00e9 boli reakcie, ke\u010f ste tam za\u010dali foti\u0165? V tom \u010dase to asi nebolo v\u0161etk\u00fdm pr\u00e1ve pr\u00edjemn\u00e9.<\/strong><\/p>\n\n\n\n<p>M\u0148a si vyslovene poz\u00fdvali, aby som fotila rozli\u010dn\u00e9 akcie. A fotila som s bleskom, aby bolo vidno, \u017ee fot\u00edm, a nikto si nemyslel, \u017ee tam \u0161pehujem. S\u00edce by som mili\u00f3nkr\u00e1t rad\u0161ej fotila bez blesku, ale rozumela som, \u017ee tam boli \u013eudia, ktor\u00ed nechceli by\u0165 vidie\u0165. Rozhodne ale ne\u0161lo o \u017eiadne komer\u010dn\u00e9 fotenie \u2013 bolo to sk\u00f4r o v\u00fdmene, preto\u017ee viacer\u00ed chceli fotky a ja som zase bola t\u00fdmto svetom posadnut\u00e1. A \u010dasom som sa dostala do jeho jadra, stala som sa s\u00fa\u010das\u0165ou tejto spolo\u010dnosti, ktor\u00e1 bola pre m\u0148a akoby rodinou.<\/p>\n\n\n\n<p><strong>\u010c\u00edm si v\u00e1s ten svet takto z\u00edskal?<\/strong><\/p>\n\n\n\n<p>Bolo to hlavne o slobode prejavu. U\u017e len vyjadri\u0165 svoju sexualitu bola obrovsk\u00e1 demon\u0161tr\u00e1cia slobody. Z\u00e1rove\u0148 ma zauj\u00edmala aj t\u00e1 vizu\u00e1lna str\u00e1nka, hostia boli ve\u013emi pestr\u00ed \u2013 mlad\u0161\u00ed, star\u0161\u00ed, v strednom veku, mu\u017ei, \u017eeny, drag queens, Nemci, \u010cesi, Slov\u00e1ci aj Ma\u010fari. Bolo to nie\u010do, \u010do v tom \u010dase nebolo pre pra\u017esk\u00e9 no\u010dn\u00e9 podniky be\u017en\u00e9. V tomto podniku \u013eudia skuto\u010dne oslavovali v\u0161etko, \u010do sa dalo, a tie\u017e pravidelne organizovali r\u00f4zne b\u00e1ly a karnevaly. Bola to ohromn\u00e1 z\u00e1bava a tak\u00fd mal\u00fd svet s\u00e1m pre seba.<\/p>\n\n\n\n<figure class=\"wp-block-image size-large\"><img decoding=\"async\" src=\"https:\/\/qys.sk\/wp-content\/uploads\/2020\/10\/jarc-tclub-0011xlarge.2x.1427752299-1024x683.jpg\" alt=\"\" class=\"wp-image-1693\" \/><figcaption><strong><strong>Fotografia z dokument\u00e1rnej s\u00e9rie T-CLUB (1983-1985)<\/strong>, Foto: <strong>L. Jarcovj\u00e1kov\u00e1<\/strong><\/strong><\/figcaption><\/figure>\n\n\n\n<p><strong>Bol tento klub ofici\u00e1lne ozna\u010den\u00fd ako klub pre LGBTIQ komunitu, alebo i\u0161lo o verejn\u00e9 tajomstvo?<\/strong><\/p>\n\n\n\n<p>Nikde sa nep\u00edsalo, \u017ee toto je gej klub. Oba priestory pre t\u00fato komunitu spravovala spolo\u010dnos\u0165 Restaurace a j\u00eddelny Praha I. a, pod\u013ea m\u00f4jho n\u00e1zoru, to bol dobr\u00fd biznis. Preto\u017ee t\u00ed klienti boli zv\u00e4\u010d\u0161a bohat\u00ed, slu\u0161n\u00ed a v\u017edy tam bolo plno. T-klub bol rozhodne v\u00fdnosn\u00fd podnik a zhroma\u017e\u010fovala sa tam pestr\u00e1 vzorka \u013eud\u00ed, medzi ktor\u00fdmi boli \u010dasto napr\u00edklad aj prostit\u00fatky alebo taxik\u00e1ri. Z\u00e1rove\u0148 si klub zakladal na \u0161tamgastoch, ktor\u00ed tam chodili doslova denne, ja som bola v podstate jednou z nich.<\/p>\n\n\n\n<p><strong>Pre\u010do ste sa rozhodli za\u010da\u0165 fotky zverej\u0148ova\u0165?<\/strong><\/p>\n\n\n\n<p>Zverejnila som ich prv\u00fdkr\u00e1t v roku 2008 v gal\u00e9rii Langhans v Prahe. Predt\u00fdm z nich vznikol len kr\u00e1tky, dvadsa\u0165min\u00fatov\u00fd film a dozvedela som sa, \u017ee sa o\u0148 zauj\u00edmaj\u00fa \u013eudia, ktor\u00ed do T-klubu chodievali. O tieto fotky bol ve\u013ek\u00fd z\u00e1ujem. Moment\u00e1lne pripravujem vydanie knihy o T-klube, ktor\u00e1 vyjde, d\u00fafam, u\u017e na jese\u0148 tohto roka.<\/p>\n\n\n\n<p>Foti\u0165 v T-klube som prestala a\u017e po n\u00e1vrate z Berl\u00edna, kde v roku 1985, ako\u017ee z d\u00f4vodu vy\u0161etrovania nejak\u00e9ho \u00famrtia, chceli policajti vidie\u0165 moje fotky. Podarilo sa mi z&nbsp;toho vykr\u00fati\u0165 a vtedy som si uvedomila, \u017ee odo m\u0148a chc\u00fa, aby som \u013eud\u00ed z T\u00e9\u010dka ud\u00e1vala.<\/p>\n\n\n\n<figure class=\"wp-block-image size-large\"><img decoding=\"async\" src=\"https:\/\/qys.sk\/wp-content\/uploads\/2020\/10\/jarcovjakova-00003-July-22-2013xlarge.2x.1427752457-1024x690.jpg\" alt=\"\" class=\"wp-image-1694\" \/><figcaption><strong>Fotografia z dokument\u00e1rnej s\u00e9rie T-CLUB (1983-1985)<\/strong>, <strong>Foto<\/strong>: <strong>L. Jarcovj\u00e1kov\u00e1<\/strong><\/figcaption><\/figure>\n\n\n\n<p><strong>To znie, ako keby cel\u00e1 t\u00e1 sc\u00e9na fungovala v&nbsp;akejsi \u010diasto\u010dnej ilegalite.<\/strong><\/p>\n\n\n\n<p>To nie, vyslovene ileg\u00e1lne to nebolo. V\u0161etci vedeli, o ak\u00e9 kluby ide, ale v\u00e4\u010d\u0161inou to nikto nerie\u0161il. Asi aj medzi hos\u0165ami boli nejak\u00ed agenti, ale bolo to \u0165a\u017ek\u00e9 rozpozna\u0165.<\/p>\n\n\n\n<p><strong>Viete, ako T-klub dopadol po zmene re\u017eimu?<\/strong><\/p>\n\n\n\n<p>Kr\u00e1tko e\u0161te fungoval, ale potom sa ten priestor vr\u00e1til p\u00f4vodn\u00fdm majite\u013eom. Niekto mi hovoril, \u017ee dnes je tam obchod s hudobn\u00fdmi n\u00e1strojmi, ale neviem to s istotou, nikdy som sa tam u\u017e ne\u0161la pozrie\u0165. Hne\u010f nato sa vyrojili desiatky \u010fal\u0161\u00edch podnikov, ktor\u00e9 prevzali gej klientelu a cel\u00e1 t\u00e1to komunita sa za\u010dala meni\u0165 a ve\u013emi individualizova\u0165.<\/p>\n\n\n\n<figure class=\"wp-block-embed-instagram wp-block-embed is-type-rich is-provider-instagram\"><div class=\"wp-block-embed__wrapper\">\nhttps:\/\/www.instagram.com\/p\/B-erDODnLvL\/\n<\/div><\/figure>\n\n\n\n<p><strong>Autor:<\/strong> <strong>Radovan Jankovi\u010d<\/strong><\/p>\n\n\n\n<p><strong>Foto : L. Jarcovj\u00e1kov\u00e1, fotografie z dokument\u00e1rnej s\u00e9rie T-CLUB (1983-1985)<\/strong><\/p>\n\n\n","protected":false},"excerpt":{"rendered":"<p>\u010cesk\u00e1 fotografka Libu\u0161e Jarcovj\u00e1kov\u00e1 je Osobnos\u0165ou \u010deskej fotografie za rok 2017. Za \u010dias komunistickej totality v&nbsp;\u010ceskoslovensku fotografovala no\u010dn\u00fd \u017eivot pra\u017eskej LGBTIQ komunity. Fotografie sa po desa\u0165ro\u010diach rozhodla zverejni\u0165 a dnes o tejto t\u00e9me pripravuje aj knihu. V rozhovore pre QYS opisuje, \u010d\u00edm si ju queer sc\u00e9na v osemdesiatych rokoch z\u00edskala. Ako ste pri\u0161li na n\u00e1pad <a href=\"https:\/\/duhovyrok.sk\/qys\/fotografka-jarcovjakova-queer-ludia-ma-za-totality-fascinovali-svojou-pestrostou\/\" class=\"more-link\">&#8230;<\/a><\/p>\n","protected":false},"author":19,"featured_media":1699,"comment_status":"closed","ping_status":"open","sticky":false,"template":"","format":"standard","meta":{"footnotes":""},"categories":[9,10,259,13,258],"tags":[],"class_list":["post-1690","post","type-post","status-publish","format-standard","has-post-thumbnail","hentry","category-queer-historia","category-kultura","category-rozhovory","category-viditelnost","category-vizualne-umenie"],"_links":{"self":[{"href":"https:\/\/duhovyrok.sk\/qys\/wp-json\/wp\/v2\/posts\/1690","targetHints":{"allow":["GET"]}}],"collection":[{"href":"https:\/\/duhovyrok.sk\/qys\/wp-json\/wp\/v2\/posts"}],"about":[{"href":"https:\/\/duhovyrok.sk\/qys\/wp-json\/wp\/v2\/types\/post"}],"author":[{"embeddable":true,"href":"https:\/\/duhovyrok.sk\/qys\/wp-json\/wp\/v2\/users\/19"}],"replies":[{"embeddable":true,"href":"https:\/\/duhovyrok.sk\/qys\/wp-json\/wp\/v2\/comments?post=1690"}],"version-history":[{"count":1,"href":"https:\/\/duhovyrok.sk\/qys\/wp-json\/wp\/v2\/posts\/1690\/revisions"}],"predecessor-version":[{"id":2522,"href":"https:\/\/duhovyrok.sk\/qys\/wp-json\/wp\/v2\/posts\/1690\/revisions\/2522"}],"wp:featuredmedia":[{"embeddable":true,"href":"https:\/\/duhovyrok.sk\/qys\/wp-json\/wp\/v2\/media\/1699"}],"wp:attachment":[{"href":"https:\/\/duhovyrok.sk\/qys\/wp-json\/wp\/v2\/media?parent=1690"}],"wp:term":[{"taxonomy":"category","embeddable":true,"href":"https:\/\/duhovyrok.sk\/qys\/wp-json\/wp\/v2\/categories?post=1690"},{"taxonomy":"post_tag","embeddable":true,"href":"https:\/\/duhovyrok.sk\/qys\/wp-json\/wp\/v2\/tags?post=1690"}],"curies":[{"name":"wp","href":"https:\/\/api.w.org\/{rel}","templated":true}]}}