{"id":1684,"date":"2020-09-26T19:16:20","date_gmt":"2020-09-26T17:16:20","guid":{"rendered":"https:\/\/qys.sk\/?p=1684"},"modified":"2021-11-21T18:57:10","modified_gmt":"2021-11-21T17:57:10","slug":"jasna-semrincova-ja-som-si-to-nechcela-priznat-nepripustala-som-si-ze-som-trans-a-chcem-podstupit-celu-zmenu","status":"publish","type":"post","link":"https:\/\/duhovyrok.sk\/qys\/jasna-semrincova-ja-som-si-to-nechcela-priznat-nepripustala-som-si-ze-som-trans-a-chcem-podstupit-celu-zmenu\/","title":{"rendered":"Jasna \u0160emrincov\u00e1: Ja som si to nechcela prizna\u0165. Neprip\u00fa\u0161\u0165ala som si, \u017ee som trans a chcem podst\u00fapi\u0165 cel\u00fa zmenu."},"content":{"rendered":"\n<p id=\"block-0bae83f6-29db-4573-a068-6faf40a0e5e6\"><strong>Autor textu: Andrej Kuruc \/ Fotografia: Jakub Kov\u00e1\u010d<\/strong><\/p>\n\n\n\n<p>Text sme prv\u00fd raz publikovali v \u010d\u00edsle Leto 2020<\/p>\n\n\n\n<p><strong>Jasna \u0160emrincov\u00e1 (44) je transrodov\u00e1 \u017eena, ktor\u00e1 sa narodila v Bojniciach. Vy\u0161tudovala elektrotechniku. Nesk\u00f4r dala prednos\u0165 tomu, \u017ee m\u00f4\u017ee zar\u00e1ba\u0165 peniaze. Pracovala na Slovensku, nejak\u00fd \u010das vo Franc\u00fazsku, Anglicku. Ke\u010f sa vr\u00e1tila domov, za\u010dala \u0161tudova\u0165 anglick\u00fd jazyk a literat\u00faru. Viackr\u00e1t sa o\u017eenila. V s\u00fa\u010dasnosti dokon\u010duje tranz\u00edciu a \u017eije s man\u017eelkou a troma de\u0165mi na lazoch. Pracuje v elektrov\u00fdrobe. V d\u00f4sledku koronakr\u00edzy v\u0161ak moment\u00e1lne nem\u00e1 pr\u00e1cu.<\/strong><\/p>\n\n\n\n<p>Vo veku 12-13 rokov si za\u010dala uvedomova\u0165, \u017ee sa s \u0148ou nie\u010do deje, \u010do sa vymyk\u00e1 z r\u00e1mca norm\u00e1lnosti. \u201eVtedy som nedok\u00e1zala definova\u0165, \u010do to so mnou je a \u010do je vlastne in\u00e9. V tej dobe nebolo o tom absol\u00fatne ni\u010d po\u010du\u0165.\u201c V&nbsp;t\u00fdch \u010dasoch poznala len slov\u00e1 \u201ehomosexu\u00e1l\u201c, alebo \u201eteplo\u0161\u201c, alebo \u201ebuzerant\u201c, ale poriadne nevedela, \u010do to je. \u201eZa\u010dala som si v\u0161\u00edma\u0165, \u017ee ma ve\u013emi pri\u0165ahovali \u017eensk\u00e9 veci a c\u00edtila som potrebu zaradi\u0165 sa do \u017eenskej oblasti,\u201c spom\u00edna Jasna. Sna\u017eila sa nie\u010do o tom zisti\u0165, ale v tej dobe boli v\u0161etky publik\u00e1cie star\u0161ie ako dvadsa\u0165 rokov.<\/p>\n\n\n\n<p>Pri ich \u010d\u00edtan\u00ed sa dozvedela o sebe hrozn\u00e9 veci. Ak\u00e1 stra\u0161n\u00e1 perverznos\u0165 je to. \u201eMyslela som si, \u017ee to je transvestizmus. V knihe to op\u00edsali ako nie\u010do perverzn\u00e9, \u00fachyln\u00e9. P\u00edsali tam aj rozhor\u010dene, \u017ee t\u00edto transvestiti chc\u00fa dokonca zmeni\u0165 pohlavie.\u201c<\/p>\n\n\n\n<p>Nadobudla pocit, \u017ee to je asi nie\u010do ve\u013emi zl\u00e9, \u010do sa o nej nesmie nikto dozvedie\u0165. Toto boli prv\u00e9 inform\u00e1cie z&nbsp;tejto oblasti, ku ktor\u00fdm sa dostala, a vtedy sa uzavrela a nechala si v\u0161etko pre seba. Bolo nemyslite\u013en\u00e9, aby to niekomu povedala. Postupne v nej silnela potreba vyjadrova\u0165 svoju \u017eenskos\u0165. \u201eRobila som to doma tajne.\u201c<\/p>\n\n\n\n<p>Raz mala erotick\u00fd z\u00e1\u017eitok so spolu\u017eiakom. Vtedy si uvedomila, \u017ee sa jej p\u00e1\u010dia aj mu\u017ei. \u201eNechcela som si pripusti\u0165, \u017ee som homosexu\u00e1l, alebo \u017ee som in\u00e1, \u017ee nezapad\u00e1m do r\u00e1mca norm\u00e1lnosti. Ve\u013emi som chcela by\u0165 norm\u00e1lna, norm\u00e1lny chalan,\u201c spom\u00edna Jasna. Uvedomila si v\u0161ak, \u017ee nechce by\u0165 s mu\u017eom ako mu\u017e, ale ako \u017eena.<\/p>\n\n\n\n<p>Po roku 1989 nast\u00fapila na stredn\u00fa \u0161kolu a dostala sa k&nbsp;prv\u00fdm erotick\u00fdm \u010dasopisom, ktor\u00e9 v&nbsp;tom \u010dase na Slovensku za\u010dali vych\u00e1dza\u0165. V&nbsp;nich sa z \u010dasu na \u010das objavilo aj nie\u010do o \u201etranssexu\u00e1loch\u201c. \u201eVtedy som si uvedomila, \u017ee toto je ono, toto je ten m\u00f4j probl\u00e9m, toto ja pre\u017e\u00edvam.\u201c A\u017e vtedy kone\u010dne dok\u00e1zala definova\u0165, \u010do s \u0148ou vlastne je.<\/p>\n\n\n\n<p>Mala asi 16-17 rokov, ke\u010f sa jej do r\u00fak dostala kni\u017eka o Angli\u010danke, ktor\u00e1 podst\u00fapila tranz\u00edciu v neskor\u0161om veku. N\u00e1zov tej knihy bol <em>Z mu\u017ea \u017eenou<\/em>. V tom sa na\u0161la. E\u0161te st\u00e1le v\u0161ak svoj vn\u00fatorn\u00fd coming-out nepodst\u00fapila. \u201eJa som si to nechcela prizna\u0165. Neprip\u00fa\u0161\u0165ala som si, \u017ee som trans a chcem podst\u00fapi\u0165 cel\u00fa zmenu.\u201c Na\u0161la aj \u010dl\u00e1nky, ktor\u00e9 tvrdili, \u017ee v\u00e4\u010d\u0161inou nastane obdobie, ke\u010f to ust\u00fapi, aj tak\u00fd mu\u017e si n\u00e1jde partnerku (resp. tak\u00e1 \u017eena partnera) a za\u010dne vies\u0165 norm\u00e1lny \u017eivot. \u201eNakoniec som ale pochopila, \u017ee to neust\u00fapi.\u201c<\/p>\n\n\n\n<p>Ke\u010f mala Jasna 17-18 rokov, vych\u00e1dzali na Slovensku r\u00f4zne \u010dasopisy so zoznamovac\u00edmi rubrikami, cez ktor\u00e9 sa sna\u017eila nadviaza\u0165 vz\u0165ah s niek\u00fdm podobn\u00fdm, ale nikdy jej to nevy\u0161lo. Z\u00e1rove\u0148 sa b\u00e1la o&nbsp;svoje s\u00fakromie, brzdil ju strach, \u017ee ju niekto prezrad\u00ed. \u201eSna\u017eila som sa zozn\u00e1mi\u0165 sa aj s homosexu\u00e1lne orientovan\u00fdmi mu\u017emi. L\u00e1kalo ma ma\u0165 sk\u00fasenos\u0165 s mu\u017eom, chcela som to za\u017ei\u0165, ale tie\u017e sa mi to nikdy nepodarilo.\u201c<\/p>\n\n\n\n<p>Spolo\u010dnos\u0165 v\u0161ak od nej o\u010dak\u00e1vala nie\u010do in\u00e9. \u201eVideli mu\u017ea, \u010dakali mu\u017esk\u00e9 spr\u00e1vanie, mu\u017esk\u00fd prejav. Ve\u013emi som sa sna\u017eila, mala som nieko\u013eko vz\u0165ahov so \u017eenami. E\u0161te aj teraz mi niekto ob\u010das povie: \u201aTy si bol tak\u00fd sukni\u010dk\u00e1r a teraz povie\u0161, \u017ee si \u017eena?!\u2018\u201c<\/p>\n\n\n\n<p>Pri pohlavnom styku so \u017eenou v\u017edy zavrela o\u010di a predstavovala si, \u017ee je \u017eenou s mu\u017eom.<\/p>\n\n\n\n<p>V rokoch 1998 \u2013 1999, ke\u010f za\u010d\u00ednal by\u0165 dostupn\u00fd internet, pracovala Jasna v Bratislave. Vtedy kone\u010dne na\u0161la prv\u00e9 relevantn\u00e9 inform\u00e1cie o&nbsp;\u201etranssexualite\u201c. Pojem \u201etransrodovos\u0165\u201c sa e\u0161te nepou\u017e\u00edval. Z\u00edskala r\u00f4zne inform\u00e1cie o tranz\u00edcii, hormon\u00e1lnej lie\u010dbe, \u00faprave pohlavn\u00fdch org\u00e1nov. \u201eNa\u0161la som r\u00f4zne obchody, kde sa dalo k\u00fapi\u0165 oble\u010denie a r\u00f4zne \u010fal\u0161ie veci, ako napr\u00edklad silik\u00f3nov\u00e9 prsia. To v\u0161etko bolo v zahrani\u010d\u00ed.\u201c Jasna tak mala siln\u00fa motiv\u00e1ciu u\u010di\u0165 sa anglicky.<\/p>\n\n\n\n<p>Ke\u010f za\u010dala v \u010cech\u00e1ch s&nbsp;tranz\u00edciou Tereza Spencerov\u00e1, pod\u013ea Jasny nastal ur\u010dit\u00fd prielom aj na Slovensku. \u201eVtedy pri\u0161iel m\u00f4j vn\u00fatorn\u00fd coming-out: \u201au m\u0148a sa u\u017e asi ni\u010d v tomto nezmen\u00ed\u2018. Vtedy som sa prv\u00fdkr\u00e1t pok\u00fasila nie\u010do s t\u00fdm urobi\u0165.\u201c Jasna volala na linku d\u00f4very, aby z\u00edskala kontakty na doktorov, ktor\u00ed sa t\u00fdm zaoberali. Odk\u00e1zali ju na psychologi\u010dku, a&nbsp;t\u00e1 Jasnu presmerovala na doktorku Jano\u0161kov\u00fa, ktor\u00e1 pracovala aj s&nbsp;transrodov\u00fdmi \u013eu\u010fmi. \u201eOna bola super, viedla aj trans-skupinky, vtedy to bolo povinn\u00e9. Chodila som k nej asi pol roka.\u201c<\/p>\n\n\n\n<p>Vtedy e\u0161te rie\u0161ila, ako sa dosta\u0165 z&nbsp;povinnej vojenskej slu\u017eby. \u201eVojaci sa ma st\u00e1le sna\u017eili dosta\u0165 nasp\u00e4\u0165. Vtedy som chcela podst\u00fapi\u0165 tranz\u00edciu. Poslali ma k psychiatri\u010dke a&nbsp;z&nbsp;nej som mala ve\u013emi negat\u00edvny dojem. Chcela ma posla\u0165 na pozorovanie do psychiatrickej lie\u010debne v Pezinku.\u201c T\u00fdm Jasnu druh\u00fdkr\u00e1t odradili.<\/p>\n\n\n\n<p>\u201eBola som v psychickej situ\u00e1cii, ke\u010f som si povedala, \u017ee nejak do\u017eijem, u\u017e to vydr\u017e\u00edm. Budem sa sna\u017ei\u0165 rozv\u00edja\u0165 svoju \u017eenskos\u0165 in\u00fdm sp\u00f4sobom, vn\u00fatorne, pre\u017e\u00edvan\u00edm, nep\u00f4jdem do fyzickej tranz\u00edcie.\u201c<\/p>\n\n\n\n<p>St\u00e1le to o nej m\u00e1lokto tu\u0161il. Niektor\u00ed \u013eudia, ktor\u00fdm to povedala, ju povzbudzovali. \u201eIn\u00ed reagovali negat\u00edvne, hovorili mi, \u017ee mi \u0161ibe, \u017ee som nenorm\u00e1lna, \u017ee je to chor\u00e9&#8230;\u201c<\/p>\n\n\n\n<p>Ak chcela Jasna za\u010da\u0165 tranz\u00edciu, musela by to poveda\u0165 rodi\u010dom, s ktor\u00fdmi \u017eila. Na to v\u0161ak nenabrala odvahu, b\u00e1la sa ich reakcie. Chv\u00ed\u013eu potom \u017eila v&nbsp;zahrani\u010d\u00ed, vo Franc\u00fazsku, kde o&nbsp;svojej situ\u00e1cii ve\u013ea rozm\u00fd\u0161\u013eala. A ke\u010f sa vr\u00e1tila, znova bola rozhodnut\u00e1, \u017ee ide do tranz\u00edcie. Nav\u0161t\u00edvila doktorku Castiglione. \u201eBola perfektn\u00e1, dala mi silu, aby som i\u0161la do toho, a znova sme pri\u0161li do toho bodu: poveda\u0165 to doma, poveda\u0165 to okoliu, za\u010da\u0165 \u017ei\u0165 ako \u017eena. To bolo pre m\u0148a \u0165a\u017ek\u00e9.\u201c Doma sa za\u010dala \u017eenskej\u0161ie oblieka\u0165, ma\u013eova\u0165 sa, lakova\u0165 si nechty. \u201eKe\u010f to rodi\u010dia zaregistrovali, absol\u00fatne to neprijali, vraveli mi, \u017ee mi \u0161ibe. A t\u00fdm to skon\u010dilo. A tak som si zase povedala, \u017ee u\u017e to v tomto \u017eivote neurob\u00edm.\u201c<\/p>\n\n\n\n<p>Chodila po obchodoch, m\u00ed\u0148ala peniaze na \u017eensk\u00e9 veci, ktor\u00e9 sa jej p\u00e1\u010dili. Skr\u00fdvala ich, a ke\u010f mala pr\u00edle\u017eitos\u0165, tak sa do nich prezliekla. Potom stretla \u017eenu, pri ktorej si povedala, \u017ee to je t\u00e1 prav\u00e1, s touto to zvl\u00e1dne, s&nbsp;\u0148ou v\u0161etk\u00fdm prejde vydr\u017e\u00ed by\u0165 mu\u017eom. Mala partnerku, s ktorou zostala \u0161tyri roky. Po dvoch mesiacoch od zozn\u00e1menia jej povedala, \u017ee s \u0148ou nem\u00f4\u017ee by\u0165, lebo sa vn\u00fatorne c\u00edti by\u0165 \u017eenou. A jej to nevadilo. \u201eTak sme vydr\u017eali \u0165a\u017ek\u00e9 4 roky, lebo nakoniec to nebola pravda, vadilo jej to. Ja som sa sna\u017eila bojova\u0165, potl\u00e1\u010da\u0165 to, nakoniec sme sa aj tak rozi\u0161li, lebo to nefungovalo.\u201c<\/p>\n\n\n\n<p>Nesk\u00f4r sa o\u017eenila, mala syna. Rozviedli sa kv\u00f4li in\u00fdm starostiam. O&nbsp;Jasninej identite sa dozvedela a\u017e ned\u00e1vno \u2013 a neprijala to dobre. Zakazuje jej stret\u00e1va\u0165 sa so synom, napriek tomu, \u017ee ho mali v striedavej starostlivosti. Jasna sa to pok\u00fasila rie\u0161i\u0165 aj s\u00fadnou cestou, ale v\u017edy sa na\u0161iel d\u00f4vod, pre\u010do jej b\u00fdval\u00e1 man\u017eelka syna nedala, tak sa nakoniec vzdala. O\u017eenila sa znovu, narodili sa jej tri deti.<\/p>\n\n\n\n<p>\u201eV\u0161etky z\u00e1brany vo mne padli pred rokom a pol, to som mala 42-43 rokov. Vtedy to vo mne zosilnelo nato\u013eko, \u017ee u\u017e som nemohla \u010falej bojova\u0165. U\u017e som to v\u0161etko otvorila. Postupne som to dala zo seba von. Nebolo to naraz, \u017ee by som pri\u0161la a&nbsp;povedala: \u201aja som \u017eena\u2018, ale postupne.\u201c<\/p>\n\n\n\n<p>S druhou man\u017eelkou to pred dvoma rokmi \u0161kr\u00edpalo. Bolo to kv\u00f4li tomu, \u010do Jasna c\u00edtila. Ve\u013eakr\u00e1t to rie\u0161ila alkoholom. Sna\u017eila sa by\u0165 super mu\u017eom, \u010do absol\u00fatne nefungovalo. Zdalo sa, \u017ee sa roz\u00eddu. \u201eA\u017e pri\u0161iel \u010das, ke\u010f sa vo mne v\u0161etko zlomilo. Ako keby mi ten n\u00e1klad, \u010do som si cel\u00fd \u017eivot niesla, zlomil chrb\u00e1t. Padla som \u00faplne na zem, a u\u017e som jednoducho nevl\u00e1dala ni\u010d v sebe potl\u00e1\u010da\u0165, s ni\u010d\u00edm bojova\u0165. Povedala som si, \u017ee s t\u00fdm mus\u00edm nie\u010do urobi\u0165. \u017de jednoducho som \u017eena, chcem by\u0165 \u017eena, a u\u017e to \u010falej takto nejde.\u201c<\/p>\n\n\n\n<p>Cel\u00fd \u017eivot si \u0161tudovala nov\u00e9 inform\u00e1cie o hormon\u00e1lnej terapii, tak ju sk\u00fasila. \u201eTie horm\u00f3ny vo mne spravili \u010fal\u0161iu ve\u013ek\u00fa zmenu, tak\u017ee v\u0161etky zost\u00e1vaj\u00face z\u00e1brany, ktor\u00e9 som v&nbsp;sebe mala, sa rozplynuli, a hne\u010f som to povedala man\u017eelke.\u201c<\/p>\n\n\n\n<p>T\u00e1 jej odpovedala, \u017ee \u010dakala nie\u010do hor\u0161ie. Ich vz\u0165ah sa viac otvoril, ove\u013ea lep\u0161ie spolu funguj\u00fa. Pr\u00e1ve ona Jasne ve\u013emi pomohla ku coming-outu, tak\u017ee to jednoducho povedala v\u0161etk\u00fdm. \u201eMala v\u0161ak strach, b\u00e1la sa, \u017ee beriem lieky, \u017ee nie som pod kontrolou.\u201c A tak sa Jasna rozhodla za\u010da\u0165 ofici\u00e1lnu tranz\u00edciu. Pred rokom i\u0161la k doktorovi Patar\u00e1kovi do Banskej Bystrice a v\u0161etko bolo optimistickej\u0161ie.<\/p>\n\n\n\n<blockquote class=\"wp-block-quote is-layout-flow wp-block-quote-is-layout-flow\"><p>\u201e <em>Mala asi 16\u201317 rokov, ke\u010f sa jej do r\u00fak dostala kni\u017eka o Angli\u010danke, ktor\u00e1 podst\u00fapila tranz\u00edciu v neskor\u0161om veku. N\u00e1zov tej knihy bol Z mu\u017ea \u017eenou. V tom sa na\u0161la.<\/em> \u201c<\/p><\/blockquote>\n\n\n\n<p>\u201eDal mi odpor\u00fa\u010dania, pozh\u00e1\u0148ala som si lek\u00e1rov, \u010do v\u0161ak nebolo ve\u013emi jednoduch\u00e9.\u201c Mala absolvova\u0165 genetick\u00e9 vy\u0161etrenie, endokrinologick\u00e9 vy\u0161etrenie a psychodiagnostiku. Na psychodiagnostiku \u0161la Jasna k&nbsp;doktorke J\u00e1no\u0161kovej, vyu\u017eila svoj kontakt z minulosti. Ale zohna\u0165 endokrinologi\u010dku bol probl\u00e9m. Niektor\u00ed jej vraveli, \u017ee to sa na Slovensku ani nerob\u00ed, mus\u00ed vraj \u00eds\u0165 do Prahy. Nakoniec sa obr\u00e1tila na Christi\u00e1na z inPoradne a Zaru z&nbsp;Prizmy, a&nbsp;oni jej poradili endokrinol\u00f3gov. \u201eMali dlh\u00e9 \u010dakacie doby, skoro rok.\u201c Nakoniec sa objednala na vy\u0161etrenie o nieko\u013eko mesiacov, a&nbsp;mala \u0161\u0165astie, doktorke sa uvo\u013enil e\u0161te skor\u0161\u00ed term\u00edn.<\/p>\n\n\n\n<p>Od prv\u00e9ho kontaktu s doktorom to trvalo \u0161tyri mesiace, k\u00fdm ofici\u00e1lne dostala horm\u00f3ny. Minul\u00fd rok v decembri bola naposledy na kontrole u doktora Patar\u00e1ka, uva\u017eovali o tom, \u017ee by i\u0161la na oper\u00e1ciu tento rok. Ale kv\u00f4li koronakr\u00edze to zatia\u013e nie je mo\u017en\u00e9. \u201eMoment\u00e1lne v\u0161etko stoj\u00ed, tak\u017ee uvid\u00edme. Ja u\u017e by som to \u010do najsk\u00f4r chcela ma\u0165 za sebou. Ale neviem, ako to p\u00f4jde.\u201c<\/p>\n\n\n\n<p>Jasna pl\u00e1nuje aj pr\u00e1vnu tranz\u00edciu. \u201eMoment\u00e1lne fungujem v\u0161ade ako \u017eena, ale pracujem ako chlap, lebo m\u00e1m papiere na svoje p\u00f4vodn\u00e9 meno.\u201c V pr\u00e1ci jej na to zatia\u013e nikto ni\u010d nepovedal, ke\u010f\u017ee pracuje v mont\u00e9rkach. \u201eNaposledy som bola dva mesiace v Gruz\u00ednsku. Tam som i\u0161la s obavou, \u017ee mus\u00edm \u00eds\u0165 cez letisko a u\u017e sa nepodob\u00e1m na fotku v pase.\u201c Nikto v\u0161ak nemal n\u00e1mietky. Nik sa ani nesp\u00fdtal, \u010di sa ma\u013euje.<\/p>\n\n\n\n<p>Jasna si vybavuje rozvod, aby mohla dokon\u010di\u0165 tranz\u00edciu. \u201eV\u0161ade som \u010d\u00edtala, \u017ee sa mus\u00edm rozvies\u0165. Nek\u00e1zal mi to v\u0161ak nikto. Pr\u00e1ve\u017ee aj doktor mi povedal: \u201aja v\u00e1s nem\u00f4\u017eem n\u00fati\u0165, aby ste sa rozviedli\u2018. Ale tak \u010di tak, ke\u010f sa mi pr\u00e1vne zmen\u00ed pohlavie, na\u0161e man\u017eelstvo bude anulovan\u00e9. A boj\u00edm sa, aby sa mi zbyto\u010dne proces tranz\u00edcie neskomplikoval kv\u00f4li tomu, \u017ee e\u0161te st\u00e1le som v man\u017eelskom zv\u00e4zku.\u201c Preto sa rozhodla, \u017ee to vyrie\u0161i dopredu. Jej man\u017eelka by v\u0161ak bola rad\u0161ej, keby zostali zosob\u00e1\u0161en\u00e9. M\u00e1 strach, \u017ee Jasna s&nbsp;\u0148ou nebude chcie\u0165 \u010falej \u017ei\u0165 a n\u00e1jde si mu\u017ea. \u201eJa po rozvode a\u017e tak net\u00fa\u017eim, m\u00e1me mal\u00e9 deti, ktor\u00e9 m\u00e1m ve\u013emi rada. Chcem aby rodina zostala spolu.\u201c<\/p>\n\n\n\n<p>Deti s\u00fa e\u0161te mal\u00e9, tak to prij\u00edmaj\u00fa v\u00fdborne. Najmen\u0161ie m\u00e1 dva roky, najstar\u0161\u00ed \u0161es\u0165. Jasnu volaj\u00fa r\u00f4zne: ocko, Jasni\u010dka, maminka Jasni\u010dka. \u017diadny probl\u00e9m s&nbsp;t\u00fdm nemaj\u00fa. \u201eB\u00fdvame v rodinnom dome, v podstate sa pre n\u00e1s ni\u010d nezmen\u00ed, st\u00e1le zostaneme spolu s de\u0165mi, na\u0161e fungovanie bude tak\u00e9 ist\u00e9.\u201c Ak by existovala pr\u00e1vna \u00faprava vz\u0165ahov os\u00f4b rovnak\u00e9ho pohlavia, ur\u010dite by tak\u00fa mo\u017enos\u0165 vyu\u017eili.<\/p>\n\n\n\n<div class=\"wp-block-group\"><div class=\"wp-block-group__inner-container is-layout-flow wp-block-group-is-layout-flow\">\n<p class=\"has-text-align-center has-small-font-size\">Co-funded by the Europe for Citizens Programme of the European Union.<\/p>\n<\/div><\/div>\n\n\n\n<div class=\"wp-block-image\"><figure class=\"aligncenter size-large is-resized\"><img loading=\"lazy\" decoding=\"async\" src=\"https:\/\/duhovyrok.sk\/qys\/wp-content\/uploads\/sites\/2\/2021\/10\/europe-for-citizens-1024x178.png\" alt=\"\" class=\"wp-image-3139\" width=\"256\" height=\"45\" srcset=\"https:\/\/duhovyrok.sk\/qys\/wp-content\/uploads\/sites\/2\/2021\/10\/europe-for-citizens-1024x178.png 1024w, https:\/\/duhovyrok.sk\/qys\/wp-content\/uploads\/sites\/2\/2021\/10\/europe-for-citizens-700x122.png 700w, https:\/\/duhovyrok.sk\/qys\/wp-content\/uploads\/sites\/2\/2021\/10\/europe-for-citizens-1536x267.png 1536w, https:\/\/duhovyrok.sk\/qys\/wp-content\/uploads\/sites\/2\/2021\/10\/europe-for-citizens-2048x356.png 2048w\" sizes=\"auto, (max-width: 256px) 100vw, 256px\" \/><\/figure><\/div>\n","protected":false},"excerpt":{"rendered":"<p>Autor textu: Andrej Kuruc \/ Fotografia: Jakub Kov\u00e1\u010d Text sme prv\u00fd raz publikovali v \u010d\u00edsle Leto 2020 Jasna \u0160emrincov\u00e1 (44) je transrodov\u00e1 \u017eena, ktor\u00e1 sa narodila v Bojniciach. Vy\u0161tudovala elektrotechniku. Nesk\u00f4r dala prednos\u0165 tomu, \u017ee m\u00f4\u017ee zar\u00e1ba\u0165 peniaze. Pracovala na Slovensku, nejak\u00fd \u010das vo Franc\u00fazsku, Anglicku. Ke\u010f sa vr\u00e1tila domov, za\u010dala \u0161tudova\u0165 anglick\u00fd jazyk a <a href=\"https:\/\/duhovyrok.sk\/qys\/jasna-semrincova-ja-som-si-to-nechcela-priznat-nepripustala-som-si-ze-som-trans-a-chcem-podstupit-celu-zmenu\/\" class=\"more-link\">&#8230;<\/a><\/p>\n","protected":false},"author":2,"featured_media":1686,"comment_status":"closed","ping_status":"open","sticky":false,"template":"","format":"standard","meta":{"footnotes":""},"categories":[2,6,10,13],"tags":[321,102,138,211,212,213],"class_list":["post-1684","post","type-post","status-publish","format-standard","has-post-thumbnail","hentry","category-comingout","category-pribehy-lgbti-ludi","category-kultura","category-viditelnost","tag-historia-lgbt","tag-lgbti","tag-pribeh","tag-trans","tag-transrodovost","tag-tranzicia"],"_links":{"self":[{"href":"https:\/\/duhovyrok.sk\/qys\/wp-json\/wp\/v2\/posts\/1684","targetHints":{"allow":["GET"]}}],"collection":[{"href":"https:\/\/duhovyrok.sk\/qys\/wp-json\/wp\/v2\/posts"}],"about":[{"href":"https:\/\/duhovyrok.sk\/qys\/wp-json\/wp\/v2\/types\/post"}],"author":[{"embeddable":true,"href":"https:\/\/duhovyrok.sk\/qys\/wp-json\/wp\/v2\/users\/2"}],"replies":[{"embeddable":true,"href":"https:\/\/duhovyrok.sk\/qys\/wp-json\/wp\/v2\/comments?post=1684"}],"version-history":[{"count":2,"href":"https:\/\/duhovyrok.sk\/qys\/wp-json\/wp\/v2\/posts\/1684\/revisions"}],"predecessor-version":[{"id":3143,"href":"https:\/\/duhovyrok.sk\/qys\/wp-json\/wp\/v2\/posts\/1684\/revisions\/3143"}],"wp:featuredmedia":[{"embeddable":true,"href":"https:\/\/duhovyrok.sk\/qys\/wp-json\/wp\/v2\/media\/1686"}],"wp:attachment":[{"href":"https:\/\/duhovyrok.sk\/qys\/wp-json\/wp\/v2\/media?parent=1684"}],"wp:term":[{"taxonomy":"category","embeddable":true,"href":"https:\/\/duhovyrok.sk\/qys\/wp-json\/wp\/v2\/categories?post=1684"},{"taxonomy":"post_tag","embeddable":true,"href":"https:\/\/duhovyrok.sk\/qys\/wp-json\/wp\/v2\/tags?post=1684"}],"curies":[{"name":"wp","href":"https:\/\/api.w.org\/{rel}","templated":true}]}}