{"id":1668,"date":"2020-08-26T12:34:09","date_gmt":"2020-08-26T10:34:09","guid":{"rendered":"https:\/\/qys.sk\/?p=1668"},"modified":"2020-08-26T12:34:09","modified_gmt":"2020-08-26T10:34:09","slug":"polska-aktivistka-niektori-utekaju-prec-za-lepsim-zivotom-ini-sa-snazia-nevyhoriet","status":"publish","type":"post","link":"https:\/\/duhovyrok.sk\/qys\/polska-aktivistka-niektori-utekaju-prec-za-lepsim-zivotom-ini-sa-snazia-nevyhoriet\/","title":{"rendered":"Po\u013esk\u00e1 aktivistka: Niektor\u00ed utekaj\u00fa pre\u010d za lep\u0161\u00edm \u017eivotom, in\u00ed sa sna\u017eia nevyhorie\u0165"},"content":{"rendered":"\n<p><strong>Aleksandra Muzi\u0144ska z Var\u0161avy p\u00f4sobila v zdru\u017een\u00ed <a href=\"https:\/\/mnw.org.pl\/\" target=\"_blank\" rel=\"noreferrer noopener\">Mi\u0142o\u015b\u0107 Nie Wyklucza<\/a> a v s\u00fa\u010dasnosti pracuje v neziskovej organiz\u00e1cii <a href=\"https:\/\/dlaodmiany.org.pl\/\" target=\"_blank\" rel=\"noreferrer noopener\">Fundusz dla Odmiany<\/a>, ktor\u00e9 presadzuj\u00fa rovnos\u0165 man\u017eelstva a bojuj\u00fa za pr\u00e1va queer \u013eud\u00ed. Pre QYS hovor\u00ed o \u017eivote aktivistky v najhomof\u00f3bnej\u0161ej krajine Eur\u00f3pskej \u00fanie (pod\u013ea rebr\u00ed\u010dka asoci\u00e1cie Rainbow Europe), kde v poslednom \u010dase v niektor\u00fdch mest\u00e1ch a obciach miestne zastupite\u013estv\u00e1 zaviedli tzv. z\u00f3ny vylu\u010duj\u00face LGBT+ \u013eud\u00ed a kde sa v\u00ed\u0165azom prezidentsk\u00fdch volieb stal otvorene homof\u00f3bny kandid\u00e1t. Nap\u00e4tie v krajine eskaluje a prejavilo sa aj na augustovej demon\u0161tr\u00e1cii, pri ktorej n\u00e1silne zasiahla pol\u00edcia.<\/strong><\/p>\n\n\n\n<p><strong>Z\u00fa\u010dastnila si sa n\u00e1siln\u00fdch protestov vo Var\u0161ave za pr\u00e1va LGBT+ \u013eud\u00ed, ktor\u00e9 pol\u00edcia potla\u010dila. Ako sa c\u00edti\u0161?<\/strong><\/p>\n\n\n\n<p>Bol to po\u013esk\u00fd Stonewall a c\u00edtim sa trochu unavene, m\u00e1m aj nieko\u013eko r\u00e1n zo stretov s pol\u00edciou. Hoci sa tomu teraz smejem, viacer\u00ed aktivisti a aktivistky boli odveden\u00ed. Ja v\u010fakabohu nie. Mnoh\u00ed transrodov\u00ed a nebin\u00e1rni \u013eudia boli tie\u017e zadr\u017ean\u00ed a pol\u00edcia sa k nim spr\u00e1va ve\u013emi zneva\u017euj\u00faco. Jedna osoba nahl\u00e1sila aj zn\u00e1silnenie. Je to hrozn\u00e1 situ\u00e1cia.<\/p>\n\n\n\n<p><strong>Andrzej Duda vyhral ned\u00e1vno po\u013esk\u00e9 prezidentsk\u00e9 vo\u013eby s nen\u00e1vistnou kampa\u0148ou s o nie\u010do viac ako 51 percentami odovzdan\u00fdch hlasov. Znamen\u00e1 to, \u017ee kr\u00eddlo podporuj\u00face queer \u013eud\u00ed je v Po\u013esku tie\u017e siln\u00e9?<\/strong><\/p>\n\n\n\n<p>Pod\u013ea prieskumov v\u00e4\u010d\u0161ina Poliakov a Poliek podporuje registrovan\u00e9 partnerstv\u00e1, \u010di\u017ee im nevadia p\u00e1ry rovnak\u00e9ho pohlavia. Podpora rovnosti man\u017eelstiev je tie\u017e celkom vysok\u00e1, pod\u013ea v\u00fdskumov pohybuje medzi 30 a 40 percentami obyvate\u013estva. Ako vrav\u00ed\u0161, mnoho voli\u010diek a voli\u010dov nepodporuje Dudovu kampa\u0148, a tie\u017e sa mus\u00edme zamyslie\u0165 nad \u013eu\u010fmi, ktor\u00ed k urn\u00e1m nepri\u0161li. Volebn\u00e1 \u00fa\u010das\u0165 bola 68 percent. Ak\u00fd n\u00e1zor m\u00e1 zvy\u0161ok? Navy\u0161e, pre mnoh\u00fdch, ktor\u00ed podporuj\u00fa pr\u00e1va LGBT+ \u013eud\u00ed, nie je t\u00e1to t\u00e9ma prioritou. V prvom rade im z\u00e1le\u017e\u00ed na pokojnom \u017eivote s vhodn\u00fdm soci\u00e1lnym zabezpe\u010den\u00edm pre rodiny, penzistov, \u013eud\u00ed so zdravotn\u00fdm znev\u00fdhodnen\u00edm. Mus\u00edme prem\u00fd\u0161\u013ea\u0165 nad t\u00fdm, ako ich presved\u010di\u0165, \u017ee za pr\u00e1va men\u0161\u00edn sa treba postavi\u0165.<\/p>\n\n\n\n<p><strong>Politici robia z queer \u013eud\u00ed nepriate\u013eov. Je to novinka v Po\u013esku? Ak nie, kedy sa t\u00e1to nen\u00e1vistn\u00e1 kampa\u0148 za\u010dala a pre\u010do?<\/strong><\/p>\n\n\n\n<p>Vl\u00e1da strany Pr\u00e1vo a spravodlivos\u0165 nast\u00fapila v roku 2016 a ich postoj bol od za\u010diatku jasn\u00fd. Ministri a in\u00ed vl\u00e1dni predstavitelia sa netaja homof\u00f3bnymi n\u00e1zormi, ur\u00e1\u017eaj\u00fa n\u00e1s a tvrdia, \u017ee sme nepriatelia. Predch\u00e1dzaj\u00face vl\u00e1dy sa t\u00e9me LGBT+ pr\u00e1v sk\u00f4r vyh\u00fdbali, vn\u00edmali n\u00e1s ako sexu\u00e1lnu men\u0161inu, o ktorej netreba hovori\u0165. Robili z toho tabu, ale aspo\u0148 sa nespr\u00e1vali \u00fato\u010dne. Ke\u010f strana Pr\u00e1vo a spravodlivos\u0165 z\u00edskala v\u00e4\u010d\u0161iu moc, spustili nen\u00e1vistn\u00fa kampa\u0148 v telev\u00edzii, r\u00e1diu, v novin\u00e1ch.<\/p>\n\n\n\n<p><strong>S\u00favis\u00ed to s po\u013eskou spolo\u010dnos\u0165ou? Je skuto\u010dne tak\u00e1 konzervat\u00edvna? Nemyslia si politici, \u017ee t\u00fdmito v\u00fdrokmi z\u00edskaj\u00fa popularitu?<\/strong><\/p>\n\n\n\n<p>Mysl\u00edm si, \u017ee to s\u00favis\u00ed len s politickou strat\u00e9giou. Niekto t\u00fa\u017ei z\u00edska\u0165 moc a podporovate\u013eov sa sna\u017e\u00ed z\u00edska\u0165 cez vyvolanie strachu. Najprv des\u00ed voli\u010dov ute\u010dencami, potom queer \u013eu\u010fmi. Prieskumy hovoria, \u017ee po\u013esk\u00e1 spolo\u010dnos\u0165 je zna\u010dne homog\u00e9nna, v krajine nem\u00e1me ve\u013ea etnick\u00fdch alebo n\u00e1bo\u017eensk\u00fdch men\u0161\u00edn. Be\u017en\u00ed ob\u010dania kv\u00f4li tomu nemaj\u00fa ve\u013ea sk\u00fasenost\u00ed s rozdielnymi sveton\u00e1zormi. Je norm\u00e1lne, \u017ee sa boj\u00edme toho, \u010do nepozn\u00e1me. Ak vid\u00edme, \u017ee je niekto in\u00fd, odli\u0161n\u00fd, sme si toho vedom\u00ed, c\u00edtime to. A politici to tie\u017e vn\u00edmaj\u00fa a zneu\u017e\u00edvaj\u00fa to. Rozhodli sa teda spolo\u010dnos\u0165 rozdeli\u0165 na r\u00f4zne skupiny, t\u00e1bory a vytvori\u0165 medzi nimi bari\u00e9ry. Brilantn\u00e1 strat\u00e9gia! Podobne vl\u00e1dne Orb\u00e1n v Ma\u010farsku s kampa\u0148ou proti migruj\u00facim, transrodov\u00fdm \u013eu\u010fom \u010di r\u00f3mskej men\u0161ine. Na Slovensku je to ur\u010dite podobn\u00e9.<\/p>\n\n\n\n<p><strong>Pravda\u017ee sme znepokojen\u00ed spr\u00e1vami z Po\u013eska. Od jari m\u00e1me tie\u017e konzervat\u00edvnu vl\u00e1du s napojen\u00edm na kres\u0165ansk\u00fdch fundamentalistov. Boj\u00edme sa, \u017ee sa u n\u00e1s situ\u00e1cia bude vyv\u00edja\u0165 rovnako.<\/strong><\/p>\n\n\n\n<p>Vieme, \u017ee po\u013esk\u00e1 vl\u00e1da a mnoh\u00ed kres\u0165ansk\u00ed fundamentalisti \u2013 aj z mimovl\u00e1dnych organiz\u00e1ci\u00ed \u2013 s\u00fa dobre financovan\u00ed, s\u00fa s\u00fa\u010das\u0165ou medzin\u00e1rodnej komunity a maj\u00fa jasn\u00fa agendu. Chc\u00fa zavies\u0165 n\u00e1bo\u017eensk\u00e9 pr\u00e1vo a d\u00e1 sa poveda\u0165, \u017ee sme s nimi vo vojnovom stave. Tento boj sa premieta do debaty o hodnot\u00e1ch. Vedia ve\u013emi obratne pou\u017e\u00edva\u0165 jazyk vo svoj prospech, pou\u017e\u00edvaj\u00fa chyt\u013eav\u00e9 slov\u00e1, s\u00fa to navy\u0161e dobr\u00ed market\u00e9ri. Som celkom schopn\u00e1 fundraiserka neziskov\u00fdch organiz\u00e1ci\u00ed a vid\u00edm, ak\u00ed vedia by\u0165 \u0161ikovn\u00ed. Dlhodobo sledujem ich pr\u00e1cu. Ich str\u00e1nky s\u00fa skvele spraven\u00e9 a nap\u00edsan\u00e9, my LGBT+ aktivisti a aktivistky sa, paradoxne, od nich m\u00e1me \u010do u\u010di\u0165. Sp\u00f4sob, ak\u00fdm z\u00edskavaj\u00fa donorov, ako komunikuj\u00fa svoje kroky, pripom\u00edna ve\u013ek\u00e9 celosvetov\u00e9 organiz\u00e1cie ako Amnesty International alebo Greenpeace. Kres\u0165ansk\u00ed fundamentalisti sa pr\u00e1ve od nich u\u010dia, je to ve\u013ek\u00e1 ir\u00f3nia. \u010co m\u00f4\u017eeme spravi\u0165 my? M\u00f4\u017eeme otv\u00e1ra\u0165 diskusiu, m\u00f4\u017eeme \u0161ikovne robi\u0165 fundraising, m\u00f4\u017eeme organizova\u0165 tr\u00e9ningy, workshopy, poradenstv\u00e1.<\/p>\n\n\n\n<p><strong>Mnoh\u00ed slovensk\u00ed queer aktivisti a aktivistky vidia, \u017ee debata oh\u013eadne \u013eudsk\u00fdch pr\u00e1v sa zhor\u0161uje. Ned\u00e1vno sme oslavovali desa\u0165 rokov PRIDE v Bratislave, a predsa, m\u00e1lo\u010do sa zlep\u0161ilo. Nem\u00e1me ani registrovan\u00e9 partnerstv\u00e1. Mnoho z n\u00e1s preto za\u017e\u00edva pocit vyhorenia. Vy to v\u0161ak mus\u00edte ma\u0165 ove\u013ea hor\u0161ie.<\/strong><\/p>\n\n\n\n<p>Moja priate\u013eka Nat\u00e1lia vedie organiz\u00e1ciu, ktor\u00e1 poskytuje tr\u00e9ningy a debaty o vyhoren\u00ed v aktivizme. Sama bola v zlej situ\u00e1cii, ale pozbierala sa a uvedomila si, \u017ee chce pom\u00f4c\u0165 in\u00fdm aktivistom a aktivistk\u00e1m nielen z oblasti \u013eudsk\u00fdch pr\u00e1v, ale napr\u00edklad aj ekol\u00f3gie. Hor\u0161ie je, \u017ee my ako LGBT+ aktivistky a aktivisti \u010dasto bojujeme za zmenu z poz\u00edcie osobnej odli\u0161nosti a diskrimin\u00e1cie. Preto vieme \u013eah\u0161ie vyhorie\u0165. Nebudem klama\u0165, situ\u00e1cia v Po\u013esku je hrozn\u00e1. Mnoh\u00ed moji kamar\u00e1ti a kamar\u00e1tky bojuj\u00fa s psychick\u00fdmi probl\u00e9mami. Niektor\u00ed utekaj\u00fa do Nemecka, Ve\u013ekej Brit\u00e1nie alebo \u0160panielska, aby sa pok\u00fasili vybudova\u0165 si pokojn\u00fd a \u0161\u0165astn\u00fd \u017eivot v novom, priate\u013eskej\u0161om prostred\u00ed. V Po\u013esku teraz vieme, \u017ee sa mus\u00edme b\u00e1\u0165 aj pol\u00edcie a tajn\u00fdch slu\u017eieb. Sna\u017eia sa n\u00e1s zastra\u0161i\u0165, aby sme skon\u010dili s aktivizmom. Nat\u00e1lia m\u00e1 ve\u013ea pr\u00e1ce. Ka\u017ed\u00fd de\u0148 jej volaj\u00fa z nejakej organiz\u00e1cie, \u017ee maj\u00fa z\u00e1ujem o workshop o vyhoren\u00ed.<\/p>\n\n\n\n<p><strong>Situ\u00e1cia je zl\u00e1, ale ty vytrv\u00e1va\u0161. Kedy je ten spr\u00e1vny \u010das vzda\u0165 sa a jednoducho sa pres\u0165ahova\u0165?<\/strong><\/p>\n\n\n\n<p>Kladie\u0161 ve\u013emi zlo\u017eit\u00fa ot\u00e1zku. Mo\u017eno posta\u010d\u00ed, ak ti poviem svoju strat\u00e9giu. Kedysi som pracovala v organiz\u00e1cii presadzuj\u00facej rovnos\u0165 man\u017eelstva a hoci sa v Po\u013esku mnoh\u00fdm zdala revolu\u010dnou, oproti in\u00fdm je to st\u00e1le konzervat\u00edvna organiz\u00e1cia. Odi\u0161la som, aby som sa mohla venova\u0165 radik\u00e1lnej\u0161ej pr\u00e1ci. Som v\u0161ak privilegovan\u00e1, \u017eijem v jednej z najliber\u00e1lnej\u0161\u00edch \u010dast\u00ed Var\u0161avy, v \u0161tvrti s hipstermi a d\u00fahov\u00fdmi vlajkami. Je to bezpe\u010dn\u00e9 prostredie. Mus\u00edme zmeni\u0165 pr\u00edstup, \u00eds\u0165 mimo ve\u013ek\u00fdch miest, mimo Var\u0161avy, Vroclavu, Gdansku, \u010di Krakova. Mus\u00edme pr\u00eds\u0165 podpori\u0165 \u013eud\u00ed, ktor\u00ed bojuj\u00fa za svoje pr\u00e1va na vidieku. Mus\u00edme podpori\u0165 aj t\u00fdch, ktor\u00ed sa chc\u00fa za n\u00e1s postavi\u0165. Mnoh\u00ed s\u00fa jednoducho priate\u013esk\u00ed a solid\u00e1rni, pracuj\u00fa pre mestsk\u00e9 samospr\u00e1vy, vystupuj\u00fa proti klimatickej zmene a potrebuj\u00fa \u0161kolenia, niekedy pr\u00e1vnu pomoc alebo sa len dozvedie\u0165 viac o LGBT+ ot\u00e1zke. Zalo\u017eila som preto minul\u00fd rok nov\u00fa organiz\u00e1ciu, zh\u00e1\u0148ame peniaze v zahrani\u010d\u00ed a potom ich pon\u00fakame komunit\u00e1m v men\u0161\u00edch mest\u00e1ch vo forme grantov. \u010ci\u017ee, nem\u00e1m odpove\u010f na tvoju ot\u00e1zku. M\u00e1m len strat\u00e9giu, ktor\u00e1 mi pr\u00e1ve pom\u00e1ha pre\u017ei\u0165 a nevyhorie\u0165.<\/p>\n\n\n\n<p><strong>Ako sa \u017eije \u013eu\u010fom vo vyhl\u00e1sen\u00fdch takzvan\u00fdch \u201ez\u00f3nach bez LGBT\u201c?<\/strong><\/p>\n\n\n\n<p>Robia skvel\u00fa pr\u00e1cu. Kontaktuj\u00fa mest\u00e1 v zahrani\u010d\u00ed, napr\u00edklad v Nemecku alebo Franc\u00fazsku, ktor\u00e9 maj\u00fa vz\u0165ahy s po\u013esk\u00fdmi mestami a obcami ako partnersk\u00e9 mest\u00e1. Jedno mesto alebo obec v Po\u013esku m\u00f4\u017ee ma\u0165 p\u00e4\u0165 partnersk\u00fdch v zahrani\u010d\u00ed. Aktivisti a aktivistky teraz oslovuj\u00fa ich samospr\u00e1vy s ot\u00e1zkou, \u010di vedia o tom, \u017ee ich po\u013esk\u00ed partneri sa vyhl\u00e1sili za \u201ez\u00f3nu bez LGBT\u201c. V s\u00fa\u010dasnosti viacer\u00e9 nemeck\u00e9 a franc\u00fazske mest\u00e1 u\u017e zru\u0161ili tak\u00e9to spolupr\u00e1ce a sp\u00f4sobili t\u00fdm \u0161ok pre miestnu komunitu. Partnerstv\u00e1 s\u00fa d\u00f4le\u017eit\u00e9 pre ekonomiku samospr\u00e1v, kooper\u00e1ciu \u0161k\u00f4l a tak \u010falej. Tak\u017ee po\u013esk\u00ed politici c\u00edtia priamy \u00fa\u010dinok svojej kampane. Mnoh\u00ed \u010fal\u0161\u00ed aktivisti a aktivistky sa usiluj\u00fa vo svojich mest\u00e1ch otvori\u0165 dial\u00f3g: pozrite sa, som lesba, som gej, na\u0161e pr\u00e1va nie s\u00fa ideol\u00f3gia a vy sa n\u00e1s sna\u017e\u00edte vyl\u00fa\u010di\u0165 zo svojej komunity. Odv\u00e1\u017ene vystupuj\u00fa z ticha a konfrontuj\u00fa spoluob\u010danov. N\u00e1\u0161 ombudsman Adam Bodnar zas tieto rozhodnutia samospr\u00e1v jednoducho vzal na s\u00fad.<\/p>\n\n\n\n<p><strong>Kedy si sa rozhodla sta\u0165 sa aktivistkou?<\/strong><\/p>\n\n\n\n<p>Je to ve\u013emi osobn\u00fd pr\u00edbeh. U\u017e na strednej \u0161kole som sa zap\u00e1jala do mnoh\u00fdch neziskov\u00fdch organiz\u00e1ci\u00ed bojuj\u00facich za demokraciu, \u013eudsk\u00e9 pr\u00e1va a transparentnos\u0165. M\u00f4j coming-out prebehol niekedy okolo mojej tridsiatky. Dovtedy som mala viacer\u00e9 vz\u0165ahy s mu\u017emi, ale nedopadli dobre a nesk\u00f4r som si uvedomila pre\u010do. Za\u013e\u00fabila som sa toti\u017e do \u017eeny a sp\u00f4sobilo to vo mne zemetrasenie. C\u00edtila som, \u017ee nem\u00f4\u017eem u\u017e maza\u0165 \u010das\u0165 svojej identity, som jednoducho lesba. T\u00e1 l\u00e1ska v\u0161ak dlho netrvala, iba p\u00e1r mesiacov. Po rozchode som sa c\u00edtila \u00faplne zlomen\u00e1 a smutn\u00e1, ale kamar\u00e1ti mi odporu\u010dili, aby som sa za\u010dala aktivizova\u0165, aby som si napr\u00edklad vymyslela nejak\u00fd projekt a do nie\u010do investovala nahromaden\u00e9 pocity, energiu a vylie\u010dila si tak srdce a myse\u013e. Ke\u010f\u017ee som mala mnoho sk\u00fasenost\u00ed z neziskoviek a vedomosti o finan\u010dn\u00fdch a pr\u00e1vnych ot\u00e1zkach, zalo\u017eila som organiz\u00e1ciu zastupuj\u00facu pr\u00e1va LGBT+ \u013eud\u00ed. \u010coskoro sa stala jednou z najv\u00fdznamnej\u0161\u00edch podobn\u00fdch v Po\u013esku. Bola to r\u00fdchla kari\u00e9ra. Raz som dospela do bodu, ke\u010f som c\u00edtila, \u017ee by som mo\u017eno mala aktivizmus opusti\u0165 a s\u00fastredi\u0165 sa rad\u0161ej na svoj s\u00fakromn\u00fd \u017eivot.<\/p>\n\n\n\n<p><strong>Mo\u017eno pomohlo, \u017ee aj tvoja partnerka je aktivistka.<\/strong><\/p>\n\n\n\n<p>Ur\u010dite. St\u00e1le m\u00e1m ve\u013ea n\u00e1padov, chcela by som napr\u00edklad zalo\u017ei\u0165 komunitn\u00e9 centrum, ktor\u00e9 by poskytovalo pr\u00edstre\u0161ok pre \u013eud\u00ed v n\u00fadzi. M\u00e1m ve\u013ea pr\u00e1ce, no mus\u00edm sa str\u00e1\u017ei\u0165, aby som nevyhorela. Ke\u010f\u017ee som privilegovan\u00e1 a m\u00e1m dobr\u00fd pr\u00edstup k donorom a sk\u00fasenosti fundraiserky, uvedomila som si, \u017ee nikto in\u00fd moju pr\u00e1cu za m\u0148a nesprav\u00ed. Mus\u00edm vyu\u017ei\u0165 svoje schopnosti a sk\u00fasenosti, je to m\u00f4j dar a mus\u00edm n\u00edm pom\u00f4c\u0165 komunite. Je to moja povinnos\u0165.<\/p>\n\n\n\n<p><\/p>\n\n\n\n<p><strong>Text: Marek Hudec<\/strong><\/p>\n\n\n\n<p><strong>FOTO: Arch\u00edv Aleksandry Muzi\u0144skej<\/strong><\/p>\n","protected":false},"excerpt":{"rendered":"<p>Aleksandra Muzi\u0144ska z Var\u0161avy p\u00f4sobila v zdru\u017een\u00ed Mi\u0142o\u015b\u0107 Nie Wyklucza a v s\u00fa\u010dasnosti pracuje v neziskovej organiz\u00e1cii Fundusz dla Odmiany, ktor\u00e9 presadzuj\u00fa rovnos\u0165 man\u017eelstva a bojuj\u00fa za pr\u00e1va queer \u013eud\u00ed. Pre QYS hovor\u00ed o \u017eivote aktivistky v najhomof\u00f3bnej\u0161ej krajine Eur\u00f3pskej \u00fanie (pod\u013ea rebr\u00ed\u010dka asoci\u00e1cie Rainbow Europe), kde v poslednom \u010dase v niektor\u00fdch mest\u00e1ch a obciach <a href=\"https:\/\/duhovyrok.sk\/qys\/polska-aktivistka-niektori-utekaju-prec-za-lepsim-zivotom-ini-sa-snazia-nevyhoriet\/\" class=\"more-link\">&#8230;<\/a><\/p>\n","protected":false},"author":10,"featured_media":1669,"comment_status":"closed","ping_status":"open","sticky":false,"template":"","format":"standard","meta":{"footnotes":""},"categories":[7,10,13],"tags":[20,101,142,161],"class_list":["post-1668","post","type-post","status-publish","format-standard","has-post-thumbnail","hentry","category-pride","category-kultura","category-viditelnost","tag-aktivizmus","tag-lgbt-2","tag-queer","tag-queer-osobnost"],"_links":{"self":[{"href":"https:\/\/duhovyrok.sk\/qys\/wp-json\/wp\/v2\/posts\/1668","targetHints":{"allow":["GET"]}}],"collection":[{"href":"https:\/\/duhovyrok.sk\/qys\/wp-json\/wp\/v2\/posts"}],"about":[{"href":"https:\/\/duhovyrok.sk\/qys\/wp-json\/wp\/v2\/types\/post"}],"author":[{"embeddable":true,"href":"https:\/\/duhovyrok.sk\/qys\/wp-json\/wp\/v2\/users\/10"}],"replies":[{"embeddable":true,"href":"https:\/\/duhovyrok.sk\/qys\/wp-json\/wp\/v2\/comments?post=1668"}],"version-history":[{"count":0,"href":"https:\/\/duhovyrok.sk\/qys\/wp-json\/wp\/v2\/posts\/1668\/revisions"}],"wp:featuredmedia":[{"embeddable":true,"href":"https:\/\/duhovyrok.sk\/qys\/wp-json\/wp\/v2\/media\/1669"}],"wp:attachment":[{"href":"https:\/\/duhovyrok.sk\/qys\/wp-json\/wp\/v2\/media?parent=1668"}],"wp:term":[{"taxonomy":"category","embeddable":true,"href":"https:\/\/duhovyrok.sk\/qys\/wp-json\/wp\/v2\/categories?post=1668"},{"taxonomy":"post_tag","embeddable":true,"href":"https:\/\/duhovyrok.sk\/qys\/wp-json\/wp\/v2\/tags?post=1668"}],"curies":[{"name":"wp","href":"https:\/\/api.w.org\/{rel}","templated":true}]}}