{"id":1624,"date":"2020-07-28T09:04:32","date_gmt":"2020-07-28T07:04:32","guid":{"rendered":"https:\/\/qys.sk\/?p=1624"},"modified":"2020-07-28T09:04:32","modified_gmt":"2020-07-28T07:04:32","slug":"nove-cislo-magazinu-qys-leto-2020-je-konecne-vonku","status":"publish","type":"post","link":"https:\/\/duhovyrok.sk\/qys\/nove-cislo-magazinu-qys-leto-2020-je-konecne-vonku\/","title":{"rendered":"Nov\u00e9 \u010d\u00edslo magaz\u00ednu QYS Leto 2020 je kone\u010dne vonku"},"content":{"rendered":"\n<p>Je to tu! Nov\u00e9 \u010d\u00edslo magaz\u00ednu QYS Leto 2020 je kone\u010dne vonku <img loading=\"lazy\" decoding=\"async\" alt=\"\u2600\ufe0f\" src=\"https:\/\/static.xx.fbcdn.net\/images\/emoji.php\/v9\/t6d\/1\/16\/2600.png\" width=\"16\" height=\"16\"><\/p>\n\n\n\n<p>N\u00e1jdete v \u0148om:<\/p>\n\n\n\n<ul class=\"wp-block-list\"><li>rozhovor s b\u00e1snikom Michalom Tallom a v\u00fdber novej \u010deskej a slovenskej queer po\u00e9zie<\/li><li>rozhovor s Ivanou Bel\u00e1kovou, tat\u00e9rkou v Kalifornii<\/li><li>\u010dl\u00e1nok o pripravovanej  v\u00fdstave o teplej hist\u00f3rii<\/li><li>ako sa pripravoval PRIDE v \u010dase pand\u00e9mie?<\/li><li>ako za\u017e\u00edvali queer p\u00e1ry karant\u00e9nu?<\/li><li>pr\u00edbeh M\u00e1rie \u0160cepkovej: Tridsa\u0165 rokov som \u017eila pod\u013ea katol\u00edckeho u\u010denia o homosexu\u00e1loch, prinieslo mi to len depresie<\/li><li>queer hudba, seri\u00e1l<\/li><\/ul>\n\n\n\n<p>A mnoho \u010fal\u0161ieho skvel\u00e9ho&#8230;<\/p>\n\n\n\n<p>Cel\u00e9 ho n\u00e1jdete tu: <a rel=\"noreferrer noopener\" href=\"https:\/\/l.facebook.com\/l.php?u=https%3A%2F%2Fbit.ly%2F2CUB5Lf%3Ffbclid%3DIwAR2aZjJcyG2W_PzD8N3U5SERh8yaQ_9_p0Q5LqWfmpAv_ZwEL08mEIGjghM&amp;h=AT1EbvCca8l0s6SWE4ntJOtiyV54DDH78EGuIoh9-vyNS9StSI98K3zmncXj7rFsJz3eL6p3Po_cZl9CgIIPtixQBDEZhzzc1pJXsEJioFrNyQQuIazBJeT96N2Jyb4vHg&amp;__tn__=-UK-R&amp;c[0]=AT1oiPh8KgziJ64qPoD47k1ppGUnAW-yg_FbBJd-OSHKtzxj3EvQoizOTAjwnN1wlFeqimyKYD8yS7i5h9XFVXpEq2QWjVZMzJTilerYUPk-1rIGi2RsBRD0ot7j1xxabqKmoMIxHMCC8Wr0N_PYIRtlW8aZjLgfijlByQzI5TdPhp0Yssv-d1R1iEGNg5c\" target=\"_blank\">https:\/\/bit.ly\/2CUB5Lf<\/a> alebo si m\u00f4\u017eete zadov\u00e1\u017ei\u0165 \u010d\u00edslo v tla\u010denej podobe tu: <a rel=\"noreferrer noopener\" href=\"https:\/\/l.facebook.com\/l.php?u=https%3A%2F%2Fqys.sk%2Fobjednajte-si%2F%3Ffbclid%3DIwAR2ieCMJS0jY_AS-aREii9b2PBgjODsqN7mEJiM_0NImQC_kJg0UVR_7stk&amp;h=AT06mDRWA2cl9_yF4sFGMUC-1NwbXuVbj6a5fqQ1jKdhjDe1ePpr3mXzdfnxnnGAvZDkErl0G247Kj32rRRf9kS0UOkdENUn4G30PXpvH0hQC6yJ_1HGRFDHfHRH_201_g&amp;__tn__=-UK-R&amp;c[0]=AT1oiPh8KgziJ64qPoD47k1ppGUnAW-yg_FbBJd-OSHKtzxj3EvQoizOTAjwnN1wlFeqimyKYD8yS7i5h9XFVXpEq2QWjVZMzJTilerYUPk-1rIGi2RsBRD0ot7j1xxabqKmoMIxHMCC8Wr0N_PYIRtlW8aZjLgfijlByQzI5TdPhp0Yssv-d1R1iEGNg5c\" target=\"_blank\">https:\/\/qys.sk\/objednajte-si\/<\/a> <img loading=\"lazy\" decoding=\"async\" alt=\"?\" src=\"https:\/\/static.xx.fbcdn.net\/images\/emoji.php\/v9\/t7f\/1\/16\/1f60a.png\" width=\"16\" height=\"16\"> <\/p>\n\n\n\n<p>Toto \u010d\u00edslo podporil <a href=\"https:\/\/fpu.sk\/sk\/\">Fond na podporu umenia<\/a> a <a href=\"https:\/\/www.justice.gov.sk\/Stranky\/default.aspx\">Ministerstvo Spravodlivosti SR.<\/a><\/p>\n\n\n\n<div class=\"wp-block-image\"><figure class=\"alignright size-large is-resized\"><a href=\"https:\/\/www.justice.gov.sk\/Stranky\/default.aspx\"><img loading=\"lazy\" decoding=\"async\" src=\"https:\/\/duhovyrok.sk\/qys\/wp-content\/uploads\/sites\/2\/2020\/07\/Logo_MS-SR_web.jpg\" alt=\"\" class=\"wp-image-1609\" width=\"264\" height=\"198\" srcset=\"https:\/\/duhovyrok.sk\/qys\/wp-content\/uploads\/sites\/2\/2020\/07\/Logo_MS-SR_web.jpg 418w, https:\/\/duhovyrok.sk\/qys\/wp-content\/uploads\/sites\/2\/2020\/07\/Logo_MS-SR_web-300x226.jpg 300w\" sizes=\"auto, (max-width: 264px) 100vw, 264px\" \/><\/a><\/figure><\/div>\n\n\n\n<figure class=\"wp-block-image size-large is-resized\"><a href=\"https:\/\/fpu.sk\/sk\/\"><img loading=\"lazy\" decoding=\"async\" src=\"https:\/\/qys.sk\/wp-content\/uploads\/2020\/07\/fpu-logo1-modre-1-1024x768.jpg\" alt=\"\" class=\"wp-image-1610\" width=\"273\" height=\"204\" \/><\/a><\/figure>\n\n\n\n<p><\/p>\n","protected":false},"excerpt":{"rendered":"<p>Je to tu! Nov\u00e9 \u010d\u00edslo magaz\u00ednu QYS Leto 2020 je kone\u010dne vonku N\u00e1jdete v \u0148om: rozhovor s b\u00e1snikom Michalom Tallom a v\u00fdber novej \u010deskej a slovenskej queer po\u00e9zie rozhovor s Ivanou Bel\u00e1kovou, tat\u00e9rkou v Kalifornii \u010dl\u00e1nok o pripravovanej v\u00fdstave o teplej hist\u00f3rii ako sa pripravoval PRIDE v \u010dase pand\u00e9mie? ako za\u017e\u00edvali queer p\u00e1ry karant\u00e9nu? pr\u00edbeh <a href=\"https:\/\/duhovyrok.sk\/qys\/nove-cislo-magazinu-qys-leto-2020-je-konecne-vonku\/\" class=\"more-link\">&#8230;<\/a><\/p>\n","protected":false},"author":2,"featured_media":1625,"comment_status":"closed","ping_status":"open","sticky":false,"template":"","format":"standard","meta":{"footnotes":""},"categories":[1,3,6,7,9,10,12,13],"tags":[62,123,173],"class_list":["post-1624","post","type-post","status-publish","format-standard","has-post-thumbnail","hentry","category-nezaradene","category-partnerstva","category-pribehy-lgbti-ludi","category-pride","category-queer-historia","category-kultura","category-tipy","category-viditelnost","tag-gay-magazin","tag-nove-cislo","tag-qys"],"_links":{"self":[{"href":"https:\/\/duhovyrok.sk\/qys\/wp-json\/wp\/v2\/posts\/1624","targetHints":{"allow":["GET"]}}],"collection":[{"href":"https:\/\/duhovyrok.sk\/qys\/wp-json\/wp\/v2\/posts"}],"about":[{"href":"https:\/\/duhovyrok.sk\/qys\/wp-json\/wp\/v2\/types\/post"}],"author":[{"embeddable":true,"href":"https:\/\/duhovyrok.sk\/qys\/wp-json\/wp\/v2\/users\/2"}],"replies":[{"embeddable":true,"href":"https:\/\/duhovyrok.sk\/qys\/wp-json\/wp\/v2\/comments?post=1624"}],"version-history":[{"count":0,"href":"https:\/\/duhovyrok.sk\/qys\/wp-json\/wp\/v2\/posts\/1624\/revisions"}],"wp:featuredmedia":[{"embeddable":true,"href":"https:\/\/duhovyrok.sk\/qys\/wp-json\/wp\/v2\/media\/1625"}],"wp:attachment":[{"href":"https:\/\/duhovyrok.sk\/qys\/wp-json\/wp\/v2\/media?parent=1624"}],"wp:term":[{"taxonomy":"category","embeddable":true,"href":"https:\/\/duhovyrok.sk\/qys\/wp-json\/wp\/v2\/categories?post=1624"},{"taxonomy":"post_tag","embeddable":true,"href":"https:\/\/duhovyrok.sk\/qys\/wp-json\/wp\/v2\/tags?post=1624"}],"curies":[{"name":"wp","href":"https:\/\/api.w.org\/{rel}","templated":true}]}}