{"id":1595,"date":"2020-07-10T17:56:47","date_gmt":"2020-07-10T15:56:47","guid":{"rendered":"https:\/\/qys.sk\/?p=1595"},"modified":"2020-07-10T17:56:47","modified_gmt":"2020-07-10T15:56:47","slug":"pozvanka-pride-tyzden-mladi-queer-ludia-aki-su-a-co-ich-trapi-27-7-2020","status":"publish","type":"post","link":"https:\/\/duhovyrok.sk\/qys\/pozvanka-pride-tyzden-mladi-queer-ludia-aki-su-a-co-ich-trapi-27-7-2020\/","title":{"rendered":"Pozv\u00e1nka PRIDE t\u00fd\u017ede\u0148: Mlad\u00ed Queer \u013eudia &#8211; Ak\u00ed s\u00fa a \u010do ich tr\u00e1pi? 27.7.2020"},"content":{"rendered":"\n<p><strong><strong>Magaz\u00edn QYS a Nov\u00e1 Cvernovka v\u00e1s poz\u00fdvaj\u00fa na tepl\u00fa diskusiu a premietanie filmu v r\u00e1mci sprievodn\u00fdch podujat\u00ed PRIDE t\u00fd\u017ed\u0148a. Podujatie sa bude kona\u0165 23. j\u00fala 2020 (\u0161tvrtok) o 19:00 hod. v Novej Cvernovke na Ra\u010dianskej 78 v Bratislave. &nbsp;&nbsp;<\/strong>&nbsp;&nbsp;<\/strong><\/p>\n\n\n\n<p>Prijatie LGBT+ komunity na Slovensku prech\u00e1dza v\u00fdvojom, ktor\u00ed sa dot\u00fdka nieko\u013ek\u00fdch vekov\u00fdch gener\u00e1ci\u00ed. Ako ju vn\u00edma t\u00e1 dospievaj\u00faca? S\u00fa slovensk\u00e9 \u0161koly st\u00e1le prostred\u00edm \u0161ikany? Ako slovensk\u00ed rodi\u010dia reaguj\u00fa na coming out?<\/p>\n\n\n\n<p>A \u010do hovoria mlad\u00ed queer \u013eudia na politick\u00fa situ\u00e1ciu \u2013 dotkla sa ich diskusia okolo referenda za rodinu a \u010do si myslia o zlo\u017een\u00ed s\u00fa\u010dasn\u00e9ho parlamentu? Chc\u00fa osta\u0165 alebo od\u00eds\u0165? V diskusii tepl\u00e9ho magaz\u00ednu QYS sa podelia so svojimi sk\u00fasenos\u0165ami a z\u00e1\u017eitkami. Moderuje Marek Hudec. Z poh\u013eadu experta na \u0161ikanu a rodov\u00fa rovnos\u0165 sa zapoj\u00ed Andrej Kuruc.<\/p>\n\n\n\n<p>Po diskusii ve\u010der v r\u00e1mci programu Leto pod palmou pokra\u010duje premietan\u00edm filmu 120 tepov za min\u00fatu o franc\u00fazskych aktivistoch a aktivistk\u00e1ch, ktor\u00ed a ktor\u00e9 v 90. rokoch bojovali proti farmaceutick\u00fdm firm\u00e1m a politikom. Vyhral cenu C\u00e9sar za najlep\u0161\u00ed franc\u00fazsky film roku 2017 a cenu poroty na festivale v Cannes.<\/p>\n\n\n\n<p><strong>Program:<\/strong><br>19:00 diskusia<br>21:00 premietanie<\/p>\n\n\n\n<p><strong>Grafika: \u0160imon Chovan<\/strong><\/p>\n\n\n\n<p>Viac inform\u00e1ci\u00ed o programe podujatia n\u00e1jdete tu: ? <a href=\"http:\/\/facebook.com\/events\/2833440270097596\/\" target=\"_blank\" rel=\"noreferrer noopener\">facebook.com\/events\/2833440270097596\/<\/a><\/p>\n\n\n\n<p>Podujatie je s\u00fa\u010das\u0165ou PRIDE Week a podporil ho <a href=\"https:\/\/fpu.sk\/sk\/\">Fond na podporu umenia<\/a> a <a href=\"https:\/\/www.justice.gov.sk\/Stranky\/default.aspx\">Ministerstvo spravodlivosti Slovenskej republiky<\/a>.<\/p>\n\n\n\n<div class=\"wp-block-image\"><figure class=\"alignright is-resized\"><a href=\"https:\/\/www.justice.gov.sk\/Stranky\/default.aspx\"><img loading=\"lazy\" decoding=\"async\" src=\"https:\/\/duhovyrok.sk\/qys\/wp-content\/uploads\/sites\/2\/2020\/07\/Logo_MS-SR_web.jpg\" alt=\"Tento obr\u00e1zok nem\u00e1 vyplnen\u00fd ALT popisok, jeho n\u00e1zov je Logo_MS-SR_web.jpg\" width=\"268\" height=\"202\" \/><\/a><\/figure><\/div>\n\n\n\n<figure class=\"wp-block-image is-resized\"><a href=\"https:\/\/fpu.sk\/sk\/\"><img loading=\"lazy\" decoding=\"async\" src=\"https:\/\/qys.sk\/wp-content\/uploads\/2020\/07\/fpu-logo1-modre-1-1024x768.jpg\" alt=\"Tento obr\u00e1zok nem\u00e1 vyplnen\u00fd ALT popisok, jeho n\u00e1zov je fpu-logo1-modre-1-1024x768.jpg\" width=\"260\" height=\"195\" \/><\/a><\/figure>\n\n\n\n<p><\/p>\n","protected":false},"excerpt":{"rendered":"<p>Magaz\u00edn QYS a Nov\u00e1 Cvernovka v\u00e1s poz\u00fdvaj\u00fa na tepl\u00fa diskusiu a premietanie filmu v r\u00e1mci sprievodn\u00fdch podujat\u00ed PRIDE t\u00fd\u017ed\u0148a. Podujatie sa bude kona\u0165 23. j\u00fala 2020 (\u0161tvrtok) o 19:00 hod. v Novej Cvernovke na Ra\u010dianskej 78 v Bratislave. &nbsp;&nbsp;&nbsp;&nbsp; Prijatie LGBT+ komunity na Slovensku prech\u00e1dza v\u00fdvojom, ktor\u00ed sa dot\u00fdka nieko\u013ek\u00fdch vekov\u00fdch gener\u00e1ci\u00ed. Ako ju vn\u00edma <a href=\"https:\/\/duhovyrok.sk\/qys\/pozvanka-pride-tyzden-mladi-queer-ludia-aki-su-a-co-ich-trapi-27-7-2020\/\" class=\"more-link\">&#8230;<\/a><\/p>\n","protected":false},"author":2,"featured_media":1596,"comment_status":"closed","ping_status":"open","sticky":false,"template":"","format":"standard","meta":{"footnotes":""},"categories":[7,8,12,13],"tags":[],"class_list":["post-1595","post","type-post","status-publish","format-standard","has-post-thumbnail","hentry","category-pride","category-queer-veda","category-tipy","category-viditelnost"],"_links":{"self":[{"href":"https:\/\/duhovyrok.sk\/qys\/wp-json\/wp\/v2\/posts\/1595","targetHints":{"allow":["GET"]}}],"collection":[{"href":"https:\/\/duhovyrok.sk\/qys\/wp-json\/wp\/v2\/posts"}],"about":[{"href":"https:\/\/duhovyrok.sk\/qys\/wp-json\/wp\/v2\/types\/post"}],"author":[{"embeddable":true,"href":"https:\/\/duhovyrok.sk\/qys\/wp-json\/wp\/v2\/users\/2"}],"replies":[{"embeddable":true,"href":"https:\/\/duhovyrok.sk\/qys\/wp-json\/wp\/v2\/comments?post=1595"}],"version-history":[{"count":0,"href":"https:\/\/duhovyrok.sk\/qys\/wp-json\/wp\/v2\/posts\/1595\/revisions"}],"wp:featuredmedia":[{"embeddable":true,"href":"https:\/\/duhovyrok.sk\/qys\/wp-json\/wp\/v2\/media\/1596"}],"wp:attachment":[{"href":"https:\/\/duhovyrok.sk\/qys\/wp-json\/wp\/v2\/media?parent=1595"}],"wp:term":[{"taxonomy":"category","embeddable":true,"href":"https:\/\/duhovyrok.sk\/qys\/wp-json\/wp\/v2\/categories?post=1595"},{"taxonomy":"post_tag","embeddable":true,"href":"https:\/\/duhovyrok.sk\/qys\/wp-json\/wp\/v2\/tags?post=1595"}],"curies":[{"name":"wp","href":"https:\/\/api.w.org\/{rel}","templated":true}]}}