{"id":1591,"date":"2020-07-09T20:15:36","date_gmt":"2020-07-09T18:15:36","guid":{"rendered":"https:\/\/qys.sk\/?p=1591"},"modified":"2020-07-09T20:15:36","modified_gmt":"2020-07-09T18:15:36","slug":"pozvanka-pride-tyzden-queer_love_poetry_%e2%99%a1-21-7-2020","status":"publish","type":"post","link":"https:\/\/duhovyrok.sk\/qys\/pozvanka-pride-tyzden-queer_love_poetry_%e2%99%a1-21-7-2020\/","title":{"rendered":"Pozv\u00e1nka PRIDE t\u00fd\u017ede\u0148: Queer_Love_Poetry_\u2661 21.7.2020"},"content":{"rendered":"\n<p><strong>V r\u00e1mci sprievodn\u00fdch podujat\u00ed PRIDE t\u00fd\u017ed\u0148a v\u00e1s v spolupr\u00e1ci s magaz\u00ednom QYS a Nomantinels poz\u00fdvame na ve\u010der s po\u00e9ziou. Podujatie sa bude kona\u0165 21.7.2020 (utorok) o 18:00 v Pistoriho Pal\u00e1ci na \u0160tef\u00e1nikovej 25 v Bratislave. Te\u0161\u00edme sa na V\u00e1s.&nbsp;&nbsp;<\/strong><\/p>\n\n\n\n<p>V\u00fdber z novej po\u00e9zie queer b\u00e1snikov a poetiek z \u010ceska a zo Slovenska je s\u00fa\u010das\u0165ou nov\u00e9ho \u010d\u00edsla \u010dasopisu QYS.<\/p>\n\n\n\n<p>Predstav\u00edme ho v inscenovanej podobe a s koncertom huslistu Mareka Kon\u010deka. Blok uvedie kur\u00e1tor v\u00fdberu, b\u00e1snik Michal Tallo.<\/p>\n\n\n\n<p>Viac inform\u00e1ci\u00ed o programe n\u00e1jdete tu: ?<a href=\"https:\/\/www.facebook.com\/events\/2731949563704068\/\">https:\/\/www.facebook.com\/events\/2731949563704068\/<\/a><\/p>\n\n\n\n<p>Podujatie je s\u00fa\u010das\u0165ou PRIDE Week a jeho vznik podporil <a href=\"https:\/\/fpu.sk\/sk\/\">Fond na podporu umenia<\/a> a <a href=\"https:\/\/www.justice.gov.sk\/Stranky\/default.aspx\">Ministerstvo spravodlivosti Slovenskej repubiky<\/a>.<\/p>\n\n\n\n<div class=\"wp-block-group\"><div class=\"wp-block-group__inner-container is-layout-flow wp-block-group-is-layout-flow\">\n<div class=\"wp-block-image\"><figure class=\"alignright size-large is-resized\"><a href=\"https:\/\/www.justice.gov.sk\/Stranky\/default.aspx\"><img loading=\"lazy\" decoding=\"async\" src=\"https:\/\/duhovyrok.sk\/qys\/wp-content\/uploads\/sites\/2\/2020\/07\/Logo_MS-SR_web.jpg\" alt=\"\" class=\"wp-image-1609\" width=\"240\" height=\"182\" srcset=\"https:\/\/duhovyrok.sk\/qys\/wp-content\/uploads\/sites\/2\/2020\/07\/Logo_MS-SR_web.jpg 418w, https:\/\/duhovyrok.sk\/qys\/wp-content\/uploads\/sites\/2\/2020\/07\/Logo_MS-SR_web-300x226.jpg 300w\" sizes=\"auto, (max-width: 240px) 100vw, 240px\" \/><\/a><\/figure><\/div>\n\n\n\n<div class=\"wp-block-group\"><div class=\"wp-block-group__inner-container is-layout-flow wp-block-group-is-layout-flow\">\n<figure class=\"wp-block-image size-large is-resized\"><a href=\"fpu.sk\/sk\/\"><img loading=\"lazy\" decoding=\"async\" src=\"https:\/\/qys.sk\/wp-content\/uploads\/2020\/07\/fpu-logo1-modre-1-1024x768.jpg\" alt=\"\" class=\"wp-image-1610\" width=\"243\" height=\"181\" \/><\/a><\/figure>\n<\/div><\/div>\n<\/div><\/div>\n\n\n\n\n\n<p><\/p>\n","protected":false},"excerpt":{"rendered":"<p>V r\u00e1mci sprievodn\u00fdch podujat\u00ed PRIDE t\u00fd\u017ed\u0148a v\u00e1s v spolupr\u00e1ci s magaz\u00ednom QYS a Nomantinels poz\u00fdvame na ve\u010der s po\u00e9ziou. Podujatie sa bude kona\u0165 21.7.2020 (utorok) o 18:00 v Pistoriho Pal\u00e1ci na \u0160tef\u00e1nikovej 25 v Bratislave. Te\u0161\u00edme sa na V\u00e1s.&nbsp;&nbsp; V\u00fdber z novej po\u00e9zie queer b\u00e1snikov a poetiek z \u010ceska a zo Slovenska je s\u00fa\u010das\u0165ou nov\u00e9ho <a href=\"https:\/\/duhovyrok.sk\/qys\/pozvanka-pride-tyzden-queer_love_poetry_%e2%99%a1-21-7-2020\/\" class=\"more-link\">&#8230;<\/a><\/p>\n","protected":false},"author":2,"featured_media":1592,"comment_status":"closed","ping_status":"open","sticky":false,"template":"","format":"standard","meta":{"footnotes":""},"categories":[7,12,13],"tags":[],"class_list":["post-1591","post","type-post","status-publish","format-standard","has-post-thumbnail","hentry","category-pride","category-tipy","category-viditelnost"],"_links":{"self":[{"href":"https:\/\/duhovyrok.sk\/qys\/wp-json\/wp\/v2\/posts\/1591","targetHints":{"allow":["GET"]}}],"collection":[{"href":"https:\/\/duhovyrok.sk\/qys\/wp-json\/wp\/v2\/posts"}],"about":[{"href":"https:\/\/duhovyrok.sk\/qys\/wp-json\/wp\/v2\/types\/post"}],"author":[{"embeddable":true,"href":"https:\/\/duhovyrok.sk\/qys\/wp-json\/wp\/v2\/users\/2"}],"replies":[{"embeddable":true,"href":"https:\/\/duhovyrok.sk\/qys\/wp-json\/wp\/v2\/comments?post=1591"}],"version-history":[{"count":0,"href":"https:\/\/duhovyrok.sk\/qys\/wp-json\/wp\/v2\/posts\/1591\/revisions"}],"wp:featuredmedia":[{"embeddable":true,"href":"https:\/\/duhovyrok.sk\/qys\/wp-json\/wp\/v2\/media\/1592"}],"wp:attachment":[{"href":"https:\/\/duhovyrok.sk\/qys\/wp-json\/wp\/v2\/media?parent=1591"}],"wp:term":[{"taxonomy":"category","embeddable":true,"href":"https:\/\/duhovyrok.sk\/qys\/wp-json\/wp\/v2\/categories?post=1591"},{"taxonomy":"post_tag","embeddable":true,"href":"https:\/\/duhovyrok.sk\/qys\/wp-json\/wp\/v2\/tags?post=1591"}],"curies":[{"name":"wp","href":"https:\/\/api.w.org\/{rel}","templated":true}]}}