{"id":1551,"date":"2020-05-31T12:25:50","date_gmt":"2020-05-31T10:25:50","guid":{"rendered":"https:\/\/qys.sk\/?p=1551"},"modified":"2021-03-18T08:48:54","modified_gmt":"2021-03-18T07:48:54","slug":"hon-chong-chybal-mi-typ-podujatia-kde-ludia-pridu-a-povedia-svoj-pravdivy-osobny-pribeh","status":"publish","type":"post","link":"https:\/\/duhovyrok.sk\/qys\/hon-chong-chybal-mi-typ-podujatia-kde-ludia-pridu-a-povedia-svoj-pravdivy-osobny-pribeh\/","title":{"rendered":"Hon Chong: Ch\u00fdbal mi typ podujatia, kde \u013eudia pr\u00eddu a povedia svoj pravdiv\u00fd osobn\u00fd pr\u00edbeh"},"content":{"rendered":"\n<p><em>Hon Chong (38) z&nbsp;Malajzie \u017eije na Slovensku u\u017e 13 rokov. Je in\u0161truktor, improviz\u00e1tor, umelec a kvalifikovan\u00fd \u0161kolite\u013e a&nbsp;u\u010dite\u013e anglick\u00e9ho jazyka. Pravidelne organizuje akcie Story Nights a&nbsp;v&nbsp;r\u00e1mci nich aj Queer Story Nights so zameran\u00edm na LGBTI komunitu. Hon je tie\u017e zakladate\u013eom Funnylicious Improv a pravidelne s nimi hr\u00e1va<\/em><\/p>\n\n\n\n<p><strong>M\u00f4\u017ee\u0161 mi poveda\u0165 nie\u010do o&nbsp;sebe, kde si sa narodil, ak\u00e1 je tvoja hist\u00f3ria?<\/strong><\/p>\n\n\n\n<p>Moje meno je Hon. Som improviz\u00e1tor, herec a&nbsp;u\u010diaci umelec. Narodil som sa v&nbsp;Kuala Lumpur v&nbsp;Malajzii. Mlad\u00e9 roky som str\u00e1vil \u0161t\u00fadiom v&nbsp;USA a&nbsp;pres\u0165ahoval som sa do strednej Eur\u00f3py (\u010ceskej republiky), ke\u010f som mal 25.&nbsp;<\/p>\n\n\n\n<p>Odi\u0161iel som z&nbsp;USA, preto\u017ee som potreboval zmenu a&nbsp;h\u013eadal som dobrodru\u017estvo. A&nbsp;definit\u00edvne som ho na\u0161iel v&nbsp;tejto \u010dasti Eur\u00f3py. Jeden rok som str\u00e1vil v&nbsp;\u010ceskej republike a&nbsp;pres\u0165ahoval som sa na Slovensko. Ke\u010f som sem pri\u0161iel, malo to by\u0165 do\u010dasn\u00e9, \u0161lo o&nbsp;u\u010denie anglick\u00e9ho jazyka cez leto v&nbsp;Nitre. Ale ke\u010f\u017ee \u017eivot je nepredv\u00eddate\u013en\u00fd, po lete som sa pres\u0165ahoval do Bratislavy a&nbsp;odvtedy tu \u017eijem u\u017e 13. rok.&nbsp;<\/p>\n\n\n\n<p><strong>Zalo\u017eil si&nbsp; v Bratislave vlastn\u00fa organiz\u00e1ciu.<\/strong><\/p>\n\n\n\n<p>Rozbehol som nieko\u013eko projektov. Prv\u00fdm boli improviz\u00e1cie v&nbsp;angli\u010dtine. V roku 2014 nebolo ni\u010d tak\u00e9 v&nbsp;Bratislave. Poslal som spr\u00e1vu facebookovej skupine pre cudzincov, ak niekto chce robi\u0165 so mnou impro a cvi\u010denia, nech sa prid\u00e1. Tak som za\u010dal vies\u0165 skupinu \u013eud\u00ed. Bolo ich asi 10, stretli sme sa v&nbsp;parku v&nbsp;Medickej z\u00e1hrade a&nbsp;bolo to ve\u013emi neform\u00e1lne. Vytvorili sme divadeln\u00fa skupinu a&nbsp;vol\u00e1 sa Funnylicios Improv Theatre.&nbsp;<\/p>\n\n\n\n<p>Druh\u00fd projekt bol Story Nights (pozn. rozpr\u00e1vanie osobn\u00fdch&nbsp; pr\u00edbehov pred publikom po ve\u010deroch), ktor\u00fd som zalo\u017eil o&nbsp;rok nesk\u00f4r. Ch\u00fdbal mi tak\u00fdto typ podujatia, kde \u013eudia pr\u00eddu a&nbsp;povedia svoj pravdiv\u00fd osobn\u00fd pr\u00edbeh. Zdie\u013eaj\u00fa ho pred skupinou nezn\u00e1mych. Je siln\u00e9 podeli\u0165 sa s&nbsp;osobnou pr\u00edhodou a&nbsp;necha\u0165 od\u00eds\u0165 strach, ktor\u00fd s&nbsp;t\u00fdm bol spojen\u00fd. Pr\u00edbeh sa del\u00ed na \u00favod, stred a&nbsp;z\u00e1ver, pri\u010dom \u013eudia si z&nbsp;toho m\u00f4\u017eu vzia\u0165, \u010do chc\u00fa. Toto podujatie sa za\u010dalo v&nbsp;Bratislave a&nbsp;teraz m\u00e1me organiz\u00e1torov v&nbsp;r\u00f4znych mest\u00e1ch v&nbsp;Eur\u00f3pe \u2013 vo Viedni, v Budape\u0161ti, v&nbsp;talianskom Bari, v&nbsp;Manile, v Cebu a \u010cand\u00e1garhe. Mysl\u00edm, \u017ee koncept m\u00e1 \u00faspech.&nbsp;<\/p>\n\n\n\n<p><strong>Kto sa z\u00fa\u010dast\u0148uje na Story Nights?<\/strong><\/p>\n\n\n\n<p>Niektor\u00ed s\u00fa pravideln\u00ed rozpr\u00e1va\u010di pr\u00edbehov, niektor\u00ed moder\u00e1tori, niektor\u00ed s\u00fa v&nbsp;meste nov\u00ed a&nbsp;chc\u00fa zdie\u013ea\u0165 svoj pr\u00edbeh. A&nbsp;potom dovol\u00edme jedn\u00e9mu, mo\u017eno dvom \u013eu\u010fom z&nbsp;publika, aby pri\u0161li a nie\u010do povedali. \u010ci\u017ee je to mix pr\u00edbehov od r\u00f4znych \u013eud\u00ed s&nbsp;r\u00f4znymi hist\u00f3riami.&nbsp;<\/p>\n\n\n\n<p><strong>A&nbsp;t\u00e9my s\u00fa?<\/strong><\/p>\n\n\n\n<p>Ka\u017ed\u00fd podujatie je r\u00f4zne a aj jeho t\u00e9ma. Niektor\u00e9 t\u00e9my s\u00fa o&nbsp;prekonan\u00ed \u0165a\u017ekost\u00ed, niektor\u00e9 s\u00fa o&nbsp;tom, \u017ee prv\u00fdkr\u00e1t nie\u010do robili, prv\u00e1 sk\u00fasenos\u0165 s&nbsp;cestovan\u00edm.&nbsp;<\/p>\n\n\n\n<p><strong>Okrem toho si sa rozhodol robi\u0165 Queer Stories ve\u010der, ak\u00fd bol tvoj cie\u013e?<\/strong><\/p>\n\n\n\n<p>Za\u010dalo sa to, ke\u010f som sa zozn\u00e1mil s&nbsp;Romanom Samotn\u00fdm, preto\u017ee je organiz\u00e1tor mnoh\u00fdch LGBTI podujat\u00ed na Slovensku. Jeho zauj\u00edmalo, \u010do rob\u00edm a&nbsp;vtedy mi napadlo, \u017ee m\u00e1 kaviare\u0148, \u017ee mo\u017eno tam m\u00f4\u017eem urobi\u0165 akciu pre LGBTI \u013eud\u00ed a&nbsp;ich spojencov. On povedal urob. Na prvom stretnut\u00ed bolo ve\u013ea \u013eud\u00ed. Je to in\u00fd typ aktivity pre LGBTI komunitu, ke\u010f\u017ee nejde len o&nbsp;z\u00e1bavu a&nbsp;p\u00e1rty. Ak nie ste p\u00e1rty typ, niekedy ani neviete, \u010do robi\u0165 okrem mo\u017enosti \u00eds\u0165 na p\u00e1rty, do klubov. M\u00e1te aplik\u00e1cie, ktor\u00e9 s\u00fa virtu\u00e1lne. S\u00fa zameran\u00e9 sk\u00f4r na zna\u010dkovanie \u013eud\u00ed, na to, \u010do nechceme. Sme pr\u00edsnymi kritikmi \u010dlenov a \u010dleniek vlastnej LGBTI komunity, mo\u017eno ako d\u00f4sledok zvn\u00fatornenej nen\u00e1visti vo\u010di komunite, ktor\u00e9 \u010dasto po\u010d\u00favame v&nbsp;spolo\u010dnosti. Tak pre\u010do nema\u0165 podujatie, kde sa m\u00f4\u017eu \u013eudia stretn\u00fa\u0165 a&nbsp;porozpr\u00e1va\u0165 sa a&nbsp;potenci\u00e1lne m\u00f4\u017eu&nbsp; stretn\u00fa\u0165 bud\u00faceho partnera? Je to mil\u00e9, ak poviete \u013eu\u010fom \u201estretli sme sa na storytelling akcii\u201c.&nbsp;<\/p>\n\n\n\n<p><strong>Ak\u00e9 boli reakcie na Queer Stories?<\/strong><\/p>\n\n\n\n<p>Boli ve\u013emi pozit\u00edvne. Prv\u00e9 rozpr\u00e1vanie pr\u00edbehov bolo pripraven\u00e9 v\u010faka mojej triede, lebo m\u00e1m workshop rozpr\u00e1vania na verejnosti v&nbsp;anglickom jazyku. Malo to by\u0165 len jedno podujatie, ale \u013eu\u010fom sa to p\u00e1\u010dilo. Tak som sa rozhodol pripravi\u0165 druh\u00fd. Bol tam mix Slov\u00e1kov a&nbsp;cudzincov, mohli sa u\u010di\u0165 o&nbsp;ich kult\u00farach, ver\u00edm, \u017ee pr\u00e1ve tak\u00ed \u013eudia m\u00f4\u017eu zmeni\u0165 slovensk\u00fa krajinu, ktor\u00ed s\u00fa otvoren\u00ed in\u00fdm kult\u00faram. Potom e\u0161te m\u00e1me Bedtime Stories, kde m\u00f4\u017eete \u010d\u00edta\u0165 po\u00e9ziu, urobi\u0165 hru, tancova\u0165, spieva\u0165.&nbsp;<\/p>\n\n\n\n<p><strong>V&nbsp;r\u00e1mci Queer Stories s\u00fa be\u017en\u00e9 aj coming out pr\u00edbehy.<\/strong><\/p>\n\n\n\n<p>\u00c1no. Tie m\u00f4\u017eu pom\u00f4c\u0165 t\u00fdm, \u010do rozpr\u00e1vaj\u00fa, ale m\u00f4\u017eu povzbudi\u0165 t\u00fdch, \u010do maj\u00fa obavy z&nbsp;coming outu. LGBTI \u013eudia maj\u00fa spolo\u010dn\u00e9, \u017ee v&nbsp;ur\u010ditom bode \u017eivota robia coming out, je to nie\u010do, \u010do ich sp\u00e1ja. Po\u010dutie t\u00fdchto pr\u00edbehov m\u00f4\u017ee ur\u010dite pom\u00f4c\u0165 mnoh\u00fdm \u013eu\u010fom. Vidia, \u017ee nie s\u00fa jedin\u00fdm \u010dlovekom, ktor\u00ed mus\u00ed urobi\u0165 coming out rodi\u010dom, ale mnoho \u013eud\u00ed si t\u00fdm prech\u00e1dza.&nbsp;<\/p>\n\n\n\n<p><strong>Ak\u00e9 s\u00fa tvoje bud\u00face pl\u00e1ny?<\/strong><\/p>\n\n\n\n<p>Chcel by som robi\u0165 divadlo, film, hra\u0165, viac storytelling akci\u00ed. St\u00e1le si po to\u013ek\u00fdch rokoch u\u017e\u00edvam u\u010denie,&nbsp; tak\u017ee to budem robi\u0165 \u010falej.&nbsp;<\/p>\n\n\n\n<p><a href=\"\"><\/a><\/p>\n\n\n\n<p><em>Hon Chong zalo\u017eil Medzin\u00e1rodn\u00fa spolo\u010dnos\u0165 pre umenie a&nbsp;kult\u00faru (ISAC) ako stre\u0161n\u00e9 ob\u010dianske zdru\u017eenie, v&nbsp;ktorom s\u00fa v\u0161etky jeho kreat\u00edvne projekty. Jej cie\u013eom je, aby umenie a&nbsp;kult\u00fara boli dostupn\u00e9 ka\u017ed\u00e9mu,&nbsp;vyu\u017e\u00edvanie umenia na zvy\u0161ovanie medzikult\u00farneho povedomia a&nbsp;vytvorenie zdrav\u00fdch a&nbsp;progres\u00edvnych komun\u00edt. ISAC ver\u00ed, \u017ee umenie a&nbsp;kult\u00fara n\u00e1s sp\u00e1jaj\u00fa a&nbsp;u\u010dia n\u00e1s o&nbsp;sebe a&nbsp;svete. Funnylicious Improv Theatre a Story Night medzin\u00e1rodn\u00e9 udalosti s\u00fa projekty realizovan\u00e9 ISAC. V&nbsp;bud\u00facnosti by chceli pripravova\u0165 filmy a&nbsp;divadeln\u00e9 hry, ktor\u00e9 bojuj\u00fa proti&nbsp;rasizmu, homof\u00f3bii, radikalizmu.<\/em><\/p>\n\n\n\n<p><strong>Autor \u010dl\u00e1nku: Andrej Kuruc<\/strong><\/p>\n\n\n\n<p><strong>Fotografia: Jakub Kov\u00e1\u010d<\/strong><\/p>\n","protected":false},"excerpt":{"rendered":"<p>Hon Chong (38) z&nbsp;Malajzie \u017eije na Slovensku u\u017e 13 rokov. Je in\u0161truktor, improviz\u00e1tor, umelec a kvalifikovan\u00fd \u0161kolite\u013e a&nbsp;u\u010dite\u013e anglick\u00e9ho jazyka. Pravidelne organizuje akcie Story Nights a&nbsp;v&nbsp;r\u00e1mci nich aj Queer Story Nights so zameran\u00edm na LGBTI komunitu. Hon je tie\u017e zakladate\u013eom Funnylicious Improv a pravidelne s nimi hr\u00e1va M\u00f4\u017ee\u0161 mi poveda\u0165 nie\u010do o&nbsp;sebe, kde si sa <a href=\"https:\/\/duhovyrok.sk\/qys\/hon-chong-chybal-mi-typ-podujatia-kde-ludia-pridu-a-povedia-svoj-pravdivy-osobny-pribeh\/\" class=\"more-link\">&#8230;<\/a><\/p>\n","protected":false},"author":2,"featured_media":1555,"comment_status":"closed","ping_status":"open","sticky":false,"template":"","format":"standard","meta":{"footnotes":""},"categories":[1,6,259,13],"tags":[73,97,142,169,199],"class_list":["post-1551","post","type-post","status-publish","format-standard","has-post-thumbnail","hentry","category-nezaradene","category-pribehy-lgbti-ludi","category-rozhovory","category-viditelnost","tag-hon-chong","tag-kultura","tag-queer","tag-queer-stories-nights","tag-story-nights"],"_links":{"self":[{"href":"https:\/\/duhovyrok.sk\/qys\/wp-json\/wp\/v2\/posts\/1551","targetHints":{"allow":["GET"]}}],"collection":[{"href":"https:\/\/duhovyrok.sk\/qys\/wp-json\/wp\/v2\/posts"}],"about":[{"href":"https:\/\/duhovyrok.sk\/qys\/wp-json\/wp\/v2\/types\/post"}],"author":[{"embeddable":true,"href":"https:\/\/duhovyrok.sk\/qys\/wp-json\/wp\/v2\/users\/2"}],"replies":[{"embeddable":true,"href":"https:\/\/duhovyrok.sk\/qys\/wp-json\/wp\/v2\/comments?post=1551"}],"version-history":[{"count":1,"href":"https:\/\/duhovyrok.sk\/qys\/wp-json\/wp\/v2\/posts\/1551\/revisions"}],"predecessor-version":[{"id":2538,"href":"https:\/\/duhovyrok.sk\/qys\/wp-json\/wp\/v2\/posts\/1551\/revisions\/2538"}],"wp:featuredmedia":[{"embeddable":true,"href":"https:\/\/duhovyrok.sk\/qys\/wp-json\/wp\/v2\/media\/1555"}],"wp:attachment":[{"href":"https:\/\/duhovyrok.sk\/qys\/wp-json\/wp\/v2\/media?parent=1551"}],"wp:term":[{"taxonomy":"category","embeddable":true,"href":"https:\/\/duhovyrok.sk\/qys\/wp-json\/wp\/v2\/categories?post=1551"},{"taxonomy":"post_tag","embeddable":true,"href":"https:\/\/duhovyrok.sk\/qys\/wp-json\/wp\/v2\/tags?post=1551"}],"curies":[{"name":"wp","href":"https:\/\/api.w.org\/{rel}","templated":true}]}}