{"id":1540,"date":"2020-05-23T13:33:09","date_gmt":"2020-05-23T11:33:09","guid":{"rendered":"https:\/\/qys.sk\/?p=1540"},"modified":"2021-03-18T08:49:12","modified_gmt":"2021-03-18T07:49:12","slug":"nicole-maines-stvarnuje-prvu-transrodovu-superhrdinku-v-televiznej-historii","status":"publish","type":"post","link":"https:\/\/duhovyrok.sk\/qys\/nicole-maines-stvarnuje-prvu-transrodovu-superhrdinku-v-televiznej-historii\/","title":{"rendered":"Nicole Maines stv\u00e1r\u0148uje prv\u00fa transrodov\u00fa superhrdinku v telev\u00edznej\u00a0hist\u00f3rii"},"content":{"rendered":"\n<p><em>Seri\u00e1l Supergirl u\u017e od svojho vzniku predstavuje div\u00e1kom siln\u00e9 \u017eensk\u00e9 hrdinky a viacer\u00e9 men\u0161iny vr\u00e1tane LGBT. K\u00fdm v&nbsp;druhej a&nbsp;tretej s\u00e9rii sme mohli sledova\u0165 vz\u0165ah agentiek Alex a&nbsp;Maggie, v&nbsp;najnov\u0161ej \u0161tvrtej s\u00e9rii pribudla postava prvej transrodovej superhrdinky, ktor\u00fa hr\u00e1 trans \u017eena Nicole Maines.<\/em><\/p>\n\n\n\n<p>\u201eZa\u010dala som si uvedomova\u0165, \u017ee nie\u010do nie je v\u00a0poriadku, u\u017e ke\u010f som mala tri alebo \u0161tyri roky,\u201c vyjadrila sa Nicole v\u00a0rozhovore s\u00a0Ellen DeGeneres. Unik\u00e1tne na jej pr\u00edpade bolo, \u017ee vyrastala s\u00a0jednovaje\u010dn\u00fdm dvoj\u010da\u0165om Jonasom, ktor\u00fd sa s\u00a0chlap\u010densk\u00fdmi vecami stoto\u017enil bez probl\u00e9mov. Aj preto Nicole, vtedy e\u0161te Wyatt, nezapadala do kolekt\u00edvov a\u00a0povedala<br>o\u00a0svojich pocitoch rodi\u010dom. Reagovali r\u00f4zne. \u201eOtec poch\u00e1dza z\u00a0konzervat\u00edvneho prostredia. To, \u010do som mu povedala, preto najsk\u00f4r vytesnil a\u00a0ignoroval. Tr\u00e1pili ho aj re\u010di susedov,\u201c zd\u00f4verila sa Nicole \u010falej v\u00a0rozhovore. Matka v\u0161ak mala in\u00e9 priority. Z\u00e1le\u017ealo jej hlavne na tom, aby jej deti vyrastali v\u00a0bezpe\u010d\u00ed. Nicole si v\u0161ak pre\u0161la viacer\u00fdmi nepr\u00edjemn\u00fdmi situ\u00e1ciami. <\/p>\n\n\n\n<p>Prestala doch\u00e1dza\u0165 autobusom, lebo ju spolu\u017eiaci oslovovali z\u00e1menami \u201eono\u201c a \u201eto\u201c. Raz ju dokonca napadli priamo v\u00a0\u0161kole. Vtedy sa v\u0161ak otec kone\u010dne v\u0161etk\u00fdm oso\u010duj\u00facim n\u00e1zorom vzoprel a\u00a0podporil ju. \u201eNech\u00e1pem to, ale milujem svoje die\u0165a a\u00a0urob\u00edm v\u0161etko preto, aby bolo v\u00a0bezpe\u010d\u00ed,\u201c spom\u00edna Nicole na jeho slov\u00e1. V\u010faka podpore rodi\u010dov sa zakr\u00e1tko stala aj aktivistkou za transrodov\u00e9 pr\u00e1va. Ke\u010f jej po\u010das tranz\u00edcie \u0161kola zak\u00e1zala pou\u017e\u00edva\u0165 diev\u010densk\u00e9 toalety, za\u017ealovala ju a\u00a0v\u00a0roku 2014 s\u00fadny spor \u00faspe\u0161ne vyhrala.<\/p>\n\n\n\n<figure class=\"wp-block-embed-instagram wp-block-embed is-type-rich is-provider-instagram\"><div class=\"wp-block-embed__wrapper\">\nhttps:\/\/www.instagram.com\/p\/Buz2a9IgS29\/\n<\/div><\/figure>\n\n\n\n<p>Nikdy nemala ve\u013ek\u00e9 amb\u00edcie sta\u0165 sa here\u010dkou, myslela si, \u017ee \u013eudia z\u00a0mal\u00e9ho \u0161t\u00e1tu Maine to nem\u00f4\u017eu dotiahnu\u0165 tak \u010faleko. Po role v\u00a0seri\u00e1li Royal Pains v\u0161ak pri\u0161la ponuka zahra\u0165 si v\u00a0Supergirl a\u00a0Nicole nev\u00e1hala. Vidie\u0165 sme ju mohli hne\u010f v\u00a0prvej \u010dasti \u0161tvrtej s\u00e9rie, kde sa predstavila ako Nia Nal, nov\u00e1 redaktorka magaz\u00ednu CatCo. Viacer\u00e9 epiz\u00f3dy tejto s\u00e9rie n\u00e1m cez superhrdinsk\u00fa optiku pon\u00fakaj\u00fa poh\u013ead na s\u00fa\u010dasn\u00e9 probl\u00e9my. <\/p>\n\n\n\n<p>Mimozem\u0161\u0165ania h\u013eadaj\u00fa svoje miesto na plan\u00e9te Zem, a\u00a0aj ke\u010f sa spr\u00e1vaj\u00fa nen\u00e1padne alebo ne\u0161kodne, \u013eudia ich vyh\u00e1\u0148aj\u00fa n\u00e1sil\u00edm. P\u00f4vodn\u00fdm obyvate\u013eom prek\u00e1\u017ea ka\u017ed\u00fd prejav inakosti, sna\u017eia sa obnovi\u0165 \u201enorm\u00e1lnos\u0165\u201c. Nia preto pomocou svojho pr\u00edbehu o tranz\u00edcii v\u00a0druhej \u010dasti presved\u010d\u00ed \u0161\u00e9fredaktora Jamesa, aby v\u00a0editori\u00e1le vyjadril podporu t\u00fdm, \u010do sa c\u00edtia in\u00ed, a\u00a0ods\u00fadil n\u00e1silie. Zmysel pre spravodlivos\u0165, pracovitos\u0165 a\u00a0odvaha v\u0161ak nie s\u00fa jedin\u00e9 schopnosti, ktor\u00fdmi Nia opl\u00fdva. Ako vysvitne v\u00a0\u00f4smej epiz\u00f3de, jej sny ukazuj\u00fa, \u010do sa v\u00a0bud\u00facnosti naozaj stane. Nesk\u00f4r si tak vysl\u00fa\u017ei superhrdinsk\u00e9 ozna\u010denie \u201eDreamer\u201c a\u00a0nebude ch\u00fdba\u0165 ani \u0161peci\u00e1lny kost\u00fdm.<\/p>\n\n\n\n<figure class=\"wp-block-embed-instagram wp-block-embed is-type-rich is-provider-instagram\"><div class=\"wp-block-embed__wrapper\">\nhttps:\/\/www.instagram.com\/p\/B8z4r7WAfn0\/\n<\/div><\/figure>\n\n\n\n<p>Here\u010dka Nicole Maines je nad\u0161en\u00e1 z\u00a0toho, \u017ee trans deti uvidia v\u00a0telev\u00edzii postavu, ktor\u00e1 m\u00f4\u017ee by\u0165 pre ne in\u0161pir\u00e1ciou, ke\u010f\u017ee jej samej niekto tak\u00fd po\u010das dospievania ch\u00fdbal. Na druhej strane sa v\u00a0s\u00favislosti so seri\u00e1lom Supergirl \u010dasto hovor\u00ed o\u00a0queerbaitingu. Hoci vz\u0165ah agentiek Alex a\u00a0Maggie museli tvorcovia ukon\u010di\u0165 pre n\u00e1hle rozhodnutie Floriany Lima pohn\u00fa\u0165 sa vo svojej kari\u00e9re \u010falej, niektor\u00e9 interakcie medzi hlavn\u00fdmi postavami Karou a\u00a0Lenou Luthor mo\u017eno naozaj upravuj\u00fa, aby pritiahli viac lesbick\u00fdch div\u00e1\u010dok. Nech u\u017e je to akoko\u013evek, seri\u00e1l Supergirl rozhodne sp\u013a\u0148a svoju \u00falohu priv\u00e1dza\u0165 na obrazovky siln\u00e9 \u017eensk\u00e9 postavy. Novin\u00e1rka Kara Denvers, podnikate\u013eka a\u00a0vedky\u0148a Lena Luthor, b\u00fdval\u00e1 \u0161\u00e9fredaktorka magaz\u00ednu Cat Grant \u010di Nia Nal s\u00fa toho d\u00f4kazom.<\/p>\n\n\n\n<p><\/p>\n","protected":false},"excerpt":{"rendered":"<p>Seri\u00e1l Supergirl u\u017e od svojho vzniku predstavuje div\u00e1kom siln\u00e9 \u017eensk\u00e9 hrdinky a viacer\u00e9 men\u0161iny vr\u00e1tane LGBT. K\u00fdm v&nbsp;druhej a&nbsp;tretej s\u00e9rii sme mohli sledova\u0165 vz\u0165ah agentiek Alex a&nbsp;Maggie, v&nbsp;najnov\u0161ej \u0161tvrtej s\u00e9rii pribudla postava prvej transrodovej superhrdinky, ktor\u00fa hr\u00e1 trans \u017eena Nicole Maines. \u201eZa\u010dala som si uvedomova\u0165, \u017ee nie\u010do nie je v\u00a0poriadku, u\u017e ke\u010f som mala tri <a href=\"https:\/\/duhovyrok.sk\/qys\/nicole-maines-stvarnuje-prvu-transrodovu-superhrdinku-v-televiznej-historii\/\" class=\"more-link\">&#8230;<\/a><\/p>\n","protected":false},"author":6,"featured_media":1545,"comment_status":"closed","ping_status":"open","sticky":false,"template":"","format":"standard","meta":{"footnotes":""},"categories":[254,10,13],"tags":[74,142,188,211,212],"class_list":["post-1540","post","type-post","status-publish","format-standard","has-post-thumbnail","hentry","category-film","category-kultura","category-viditelnost","tag-hrdinka","tag-queer","tag-serial","tag-trans","tag-transrodovost"],"_links":{"self":[{"href":"https:\/\/duhovyrok.sk\/qys\/wp-json\/wp\/v2\/posts\/1540","targetHints":{"allow":["GET"]}}],"collection":[{"href":"https:\/\/duhovyrok.sk\/qys\/wp-json\/wp\/v2\/posts"}],"about":[{"href":"https:\/\/duhovyrok.sk\/qys\/wp-json\/wp\/v2\/types\/post"}],"author":[{"embeddable":true,"href":"https:\/\/duhovyrok.sk\/qys\/wp-json\/wp\/v2\/users\/6"}],"replies":[{"embeddable":true,"href":"https:\/\/duhovyrok.sk\/qys\/wp-json\/wp\/v2\/comments?post=1540"}],"version-history":[{"count":1,"href":"https:\/\/duhovyrok.sk\/qys\/wp-json\/wp\/v2\/posts\/1540\/revisions"}],"predecessor-version":[{"id":2539,"href":"https:\/\/duhovyrok.sk\/qys\/wp-json\/wp\/v2\/posts\/1540\/revisions\/2539"}],"wp:featuredmedia":[{"embeddable":true,"href":"https:\/\/duhovyrok.sk\/qys\/wp-json\/wp\/v2\/media\/1545"}],"wp:attachment":[{"href":"https:\/\/duhovyrok.sk\/qys\/wp-json\/wp\/v2\/media?parent=1540"}],"wp:term":[{"taxonomy":"category","embeddable":true,"href":"https:\/\/duhovyrok.sk\/qys\/wp-json\/wp\/v2\/categories?post=1540"},{"taxonomy":"post_tag","embeddable":true,"href":"https:\/\/duhovyrok.sk\/qys\/wp-json\/wp\/v2\/tags?post=1540"}],"curies":[{"name":"wp","href":"https:\/\/api.w.org\/{rel}","templated":true}]}}