{"id":1510,"date":"2020-04-28T15:58:54","date_gmt":"2020-04-28T13:58:54","guid":{"rendered":"https:\/\/qys.sk\/?p=1510"},"modified":"2021-03-18T08:50:15","modified_gmt":"2021-03-18T07:50:15","slug":"fotograf-peter-erzvo-zvonar-vyzliekam-sa-neustale-ale-svoju-dusu-malokomu-odhalim","status":"publish","type":"post","link":"https:\/\/duhovyrok.sk\/qys\/fotograf-peter-erzvo-zvonar-vyzliekam-sa-neustale-ale-svoju-dusu-malokomu-odhalim\/","title":{"rendered":"Fotograf Peter \u201eErzvo\u201c Zvon\u00e1r: Vyzliekam sa neust\u00e1le, ale svoju du\u0161u m\u00e1lokomu odhal\u00edm"},"content":{"rendered":"\n<p><\/p>\n\n\n\n<p><em>\u013dudia ho miluj\u00fa alebo nen\u00e1vidia. Ni\u010d medzi t\u00fdm! Kreat\u00edvny, nadan\u00fd a&nbsp;odv\u00e1\u017eny 51-ro\u010dn\u00fd Ru\u017eomber\u010dan s&nbsp;v\u00e1\u0161\u0148ou pre fotografovanie predov\u0161etk\u00fdm nah\u00fdch mu\u017esk\u00fdch aktov \u2013 to je Peter \u201eErzvo\u201c Zvon\u00e1r.&nbsp; \u017divotn\u00fdm idolom je pre neho Madonna, obdivuje reb\u00e9liu a&nbsp;charizmu B\u00e1ry Basikovej a&nbsp;nepohrdol by nafoti\u0165 fotopr\u00edbeh s&nbsp;Lady Gaga. Prostredn\u00edctvom svojej tvorby pon\u00faka \u00fanikov\u00fa cestu z&nbsp;uzatvoren\u00e9ho priestoru v&nbsp;na\u0161ich mysliach a&nbsp;ka\u017edodennej mor\u00e1lky. Jeho diela obleteli skoro cel\u00fd svet, jeho meno sklo\u0148ovali r\u00f4zne svetov\u00e9 magaz\u00edny. Aj napriek tomu, \u017ee si vybral v&nbsp;\u017eivote sk\u00f4r t\u0155nist\u00fa cestu, svojej v\u00edzie a&nbsp;presved\u010denia sa nehodl\u00e1 vzda\u0165 za \u017eiadnu cenu.&nbsp;<\/em><\/p>\n\n\n\n<p><strong>Za\u010dal si sa venova\u0165 ma\u013eb\u00e1m, respekt\u00edve kresleniu. Od 2001 si&nbsp;za\u010dal foti\u0165 prostredie a pr\u00edrodu, v\u010faka dar\u010deku v&nbsp;podobe fotoapar\u00e1tu, ktor\u00fd si dostal od svojho b\u00fdval\u00e9ho priate\u013ea. \u010co \u0165a viedlo k foteniu, respekt\u00edve \u010d\u00edm \u0165a oslovilo fotografovanie?<\/strong><\/p>\n\n\n\n<p>Fotografovaniu som pri\u010duchol u\u017e v detstve, preto\u017ee m\u00f4j otec fotil na anal\u00f3g a s\u00e1m si vyvol\u00e1val filmy a zv\u00e4\u010d\u0161oval fotografie v tmavej komore. Tak\u017ee som mu r\u00e1d pom\u00e1hal. Moje prv\u00e9 v\u00e1\u017enej\u0161ie fotografie boli pr\u00e1ve oh\u013eadom pr\u00edrody. Jazdil som po celom Slovensku, nah\u00e1\u0148al blesky a b\u00farky, vy\u010dk\u00e1val na z\u00e1pady a v\u00fdchody slnka, \u0161tveral sa v Tatr\u00e1ch po kon\u010diaroch. Boli to ve\u013emi z\u00e1bavn\u00e9 \u010dasy. V tom obdob\u00ed bolo umenie dosta\u0165 sa do svetov\u00fdch fotob\u00e1nk. Editori museli z va\u0161ich 10 fotografi\u00ed vybra\u0165 minim\u00e1lne 7 a ak sa to nepodarilo, museli ste \u010daka\u0165 \u010fal\u0161\u00ed rok. Mne sa podarilo dosta\u0165 sa do v\u0161etk\u00fdch vtedy svetozn\u00e1mych fotob\u00e1nk vr\u00e1tane najv\u00e4\u010d\u0161ej Getty Images a za\u017eil som 4 roky fotografick\u00e9ho eldor\u00e1da, ke\u010f sa moje fotografie svetovo pred\u00e1vali v takom rozsahu, \u017ee pr\u00edjem z nich bol nad\u0161tandardn\u00fd na tie \u010dasy.<\/p>\n\n\n\n<p><strong>Od krajiniek si postupne pre\u0161iel k&nbsp;foteniu aktov, predov\u0161etk\u00fdm t\u00fdch mu\u017esk\u00fdch. Pre\u010do tak\u00e1 zmena?<\/strong><\/p>\n\n\n\n<p>Bol to prirodzen\u00fd proces. Hoci som bol svoj\u00edm priate\u013eom ve\u013emi podporovan\u00fd po\u010das vz\u0165ahu, nemohol som foti\u0165 akty, najm\u00e4 tie mu\u017esk\u00e9. A moj\u00edm cie\u013eom prestali by\u0165 krajinky, preto\u017ee tam ide najm\u00e4 o technick\u00fa str\u00e1nku, ale nechcem urazi\u0165 krajin\u00e1rskych fotografov. Jednoducho st\u00e1le to bolo o tom istom. S\u00edce kr\u00e1sna pr\u00edroda, ale mne tam ch\u00fdbal \u017eivot. \u010clovek. Jeho pr\u00edbeh, jeho du\u0161a. Odhalenie. Tak\u017ee po skon\u010den\u00ed vz\u0165ahu som zanechal svoju pr\u00e1cu grafika a rozhodol som sa \u00eds\u0165 \u0165a\u017e\u0161ou cestou a navy\u0161e na Slovensku ve\u013emi kontroverznou. To znamenalo, \u017ee som prest\u00e1val dost\u00e1va\u0165 \u201eseri\u00f3zne\u201c z\u00e1kazky, preto\u017ee mnoho \u013eud\u00ed si ma za\u0161katu\u013ekovalo ako \u201e\u0161pinav\u00e9ho\u201c fotografa.<\/p>\n\n\n\n<figure class=\"wp-block-image size-large\"><img loading=\"lazy\" decoding=\"async\" width=\"683\" height=\"1024\" src=\"https:\/\/duhovyrok.sk\/qys\/wp-content\/uploads\/sites\/2\/2020\/04\/Peter_ERZVO_-Zvonar_QYS_2-683x1024.jpg\" alt=\"\" class=\"wp-image-1513\" srcset=\"https:\/\/duhovyrok.sk\/qys\/wp-content\/uploads\/sites\/2\/2020\/04\/Peter_ERZVO_-Zvonar_QYS_2-683x1024.jpg 683w, https:\/\/duhovyrok.sk\/qys\/wp-content\/uploads\/sites\/2\/2020\/04\/Peter_ERZVO_-Zvonar_QYS_2-400x600.jpg 400w, https:\/\/duhovyrok.sk\/qys\/wp-content\/uploads\/sites\/2\/2020\/04\/Peter_ERZVO_-Zvonar_QYS_2-1024x1536.jpg 1024w, https:\/\/duhovyrok.sk\/qys\/wp-content\/uploads\/sites\/2\/2020\/04\/Peter_ERZVO_-Zvonar_QYS_2-200x300.jpg 200w, https:\/\/duhovyrok.sk\/qys\/wp-content\/uploads\/sites\/2\/2020\/04\/Peter_ERZVO_-Zvonar_QYS_2.jpg 1365w\" sizes=\"auto, (max-width: 683px) 100vw, 683px\" \/><figcaption><em>Viac Petrov\u00fdch fotografi\u00ed n\u00e1jdete na www.erzvo.com<\/em><\/figcaption><\/figure>\n\n\n\n<p><strong>Ak\u00fdch modelov si vyber\u00e1\u0161 pre svoje fotenie?<\/strong><\/p>\n\n\n\n<p>To je jednoduch\u00e9. Musia ma\u0165 ak\u00fasi iskru, najm\u00e4 ak je na fotografii vidite\u013en\u00e1 i tv\u00e1r. Alebo ak mi ide iba o akt, tak tak\u00fdch, aby som vykreslil kr\u00e1su a dokonalos\u0165 ich tela. Mnoho \u013eud\u00ed mi to zazlieva, ale sta\u010d\u00ed sa pozrie\u0165 na star\u00fdch majstrov ako Michelangelo, Leonardo da Vinci a podobne. V starom Gr\u00e9cku sa uzn\u00e1val kult tela a mysle. Kompletn\u00fd ide\u00e1l kr\u00e1sy mu\u017esk\u00e9ho tela, takzvan\u00e1 kalokagatia. Ja som sa tomu sna\u017eil pribl\u00ed\u017ei\u0165. Samozrejme, v mojich pr\u00edbehoch nen\u00e1jdete iba dokonal\u00fd ide\u00e1l kr\u00e1sy, ale r\u00f4zne typy \u013eud\u00ed. Preto\u017ee v \u017eivote nie je v\u0161etko ide\u00e1lne a ja sa sna\u017e\u00edm pouk\u00e1za\u0165 pr\u00e1ve na \u017eivot s\u00e1m osebe.<\/p>\n\n\n\n<p><strong>Ke\u010f si za\u010d\u00ednal s&nbsp;foten\u00edm nah\u00fdch aktov, mal si s&nbsp;t\u00fdm nejak\u00fd probl\u00e9m? Preto\u017ee mnoh\u00ed \u013eudia maj\u00fa probl\u00e9m s&nbsp;nahotou, \u010di u\u017e s vlastnou alebo vidie\u0165 in\u00e9ho nah\u00e9ho \u010dloveka.<\/strong><\/p>\n\n\n\n<p>Nie. Nikdy som s t\u00fdm nemal probl\u00e9m. Asi preto, \u017ee som dos\u0165 otvoren\u00fd \u010dlovek a neboj\u00edm sa tvrdi\u0165 o sebe, \u017ee som ve\u013emi \u00faprimn\u00fd, na ni\u010d sa nehr\u00e1m. Mo\u017eno pr\u00e1ve preto som v\u017edy navodil tak\u00fa atmosf\u00e9ru, \u017ee model alebo modelka sa pri foten\u00ed c\u00edtili pr\u00edjemne a verili mi.<\/p>\n\n\n\n<p><strong>Ke\u010f si \u010dlovek klikne na tvoju str\u00e1nku <\/strong><a href=\"http:\/\/erzvo.com\/\" target=\"_blank\" rel=\"noreferrer noopener\"><strong>Erzvo.com<\/strong><\/a><strong> alebo nejak\u00fa soci\u00e1lnu sie\u0165, Facebook \u010di Instagram, tak ka\u017ed\u00fd m\u00e1 mo\u017enos\u0165 uvidie\u0165 aj mno\u017estvo tvojich, takpovediac, autoportr\u00e9tov.&nbsp; P\u00e1\u010di sa ti by\u0165 viac v&nbsp;\u00falohe modela \u010di fotografa?<\/strong><\/p>\n\n\n\n<p>Zauj\u00edmav\u00e1 ot\u00e1zka. Ak m\u00e1m by\u0165 \u00faprimn\u00fd, tak nikdy som netrpel n\u00edzkym sebavedom\u00edm, \u010do v\u0161ak neznamen\u00e1, \u017ee m\u00e1m vysok\u00e9 ego, ako by si niekto mohol myslie\u0165. Jednoducho som v\u017edy vedel a viem, \u010do je vo mne.&nbsp;<\/p>\n\n\n\n<figure class=\"wp-block-image size-large\"><img loading=\"lazy\" decoding=\"async\" width=\"683\" height=\"1024\" src=\"https:\/\/duhovyrok.sk\/qys\/wp-content\/uploads\/sites\/2\/2020\/04\/Peter_ERZVO_-Zvonar_QYS-683x1024.jpg\" alt=\"\" class=\"wp-image-1511\" srcset=\"https:\/\/duhovyrok.sk\/qys\/wp-content\/uploads\/sites\/2\/2020\/04\/Peter_ERZVO_-Zvonar_QYS-683x1024.jpg 683w, https:\/\/duhovyrok.sk\/qys\/wp-content\/uploads\/sites\/2\/2020\/04\/Peter_ERZVO_-Zvonar_QYS-400x600.jpg 400w, https:\/\/duhovyrok.sk\/qys\/wp-content\/uploads\/sites\/2\/2020\/04\/Peter_ERZVO_-Zvonar_QYS-1024x1536.jpg 1024w, https:\/\/duhovyrok.sk\/qys\/wp-content\/uploads\/sites\/2\/2020\/04\/Peter_ERZVO_-Zvonar_QYS-200x300.jpg 200w, https:\/\/duhovyrok.sk\/qys\/wp-content\/uploads\/sites\/2\/2020\/04\/Peter_ERZVO_-Zvonar_QYS.jpg 1365w\" sizes=\"auto, (max-width: 683px) 100vw, 683px\" \/><figcaption><em>Viac Petrov\u00fdch fotografi\u00ed n\u00e1jdete na www.erzvo.com<\/em><\/figcaption><\/figure>\n\n\n\n<p><strong>Tvoje diela zv\u00e4\u010d\u0161a nes\u00fa v&nbsp;sebe kontroverzn\u00e9 prvky, ako s\u00fa znaky a&nbsp;symboliky kres\u0165anstva, akty mu\u017ea s&nbsp;mu\u017eom, odhalen\u00e9 mu\u017esk\u00e9 genit\u00e1lie a&nbsp;podobne. Na z\u00e1klade \u010doho si sa uch\u00fdlil pr\u00e1ve k&nbsp;t\u00fdmto veciam?&nbsp;&nbsp;<\/strong><\/p>\n\n\n\n<p>Umenie m\u00e1 by\u0165 kontroverzn\u00e9, nad\u010dasov\u00e9 a nie nudn\u00e9. Samozrejme, s t\u00fdmto nemus\u00ed so mnou ka\u017ed\u00fd s\u00fahlasi\u0165. Podobne ako mnoh\u00e9 pr\u00e1ce Michelangela. Nahota je prirodzen\u00e1 s\u00fa\u010das\u0165 n\u00e1\u0161ho \u017eivota. Rovnako ako aj pohlavn\u00fd styk a v\u0161etko s t\u00fdm spojen\u00e9. Dok\u00e1\u017eem umelecky stv\u00e1rni\u0165 dvoch nah\u00fdch mu\u017eov alebo mu\u017esk\u00e9 prirodzenie a&nbsp;v\u0161etko s&nbsp;n\u00edm spojen\u00e9. Uzn\u00e1vam, \u017ee v tomto smere je ve\u013emi tenk\u00e1 hranica a na\u0161a v\u00fdchova, spolo\u010dnos\u0165, n\u00e1bo\u017eenstvo pos\u00fava ka\u017ed\u00e9ho hranicu individu\u00e1lne.&nbsp;<\/p>\n\n\n\n<p>Bol som pred 3 rokmi v pra\u017eskom M\u00e1nese, kde vystavoval jeden zn\u00e1my umelec \u017eensk\u00e9 akty, ve\u013emi tr\u00fafal\u00e9 akty. Na pl\u00e1tnach bol ve\u013emi odv\u00e1\u017ene zachyten\u00fd sex mu\u017ea a \u017eeny. Jeho obrazy sa pred\u00e1vali od 500-tis\u00edc kor\u00fan vy\u0161\u0161ie. Op\u00fdtal som sa kur\u00e1torky, ak\u00fd je rozdiel medzi takouto t\u00e9mou v ma\u013ebe a vo fotografii. Odpovedala, \u017ee fotografia je viac natur\u00e1lna, a preto mnoho \u013eud\u00ed poburuje. Ale pred p\u00e1r desa\u0165ro\u010diami poburovala spolo\u010dnos\u0165 aj ma\u013eba tak\u00fdchto sc\u00e9n. Tak\u017ee je to len uhol poh\u013eadu a \u010das vn\u00edmania diela.<\/p>\n\n\n\n<p>Symbolike kres\u0165anstva sa venujem ve\u013emi r\u00e1d, sn\u00e1\u010f rad\u0161ej ako mu\u017esk\u00fdm aktom (i ke\u010f fot\u00edm aj \u017eensk\u00e9 akty). Pre m\u0148a je Je\u017ei\u0161 Kristus nie\u010do symbolick\u00e9, ikonick\u00e9 a tajomn\u00e9 z\u00e1rove\u0148. Vn\u00edmam ho mysticky, ale z\u00e1rove\u0148 konzumne ikonicky, a preto napr\u00edklad \u010dasto pri jeho stv\u00e1rnen\u00ed pou\u017e\u00edvam \u010fal\u0161iu ikonu konzumu, akou je svetozn\u00e1ma zna\u010dka kolov\u00e9ho n\u00e1poja. Podobn\u00fa t\u00e9mu som nafotil aj so spev\u00e1\u010dkou B\u00e1rou Basikovou.&nbsp;<\/p>\n\n\n\n<figure class=\"wp-block-image size-large\"><img loading=\"lazy\" decoding=\"async\" width=\"1024\" height=\"1024\" src=\"https:\/\/duhovyrok.sk\/qys\/wp-content\/uploads\/sites\/2\/2020\/04\/Peter_ERZVO_-Zvonar_QYS_1-1024x1024.jpg\" alt=\"\" class=\"wp-image-1512\" srcset=\"https:\/\/duhovyrok.sk\/qys\/wp-content\/uploads\/sites\/2\/2020\/04\/Peter_ERZVO_-Zvonar_QYS_1-1024x1024.jpg 1024w, https:\/\/duhovyrok.sk\/qys\/wp-content\/uploads\/sites\/2\/2020\/04\/Peter_ERZVO_-Zvonar_QYS_1-700x700.jpg 700w, https:\/\/duhovyrok.sk\/qys\/wp-content\/uploads\/sites\/2\/2020\/04\/Peter_ERZVO_-Zvonar_QYS_1-150x150.jpg 150w, https:\/\/duhovyrok.sk\/qys\/wp-content\/uploads\/sites\/2\/2020\/04\/Peter_ERZVO_-Zvonar_QYS_1-1536x1536.jpg 1536w, https:\/\/duhovyrok.sk\/qys\/wp-content\/uploads\/sites\/2\/2020\/04\/Peter_ERZVO_-Zvonar_QYS_1-600x600.jpg 600w, https:\/\/duhovyrok.sk\/qys\/wp-content\/uploads\/sites\/2\/2020\/04\/Peter_ERZVO_-Zvonar_QYS_1-300x300.jpg 300w, https:\/\/duhovyrok.sk\/qys\/wp-content\/uploads\/sites\/2\/2020\/04\/Peter_ERZVO_-Zvonar_QYS_1.jpg 2048w\" sizes=\"auto, (max-width: 1024px) 100vw, 1024px\" \/><figcaption><em>Viac Petrov\u00fdch fotografi\u00ed n\u00e1jdete na www.erzvo.com<\/em><\/figcaption><\/figure>\n\n\n\n<p><strong>Pe\u0165o, vo svojom self videu na Youtube hovor\u00ed\u0161: \u201e<\/strong><strong><em>Vyzliekam sa neust\u00e1le, ale svoju du\u0161u m\u00e1lokomu odhal\u00edm.<\/em><\/strong><strong>\u201c Neodkr\u00fdva\u0161 n\u00e1hodou svoju du\u0161u pr\u00e1ve t\u00fdm, \u017ee ju uklad\u00e1\u0161 do fotiek, a&nbsp;teda svojich diel?<\/strong><\/p>\n\n\n\n<p>Tak to u\u017e musia pos\u00fadi\u0165 t\u00ed, \u010do ma poznaj\u00fa najlep\u0161ie. Mnoho \u013eud\u00ed si to mysl\u00ed. Mo\u017eno aj skrz Facebook, kde okrem fotografi\u00ed \u010dasto d\u00e1vam svoje \u00favahy a n\u00e1zory na svet, na dianie okolo n\u00e1s, na to, \u010do ma tr\u00e1pi alebo \u010do ma te\u0161\u00ed. Zauj\u00edmav\u00e9 je, \u017ee m\u00e1m okolo seba dve skupiny \u013eud\u00ed. T\u00ed, ktor\u00fdm moja pr\u00e1ca alebo moje \u00favahy pomohli v&nbsp;\u010dasoch, ke\u010f boli na tom najhor\u0161ie a \u010dasto mi d\u00e1vaj\u00fa svoj feedback, a potom \u013eudia, ktor\u00ed ma s\u00edce osobne nepoznaj\u00fa, ale vedia hne\u010f ods\u00fadi\u0165. Je pravda, \u017ee som \u010dlovek, ktor\u00fd sa ve\u013emi neschov\u00e1va a nenos\u00ed masku ako mnoh\u00ed z&nbsp;n\u00e1s. Toto sa nemus\u00ed ka\u017ed\u00e9mu p\u00e1\u010di\u0165, ale mne to d\u00e1va \u00fa\u017easn\u00fa slobodu. \u013dudia sa toti\u017e v \u017eivote \u010dasto hraj\u00fa na pravdu a polopravdu, ale \u010dasom sa do toho tak zaplet\u00fa, a\u017e je \u00fasmevn\u00e9, ke\u010f v\u00e1m za\u010dn\u00fa tvrdi\u0165 nie\u010do in\u00e9 alebo ke\u010f sa prerieknu.<\/p>\n\n\n\n<p><strong>Fot\u00ed\u0161&nbsp;nah\u00fdch i&nbsp;oble\u010den\u00fdch \u013eud\u00ed, aby pod\u013ea tvojich slov ostala rovnov\u00e1ha zachovan\u00e1 vo v\u0161etkom. Ak\u00e9 kompoz\u00edcie najrad\u0161ej fot\u00ed\u0161?<\/strong><\/p>\n\n\n\n<p>Fot\u00edm najrad\u0161ej \u013eud\u00ed, vlastn\u00e9 projekty. To, \u010do m\u00e1m v hlave. Pr\u00edbehy. M\u00e1m r\u00e1d, ke\u010f to m\u00e1 h\u013abku a je \u00faplne jedno, \u010di je \u010dlovek oble\u010den\u00fd alebo nah\u00fd. Tak\u00fd najlep\u0161\u00ed pr\u00edklad je fotografia \u201ePrievozn\u00edk\u201c, ktor\u00e1 vznikla, ke\u010f som sa chcel odp\u00fata\u0165 od \u010dloveka, ktor\u00e9ho som miloval. Vznikala ve\u013emi dramaticky, preto\u017ee som s kamar\u00e1tom, ktor\u00fd mi asistoval, i\u0161iel asi 3-kr\u00e1t k priehrade Liptovsk\u00e1 Mara a v\u017edy bola siln\u00e1 b\u00farka. Potom sme t\u00fa tretiu vy\u010dkali a ke\u010f sa otvorila obloha, tak sme to zrealizovali. Na fotografii nie je ni\u010d po\u010d\u00edta\u010dom doroben\u00e9. Dokonca ani ohe\u0148 na vode. Tak\u00e9to fotografie v\u0161ak neviem robi\u0165 na z\u00e1kazku. Ke\u010f si \u010dlovek povie, \u017ee chce nie\u010do v tomto \u0161t\u00fdle, jednoducho to nejde. Nebola by v tom du\u0161a ani pr\u00edbeh.<\/p>\n\n\n\n<p><strong>\u010co \u0165a motivuje pri tvoren\u00ed diel? Nejak\u00e1 udalos\u0165, hudba, presved\u010denie?<\/strong><\/p>\n\n\n\n<p>Vo svojom \u017eivote som ve\u013ekou motiv\u00e1ciou s\u00e1m sebe. Nikdy som nerobil ni\u010d preto, aby som nie\u010do niekomu dok\u00e1zal. Iba sebe sam\u00e9mu. S\u00fa to moje osobn\u00e9 m\u00e9ty. V tvorbe s\u00fa to hlavne em\u00f3cie \u2013 l\u00e1ska. Ve\u013emi ve\u013ea dobr\u00fdch fotografi\u00ed vzniklo, ke\u010f som bol na dne alebo ke\u010f sa mi skon\u010dil vz\u0165ah. Respekt\u00edve to boli situ\u00e1cie, ke\u010f som sa musel op\u00e4\u0165 na\u0161tartova\u0165 a ke\u010f to v mojom vn\u00fatri ve\u013emi vrelo.<\/p>\n\n\n\n<p><strong>Na Slovensku si absolvoval p\u00e1r vernis\u00e1\u017e\u00ed, ale predov\u0161etk\u00fdm v&nbsp;zahrani\u010d\u00ed je tvoje meno \u010dasto sp\u00e1jan\u00e9 s&nbsp;r\u00f4znymi \u00faspechmi. \u013dudia mohli obdivova\u0165 kreat\u00edvne fotografie napr\u00edklad v&nbsp;Prahe, Dubaji, New Yorku a&nbsp;tak podobne. Povedz n\u00e1m nie\u010do viac o&nbsp;t\u00fdchto v\u00fdstav\u00e1ch.<\/strong><\/p>\n\n\n\n<p>Na Slovensku som mal jednu autorsk\u00fa v\u00fdstavu v rodnom Ru\u017eomberku, ktor\u00e1 mala trva\u0165 mesiac, ale bola in\u0161talovan\u00e1 cel\u00fd rok. V Prahe som mal celkom 3 v\u00fdstavy. V roku 2014 na Barrandove, v roku 2016 autorsk\u00fa v Millionaire gallery, kde bola kmotrou pr\u00e1ve B\u00e1ra Basikov\u00e1. V&nbsp;ten ist\u00fd rok som bol ako spoluautor na Akta erotika, kde som mal aj svoj autorsk\u00fd de\u0148 za \u00fa\u010dasti m\u00e9di\u00ed a zn\u00e1mych osobnost\u00ed. \u010eal\u0161ia \u00fa\u010das\u0165 bola v Dubaji na The Global Art Award pod z\u00e1\u0161titou The Wall Street Journal, kde som sa stal finalistom so svojou fotografiou nah\u00e9ho Je\u017ei\u0161a Krista pred chladni\u010dkou pij\u00faceho kolu. V New Yorku i\u0161lo o v\u00fdstavu mojich 14 ve\u013ekoform\u00e1tov\u00fdch pr\u00e1c v gal\u00e9rii Artifact na Manhattane.&nbsp;<\/p>\n\n\n\n<p><strong>\u010co je tvojou v\u00edziou do bud\u00facnosti, \u010do m\u00f4\u017eeme od teba o\u010dak\u00e1va\u0165?<\/strong><\/p>\n\n\n\n<p>M\u00e1m mnoh\u00e9 ciele. Chcem sa vr\u00e1ti\u0165 so svojou tvorbou do New Yorku, preto\u017ee to mesto mi nielen u\u010darovalo, ale s\u00fa tam obrovsk\u00e9 mo\u017enosti. K&nbsp;tomu je v\u0161ak potrebn\u00fd ve\u013ek\u00fd bal\u00edk pe\u0148az\u00ed. Z\u00e1rove\u0148 u\u017e rok m\u00e1m v hlave prefotenie obrazu \u201eSen na sala\u0161i\u201c od \u013dudov\u00edta Fullu, ale tie\u017e to vy\u017eaduje ist\u00fa invest\u00edciu. Taktie\u017e mi beh\u00e1 po rozume projekt s&nbsp;bezdomovcami \u010di prefotenie apo\u0161tolov. Moment\u00e1lne sa pohr\u00e1vam s my\u0161lienkou vr\u00e1ti\u0165 sa po vy\u0161e 35 rokoch op\u00e4\u0165 k ma\u013eovaniu, ale spoji\u0165 fotografiu s ma\u013ebou. Tak uvid\u00edm, \u010do z toho vznikne.<\/p>\n\n\n\n<p>Petrovu pr\u00e1cu m\u00f4\u017eete sledova\u0165 na <a rel=\"noreferrer noopener\" href=\"https:\/\/www.facebook.com\/pg\/ERZVO\/about\/?ref=page_internal\" target=\"_blank\">Facebooku <\/a>@ERZVO alebo <a rel=\"noreferrer noopener\" href=\"https:\/\/www.instagram.com\/erzvo\/?hl=sk\" target=\"_blank\">Instagrame<\/a> @ERZVO<\/p>\n\n\n\n<p><strong>Autor \u010dl\u00e1nku: Matej Somr<\/strong><\/p>\n\n\n\n<p><strong>\u010cl\u00e1nok bol publikovan\u00fd v magaz\u00edne QYS JAR19<\/strong><\/p>\n","protected":false},"excerpt":{"rendered":"<p>\u013dudia ho miluj\u00fa alebo nen\u00e1vidia. Ni\u010d medzi t\u00fdm! Kreat\u00edvny, nadan\u00fd a&nbsp;odv\u00e1\u017eny 51-ro\u010dn\u00fd Ru\u017eomber\u010dan s&nbsp;v\u00e1\u0161\u0148ou pre fotografovanie predov\u0161etk\u00fdm nah\u00fdch mu\u017esk\u00fdch aktov \u2013 to je Peter \u201eErzvo\u201c Zvon\u00e1r.&nbsp; \u017divotn\u00fdm idolom je pre neho Madonna, obdivuje reb\u00e9liu a&nbsp;charizmu B\u00e1ry Basikovej a&nbsp;nepohrdol by nafoti\u0165 fotopr\u00edbeh s&nbsp;Lady Gaga. Prostredn\u00edctvom svojej tvorby pon\u00faka \u00fanikov\u00fa cestu z&nbsp;uzatvoren\u00e9ho priestoru v&nbsp;na\u0161ich mysliach a&nbsp;ka\u017edodennej mor\u00e1lky. <a href=\"https:\/\/duhovyrok.sk\/qys\/fotograf-peter-erzvo-zvonar-vyzliekam-sa-neustale-ale-svoju-dusu-malokomu-odhalim\/\" class=\"more-link\">&#8230;<\/a><\/p>\n","protected":false},"author":2,"featured_media":1512,"comment_status":"closed","ping_status":"open","sticky":false,"template":"","format":"standard","meta":{"footnotes":""},"categories":[6,10,259,258],"tags":[21,58,60,129],"class_list":["post-1510","post","type-post","status-publish","format-standard","has-post-thumbnail","hentry","category-pribehy-lgbti-ludi","category-kultura","category-rozhovory","category-vizualne-umenie","tag-akty","tag-fotograf","tag-gay","tag-peter-erzvo-zvonar"],"_links":{"self":[{"href":"https:\/\/duhovyrok.sk\/qys\/wp-json\/wp\/v2\/posts\/1510","targetHints":{"allow":["GET"]}}],"collection":[{"href":"https:\/\/duhovyrok.sk\/qys\/wp-json\/wp\/v2\/posts"}],"about":[{"href":"https:\/\/duhovyrok.sk\/qys\/wp-json\/wp\/v2\/types\/post"}],"author":[{"embeddable":true,"href":"https:\/\/duhovyrok.sk\/qys\/wp-json\/wp\/v2\/users\/2"}],"replies":[{"embeddable":true,"href":"https:\/\/duhovyrok.sk\/qys\/wp-json\/wp\/v2\/comments?post=1510"}],"version-history":[{"count":1,"href":"https:\/\/duhovyrok.sk\/qys\/wp-json\/wp\/v2\/posts\/1510\/revisions"}],"predecessor-version":[{"id":2542,"href":"https:\/\/duhovyrok.sk\/qys\/wp-json\/wp\/v2\/posts\/1510\/revisions\/2542"}],"wp:featuredmedia":[{"embeddable":true,"href":"https:\/\/duhovyrok.sk\/qys\/wp-json\/wp\/v2\/media\/1512"}],"wp:attachment":[{"href":"https:\/\/duhovyrok.sk\/qys\/wp-json\/wp\/v2\/media?parent=1510"}],"wp:term":[{"taxonomy":"category","embeddable":true,"href":"https:\/\/duhovyrok.sk\/qys\/wp-json\/wp\/v2\/categories?post=1510"},{"taxonomy":"post_tag","embeddable":true,"href":"https:\/\/duhovyrok.sk\/qys\/wp-json\/wp\/v2\/tags?post=1510"}],"curies":[{"name":"wp","href":"https:\/\/api.w.org\/{rel}","templated":true}]}}