{"id":1484,"date":"2020-04-10T14:00:00","date_gmt":"2020-04-10T12:00:00","guid":{"rendered":"https:\/\/qys.sk\/?p=1484"},"modified":"2021-03-18T08:51:28","modified_gmt":"2021-03-18T07:51:28","slug":"zaplat-lebo-ta-udam-ze-si-teply","status":"publish","type":"post","link":"https:\/\/duhovyrok.sk\/qys\/zaplat-lebo-ta-udam-ze-si-teply\/","title":{"rendered":"\u201eZapla\u0165, lebo \u0165a ud\u00e1m, \u017ee si tepl\u00fd!\u201c"},"content":{"rendered":"\n<p>V roku 1925 uverejnili viacer\u00e9 bratislavsk\u00e9 noviny \u010dl\u00e1nok o tom, ako \u201eist\u00fd zvrhl\u00fd obchodn\u00edk zviedol \u00faboh\u00e9ho nevinn\u00e9ho mlad\u00edka a pohlavne ho zneu\u017eil, ale pol\u00edcia v tejto veci pr\u00edsne zakro\u010dila\u201c. Verejnos\u0165 o\u010dak\u00e1vala jasn\u00e9 ods\u00fadenie obchodn\u00edka a \u017eiadala trest \u201eza mre\u017ee ako divok\u00fa zver do klietky\u201c. Ak by sa tento pr\u00edpad nedostal do r\u00fak, v tej dobe jedn\u00e9mu z najpovolanej\u0161\u00edch, Imrichovi Maty\u00e1\u0161ovi, zrejme by asi ostala v arch\u00edvoch zachyten\u00e1 len jedna verzia pravdy. Bratislavsk\u00fd obchodn\u00edk toti\u017e ve\u013emi dobre vedel, \u017ee Maty\u00e1\u0161 verejne vystupuje v prospech pr\u00e1v \u013eud\u00ed, ktor\u00ed sa \u201eprevinili\u201c t\u00fdm, \u017ee s\u00fa \u201erovnopohlavne miluj\u00faci\u201c, a tak ho po\u017eiadal o pomoc.<\/p>\n\n\n\n<div class=\"wp-block-image\"><figure class=\"alignleft size-large is-resized\"><img loading=\"lazy\" decoding=\"async\" src=\"https:\/\/duhovyrok.sk\/qys\/wp-content\/uploads\/sites\/2\/2020\/04\/Hlas-sexualnej-mensiny-Okienko-Jany-Jablonickej-Zezulovej--732x1024.jpg\" alt=\"Hlas-sexu\u00e1lnej-men\u0161iny-Okienko-Jany-Jablonickej-Zezulovej\" class=\"wp-image-1486\" width=\"281\" height=\"393\" srcset=\"https:\/\/duhovyrok.sk\/qys\/wp-content\/uploads\/sites\/2\/2020\/04\/Hlas-sexualnej-mensiny-Okienko-Jany-Jablonickej-Zezulovej--732x1024.jpg 732w, https:\/\/duhovyrok.sk\/qys\/wp-content\/uploads\/sites\/2\/2020\/04\/Hlas-sexualnej-mensiny-Okienko-Jany-Jablonickej-Zezulovej--429x600.jpg 429w, https:\/\/duhovyrok.sk\/qys\/wp-content\/uploads\/sites\/2\/2020\/04\/Hlas-sexualnej-mensiny-Okienko-Jany-Jablonickej-Zezulovej--1098x1536.jpg 1098w, https:\/\/duhovyrok.sk\/qys\/wp-content\/uploads\/sites\/2\/2020\/04\/Hlas-sexualnej-mensiny-Okienko-Jany-Jablonickej-Zezulovej--214x300.jpg 214w, https:\/\/duhovyrok.sk\/qys\/wp-content\/uploads\/sites\/2\/2020\/04\/Hlas-sexualnej-mensiny-Okienko-Jany-Jablonickej-Zezulovej-.jpg 1394w\" sizes=\"auto, (max-width: 281px) 100vw, 281px\" \/><figcaption><em>Report\u00e1\u017e o tomto pr\u00edpade z roku 1925 vy\u0161la Maty\u00e1\u0161ovi v Hlase sexu\u00e1ln\u00ed men\u0161iny, prvom magaz\u00edne, ktor\u00fd \u201ebojoval za odstr\u00e1nenie star\u00e9ho trestn\u00e9ho z\u00e1kona a zrovnopr\u00e1vnenie homosexu\u00e1lne zalo\u017een\u00fdch os\u00f4b s heterosexu\u00e1lnymi, a to pred z\u00e1konom, ako aj v spolo\u010dnosti.\u201c\u00a0 Vych\u00e1dzal s prest\u00e1vkami v rokoch 1931 \u2013 1937.<\/em><\/figcaption><\/figure><\/div>\n\n\n\n<p><strong>L\u00e1kadl\u00e1 obchodn\u00edka\u00a0<\/strong><\/p>\n\n\n\n<p>Vr\u00e1\u0165me sa v\u0161ak na za\u010diatok, ako sa cel\u00e1 \u0161kandalizovan\u00e1 udalos\u0165 odohrala.<br>Obchodn\u00edk si na jednej zo svojich prech\u00e1dzok v\u0161imol, ako ho pozoruje a nesk\u00f4r sleduje ak\u00fdsi mlad\u00edk, ktor\u00e9ho predt\u00fdm nestretol, a teda nemal odkia\u013e pozna\u0165. Ten ho napokon oslovil a \u017eiadal si od neho cigaretu a \u201ejednu korunku\u201c. Obchodn\u00edk sa z\u013eutoval, dal mu, \u010do po\u017eadoval, a t\u00fdm bola pre neho dan\u00e1 z\u00e1le\u017eitos\u0165 vybaven\u00e1. Na jeho prekvapenie v\u0161ak na druh\u00fd de\u0148 mlad\u00edk pri\u0161iel op\u00e4\u0165, u\u017e rovno pred dvere jeho bytu a \u017eiadal obchodn\u00edka, aby sa s n\u00edm porozpr\u00e1val \u201emedzi \u0161tyrmi o\u010dami\u201c. Ten netu\u0161il, o \u010do mlad\u00edkovi ide, a po\u017eiadal ho, aby na neho po\u010dkal v jeho obchode, kde sa porozpr\u00e1vaj\u00fa.Tam u\u017e mlad\u00fd mu\u017e vy\u0161tartoval na obchodn\u00edka s t\u00fdm, aby mu po\u017ei\u010dal 100 kor\u00fan a jedn\u00fdm dychom dodal, \u017ee \u201elep\u0161ie je bez vadenia peniaze po\u017ei\u010da\u0165, ne\u017e aby sa pol\u00edcia o va\u0161ej n\u00e1klonnosti dozvedela.\u201c Obchodn\u00edk sa mohol kry\u0165 t\u00fdm, \u017ee je \u017eenat\u00fd, av\u0161ak obavy, \u017ee vyjde najavo jeho skuto\u010dn\u00e1 identita, prev\u00e1\u017eili, a \u017eiadan\u00e9 peniaze mu dal.\u00a0<\/p>\n\n\n\n<p><strong>N\u00e1roky sa stup\u0148uj\u00fa<\/strong><\/p>\n\n\n\n<p>Jeho tr\u00e1penie sa t\u00fdm neskon\u010dilo a nemenovan\u00fd mlad\u00edk svoje po\u017eiadavky zvy\u0161oval. P\u00fdtal si \u010fal\u0161ie peniaze, nesk\u00f4r zisk z tr\u017eby, chodil k nemu na obed ako \u201epozvan\u00fd priate\u013e\u201c. Votrel sa mu do bytu ako \u010dast\u00fd n\u00e1v\u0161tevn\u00edk aj noc\u013ea\u017en\u00edk, nosil obchodn\u00edkove obleky a za jeho peniaze si vydr\u017eiaval milenky. Vzh\u013eadom na to, \u017ee mlad\u00edk bol dobre informovan\u00fd o trestnosti homosexuality, spoliehal sa na to, \u017ee strach nedovol\u00ed obchodn\u00edkovi uda\u0165 ho na pol\u00edcii za vydieranie. Cel\u00e1 af\u00e9ra u\u017e trvala viac ako pol roka, ke\u010f sa mlad\u00edk rozhodol z\u00e1js\u0165 \u010falej a za\u010dal si pomer s obchodn\u00edkovou man\u017eelkou, ktor\u00e1 na to pristala. Finan\u010dne zdevastovan\u00e9mu a psychicky vy\u010derpan\u00e9mu obchodn\u00edkovi praskli nervy a jedn\u00e9ho d\u0148a sa rozhodol ukon\u010di\u0165 toto tr\u00e1penie a vyhodil vydiera\u010da \u201ena dla\u017ebu\u201c. Na \u010fal\u0161\u00ed de\u0148 svoj \u010din o\u013eutoval, ke\u010f zistil, \u017ee jeho pr\u00edpad za\u010dala rozmaz\u00e1va\u0165 miestna tla\u010d, ist\u00e9 noviny dokonca uverejnili jeho inici\u00e1ly. V takom meste ako vtedaj\u0161ia Bratislava nebol a\u017e tak\u00fd ve\u013ek\u00fd probl\u00e9m si obchodn\u00edka vyp\u00e1tra\u0165. V z\u00fafalstve, kedy obchodn\u00edk prem\u00fd\u0161\u013eal aj nad samovra\u017edou, sa obr\u00e1til na Maty\u00e1\u0161a, ktor\u00e9mu rozpovedal cel\u00fd svoj pr\u00edbeh a ten sa pr\u00edpadu zhostil ako sk\u00fasen\u00fd detekt\u00edv.<\/p>\n\n\n\n<p><strong>V bratislavskom podsvet\u00ed <\/strong><\/p>\n\n\n\n<div class=\"wp-block-image\"><figure class=\"alignright size-large is-resized\"><img loading=\"lazy\" decoding=\"async\" src=\"https:\/\/duhovyrok.sk\/qys\/wp-content\/uploads\/sites\/2\/2020\/04\/Imrich-Matyas-Zdroj-archiv-Iniciativy-Inakost.jpeg\" alt=\"\" class=\"wp-image-1485\" width=\"217\" height=\"329\" srcset=\"https:\/\/duhovyrok.sk\/qys\/wp-content\/uploads\/sites\/2\/2020\/04\/Imrich-Matyas-Zdroj-archiv-Iniciativy-Inakost.jpeg 625w, https:\/\/duhovyrok.sk\/qys\/wp-content\/uploads\/sites\/2\/2020\/04\/Imrich-Matyas-Zdroj-archiv-Iniciativy-Inakost-395x600.jpeg 395w, https:\/\/duhovyrok.sk\/qys\/wp-content\/uploads\/sites\/2\/2020\/04\/Imrich-Matyas-Zdroj-archiv-Iniciativy-Inakost-197x300.jpeg 197w\" sizes=\"auto, (max-width: 217px) 100vw, 217px\" \/><figcaption><em>Imrich Maty\u00e1\u0161, Zdroj &#8211; arch\u00edv Iniciat\u00edvy Inakos\u0165<\/em><\/figcaption><\/figure><\/div>\n\n\n\n<p>\u201eZa kr\u00e1tky \u010das podarilo sa mi pozna\u0165 dvoch priate\u013eov vydiera\u010da,\u201c p\u00ed\u0161e Maty\u00e1\u0161. \u201eJeden z nich mi za 20 K\u010d prezradil, \u017ee on\u00fd mlad\u00edk, ktor\u00e9ho X.Y. obchodn\u00edk vydr\u017eiava, si klincom privodil poranenie na pohlavnom \u00fade a pohlavn\u00fa chorobu dostal od istej prostit\u00fatky, ktor\u00fa si vydr\u017eiaval z pe\u0148az\u00ed<br>obchodn\u00edka.\u201c Po vyhoden\u00ed sa toti\u017e vydiera\u010d dostavil na pol\u00edciu, aby udal<br>obchodn\u00edka a z\u00e1rove\u0148 dolo\u017eil potvrdenie od lek\u00e1ra, \u017ee je infikovan\u00fd pohlavne<br>prenosn\u00fdm ochoren\u00edm a m\u00e1 poranenie na int\u00edmnych miestach, ktor\u00e9 mu mal sp\u00f4sobi\u0165 vydieran\u00fd p\u00e1n. Toho si pol\u00edcia nechala predvola\u0165, do\u010dasne uv\u00e4znila a noviny z\u00farivo mohli p\u00edsa\u0165 o \u201enevinnom mlad\u00edkovi\u201c a \u201ezvrhlom chl\u00edpnikovi\u201c.<br>P\u00f4vodne chcel \u00eds\u0165 Maty\u00e1\u0161 rovno na pol\u00edciu a tam sved\u010di\u0165 v obchodn\u00edkov<br>prospech, av\u0161ak ten sa ob\u00e1val toho, aby sa jeho meno e\u0161te viac neprepieralo<br>v novin\u00e1ch a t\u00fdm p\u00e1dom nepri\u0161iel o \u017eivnos\u0165 a dobr\u00e9 meno.\u00a0<br>Maty\u00e1\u0161 sa teda rozhodol kona\u0165 inak. \u201eMusel som zabo\u010di\u0165 na cestu in\u00fa. Zamie\u0161al som sa do spolo\u010dnosti \u013eud\u00ed vydiera\u010da a na\u0161iel som ho. Pohrozil som mu, \u017ee ozn\u00e1mim pol\u00edcii, \u010do o \u0148om viem a ud\u00e1m tie\u017e, \u017ee nakazil \u017eenu obchodn\u00edka. Vydiera\u010d, preto\u017ee som mal nezvratn\u00e9 d\u00f4kazy proti nemu a svedkov, c\u00favol a v pr\u00edtomnosti dvoch os\u00f4b podp\u00edsal prehl\u00e1senie o \u00faplnej nevinnosti obchodn\u00edka.\u201cN\u00e1sledne prebehol s\u00fad, na ktorom obchodn\u00edk predlo\u017eil prehl\u00e1senie vydiera\u010da a obvinenie bolo zru\u0161en\u00e9.<\/p>\n\n\n\n<p><strong>Kedy to prestane?<\/strong><\/p>\n\n\n\n<p>Ak by ste chceli dopoveda\u0165 pr\u00edbeh a \u010dakali, \u017ee vydiera\u010d bude ma\u0165 probl\u00e9my pre kriv\u00e9 obvinenie, nedo\u010dk\u00e1te sa. S\u00e1m Maty\u00e1\u0161 kon\u0161tatuje, \u017ee ani noviny sa obchodn\u00edkovi neospravedlnili, ani neuviedli opravu alebo \u010doko\u013evek, \u010do by vnieslo viac objektivity do posudzovania tejto \u201eaf\u00e9ry\u201c. Cel\u00fd pr\u00edpad uzatv\u00e1ra slovami: \u201eKedy to prestane? Kedy kone\u010dne nevinn\u00e9mu uznaj\u00fa jeho \u013eudsk\u00e9 pr\u00e1va na \u017eivot a \u0161\u0165astie? [\u2026] Homosexualita je prirodzen\u00e1, nikomu<br>ne\u0161kodn\u00e1 vn\u00fatorn\u00e1 biologick\u00e1 kon\u0161tit\u00facia, nie je to choroba, nie je to<br>neres\u0165, nie je to degener\u00e1cia, nie je to z\u00edskate\u013en\u00e9 [\u2026] a nik sa toho nijak nezbav\u00ed.\u201c<\/p>\n\n\n\n<p>Z\u00e1ver svojej report\u00e1\u017ee o tomto pr\u00edpade z roku 1925 Maty\u00e1\u0161 uzatv\u00e1ra<br>v\u00fdzvou k homosexu\u00e1lne orientovan\u00fdm \u013eu\u010fom, aby sa zauj\u00edmali o svoje pr\u00e1va a svoju emancip\u00e1ciu a aby dosiahli zru\u0161enie paragrafu, ktor\u00fd trestal rovnakopohlavn\u00e9 styky a ktor\u00fd sa tak \u010dasto zneu\u017e\u00edval na vydieranie<br>\u013eud\u00ed.<\/p>\n\n\n\n<p><strong>Autor \u010dl\u00e1nku: Jana Jablonick\u00e1-Zezulov\u00e1<\/strong><\/p>\n\n\n\n<p><strong>\u010cl\u00e1nok bol publikovan\u00fd v magaz\u00edne QYS JAR18<\/strong><\/p>\n\n\n\n<p><strong>Zdroj: Maty\u00e1\u0161, Imrich: Hr\u016fza \u00a7-u uhorsk\u00e9ho trestn\u00e9ho z\u00e1kona. In: Hlas<br>sexu\u00e1ln\u00ed men\u0161iny, ro\u010dn\u00edk I, 1931, \u010d. 7-8, s. 10-12.<\/strong><\/p>\n","protected":false},"excerpt":{"rendered":"<p>V roku 1925 uverejnili viacer\u00e9 bratislavsk\u00e9 noviny \u010dl\u00e1nok o tom, ako \u201eist\u00fd zvrhl\u00fd obchodn\u00edk zviedol \u00faboh\u00e9ho nevinn\u00e9ho mlad\u00edka a pohlavne ho zneu\u017eil, ale pol\u00edcia v tejto veci pr\u00edsne zakro\u010dila\u201c. Verejnos\u0165 o\u010dak\u00e1vala jasn\u00e9 ods\u00fadenie obchodn\u00edka a \u017eiadala trest \u201eza mre\u017ee ako divok\u00fa zver do klietky\u201c. Ak by sa tento pr\u00edpad nedostal do r\u00fak, v tej dobe <a href=\"https:\/\/duhovyrok.sk\/qys\/zaplat-lebo-ta-udam-ze-si-teply\/\" class=\"more-link\">&#8230;<\/a><\/p>\n","protected":false},"author":20,"featured_media":1489,"comment_status":"closed","ping_status":"open","sticky":false,"template":"","format":"standard","meta":{"footnotes":""},"categories":[9],"tags":[67,69,70,72,78,81,100,142,144,149],"class_list":["post-1484","post","type-post","status-publish","format-standard","has-post-thumbnail","hentry","category-queer-historia","tag-historia","tag-historicke-teple-okienko","tag-historicke-teple-okienko-jany-jablonickej-zezulovej","tag-hlas-sexualni-mensiny","tag-imrich-matyas","tag-jana-jablonicka-zezulova","tag-lgbt","tag-queer","tag-queer-dejiny","tag-queer-historia"],"_links":{"self":[{"href":"https:\/\/duhovyrok.sk\/qys\/wp-json\/wp\/v2\/posts\/1484","targetHints":{"allow":["GET"]}}],"collection":[{"href":"https:\/\/duhovyrok.sk\/qys\/wp-json\/wp\/v2\/posts"}],"about":[{"href":"https:\/\/duhovyrok.sk\/qys\/wp-json\/wp\/v2\/types\/post"}],"author":[{"embeddable":true,"href":"https:\/\/duhovyrok.sk\/qys\/wp-json\/wp\/v2\/users\/20"}],"replies":[{"embeddable":true,"href":"https:\/\/duhovyrok.sk\/qys\/wp-json\/wp\/v2\/comments?post=1484"}],"version-history":[{"count":1,"href":"https:\/\/duhovyrok.sk\/qys\/wp-json\/wp\/v2\/posts\/1484\/revisions"}],"predecessor-version":[{"id":2544,"href":"https:\/\/duhovyrok.sk\/qys\/wp-json\/wp\/v2\/posts\/1484\/revisions\/2544"}],"wp:featuredmedia":[{"embeddable":true,"href":"https:\/\/duhovyrok.sk\/qys\/wp-json\/wp\/v2\/media\/1489"}],"wp:attachment":[{"href":"https:\/\/duhovyrok.sk\/qys\/wp-json\/wp\/v2\/media?parent=1484"}],"wp:term":[{"taxonomy":"category","embeddable":true,"href":"https:\/\/duhovyrok.sk\/qys\/wp-json\/wp\/v2\/categories?post=1484"},{"taxonomy":"post_tag","embeddable":true,"href":"https:\/\/duhovyrok.sk\/qys\/wp-json\/wp\/v2\/tags?post=1484"}],"curies":[{"name":"wp","href":"https:\/\/api.w.org\/{rel}","templated":true}]}}