{"id":1428,"date":"2020-01-05T11:27:45","date_gmt":"2020-01-05T10:27:45","guid":{"rendered":"https:\/\/qys.sk\/?p=1428"},"modified":"2020-01-05T11:27:45","modified_gmt":"2020-01-05T10:27:45","slug":"precitajte-si-nove-cislo-magazinu-qys-zima-2019","status":"publish","type":"post","link":"https:\/\/duhovyrok.sk\/qys\/precitajte-si-nove-cislo-magazinu-qys-zima-2019\/","title":{"rendered":"Pre\u010d\u00edtajte si nov\u00e9 \u010d\u00edslo magaz\u00ednu\u00a0QYS ZIMA 2019"},"content":{"rendered":"<p>Pre\u010d\u00edtajte si nov\u00e9 \u010d\u00edslo magaz\u00ednu\u00a0<a href=\"https:\/\/issuu.com\/nomantinels\/docs\/qys_magaz_n___zima19\">QYS ZIMA 2019<\/a><\/p>\n<p>Na na\u0161om webe si m\u00f4\u017eete objedna\u0165 predplatn\u00e9 magaz\u00ednu QYS na cel\u00fd rok alebo aktu\u00e1lny v\u00fdtla\u010dok.\u00a0<span class=\"_5mfr\"><span class=\"_6qdm\">?<\/span><\/span><span class=\"_5mfr\"><span class=\"_6qdm\">?<\/span><\/span><span class=\"_5mfr\"><span class=\"_6qdm\">?<\/span><\/span><\/p>\n<p>Viac info tu:\u00a0<span class=\"_5mfr\"><span class=\"_6qdm\">?<\/span><\/span>\u00a0<a href=\"https:\/\/qys.sk\/objednajte-si\/?fbclid=IwAR1rX1wbAMHR4Suv4Ca0WwzR_Hp4oEEv_ABWfedyOmJuwfzLFnbMJDvhXIk\" target=\"_blank\" rel=\"noopener nofollow\" data-ft=\"{&quot;tn&quot;:&quot;-U&quot;}\" data-lynx-mode=\"async\" data-lynx-uri=\"https:\/\/l.facebook.com\/l.php?u=https%3A%2F%2Fqys.sk%2Fobjednajte-si%2F%3Ffbclid%3DIwAR1rX1wbAMHR4Suv4Ca0WwzR_Hp4oEEv_ABWfedyOmJuwfzLFnbMJDvhXIk&amp;h=AT1sEJ5WFN0KZvRfmGvvOFq5dxnkDJtC59NuMlsC1ERnC3OeOjHKRpYxUPcnbUiKTbx9jVUziHbni6483tx14-kCJPfaUqDrdE4NAlsA7S8pkNP7F_s7eaAMUIr0KTlAeN-qYLO6tZE8NLbZ2Kj1NInrBC4DLhiC5QcmgkrdHvrxIx5Do7MqxtKeEa448PRpwgCYuA5VVImyn2LlO0GIFBktz6bHQ2lyUDwhlp3MXWA-dLkuKPeR9i5UdwOavu_xUNG__8PFa3rSzKI31tmXyWk8f5bBfHxQwaigdonGy62Xoi-o72ITqIoemgozTG_cQjpxf75W5wphlsLKEjmZ0HyBAVkSolzkkFR7zx9Y3KqL7yNb3xk06qkzLjtj6fJtjTQW4kt3qUAFLXbmWSPl1j51ut_pvBBEuLAkQS1YOGQP_BmN1tnp3LtD7XvNDZr_ovCV0f230rFizomZfHdfakeXUgRLSxswn_9n7flv5gZoxg_pMof6JWbfVoEqXRfn541pyeF2yUGagSdwA7idfliP99Y_01bZP0wFscGNQuoRt_8MOqEzbnUzUcmj_tb4nprGSJnvOZ5dawak0EJKGa9emvpjRk5DVZfBeKj-SKkj5ve0zrpG9QNwigpvjb7DDcBrEw\">https:\/\/qys.sk\/objednajte-si\/<\/a><\/p>\n","protected":false},"excerpt":{"rendered":"<p>Pre\u010d\u00edtajte si nov\u00e9 \u010d\u00edslo magaz\u00ednu\u00a0QYS ZIMA 2019 Na na\u0161om webe si m\u00f4\u017eete objedna\u0165 predplatn\u00e9 magaz\u00ednu QYS na cel\u00fd rok alebo aktu\u00e1lny v\u00fdtla\u010dok.\u00a0??? Viac info tu:\u00a0?\u00a0https:\/\/qys.sk\/objednajte-si\/<\/p>\n","protected":false},"author":2,"featured_media":1429,"comment_status":"closed","ping_status":"open","sticky":false,"template":"","format":"standard","meta":{"footnotes":""},"categories":[1,6,10,12,13],"tags":[110,163,173,174,227],"class_list":["post-1428","post","type-post","status-publish","format-standard","has-post-thumbnail","hentry","category-nezaradene","category-pribehy-lgbti-ludi","category-kultura","category-tipy","category-viditelnost","tag-magazin-qys","tag-queer-pribehy-a-tv","tag-qys","tag-qys-zima","tag-zimne-vydanie"],"_links":{"self":[{"href":"https:\/\/duhovyrok.sk\/qys\/wp-json\/wp\/v2\/posts\/1428","targetHints":{"allow":["GET"]}}],"collection":[{"href":"https:\/\/duhovyrok.sk\/qys\/wp-json\/wp\/v2\/posts"}],"about":[{"href":"https:\/\/duhovyrok.sk\/qys\/wp-json\/wp\/v2\/types\/post"}],"author":[{"embeddable":true,"href":"https:\/\/duhovyrok.sk\/qys\/wp-json\/wp\/v2\/users\/2"}],"replies":[{"embeddable":true,"href":"https:\/\/duhovyrok.sk\/qys\/wp-json\/wp\/v2\/comments?post=1428"}],"version-history":[{"count":0,"href":"https:\/\/duhovyrok.sk\/qys\/wp-json\/wp\/v2\/posts\/1428\/revisions"}],"wp:featuredmedia":[{"embeddable":true,"href":"https:\/\/duhovyrok.sk\/qys\/wp-json\/wp\/v2\/media\/1429"}],"wp:attachment":[{"href":"https:\/\/duhovyrok.sk\/qys\/wp-json\/wp\/v2\/media?parent=1428"}],"wp:term":[{"taxonomy":"category","embeddable":true,"href":"https:\/\/duhovyrok.sk\/qys\/wp-json\/wp\/v2\/categories?post=1428"},{"taxonomy":"post_tag","embeddable":true,"href":"https:\/\/duhovyrok.sk\/qys\/wp-json\/wp\/v2\/tags?post=1428"}],"curies":[{"name":"wp","href":"https:\/\/api.w.org\/{rel}","templated":true}]}}