{"id":1416,"date":"2020-01-25T10:57:48","date_gmt":"2020-01-25T09:57:48","guid":{"rendered":"https:\/\/qys.sk\/?p=1416"},"modified":"2020-01-25T10:57:48","modified_gmt":"2020-01-25T09:57:48","slug":"veronika-v-slovenskej-legislative-a-politike-je-vyraz-transgender-neznamy-pozname-iba-vyraz-transsexualizmus","status":"publish","type":"post","link":"https:\/\/duhovyrok.sk\/qys\/veronika-v-slovenskej-legislative-a-politike-je-vyraz-transgender-neznamy-pozname-iba-vyraz-transsexualizmus\/","title":{"rendered":"Veronika: V\u00a0slovenskej legislat\u00edve a\u00a0politike je v\u00fdraz transgender nezn\u00e1my. Pozn\u00e1me  iba v\u00fdraz transsexualizmus"},"content":{"rendered":"<p><em>Veronika m\u00e1 46 rokov a\u00a0zaober\u00e1 sa problematikou LGBTI. \u0160tudovala na Univerzite<\/em><br \/>\n<em>Komensk\u00e9ho a\u00a0dlh\u0161ie \u017eila v\u00a0zahrani\u010d\u00ed. V\u00a0s\u00fa\u010dasnosti \u017eije v\u00a0Bratislave a\u00a0pracuje v<\/em><br \/>\n<em>medzin\u00e1rodnej firme v\u00a0oblasti inkl\u00fazie a\u00a0diverzity. V r\u00e1mci svojej pr\u00e1ce zastupuje Slovensko<\/em><br \/>\n<em>v\u00a0medzin\u00e1rodnej komunite, ktor\u00e1 m\u00e1 na starosti inkl\u00faziu men\u0161\u00edn.<\/em><\/p>\n<p><strong>Ako je nastaven\u00e1 politika vo vz\u0165ahu k\u00a0transrodov\u00fdm \u013eu\u010fom na Slovensku?<\/strong><\/p>\n<p>Z\u00e1le\u017e\u00ed na tom, z\u00a0ak\u00e9ho uhla poh\u013eadu sa na to pozer\u00e1. V\u00a0slovenskej legislat\u00edve a\u00a0politike<br \/>\nje v\u00fdraz transrodov\u00fd nezn\u00e1my. Pozn\u00e1me iba v\u00fdraz transsexualizmus. T\u00e1to t\u00e9ma je spolu<br \/>\ns\u00a0lek\u00e1rskymi postupmi star\u00e1 a\u00a0poch\u00e1dza z\u00a080. rokov. (pozn. redakcie: v\u00fdnimkou je pojem<br \/>\nrodov\u00e1 identifik\u00e1cia, ktor\u00fd sa nach\u00e1dza v\u00a0antidiskrimina\u010dnom z\u00e1kone a\u00a0zakazuje tak<br \/>\ndiskrimin\u00e1ciu aj transrodov\u00fdch \u013eud\u00ed). Dokonca tu bolo aj\u00a0p\u00e1r pokusov o\u00a0oper\u00e1cie v\u00a0r\u00e1mci<br \/>\ntranz\u00edcie transrodov\u00fdch \u013eud\u00ed, ale v\u00a0s\u00fa\u010dasnosti sa u\u017e nerealizuj\u00fa, i\u00a0ke\u010f je tu z\u00e1ujem. Na<br \/>\npolitiku sa d\u00e1 celkovo nazera\u0165 z dvoch poh\u013eadov. Tradi\u010dn\u00e1 politika hovor\u00ed, \u017ee mo\u017enosti tu s\u00fa.<br \/>\nPotom tu m\u00e1me politiku ovplyvnen\u00fa verejnou mienkou, populizmom a\u00a0dian\u00edm na na\u0161om<br \/>\nmalom Slovensku. Nielen na Slovensku je pod vplyvom extr\u00e9mistick\u00fdch zlo\u017eiek i\u00a0na\u0161ich<br \/>\nr\u00f4znych kres\u0165ansk\u00fdch kamar\u00e1tov t\u00e9ma rodu a\u00a0rodovej identity tla\u010den\u00e1 k\u201c jablku genderu\u201c\u00a0a<br \/>\npodobn\u00fdch vec\u00ed. T\u00fato t\u00e9mu sprofanovali do takej miery, a\u017e maj\u00fa \u013eudia pocit, \u017ee ide o nie\u010do<br \/>\nnov\u00e9, fantastick\u00e9, ale pritom to na Slovensku v\u00f4bec nov\u00e9 nie je. M\u00e1 to z\u00e1konn\u00fa podporu<br \/>\na\u00a0d\u00fafam, \u017ee sa podar\u00ed presadi\u0165 i nov\u00fa z\u00e1konn\u00fa vyhl\u00e1\u0161ku, ktor\u00e1 by zmodernizovala tento star\u00fd<br \/>\npostup z\u00a080. rokov.<\/p>\n<p>Pre znal\u00fdch \u013eud\u00ed dnes existuje legislat\u00edvny r\u00e1mec, ale keby som sa\u00a0dr\u017eala<br \/>\nstatus quo transrodovej politiky na Slovensku, mysl\u00edm si, \u017ee povedomie je tu mizern\u00e9. Na<br \/>\nministerstve spravodlivosti existuje na to pracovn\u00fd v\u00fdbor. Vidite\u013enos\u0165, vzdel\u00e1vanie a<br \/>\npresadzovanie s\u00fa v\u0161ak nulov\u00e9, preto\u017ee tu nie je \u017eiadna politick\u00e1 v\u00f4\u013ea. To, \u017ee tu m\u00e1me<br \/>\npracovn\u00fa skupinu, je s\u00edce fajn, av\u0161ak funguje formou pas\u00edvnej rezistencie. V\u00a0praxi to znamen\u00e1<br \/>\nto\u013eko, \u017ee ve\u010f tu m\u00e1te svoju skupinu, bu\u010fte radi, se\u010fte si tu nieko\u013eko kvart\u00e1lov, rokov, aj tak<br \/>\nsi nebudete m\u00f4c\u0165 vyskakova\u0165. V skuto\u010dnosti sa ni\u010d nepresadzuje, lebo opora by mala by\u0165<br \/>\nniekde inde. Opora nem\u00e1 by\u0165 v\u00a0tom, \u017ee niekto buchne po stole a\u00a0povie: \u201ehur\u00e1, transrodov\u00ed<br \/>\n\u013eudia, zelen\u00e1!\u201c, ale niekto sa postav\u00ed a\u00a0povie: \u201ehur\u00e1, rovnos\u0165 \u013eud\u00ed v\u00a0krajine, je to v\u00a0\u00fastave\u201c.<br \/>\nOdtia\u013e sa za\u010dne v\u0161etko odv\u00edja\u0165. Ktoko\u013evek bude hani\u0165 ak\u00fako\u013evek men\u0161inu, \u010di u\u017e tak\u00fa alebo<br \/>\nonak\u00fa, sme pri inkl\u00fazii. Vrcholn\u00ed politici by mali poveda\u0165: \u201eS\u00edce nie som vzdelan\u00fd<br \/>\nv\u00a0trasnrodovej t\u00e9me, ale s\u00fa to tak\u00ed ist\u00ed \u013eudia ako ostatn\u00ed ob\u010dania, zasl\u00fa\u017eia si tak\u00e9 ist\u00e9 pr\u00e1va<br \/>\na\u00a0mo\u017enosti v\u00a0realiz\u00e1cii ochrany.\u201c A\u00a0toto ch\u00fdba na Slovensku. Ot\u00e1\u010da sa to na negat\u00edvnu str\u00e1nku<br \/>\nbez toho, aby sme sa nad t\u00fdm zamysleli. My sa nepotrebujeme hra\u0165 na nejak\u00fa skupinku \u013eud\u00ed,<br \/>\nn\u00e1m to sta\u010d\u00ed.<\/p>\n<p><strong>Ak\u00e9 \u0165a\u017ekosti v\u00a0tejto oblasti vn\u00edma\u0161?<\/strong><\/p>\n<p>Ako probl\u00e9m vid\u00edm mana\u017ement zmeny v\u00a0samotnej transrodovej komunite. Star\u0161ie naroden\u00fd<br \/>\nvn\u00edma t\u00fato problematiku inak ako mlad\u00e1 gener\u00e1cia. Mlad\u00e1 gener\u00e1cia prich\u00e1dza s\u00a0nov\u00fdm,\u00a0u\u017e<br \/>\nslobodnej\u0161\u00edm poh\u013eadom. My sme si e\u0161te za\u017eili socializmus. Dnes pozn\u00e1me pojmy ako fluidn\u00ed<\/p>\n<p>\u013eudia, bav\u00edme sa o\u00a0nebin\u00e1rnej identite. Pre m\u0148a samotn\u00fa je to neuchopite\u013en\u00e9 a neviem si ani<br \/>\npredstavi\u0165, \u017ee by som bola nebin\u00e1rna. Ale mnoh\u00ed \u013eudia s\u00fa nebin\u00e1rni. Nevieme si ani<br \/>\npredstavi\u0165, ak\u00fdm \u00faskaliam musia \u010deli\u0165. Ke\u010f to porovn\u00e1m s\u00a0in\u00fdmi krajinami, konven\u010dn\u00e9<br \/>\npon\u00edmanie v\u00fdznamu, kto je bin\u00e1rny, teda trans \u010dlovek, trans mu\u017e alebo trans \u017eena je ve\u013ek\u00fd<br \/>\nprobl\u00e9m, a\u00a0ke\u010f k\u00a0tomu prid\u00e1me nebin\u00e1rny, je to obrovsk\u00fd probl\u00e9m pre porozumenie v<br \/>\nspolo\u010dnosti. Ke\u010f sa tam sna\u017e\u00edm vnies\u0165 tro\u0161ku profesion\u00e1lny r\u00e1mec, na presadzovanie<br \/>\nsoci\u00e1lnych zmien v\u00a0\u0161t\u00e1te je potrebn\u00e9 si uvedomi\u0165, \u017ee niektor\u00e9 veci sa musia robi\u0165 postupne.<br \/>\nMy by sme tie\u017e mali politiku ovplyv\u0148ova\u0165 sp\u00f4sobom, \u017ee najprv adresujeme to, \u010do<br \/>\ns\u00a0najmen\u0161ou energiou zasiahne a ovplyvn\u00ed najv\u00e4\u010d\u0161iu plochu. Ke\u010f sa zabijeme s\u00a0t\u00e9mou, ktor\u00e1<br \/>\nn\u00e1s bude st\u00e1\u0165 obrovsk\u00fa energiu a\u00a0v skuto\u010dnosti m\u00e1 dopad iba na men\u0161inu na\u0161ej men\u0161iny, tak<br \/>\nzavrieme dvere v\u0161etk\u00fdm. Je d\u00f4le\u017eit\u00e9 rozmyslie\u0165 si pr\u00edstup k\u00a0budovaniu povedomia.<\/p>\n<p><strong>Ako by si zmenila toto povedomie?<\/strong><\/p>\n<p>Presne tak, ako sa to deje. Neust\u00e1lou pr\u00e1cou, informovanos\u0165ou. M\u00e1 to ist\u00fa postupnos\u0165 krokov.<br \/>\nCesta, ktorou sa men\u00ed politika v\u00a0krajin\u00e1ch, a\u00a0ak\u00e9 s\u00fa ich prirodzen\u00e9 kroky vo v\u00fdvoji. Mus\u00edme<br \/>\nprirodzene prejs\u0165 t\u00fdmito krokmi a je ve\u013emi iluz\u00f3rne, \u017ee rovno sko\u010d\u00edme 50 krokov dopredu.<br \/>\nMali by sme sa zamera\u0165 na prirodzenos\u0165 vzdel\u00e1vania. Prirodzene v zmysle, \u017ee vieme, ako to<br \/>\ni\u0161lo v\u00a0in\u00fdch krajin\u00e1ch, odpozorujeme a\u00a0nau\u010d\u00edme sa to. Mo\u017eno to zlep\u0161\u00edme, ale seka\u0165 vo\u010di<br \/>\nvetru a\u00a0sk\u00e1ka\u0165 o\u00a0p\u00e4\u0165 poschod\u00ed vy\u0161\u0161ie je il\u00fazia. Pr\u00e1ve mladej gener\u00e1cii ch\u00fdba t\u00e1to sk\u00fasenos\u0165 a<br \/>\nmo\u017eno profi r\u00e1mec ch\u00e1pania. Robia to pr\u00edli\u0161 po hlave, je to revolu\u010dn\u00e9, treba to. Sila je d\u00f4le\u017eit\u00e1<br \/>\nna vyv\u00e1\u017eenie revolu\u010dn\u00fdch opa\u010dn\u00fdch s\u00edl, ale vo v\u00fdsledku to nezabezpe\u010duje zmenu. Mus\u00edme<br \/>\nsledova\u0165 prirodzenos\u0165 tejto zmeny a\u00a0t\u00fdm sa to d\u00e1.<\/p>\n<p><strong>M\u00e1me dostatok \u0161pecialistov, ktor\u00ed poskytuj\u00fa pomoc pri tranz\u00edcii?<\/strong><\/p>\n<p>Na Slovensku nem\u00e1me dostatok \u0161pecialistov. Je to ve\u013emi zlo\u017eit\u00e9. Dnes t\u00e9ma tranz\u00edcie nie je<br \/>\nst\u00e1le dobre ch\u00e1pan\u00e1. Je to vlastne t\u00e9ma, ktor\u00e1 celkovo nielen na Slovensku m\u00e1 tendenciu by\u0165<br \/>\nvn\u00edman\u00e1 ako medic\u00ednsky probl\u00e9m, pri\u010dom n\u00edm nie je. Preto je \u0165a\u017ek\u00e9 poveda\u0165, kto s\u00fa spr\u00e1vni<br \/>\n\u0161pecialisti. Niekto povie, \u017ee \u0161pecialista je urol\u00f3g, \u010fal\u0161\u00ed povie plastick\u00fd chirurg, niekto<br \/>\npsychol\u00f3g a\u00a0psychiater. Kto je vlastne teda \u0161pecialista? Ke\u010f to vezmeme konven\u010dne v<br \/>\ndne\u0161nej legislat\u00edvnej \u00faprave potrebujeme hlavne psychol\u00f3gov a\u00a0psychiatrov. N\u00e1sledne na<br \/>\n\u010fal\u0161ie kroky, pr\u00edpadn\u00e9 chirurgick\u00e9 z\u00e1kroky, potrebujeme adekv\u00e1tnych chirurgov a\u00a0spr\u00e1vnych<br \/>\nlek\u00e1rov. Aj v t\u00fdchto troch skupin\u00e1ch je \u0161pecialistov mizerne m\u00e1lo. Ke\u010f idem odzadu, pre<br \/>\nz\u00e1kroky, ktor\u00e9 s\u00fa chirurgick\u00e9, na Slovensku niektor\u00fdch \u0161pecialistov m\u00e1me. Av\u0161ak pri trans<br \/>\n\u017een\u00e1ch je prakticky nedostupn\u00e9 \u0161pecializovan\u00e9 chirurgick\u00e9 o\u0161etrenie na Slovensku okrem<br \/>\norchiekt\u00f3mie. Mnoh\u00ed \u0161pecialisti nech\u00e1vaj\u00fa ve\u013ek\u00e9 jazvy po chirurgick\u00fdch \u00fakonoch. Plastick\u00ed<br \/>\nchirurgovia s\u00fa n\u00e1sledne v\u00a0\u0161oku, ako to spravili. Ani oni sami nevedia, ako to presne robi\u0165 tak,<br \/>\naby to bolo spr\u00e1vne spraven\u00e9, a\u00a0aby to neovplyvnilo kvalitu \u010fal\u0161\u00edch z\u00e1krokov. Rob\u00ed sa to<br \/>\nharakiri. \u0160pecialisti na v\u00e1\u017ene chirurgick\u00e9 z\u00e1kroky na Slovensku nie s\u00fa. Najbli\u017e\u0161ie s\u00fa v\u00a0\u010ceskej<br \/>\nrepublike, ale \u010cesi to vykon\u00e1vaj\u00fa \u0161ialene, je to amat\u00e9rske m\u00e4siarstvo.<\/p>\n<p><strong>\u010co je teda pod\u013ea teba podstatou tranz\u00edcie a\u00a0ak\u00fdch \u0161pecialistov trans \u013eudia potrebuj\u00fa?<\/strong><br \/>\nTranz\u00edcia za\u010d\u00edna u\u00a0n\u00e1s\u00a0sam\u00fdch. V prvom rade potrebujeme dobr\u00fdch psychol\u00f3gov a<br \/>\npsychologi\u010dky a\u00a0\u013eud\u00ed, ktor\u00ed sa rozumej\u00fa tranz\u00edcii. Ide\u00e1lne trans \u013eud\u00ed, ktor\u00ed vedia in\u00fdm pom\u00f4c\u0165<br \/>\nnajlep\u0161ie. My dnes m\u00e1me m\u00e1lo vzorov a\u00a0osobnost\u00ed, ktor\u00e9 by sa vedeli porozpr\u00e1va\u0165 s\u00a0trans<br \/>\n\u010dlovekom a\u00a0da\u0165 mu dostato\u010dne fundovan\u00fd poh\u013ead,\u00a0polo\u017ei\u0165 mu tie spr\u00e1vne ot\u00e1zky, aby objavil<br \/>\ns\u00e1m seba. V\u0161etko za\u010d\u00edna t\u00fdm, \u017ee \u013eudia si otvoria internet a\u00a0ako prv\u00fa prioritu vidia pri trans<br \/>\n\u017een\u00e1ch, aby dostali estrog\u00e9n a\u00a0pri trans mu\u017eoch testoster\u00f3n. To je hrub\u00e1 chyba. Probl\u00e9m je<\/p>\n<p>\u00faplne niekde inde a\u00a0za\u010d\u00edna \u00faplne pri inej t\u00e9me ako s\u00fa horm\u00f3ny. \u017dia\u013e nevyhnutnos\u0165 tohto<br \/>\npsychick\u00e9ho pretlaku u\u00a0\u013eud\u00ed ich tla\u010d\u00ed k iluz\u00f3rnej predstave, \u017ee horm\u00f3ny s\u00fa najpodstatnej\u0161ie.<br \/>\nNie s\u00fa.<\/p>\n<p><strong>A\u00a0\u010do je teda najd\u00f4le\u017eitej\u0161ie?<\/strong><\/p>\n<p>Najd\u00f4le\u017eitej\u0161ie je prijatie a\u00a0pochopenie, \u010do to vlastne znamen\u00e1 by\u0165 trans \u010dlovekom. Toto je to<br \/>\nnajpodstatnej\u0161ie. Je to \u017eivotn\u00e1 cesta. To si mus\u00ed \u010dlovek uvedomi\u0165. Ak toto nepochop\u00ed, tak jeho<br \/>\nrozhodnutia, ktor\u00e9 s\u00fa v\u00a0tranzicii celkom v\u00e1\u017ene, bud\u00fa myln\u00e9. Naraz\u00ed neskuto\u010dne ve\u013eakr\u00e1t.<br \/>\nPrepadne il\u00fazii. Bude to bolie\u0165. Je to v\u0161ak glob\u00e1lny probl\u00e9m. Kres\u0165anstvo n\u00e1m spravilo<br \/>\nmedvediu slu\u017ebu. Vyhubilo r\u00f4znorodos\u0165. Vyhubilo star\u00e9 kult\u00fary, ktor\u00e9 poznali transrodov\u00fdch<br \/>\n\u013eud\u00ed na ka\u017edom kontinente tro\u0161ka inak. A\u00a0t\u00e1 kult\u00fara tu bola. Bolo tu pochopenie. Boli tu<br \/>\nosobnosti a\u00a0vzory. My sme pri\u0161li o\u00a0tieto osobnosti a\u00a0vzory. Ak\u00fd vzor m\u00f4\u017ee ma\u0165 trans \u010dlovek?<br \/>\nKu komu vzhliada, aby to dok\u00e1zal? Nem\u00e1 ku komu. V\u00a0\u0161kole n\u00e1s u\u010dia v\u0161etko mo\u017en\u00e9, ale to<br \/>\npodstatn\u00e9, aby sme re\u0161pektovali sami seba a\u00a0dali n\u00e1m odpovede na z\u00e1kladn\u00e9 ot\u00e1zky \u017eivota,<br \/>\nnen\u00e1jde\u0161. St\u00e1le n\u00e1m ch\u00fdba fundament a\u00a0to, \u017ee \u010dlovek funguje asociat\u00edvne na z\u00e1klade<br \/>\nsk\u00fasenost\u00ed. My tieto sk\u00fasenosti nem\u00e1me a sami sa u\u010d\u00edme na na na\u0161ich vlastn\u00fdch pr\u00edbehoch.<br \/>\nOsobnosti a\u00a0vzory tu v\u0161ak s\u00fa a\u00a0s\u00a0nimi i\u00a0sk\u00fasenosti.<\/p>\n<p><strong>Ak\u00fd maj\u00fa medic\u00ednski \u0161pecialisti vz\u0165ah k\u00a0tejto t\u00e9me na Slovensku?<\/strong><\/p>\n<p>Osobne si mysl\u00edm, \u017ee maj\u00fa indiferentn\u00fd vz\u0165ah. Bav\u00edme sa o\u00a0p\u00e1r \u013eu\u010foch, ktor\u00fdch by som<br \/>\nnar\u00e1tala na jednej ruke. Je to alarmuj\u00faci fakt. S\u00fa to \u013eudia, ktor\u00ed maj\u00fa profesijn\u00fd z\u00e1ujem.<br \/>\nZ\u00e1ujem, ktor\u00fd ale kon\u010d\u00ed s\u00a0mo\u017enos\u0165ami ich pracovnej doby a\u00a0toho, \u017ee maj\u00fa na starosti in\u00e9<br \/>\nproblematick\u00e9 oblasti ako t\u00e1to. Oni nemaj\u00fa pln\u00fd pracovn\u00fd \u00fav\u00e4zok pre t\u00fato t\u00e9mu. Je to t\u00e9ma,<br \/>\nktor\u00e1 si vy\u017eaduje full-time \u0161pecialistov aj na Slovensku. \u0160tatisticky je trans \u013eud\u00ed na Slovensku<br \/>\nrelat\u00edvne ve\u013ea, a\u017e okolo 3000. To si u\u017e zasl\u00fa\u017ei nejak\u00fa \u0161pecializ\u00e1ciu a\u00a0sk\u00fasenos\u0165. Mysl\u00edm si, \u017ee<br \/>\ntento vz\u0165ah je indiferentn\u00fd, profesijn\u00fd a\u00a0je r\u00f4znorod\u00fd aj medzi nimi. T\u00edto lek\u00e1ri a lek\u00e1rky t\u00fdm,<br \/>\n\u017ee vedia, v\u00a0akom prostred\u00ed s\u00fa, a\u00a0vedia, \u017ee je ich iba p\u00e1r a nemaj\u00fa priestor na to, aby \u010derpali<br \/>\nz\u00a0nejakej kv\u00e1zi znalosti, sa\u00a0boja urobi\u0165 chybu, s\u00fa ve\u013emi opatrn\u00ed. Napr\u00edklad psychiatri a<br \/>\npsychiatri\u010dky maj\u00fa profesijn\u00fd z\u00e1ujem odl\u00ed\u0161i\u0165 transrodov\u00ed stav od pr\u00edpadnej psychickej<br \/>\nporuchy.<\/p>\n<p><strong>V \u010dom vid\u00ed\u0161 \u010dast\u00e9 probl\u00e9my s tranz\u00edciou?<\/strong><\/p>\n<p>\u010cast\u00e9 probl\u00e9my vid\u00edm v\u00a0neznalosti toho, \u010do je tranz\u00edcia. \u010eal\u0161\u00ed pr\u00edzemnej\u0161\u00ed probl\u00e9m je<br \/>\nv\u00a0nedostatku \u0161pecialistov na Slovensku. Tret\u00ed a prvorad\u00fd je slab\u00e9 povedomie, ktor\u00e9\u00a0je i<br \/>\nnajn\u00e1kladnej\u0161ie. Povedomie zah\u0155\u0148a v\u00a0sebe tie predch\u00e1dzaj\u00face probl\u00e9my. Pre\u0148 sa\u00a0\u013eudia c\u00edtia<br \/>\nby\u0165 osamoten\u00ed. Povedomie by malo za\u010da\u0165 t\u00fdm, \u017ee \u013eudia s\u00fa vzdel\u00e1van\u00ed na \u0161kol\u00e1ch a\u00a0vedia, \u017ee<br \/>\nexistuje niekto, kto m\u00e1 telesn\u00e9 znev\u00fdhodnenie, \u017ee existuj\u00fa men\u0161iny, niekto je nepo\u010duj\u00faci,<br \/>\nvysok\u00fd, ob\u00e9zny, alebo niekto m\u00e1 in\u00fa sexu\u00e1lnu orient\u00e1ciu, alebo in\u00fa identitu, ako mu bola<br \/>\nprip\u00edsan\u00e1. R\u00f4znorodos\u0165 je to, \u010do na\u0161e \u0161koly neu\u010dia. U\u010denie a\u00a0ch\u00e1panie diverzity je z\u00e1kladn\u00fd<br \/>\natrib\u00fat rozvoja schopnosti tvori\u0165 kreat\u00edvne. Diverzita je ve\u013ek\u00e1 kreativita. Na\u0161e \u0161kolstvo to do<br \/>\ndne\u0161n\u00e9ho d\u0148a nepochopilo. Ve\u013ek\u00fd probl\u00e9m vid\u00edm v\u00a0povedom\u00ed, v\u00a0ktorom absol\u00fatne absentuje<br \/>\nzameranie na vzdel\u00e1vanie v\u00a0oblasti diverzity na \u0161kol\u00e1ch. V\u00a0pozit\u00edvnom slova zmysle by<br \/>\nde\u0165om malo by\u0165 v\u0161tepovan\u00e9, \u017ee inkl\u00fazia je norm\u00e1lnou s\u00fa\u010das\u0165ou\u00a0spolo\u010dnosti. Diverzita je<br \/>\nve\u013emi d\u00f4le\u017eit\u00e1 a\u00a0u\u010d\u00ed n\u00e1s ch\u00e1pa\u0165 v\u0161etk\u00fdch \u013eud\u00ed, ktor\u00ed maj\u00fa in\u00fd potenci\u00e1l ako mainstream.<\/p>\n<p><strong>V in\u00fdch krajin\u00e1ch je postavenie transorodv\u00fdch \u013eud\u00ed lep\u0161ie?<\/strong><\/p>\n<p>V\u00a0niektor\u00fdch krajin\u00e1ch maj\u00fa lep\u0161ie legislat\u00edvne postavenie. \u013dudia nepotrebuj\u00fa prech\u00e1dza\u0165<br \/>\nmnoh\u00fdmi komisiami, to znamen\u00e1, \u017ee je to na rozhodnut\u00ed ich slobodnej v\u00f4le, teda na princ\u00edpe<br \/>\nsebaur\u010denia. Je to \u010fal\u0161\u00ed krok na\u00a0ceste, ktor\u00fa som spom\u00ednala na za\u010diatku. My tam e\u0161te nie sme.<br \/>\nU\u00a0n\u00e1s to mus\u00ed stanovi\u0165 psychiater ako diagn\u00f3zu. V\u00a0krajin\u00e1ch \u0160kandin\u00e1vie a\u00a0v\u00a0Holandsku to<br \/>\nfunguje na princ\u00edpe sebaur\u010denia. \u010clovek s\u00e1m m\u00f4\u017ee ur\u010di\u0165, \u017ee m\u00e1 in\u00fa identitu a\u00a0nikto to nebude<br \/>\nrozporova\u0165. \u010co sa t\u00fdka \u0161pecialistov, je to v niektor\u00fdch krajin\u00e1ch lep\u0161ie. Nepatr\u00edme ani medzi<br \/>\n\u0161pi\u010dku, ale tie\u017e nem\u00f4\u017eeme poveda\u0165, \u017ee sme niekde na konci. Nach\u00e1dzame sa niekde<br \/>\nuprostred.<\/p>\n<p><strong>Ako vyzer\u00e1 situ\u00e1cia mimo Eur\u00f3py?<\/strong><\/p>\n<p>Tak napr\u00edklad Japonsko je ve\u013emi konzervat\u00edvne a\u00a0t\u00e1to t\u00e9ma je tam relat\u00edvne tvrd\u00e1, \u010do sa t\u00fdka<br \/>\ninkl\u00fazie. \u00c1zia je v\u0161ak nieko\u013ekon\u00e1sobne v\u00e4\u010d\u0161ia ako Eur\u00f3pa. Keby sme sa ocitli napr\u00edklad v<br \/>\nThajsku, kde si mysl\u00edme, \u017ee oper\u00e1cie sa tam vykon\u00e1vaj\u00fa na dennom poriadku, m\u00fdlime sa.<br \/>\nPr\u00e1ve opak je pravdou. Inkl\u00fazia je tam ve\u013emi zlo\u017eit\u00e1. V\u00a0Spojen\u00fdch \u0161t\u00e1toch je to podobn\u00e9 a\u00a0l\u00ed\u0161i<br \/>\nsa to od \u0161t\u00e1tu k \u0161t\u00e1tu. Niektor\u00e9 s\u00fa viac liber\u00e1lne a\u00a0\u013eudia nemaj\u00fa probl\u00e9m s\u00a0inkl\u00faziou men\u0161\u00edn.<br \/>\nV \u0161t\u00e1toch ako Arizona \u010di Texas je to \u010faleko tvrd\u0161ie. Tradi\u010dn\u00e1 Redneck kult\u00fara je omnoho<br \/>\nviac konzervat\u00edvnej\u0161ia a\u00a0izolovan\u00e1. Z\u00a0tohto poh\u013eadu je to ve\u013emi r\u00f4znorod\u00e9 a\u00a0nepovedala by<br \/>\nsom, \u017ee sa to vymyk\u00e1 \u0161tandardu v Eur\u00f3pe. Vo v\u00fdsledku je to plus-m\u00ednus v\u0161ade rovnak\u00e9.<\/p>\n<p><strong>Ako by si predstavila pripravovan\u00fd projekt Re\u0161tart?<\/strong><\/p>\n<p>Projekt Re\u0161tart je ve\u013emi zauj\u00edmav\u00fd a jedine\u010dn\u00fd svojho druhu. Je postaven\u00fd na pr\u00edbehu trans<br \/>\n\u010dloveka a\u00a0zaklad\u00e1 sa na \u017eivotn\u00fdch udalostiach ako \u0161kola, \u0161k\u00f4lka a podobne. Zaober\u00e1 sa<br \/>\ntypick\u00fdmi \u017eivotn\u00fdmi udalos\u0165ami, s\u00a0ktor\u00fdmi sa stret\u00e1vame: prv\u00fdkr\u00e1t v\u00a0kolekt\u00edve, prv\u00fdkr\u00e1t si<br \/>\nh\u013ead\u00e1m partnera, h\u013ead\u00e1m si pr\u00e1cu, \u010do ma \u010dak\u00e1. Za\u010d\u00ednam tranz\u00edciu v\u00a0dospelom veku. Ja u\u017e<br \/>\nm\u00e1m priate\u013eov, \u010do sa s nimi stane? Za\u010d\u00ednam tranz\u00edciu ako teenager. Ako si n\u00e1jdem priate\u013eov a<br \/>\npriate\u013eky? \u00dastrednou kostrou projektu s\u00fa r\u00f4zne \u017eivotn\u00e9 udalosti a okolnosti v\u00a0r\u00f4znom veku.<br \/>\nZvolili sme nieko\u013eko uhlov poh\u013eadu ako poh\u013ead rodi\u010da, kamar\u00e1ta, \u010di kamar\u00e1tky, pr\u00edbuzn\u00e9ho,<br \/>\nzamestn\u00e1vate\u013ea, veriaceho \u010dloveka. Prin\u00e1\u0161ame do povedomia nov\u00e9 poh\u013eady re\u010dou \u010dloveka,<br \/>\nktor\u00fd sa pozer\u00e1. V\u00fdsledok projektu Re\u0161tart bude v\u00a0sloven\u010dine a\u00a0vo\u013ene dostupn\u00fd na internete,<br \/>\nale i\u00a0v\u00a0tla\u010denej podobe.<\/p>\n<p><strong>\u010co by si odk\u00e1zala \u013eudom, ktor\u00ed prech\u00e1dzaj\u00fa tranz\u00edciou?<\/strong><\/p>\n<p>Z\u00e1kladom je trpezlivos\u0165. \u013dudia si v\u00a0n\u00e1hlivosti m\u00f4\u017eu myslie\u0165, \u017ee ak to nespravia dnes, zajtra<br \/>\nu\u017e nedostan\u00fa horm\u00f3ny a umr\u00fa. Neumr\u00fa, pre\u017eij\u00fa. Nech s\u00fa trpezliv\u00ed a\u00a0nech sa sna\u017eia zhov\u00e1ra\u0165<br \/>\ns\u00a0in\u00fdmi \u013eu\u010fmi, aby na\u0161li svoje vzory a\u00a0osobnosti. Kontaktujte star\u0161\u00edch \u013eud\u00ed, rozpr\u00e1vajte sa s<br \/>\nnimi o\u00a0tom. Sna\u017ete sa pochopi\u0165 sam\u00fdch seba. Nestr\u00e1cajte odvahu, preto\u017ee bez odvahy sa ned\u00e1<br \/>\nza\u010da\u0165 oblieka\u0165 ako in\u00e9 pohlavie\/in\u00fd rod, za\u010da\u0165 sa ma\u013eova\u0165. To s\u00fa v\u0161ak povrchn\u00e9 veci. Treba<br \/>\nma\u0165 odvahu, aby ste dok\u00e1zali \u010deli\u0165 sami sebe, \u010deli\u0165 niekedy aj tomu, \u017ee niektor\u00e9 veci m\u00f4\u017eu<br \/>\nby\u0165 inak, ako sa n\u00e1m skuto\u010dne p\u00e1\u010dia a zdaj\u00fa na za\u010diatku. Najpodstatnej\u0161ia je trpezlivos\u0165<br \/>\na\u00a0necha\u0165 si poradi\u0165. Horm\u00f3ny nie s\u00fa z\u010faleka v\u0161etko a dokonca to nie je ani prv\u00fd krok, hoci<br \/>\nmnoh\u00ed si myslia, \u017ee je. Nezab\u00fadajte, \u017ee ste komplexn\u00e9 bytosti a\u00a0m\u00e1te v\u0161etky probl\u00e9my ako<br \/>\nv\u0161etci in\u00ed okolo v\u00e1s od kari\u00e9ry cez vn\u00fatorn\u00e9 probl\u00e9my z\u00a0detstva, cez priate\u013estv\u00e1, rodinn\u00e9<br \/>\nkatastrofy, cez zdravie, \u010doko\u013evek v\u00e1m napadne. A\u00a0len jedna z\u00a0t\u00fdch vec\u00ed je by\u0165 trans<br \/>\n\u010dlovekom.<\/p>\n<p>Pozn. reakcie: Veronika si priala zosta\u0165 v\u00a0anonymite, preto neuv\u00e1dzame jej cel\u00e9 meno.<\/p>\n<p>V\u00a0pr\u00edpade ak ste transrodov\u00fd \u010dlovek a\u00a0h\u013ead\u00e1te pomoc m\u00f4\u017eete nap\u00edsa\u0165 aj do Inporadne na<br \/>\n<em><a href=\"http:\/\/www.inporadna.sk.\">www.inporadna.sk.<\/a><\/em><\/p>\n<p>Ilustr\u00e1cia:\u00a0Vikt\u00f3ria Szabov\u00e1<\/p>\n<p>&nbsp;<\/p>\n","protected":false},"excerpt":{"rendered":"<p>Veronika m\u00e1 46 rokov a\u00a0zaober\u00e1 sa problematikou LGBTI. \u0160tudovala na Univerzite Komensk\u00e9ho a\u00a0dlh\u0161ie \u017eila v\u00a0zahrani\u010d\u00ed. V\u00a0s\u00fa\u010dasnosti \u017eije v\u00a0Bratislave a\u00a0pracuje v medzin\u00e1rodnej firme v\u00a0oblasti inkl\u00fazie a\u00a0diverzity. V r\u00e1mci svojej pr\u00e1ce zastupuje Slovensko v\u00a0medzin\u00e1rodnej komunite, ktor\u00e1 m\u00e1 na starosti inkl\u00faziu men\u0161\u00edn. Ako je nastaven\u00e1 politika vo vz\u0165ahu k\u00a0transrodov\u00fdm \u013eu\u010fom na Slovensku? Z\u00e1le\u017e\u00ed na tom, z\u00a0ak\u00e9ho uhla poh\u013eadu <a href=\"https:\/\/duhovyrok.sk\/qys\/veronika-v-slovenskej-legislative-a-politike-je-vyraz-transgender-neznamy-pozname-iba-vyraz-transsexualizmus\/\" class=\"more-link\">&#8230;<\/a><\/p>\n","protected":false},"author":9,"featured_media":1421,"comment_status":"closed","ping_status":"open","sticky":false,"template":"","format":"standard","meta":{"footnotes":""},"categories":[12,13],"tags":[],"class_list":["post-1416","post","type-post","status-publish","format-standard","has-post-thumbnail","hentry","category-tipy","category-viditelnost"],"_links":{"self":[{"href":"https:\/\/duhovyrok.sk\/qys\/wp-json\/wp\/v2\/posts\/1416","targetHints":{"allow":["GET"]}}],"collection":[{"href":"https:\/\/duhovyrok.sk\/qys\/wp-json\/wp\/v2\/posts"}],"about":[{"href":"https:\/\/duhovyrok.sk\/qys\/wp-json\/wp\/v2\/types\/post"}],"author":[{"embeddable":true,"href":"https:\/\/duhovyrok.sk\/qys\/wp-json\/wp\/v2\/users\/9"}],"replies":[{"embeddable":true,"href":"https:\/\/duhovyrok.sk\/qys\/wp-json\/wp\/v2\/comments?post=1416"}],"version-history":[{"count":0,"href":"https:\/\/duhovyrok.sk\/qys\/wp-json\/wp\/v2\/posts\/1416\/revisions"}],"wp:featuredmedia":[{"embeddable":true,"href":"https:\/\/duhovyrok.sk\/qys\/wp-json\/wp\/v2\/media\/1421"}],"wp:attachment":[{"href":"https:\/\/duhovyrok.sk\/qys\/wp-json\/wp\/v2\/media?parent=1416"}],"wp:term":[{"taxonomy":"category","embeddable":true,"href":"https:\/\/duhovyrok.sk\/qys\/wp-json\/wp\/v2\/categories?post=1416"},{"taxonomy":"post_tag","embeddable":true,"href":"https:\/\/duhovyrok.sk\/qys\/wp-json\/wp\/v2\/tags?post=1416"}],"curies":[{"name":"wp","href":"https:\/\/api.w.org\/{rel}","templated":true}]}}