{"id":1374,"date":"2019-11-19T19:55:58","date_gmt":"2019-11-19T18:55:58","guid":{"rendered":"https:\/\/qys.sk\/?p=1374"},"modified":"2021-03-18T08:57:58","modified_gmt":"2021-03-18T07:57:58","slug":"peter-bebjak-vo-vlade-mame-gejov-a-nic-nepresadili-aj-slovenske-televizie-sa-boja","status":"publish","type":"post","link":"https:\/\/duhovyrok.sk\/qys\/peter-bebjak-vo-vlade-mame-gejov-a-nic-nepresadili-aj-slovenske-televizie-sa-boja\/","title":{"rendered":"Peter Bebjak: Vo vl\u00e1de m\u00e1me gejov a\u00a0ni\u010d nepresadili. Aj slovensk\u00e9 telev\u00edzie sa boja."},"content":{"rendered":"<p><em>Patr\u00ed k\u00a0najzn\u00e1mej\u0161\u00edm slovensk\u00fdm re\u017eis\u00e9rom. Za\u010diatkom roka mal Peter Bebjak (*1970)<\/em><br \/>\n<em>v\u00a0kin\u00e1ch blockbuster Trhlina pod\u013ea knihy Jozefa Kariku. Teraz pripravuje nieko\u013eko projektov<\/em><br \/>\n<em>naraz, medzi nimi aj seri\u00e1l Herec, o\u00a0homosexu\u00e1lovi, ktor\u00fd v\u00a050. rokoch za\u010dne kv\u00f4li<\/em><br \/>\n<em>spolo\u010densk\u00e9mu statusu spolupracova\u0165 s\u00a0\u0160tb. Hoci projekt koprodukuje slovensk\u00e1 RTVS, na\u0161a<\/em><br \/>\n<em>kult\u00fara sa pod\u013ea neho o\u00a0pr\u00edbehy gejov st\u00e1le nezauj\u00edma. \u013dady sa neh\u00fdbu, hovor\u00ed. Okrem toho,<\/em><br \/>\n<em>\u017ee pripravuje mimoriadne \u00faspe\u0161n\u00e9 filmy a\u00a0seri\u00e1ly, neboj\u00ed sa vyjadrova\u0165 k\u00a0spolo\u010densk\u00fdm<\/em><br \/>\n<em>ot\u00e1zkam, ktor\u00e9 sa ho ako geja t\u00fdkaj\u00fa.<\/em><\/p>\n<p><strong>Pripravujete seri\u00e1l Herec o\u00a0mladom homosexu\u00e1lovi v\u00a0obdob\u00ed 50. rokov. Povedzte<\/strong><br \/>\n<strong>n\u00e1m o\u00a0\u0148om viac.<\/strong><\/p>\n<p>\u010cesk\u00e1 telev\u00edzia ma oslovila. Pripravovali pr\u00edbeh s\u00a0homosexu\u00e1lnou t\u00e9mou \u2013 prekvapilo<br \/>\nma to. U\u017e sa dohodla na nap\u00edsan\u00ed so scen\u00e1ristom seri\u00e1lu \u010cetn\u00edci u\u00a0Luha\u010dovic. Poznali sme sa<br \/>\na raz som mu rozpr\u00e1val pr\u00edbeh jedn\u00e9ho \u010desk\u00e9ho herca, ktor\u00e9ho kedysi naverbovala \u0160tb. Mal<br \/>\nby\u0165 \u0161tetkou, zvies\u0165 svoju pr\u00edbuzn\u00fa a\u00a0zneu\u017ei\u0165 ju dehonestuj\u00facim sp\u00f4sobom, aby ju potom<br \/>\nmohli kompromitova\u0165. Vzali sme si n\u00e1met a\u00a0prepracovali ho na in\u00fa postavu: chlapca, ktor\u00fd<br \/>\nvyrastal v\u00a0z\u00e1vadnej rodine. Jeho otca zabili v\u00a0Tobruku, jeho mamu pova\u017eovali za<br \/>\nkolaborantku, so sestrou \u017eij\u00fa s\u00a0babkou. Chlapec si uvedom\u00ed, \u017ee chce \u017ei\u0165 in\u00e1\u010d, ma\u0165 sa lep\u0161ie<br \/>\na\u00a0rozhodne sa spolupracova\u0165.<\/p>\n<p><strong>Poznali ste nejak\u00e9ho homosexu\u00e1la, ktor\u00fd \u017eil v\u00a050. rokoch?<\/strong><\/p>\n<p>Nie osobne \u2013 vtedy to v\u0161ak bol trestn\u00fd \u010din. Ale homosexu\u00e1lna komunita existovala<br \/>\nv\u017edy. Ale museli to taji\u0165, skr\u00fdva\u0165 sa. Ke\u010f som pri\u0161iel do Bratislavy v\u00a01989, boli tu<br \/>\nnevyhl\u00e1sen\u00e9 podniky, miesta, kde sa homosexu\u00e1li stret\u00e1vali. Samozrejme, nem\u00f4\u017eem to<br \/>\nporovn\u00e1va\u0165 \u2013 50. roky a\u00a0koniec 80. rokov, ale komunita bola rovnako v\u00a0\u201cilegalite\u201d. \u013dudia aj<br \/>\nvtedy rozm\u00fd\u0161\u013eali, komu m\u00f4\u017eu d\u00f4verova\u0165, s\u00a0k\u00fdm sa stret\u00e1va\u0165. Dnes si to u\u017e ani nevieme<br \/>\npredstavi\u0165.<\/p>\n<p><strong>\u00cds\u0165 do gej klubu v\u00a0roku 1989 \u2013 b\u00e1li ste sa?<\/strong><\/p>\n<p>89 neboli ofici\u00e1lne gej kluby, to pri\u0161lo a\u017e za\u010diatkom 90 rokov. A aj vtedy mi chv\u00ed\u013eu<br \/>\ntrvalo, k\u00fdm som sa osmelil. Vtedy som bol u\u017e vyrovnan\u00fd, \u017ee som gej, ale viac som mal<br \/>\nprobl\u00e9m s\u00a0okol\u00edm. Zlomilo sa to vo mne a\u017e coming outom v\u00a090. rokoch, ke\u010f som mal okolo<br \/>\nseba viac kamar\u00e1tov, s\u00a0ktor\u00fdmi som sa c\u00edtil istej\u0161\u00ed. Mysl\u00edm si, \u017ee coming out v\u00a0\u017eivote<br \/>\nhomosexu\u00e1la prich\u00e1dza vtedy, ke\u010f sa prv\u00fd raz zamiluje, c\u00edti istotu, ke\u010f m\u00f4\u017ee zrazu hovori\u0165 s<br \/>\nniek\u00fdm, \u010do c\u00edti, ako \u017eije, po \u010dom t\u00fa\u017ei.<\/p>\n<p><strong>Ak\u00e9 boli potom pre komunitu 90. roky? Zmenila nie\u010do Ne\u017en\u00e1 revol\u00facia pre gejov?<\/strong><\/p>\n<p>Zmenila v\u0161etko. Otvorili sa prv\u00e9 bary, leg\u00e1lne miesta, kde ste sa mohli stret\u00e1va\u0165. Bol tu<br \/>\nbar Axiom, Gremium, pri Ba\u0161te bol bar, ktor\u00e9mu si u\u017e neviem spomen\u00fa\u0165 na meno. Potom<br \/>\nvznikol Apollon a\u00a0mlad\u00fd homosexu\u00e1l mohol chodi\u0165 na diskot\u00e9ku v\u00a0stredu, piatok a sobotu.<br \/>\nRaz za \u0161tvr\u0165rok sa vtedy pripravila ve\u013ek\u00e1 p\u00e1rty v\u00a0Camel klube, to bolo smerom na Dlh\u00e9 diely.<br \/>\nZrazu ste mohli stretn\u00fa\u0165 gejov nielen z\u00a0Bratislavy, ale aj z\u00a0okolia. Komunita sa viac otvorila.<br \/>\nSk\u00fasme si porovna\u0165 prv\u00fd Pride a\u00a0ten posledn\u00fd. Ist\u00e1 nen\u00e1vis\u0165 bude v\u00a0spolo\u010dnosti asi v\u017edy, lebo<br \/>\nje to dobr\u00e1 t\u00e9ma pre politikov, ale teraz sa nikto nemus\u00ed chr\u00e1ni\u0165 pred \u00fatokmi, neh\u00e1d\u017eu do\u0148ho<br \/>\ndla\u017eobn\u00e9 kocky.<\/p>\n<p><strong>Me\u010diarizmus mal nejak\u00fd vplyv na \u017eivot komunity?<\/strong><\/p>\n<p>Me\u010diarizmus nemal, ale bol pekne skurvenou dobou. Ke\u010f sa na\u0148 pozer\u00e1m sp\u00e4tne, zd\u00e1<br \/>\nsa mi hrozn\u00fd. Ne\u010faleko (sed\u00edme na Vent\u00farskej ulici) b\u00fdval mafi\u00e1n Tuti, pam\u00e4t\u00e1te si ho?<br \/>\nS\u00a0bratom ho kedysi popravili pred \u00faradom vl\u00e1dy. Vent\u00farska bola jeho ulicou, chodil st\u00e1le do<br \/>\nDepressa, ni\u010d neplatil a\u00a0b\u00e1li sme sa, aby si n\u00e1s nevybral ako obete. Vraj raz zastavil n\u00e1hodn\u00e9<br \/>\ndiev\u010da na zast\u00e1vke, lebo sa mu p\u00e1\u010dili jej rifle a\u00a0prin\u00fatil ju vyzliec\u0165 si ich. Vzal ich potom<br \/>\npriate\u013eke. Me\u010diarizmus d\u00e1val priestor hrubej sile.<\/p>\n<p><strong>Seri\u00e1l Herec teda pripravuje \u010cesk\u00e1 telev\u00edzia. Viete si predstavi\u0165, \u017ee by s\u00a0nie\u010d\u00edm<\/strong><br \/>\n<strong>tak\u00fdm pri\u0161la niektor\u00e1 slovensk\u00e1?<\/strong><\/p>\n<p>Paradoxne, koproducentom Herca je Rozhlas a\u00a0telev\u00edzia Slovenska. Hoci projekt<br \/>\nods\u00fahlasilo e\u0161te jej minul\u00e9 vedenie, to s\u00fa\u010dasn\u00e9 v\u0161ak spolupr\u00e1cu potvrdilo. Na druhej strane<br \/>\nneviem si predstavi\u0165, \u017ee by niektor\u00e1 in\u00e1 slovensk\u00e1 telev\u00edzia pri\u0161la s\u00a0tak\u00fdm n\u00e1metom. Postava<br \/>\ngeja sa u\u00a0n\u00e1s na obrazovke objavila vtedy, ak mala by\u0165 humornou vsuvkou a\u00a0podporovala by<br \/>\nnejak\u00fd stereotyp. Pripravi\u0165 autentick\u00fd pr\u00edbeh homosexu\u00e1la telev\u00edzie nechc\u00fa \u2013 ob\u00e1vaj\u00fa sa riz\u00edk,<br \/>\n\u017ee by vyvolal ve\u013ea negat\u00edvnych reakci\u00ed, kontroverziu, ktorej sa vyh\u00fdbaj\u00fa, boja sa otvori\u0165<br \/>\nt\u00e9mu, o\u00a0ktorej nevedia, \u010di by bola \u00faspe\u0161n\u00e1. Rad\u0161ej sa tomu vyhn\u00fa.<\/p>\n<p><strong>Nakr\u00facali ste mnoho seri\u00e1lov. Stalo sa, \u017ee by ste v\u00a0nich chceli ma\u0165 pr\u00edbeh geja<\/strong><br \/>\n<strong>a\u00a0telev\u00edzia ho \u0161krtla?<\/strong><\/p>\n<p>Jasn\u00e9, \u017ee sa to stalo, ale na konkr\u00e9tny projekt si u\u017e nespom\u00ednam. Mali sme ve\u013ea tak\u00fdch<br \/>\nseri\u00e1lov, ktor\u00e9 sa nerealizovali, boli len v\u00a0pr\u00edpravnej f\u00e1ze, mo\u017eno sa nakr\u00fatil pilot a\u00a0nakoniec<br \/>\nboli zastaven\u00e9. Telev\u00edzie v\u00e1s zv\u00e4\u010d\u0161a oslovia s\u00a0vlastn\u00fdm n\u00e1padom, niekedy v\u00e1m u\u017e aj daj\u00fa<br \/>\nscen\u00e1r a\u00a0ob\u010das im m\u00f4\u017eete nie\u010do pon\u00faknu\u0165. Ak sa v\u00a0niektorom na\u0161om projekte objavila siln\u00e1<br \/>\ngej postava, zamietli to.<\/p>\n<p><strong>\u0160tatistiky hovoria, \u017ee v\u00a0spolo\u010dnosti je ka\u017ed\u00fd dvadsiaty queer. To znamen\u00e1, \u017ee aj<\/strong><br \/>\n<strong>v\u00a0telev\u00edzi\u00e1ch musia gejovia pracova\u0165.<\/strong><\/p>\n<p>Mysl\u00edte si, \u017ee to nie\u010do zmenilo? Aj vo vl\u00e1de m\u00e1te gejov a\u00a0podarilo sa im nie\u010do presadi\u0165?<br \/>\nAj v\u00a0parlamente m\u00e1te gejov, zmenilo sa nie\u010do? M\u00e1me registrovan\u00e9 partnerstv\u00e1? Hoci je ka\u017ed\u00fd<br \/>\ndvadsiaty gej, pre \u013eud\u00ed pracuj\u00facich v s\u00fakromn\u00fdch m\u00e9di\u00e1ch je \u00faspe\u0161nos\u0165 d\u00f4le\u017eitej\u0161ia,<br \/>\nprirodzene. Priestor by na to mohla ma\u0165 verejnopr\u00e1vna RTVS. Ale\u00a0pozrite sa, ona ro\u010dne<br \/>\nvyrob\u00ed dva seri\u00e1ly a\u00a0tie ur\u010dite nebud\u00fa o\u00a0homosexu\u00e1loch. Zost\u00e1va asi vyu\u017ei\u0165 internetov\u00e9<br \/>\nplatformy.<\/p>\n<p><strong>Dobre, ale teraz sa predsa len rozhodla koprodukova\u0165 v\u00e1\u0161 seri\u00e1l s\u00a0gej tematikou.<\/strong><br \/>\n<strong>C\u00edtite, \u017ee sa kult\u00farna situ\u00e1cia men\u00ed?<\/strong><\/p>\n<p>Ni\u010d sa nezmenilo. RTVS projekt koprodukuje, lebo dohoda sa o \u0148om u\u017e uzavrela, s\u00fa<br \/>\nv\u00a0nej zast\u00fapen\u00ed mnoh\u00ed slovensk\u00ed herci a\u00a0ide o\u00a0zauj\u00edmav\u00fd pr\u00edbeh, dot\u00fdka sa obdobia, v\u00a0ktorom<br \/>\nsme v\u0161etci \u017eili. \u013dady sa v\u0161ak skuto\u010dne neh\u00fdbu.<\/p>\n<p><strong>V\u00a0zahrani\u010d\u00ed je mnoho seri\u00e1lov o\u00a0LGBT+ komunite, je to trend. My sme na\u0148 e\u0161te<\/strong><br \/>\n<strong>nedospeli?<\/strong><\/p>\n<p>V\u00a0zahrani\u010d\u00ed to trend je, u\u00a0n\u00e1s nie. U\u00a0n\u00e1s na\u0148 mo\u017eno \u013eudia dospeli, ale nedospeli t\u00ed, ktor\u00ed<br \/>\nrozhoduj\u00fa \u2013 a\u00a0od t\u00fdch to z\u00e1vis\u00ed, oni musia ma\u0165 odvahu vysk\u00fa\u0161a\u0165 nie\u010do nov\u00e9. Ak by sa na trhu<br \/>\nobjavila \u0161\u0165uka, ktor\u00e1 by prin\u00e1\u0161ala netradi\u010dn\u00e9 n\u00e1pady a\u00a0e\u0161te by bola \u00faspe\u0161n\u00e1, rozh\u00fdbala by aj<br \/>\ntelev\u00edzne in\u0161tit\u00facie. Dnes vid\u00edm mo\u017enos\u0165 sk\u00f4r vo filme. Je slobodnej\u0161\u00edm m\u00e9diom v<br \/>\nautorskom\u00a0r\u00e1mci \u2013 pri nich nerozhoduj\u00fa pracovn\u00edci telev\u00edzi\u00ed, ktor\u00ed sa boja o\u00a0svoje poz\u00edcie a\u00a0\u017ee<br \/>\nke\u010f spravia probl\u00e9m, bud\u00fa prepusten\u00ed. Pri filme sa producent rozhodne, \u017ee chce nakr\u00fati\u0165<br \/>\nnejak\u00fd pr\u00edbeh a\u00a0ak ho podpor\u00ed Audiovizu\u00e1lny fond, m\u00f4\u017ee ho realizova\u0165. Samozrejme, mus\u00ed<br \/>\n\u010daka\u0165, \u017ee n\u00e1v\u0161tevnos\u0165 nebude obrovsk\u00e1.<\/p>\n<p><strong>V\u00a0roku 2012 va\u0161a spolo\u010dnos\u0165 DNA Production priniesla film Anjeli o\u00a0umieraj\u00facom<\/strong><br \/>\n<strong>gej umelcovi. Pri \u0148om ste nemuseli h\u013eada\u0165 spolufinancovanie?<\/strong><\/p>\n<p>Anjelov sme si zaplatili \u00faplne sami. Ne\u017eiadali sme \u017eiadne peniaze ani od RTVS, ani od<br \/>\nfondu \u2013 vedeli sme toti\u017e, \u017ee je to projekt s\u00a0neist\u00fdm v\u00fdsledkom \u010di by n\u00e1s podporili. V\u00a0tom \u010dase sme sami zaplatili dva filmy. Ja som nakr\u00fatil horor Zlo a\u00a0Robert \u0160veda Anjelov. Vysk\u00fa\u0161ali<br \/>\nsme si vtedy producentsk\u00e9 prostredie a\u00a0zistili, ak\u00e9 n\u00e1ro\u010dn\u00e9 je v\u00a0\u0148om by\u0165 \u00faspe\u0161n\u00fd.<br \/>\nOba filmy sa vtedy hrali v\u00a0malom po\u010dte k\u00edn.<br \/>\nTo je \u010fal\u0161\u00ed probl\u00e9m. Distribu\u010dn\u00e9 spolo\u010dnosti a kin\u00e1ri maj\u00fa vlastn\u00e9 strat\u00e9gie, rozhoduj\u00fa<br \/>\nsa, \u010do bud\u00fa vo svojich kin\u00e1ch premieta\u0165 a\u00a0\u010do nie. Filmy vtedy distribuovala Asoci\u00e1cia<br \/>\nslovensk\u00fdch filmov\u00fdch klubov, a\u00a0preto sa hrali len v\u00a0men\u0161\u00edch s\u00e1lach. Nemali sme vtedy ani<br \/>\ndos\u0165 pe\u0148az\u00ed na reklamn\u00fa kampa\u0148, aby sa filmy dostali do povedomia a\u00a0nemali sme za<br \/>\nchrbtom telev\u00edziu, ktor\u00e1 by n\u00e1m zdarma dala reklamn\u00fd priestor.<\/p>\n<p><strong>Po vra\u017ede J\u00e1na Kuciaka a\u00a0Martiny Ku\u0161n\u00edrovej ste sa na odovzd\u00e1van\u00ed cien Slnko<\/strong><br \/>\n<strong>v\u00a0sieti vyjadril priamo k\u00a0situ\u00e1cii na Slovensku. M\u00e1m pre v\u00e1s teda aj politick\u00fa ot\u00e1zku: \u010do<\/strong><br \/>\n<strong>hovor\u00edte na to, \u017ee ministertvo kult\u00fary stoplo financovanie Pride-u? Tv\u00e1rili sa, \u017ee nechc\u00fa<\/strong><br \/>\n<strong>\u017eiadnu men\u0161inu znev\u00fdhodni\u0165.<\/strong><\/p>\n<p>Tv\u00e1ria sa, ale podarilo sa im men\u0161inu diskriminova\u0165. Pova\u017eujem to za hl\u00fapy krok, ako<br \/>\nmnoh\u00e9 in\u00e9. S\u00favis\u00ed to s\u00a0t\u00fdm, kto ministerstvo riadi, kto ho zastupuje. Hoci \u010dasto nemus\u00ed<br \/>\nrozhodova\u0165 ministerka, ona je v\u0161ak zodpovedn\u00e1. Ke\u010f sa rozhodla podpori\u0165 folkl\u00f3r, je to<br \/>\nv\u00a0poriadku, ale mala by sa zamyslie\u0165 nad spr\u00e1vnou mierou a\u00a0hlavne, nezab\u00edja\u0165 t\u00fdm r\u00f4znorod\u00fa<br \/>\nkult\u00faru na Slovensku. Proste, na ministerstvo sa musia dosta\u0165 kompetentn\u00ed \u013eudia.<\/p>\n<p><strong>Ministerstvo m\u00e1 dosah aj na RTVS. Ako sa v\u00e1m s\u00a0telerozhlasom spolupracuje,<\/strong><br \/>\n<strong>odkedy z\u00a0neho odi\u0161iel programov\u00fd riadite\u013e telev\u00edzie Tibor B\u00faza a\u00a0nast\u00fapilo nov\u00e9<\/strong><br \/>\n<strong>vedenie?<\/strong><\/p>\n<p>Vedenie m\u00e1 svoju v\u00edziu, kam chce in\u0161tit\u00faciu pos\u00fava\u0165 a\u00a0pod\u013ea toho si vyber\u00e1<br \/>\ndramaturgick\u00e9 smery. Za Tibora B\u00fazu vzniklo ve\u013ea filmov\u00fdch projektov, v\u00a0jeho \u010dasoch v\u0161ak<br \/>\nst\u00e1le stagnovala seri\u00e1lov\u00e1 tvorba. Mysl\u00edm si, \u017ee v\u00edzia Mareka \u0164ap\u00e1ka je sk\u00f4r rozv\u00edja\u0165 p\u00f4vodn\u00fa<br \/>\ntvorbu a\u00a0obmedzil koproduk\u010dn\u00e9 a\u00a0filmov\u00e9 projekty.<\/p>\n<p><strong>Naraz zvyknete pripravova\u0165 ve\u013ea projektov. Kedy viete, \u017ee je ich u\u017e na v\u00e1s<\/strong><br \/>\n<strong>prive\u013ea?<\/strong><\/p>\n<p>Vtedy, ke\u010f si u\u017e \u010fal\u0161\u00ed na plecia nevezmem, ke\u010f viem, \u017ee nest\u00edham a\u00a0nem\u00e1m \u010fal\u0161iu<br \/>\nkapacitu ich rie\u0161i\u0165. Mnoh\u00e9 projekty s\u00fa roz\u0165ahan\u00e9 \u2013 napr\u00edklad: seri\u00e1l Za sklom re\u017e\u00edrujeme<br \/>\ntraja, pri Hercovi som s\u00e1m, pri filme Spr\u00e1va tie\u017e. Niekedy sa prekr\u00fdvaj\u00fa, ale nest\u00e1va sa, \u017ee by<br \/>\nsom jednu vec nakr\u00facal v\u00a0pondelok, druh\u00fa v\u00a0utorok, tretiu v\u00a0stredu. Maj\u00fa \u010dasov\u00fa n\u00e1slednos\u0165.<br \/>\nMus\u00edm si jednoducho dobre napl\u00e1nova\u0165 \u010das, aby som si vedel v\u0161etko pripravi\u0165 \u010do najlep\u0161ie.<\/p>\n<p><strong>Spolo\u010dnos\u0165 DNA Production ste zalo\u017eili v\u00a0roku 2001, a\u017e o\u00a0sedem rokov sa rozbehla<\/strong><br \/>\n<strong>naplno. Mali ste niekedy n\u00fadzu o\u00a0projekty?<\/strong><\/p>\n<p>Na\u0161im prv\u00fdm v\u00e4\u010d\u0161\u00edm projektom boli Najv\u00e4\u010d\u0161ie krimin\u00e1lne pr\u00edpady a\u00a0dovtedy sme sa<br \/>\nzameriavali na reklamy. Bola to in\u00e1 doba. V\u00a0roku 2000 sa nenakr\u00facali \u017eiadne filmy ani<br \/>\nseri\u00e1ly. \u0160kolu som pr\u00e1ve dokon\u010dil a\u00a0trvalo roky, k\u00fdm som sa dostal k\u00a0nejak\u00e9mu hran\u00e9mu<br \/>\nprojektu. Preto som si aj s kolegom Ras\u0165om \u0160est\u00e1kom zalo\u017eil produk\u010dn\u00fa spolo\u010dnos\u0165 \u2013 museli<br \/>\nsme vrazi\u0165 vlastn\u00e9 peniaze do nakr\u00facania pilotov a\u00a0s\u00a0nimi sme obch\u00e1dzali telev\u00edzie, aby videli<br \/>\nna\u0161u v\u00edziu. Mesto tie\u0148ov a\u00a0Najv\u00e4\u010d\u0161ie krimin\u00e1lne pr\u00edpady boli na\u0161e prv\u00e9 ve\u013ek\u00e9 projekty.<br \/>\nPredt\u00fdm v\u00a0roku 2001 sme boli radi, \u017ee sme narazili na reklamn\u00fa agent\u00faru a\u00a0mohli sme im<br \/>\nrobi\u0165 servis. Nesk\u00f4r, ke\u010f sa Eurotel zmenil na T-Mobile, zmenila sa aj agent\u00fara a\u00a0prestali sme<br \/>\npracova\u0165 v\u00a0reklame. Dostali sme sa kone\u010dne k\u00a0hran\u00fdm veciam. Nebolo to jednoduch\u00e9, ale ke\u010f<br \/>\nFranti\u0161ek Borovsk\u00fd pri\u0161iel do Mark\u00edzy a\u00a0rozhodol sa spusti\u0165 projekt Ordin\u00e1cia v\u00a0ru\u017eovej<br \/>\nz\u00e1hrade, spravil v\u0161etko pre to, aby bol \u00faspe\u0161n\u00fd. Popri \u0148om sa zviezli in\u00e9 seri\u00e1ly.<\/p>\n<p><strong>V\u00e1\u0161 seri\u00e1l Spravedlnost ned\u00e1vno zaujal v\u00a0Hollywoode. K\u00fapila ho produk\u010dn\u00e1<\/strong><br \/>\n<strong>spolo\u010dnos\u0165 patriaca Mattovi Damonovi a\u00a0Benovi Affleckovi. Stretli ste sa s\u00a0nimi?<\/strong><\/p>\n<p>Nie, nestretol. Cel\u00e9 to funguje na obchode. Projekt Spravedlnost vlastn\u00ed \u010cesk\u00e1 telev\u00edzia,<br \/>\nt\u00fa oslovila medi\u00e1lna skupina, ktor\u00e1 pred\u00e1va projekty in\u00fdm hollywoodskym spolo\u010dnostiam. Je<br \/>\nv\u0161ak skvel\u00e9, \u017ee si seri\u00e1l v\u0161imol nejak\u00fd obchodn\u00edk a\u00a0mal o\u0148 z\u00e1ujem. Tieto spolo\u010dnosti maj\u00fa<br \/>\nodborn\u00edkov v\u00a0r\u00f4znych regi\u00f3noch a\u00a0sleduj\u00fa, \u010do zauj\u00edmav\u00e9 sa v\u00a0\u0148om deje. Projekt Spravedlnost<\/p>\n<p>pon\u00fakli viacer\u00fdm americk\u00fdm \u0161t\u00fadi\u00e1m a\u00a0spolo\u010dnos\u0165 Matta Damona a\u00a0Bena Afflecka ho<br \/>\nreflektovala a\u00a0za\u010dali sa s\u00a0nimi dohadova\u0165 oh\u013eadne k\u00fapy. To e\u0161te st\u00e1le neznamen\u00e1, \u017ee nie\u010do<br \/>\nvznikne. Oni chceli desa\u0165 epiz\u00f3d, my m\u00e1me nakr\u00faten\u00e9 len tri. Oni by si teda museli pr\u00edbeh<br \/>\nupravi\u0165, dop\u00edsa\u0165. A\u00a0aj ke\u010f sa scen\u00e1r nap\u00ed\u0161e a\u00a0nakr\u00fati sa pilot, e\u0161te to neznamen\u00e1, \u017ee sa seri\u00e1l<br \/>\nvyrob\u00ed a odvysiela.<\/p>\n<p><strong>A\u00a0\u010do Netflix? Financuje projekty na celom svete, v\u00a0\u00c1zii, v\u00a0Z\u00e1padnej Eur\u00f3pe,<\/strong><br \/>\n<strong>v\u00a0seversk\u00fdch krajin\u00e1ch, Latinskej Amerike. Za\u010dal sa u\u017e zauj\u00edma\u0165 aj o\u00a0\u010deskoslovensk\u00fd<\/strong><br \/>\n<strong>regi\u00f3n?<\/strong><\/p>\n<p>\u010cesk\u00fd film o\u00a0Milade Hor\u00e1kovej u\u017e Netflix priamo financoval. Nie\u010do sa u\u017e rysuje aj<br \/>\nu\u00a0n\u00e1s, ale e\u0161te v\u00e1m nem\u00f4\u017eem viac prezradi\u0165.<\/p>\n<p><strong>S\u00favis\u00ed to s\u00a0vami? Chceli by k\u00fapi\u0165 nejak\u00fd v\u00e1\u0161 seri\u00e1l?<\/strong><\/p>\n<p>Viem iba, \u017ee sa nie\u010do rysuje. K\u00fdm sa projekt priamo neuskuto\u010dn\u00ed, nem\u00f4\u017eem o\u00a0\u0148om<br \/>\nhovori\u0165.<\/p>\n<p><strong>A\u00a0zd\u00e1 sa v\u00e1m, \u017ee ich n\u00e1\u0161 regi\u00f3n zauj\u00edma?<\/strong><\/p>\n<p>Je to mo\u017en\u00e9, ale st\u00e1le n\u00e1s Netflix asi vn\u00edma ako mal\u00fd trh. Ke\u010f hovor\u00edme o\u00a0\u0161panielsky<br \/>\nhovoriacom alebo \u00e1zijskom trhu, tie s\u00fa ove\u013ea v\u00e4\u010d\u0161ie. My sme limitovan\u00ed jazykom. Hoci \u00e1no,<br \/>\nv\u00a0\u010cesku nakr\u00fatili Miladu Hor\u00e1kov\u00fa a\u00a0d\u00fafam \u017ee aj Slovensko sa dostane do jeho h\u013ead\u00e1\u010dika.<\/p>\n<p>&nbsp;<\/p>\n<p>Autor \u010dl\u00e1nku : Marek Hudec<\/p>\n","protected":false},"excerpt":{"rendered":"<p>Patr\u00ed k\u00a0najzn\u00e1mej\u0161\u00edm slovensk\u00fdm re\u017eis\u00e9rom. Za\u010diatkom roka mal Peter Bebjak (*1970) v\u00a0kin\u00e1ch blockbuster Trhlina pod\u013ea knihy Jozefa Kariku. Teraz pripravuje nieko\u013eko projektov naraz, medzi nimi aj seri\u00e1l Herec, o\u00a0homosexu\u00e1lovi, ktor\u00fd v\u00a050. rokoch za\u010dne kv\u00f4li spolo\u010densk\u00e9mu statusu spolupracova\u0165 s\u00a0\u0160tb. Hoci projekt koprodukuje slovensk\u00e1 RTVS, na\u0161a kult\u00fara sa pod\u013ea neho o\u00a0pr\u00edbehy gejov st\u00e1le nezauj\u00edma. \u013dady sa neh\u00fdbu, hovor\u00ed. <a href=\"https:\/\/duhovyrok.sk\/qys\/peter-bebjak-vo-vlade-mame-gejov-a-nic-nepresadili-aj-slovenske-televizie-sa-boja\/\" class=\"more-link\">&#8230;<\/a><\/p>\n","protected":false},"author":10,"featured_media":1375,"comment_status":"closed","ping_status":"open","sticky":false,"template":"","format":"standard","meta":{"footnotes":""},"categories":[254,6,10,259,13],"tags":[55,112,128,173,188,191],"class_list":["post-1374","post","type-post","status-publish","format-standard","has-post-thumbnail","hentry","category-film","category-pribehy-lgbti-ludi","category-kultura","category-rozhovory","category-viditelnost","tag-film","tag-marek-hudec","tag-peter-bebjak","tag-qys","tag-serial","tag-slovenska-televizia"],"_links":{"self":[{"href":"https:\/\/duhovyrok.sk\/qys\/wp-json\/wp\/v2\/posts\/1374","targetHints":{"allow":["GET"]}}],"collection":[{"href":"https:\/\/duhovyrok.sk\/qys\/wp-json\/wp\/v2\/posts"}],"about":[{"href":"https:\/\/duhovyrok.sk\/qys\/wp-json\/wp\/v2\/types\/post"}],"author":[{"embeddable":true,"href":"https:\/\/duhovyrok.sk\/qys\/wp-json\/wp\/v2\/users\/10"}],"replies":[{"embeddable":true,"href":"https:\/\/duhovyrok.sk\/qys\/wp-json\/wp\/v2\/comments?post=1374"}],"version-history":[{"count":1,"href":"https:\/\/duhovyrok.sk\/qys\/wp-json\/wp\/v2\/posts\/1374\/revisions"}],"predecessor-version":[{"id":2558,"href":"https:\/\/duhovyrok.sk\/qys\/wp-json\/wp\/v2\/posts\/1374\/revisions\/2558"}],"wp:featuredmedia":[{"embeddable":true,"href":"https:\/\/duhovyrok.sk\/qys\/wp-json\/wp\/v2\/media\/1375"}],"wp:attachment":[{"href":"https:\/\/duhovyrok.sk\/qys\/wp-json\/wp\/v2\/media?parent=1374"}],"wp:term":[{"taxonomy":"category","embeddable":true,"href":"https:\/\/duhovyrok.sk\/qys\/wp-json\/wp\/v2\/categories?post=1374"},{"taxonomy":"post_tag","embeddable":true,"href":"https:\/\/duhovyrok.sk\/qys\/wp-json\/wp\/v2\/tags?post=1374"}],"curies":[{"name":"wp","href":"https:\/\/api.w.org\/{rel}","templated":true}]}}