{"id":1349,"date":"2019-09-28T19:01:54","date_gmt":"2019-09-28T17:01:54","guid":{"rendered":"https:\/\/qys.sk\/?p=1349"},"modified":"2021-03-18T09:01:17","modified_gmt":"2021-03-18T08:01:17","slug":"pozvanka-pribeh-geja-pribeh-lesby-29-9-2019-na-festivale-divadelna-nitra","status":"publish","type":"post","link":"https:\/\/duhovyrok.sk\/qys\/pozvanka-pribeh-geja-pribeh-lesby-29-9-2019-na-festivale-divadelna-nitra\/","title":{"rendered":"Pozv\u00e1nka: Pr\u00edbeh geja, pr\u00edbeh lesby 29.9.2019 na festivale Divadeln\u00e1 Nitra"},"content":{"rendered":"<p>V r\u00e1mci festivalu\u00a0<a class=\"m_2004217845098180528gmail-profileLink\" href=\"https:\/\/nitrafest.sk\/\" target=\"_blank\" rel=\"noopener noreferrer\" data-saferedirecturl=\"https:\/\/www.google.com\/url?q=https:\/\/nitrafest.sk\/&amp;source=gmail&amp;ust=1569775231162000&amp;usg=AFQjCNHW85mo_Xrby8ZC_phq2vCkTxhqrw\">Divadeln\u00e1 Nitra<\/a>\u00a0zahr\u00e1 Divadlo Nomantinels najnov\u0161iu inscen\u00e1ciu Pr\u00edbeh geja, pr\u00edbeh lesby v pondelok 29.9.2019 o 21:00. Te\u0161\u00edme sa na v\u00e1s.<\/p>\n<p>Viac info tu:\u00a0<a href=\"https:\/\/www.facebook.com\/events\/1496630503794970\/\" target=\"_blank\" rel=\"noopener noreferrer\" data-saferedirecturl=\"https:\/\/www.google.com\/url?q=https:\/\/www.facebook.com\/events\/1496630503794970\/&amp;source=gmail&amp;ust=1569775231162000&amp;usg=AFQjCNGS4UieBVeA5vxpGI-EM1t-n3YCuA\">https:\/\/www.facebook.com\/events\/1496630503794970\/<\/a><\/p>\n<p>P\u00f4vodn\u00e1 slovensk\u00e1 inscen\u00e1cia sa sna\u017e\u00ed pribl\u00ed\u017ei\u0165 komplexne na z\u00e1klade mozaiky pr\u00edbehov r\u00f4znych gejov a lesieb f\u00e1zy ich \u017eivota. Bude zobrazova\u0165 ich vn\u00fatorn\u00fd coming out, coming out bl\u00edzkym \u013eu\u010fom a ich pre\u017e\u00edvanie s akcentom na slovensk\u00fa spolo\u010dnos\u0165.<\/p>\n<p><strong>Predstavenie\u00a0<em>Pr\u00edbeh geja \/ Pr\u00edbeh lesby<\/em>\u00a0v j\u00fali nav\u0161t\u00edvila prezidentka Slovenskej republiky, Zuzana \u010caputov\u00e1.<\/strong><\/p>\n<p><strong>Autori: R. Pakan, A. Kuruc\u00a0<\/strong><strong>R\u00e9\u017eia: M. Hodo\u0148\u00a0<\/strong><strong>Dramaturgia: D. \u010ciripov\u00e1\u00a0<\/strong><strong>Hudba: Ink midget\u00a0<\/strong><strong>\u00da\u010dinkuj\u00fa: M. Zemancov\u00e1, R. Pakan\u00a0<\/strong><b>Foto : Jakub Kov\u00e1\u010d<\/b><\/p>\n<p><strong><a href=\"http:\/\/nomantinels.sk\/?fbclid=IwAR2_nW0VBU1QSHMeq8ge0u9AECeI6o8vh3iUARyKtY1_tSSHR_i1xZdh6uA\" target=\"_blank\" rel=\"noopener noreferrer\" data-saferedirecturl=\"https:\/\/www.google.com\/url?q=http:\/\/nomantinels.sk\/?fbclid%3DIwAR2_nW0VBU1QSHMeq8ge0u9AECeI6o8vh3iUARyKtY1_tSSHR_i1xZdh6uA&amp;source=gmail&amp;ust=1569775231162000&amp;usg=AFQjCNGyhtMR2Xc0ifbDjSdRLXvNRgi9bQ\">http:\/\/nomantinels.sk\/<\/a><\/strong><\/p>\n","protected":false},"excerpt":{"rendered":"<p>V r\u00e1mci festivalu\u00a0Divadeln\u00e1 Nitra\u00a0zahr\u00e1 Divadlo Nomantinels najnov\u0161iu inscen\u00e1ciu Pr\u00edbeh geja, pr\u00edbeh lesby v pondelok 29.9.2019 o 21:00. Te\u0161\u00edme sa na v\u00e1s. Viac info tu:\u00a0https:\/\/www.facebook.com\/events\/1496630503794970\/ P\u00f4vodn\u00e1 slovensk\u00e1 inscen\u00e1cia sa sna\u017e\u00ed pribl\u00ed\u017ei\u0165 komplexne na z\u00e1klade mozaiky pr\u00edbehov r\u00f4znych gejov a lesieb f\u00e1zy ich \u017eivota. Bude zobrazova\u0165 ich vn\u00fatorn\u00fd coming out, coming out bl\u00edzkym \u013eu\u010fom a ich pre\u017e\u00edvanie <a href=\"https:\/\/duhovyrok.sk\/qys\/pozvanka-pribeh-geja-pribeh-lesby-29-9-2019-na-festivale-divadelna-nitra\/\" class=\"more-link\">&#8230;<\/a><\/p>\n","protected":false},"author":2,"featured_media":1350,"comment_status":"closed","ping_status":"open","sticky":false,"template":"","format":"standard","meta":{"footnotes":""},"categories":[2,256,6,10,12],"tags":[],"class_list":["post-1349","post","type-post","status-publish","format-standard","has-post-thumbnail","hentry","category-comingout","category-divadlo","category-pribehy-lgbti-ludi","category-kultura","category-tipy"],"_links":{"self":[{"href":"https:\/\/duhovyrok.sk\/qys\/wp-json\/wp\/v2\/posts\/1349","targetHints":{"allow":["GET"]}}],"collection":[{"href":"https:\/\/duhovyrok.sk\/qys\/wp-json\/wp\/v2\/posts"}],"about":[{"href":"https:\/\/duhovyrok.sk\/qys\/wp-json\/wp\/v2\/types\/post"}],"author":[{"embeddable":true,"href":"https:\/\/duhovyrok.sk\/qys\/wp-json\/wp\/v2\/users\/2"}],"replies":[{"embeddable":true,"href":"https:\/\/duhovyrok.sk\/qys\/wp-json\/wp\/v2\/comments?post=1349"}],"version-history":[{"count":1,"href":"https:\/\/duhovyrok.sk\/qys\/wp-json\/wp\/v2\/posts\/1349\/revisions"}],"predecessor-version":[{"id":2567,"href":"https:\/\/duhovyrok.sk\/qys\/wp-json\/wp\/v2\/posts\/1349\/revisions\/2567"}],"wp:featuredmedia":[{"embeddable":true,"href":"https:\/\/duhovyrok.sk\/qys\/wp-json\/wp\/v2\/media\/1350"}],"wp:attachment":[{"href":"https:\/\/duhovyrok.sk\/qys\/wp-json\/wp\/v2\/media?parent=1349"}],"wp:term":[{"taxonomy":"category","embeddable":true,"href":"https:\/\/duhovyrok.sk\/qys\/wp-json\/wp\/v2\/categories?post=1349"},{"taxonomy":"post_tag","embeddable":true,"href":"https:\/\/duhovyrok.sk\/qys\/wp-json\/wp\/v2\/tags?post=1349"}],"curies":[{"name":"wp","href":"https:\/\/api.w.org\/{rel}","templated":true}]}}