{"id":1340,"date":"2019-09-15T19:47:51","date_gmt":"2019-09-15T17:47:51","guid":{"rendered":"https:\/\/qys.sk\/?p=1340"},"modified":"2019-09-15T19:47:51","modified_gmt":"2019-09-15T17:47:51","slug":"pozvanka-tepla-vlna-diskusia-o-falosnych-spravach-v-ktorych-sa-tepli-ludia-stavaju-tercom-nenavisti-29-9-2019","status":"publish","type":"post","link":"https:\/\/duhovyrok.sk\/qys\/pozvanka-tepla-vlna-diskusia-o-falosnych-spravach-v-ktorych-sa-tepli-ludia-stavaju-tercom-nenavisti-29-9-2019\/","title":{"rendered":"Pozv\u00e1nka Tepl\u00e1 vlna: Diskusia o\u00a0falo\u0161n\u00fdch spr\u00e1vach, v ktor\u00fdch sa tepl\u00ed \u013eudia st\u00e1vaj\u00fa ter\u010dom nen\u00e1visti 29.9.2019"},"content":{"rendered":"<p style=\"font-weight: 400\">Poz\u00fdvame v\u00e1s v r\u00e1mci s\u00e9rie diskusi\u00ed\u00a0<strong>Tepl\u00e1 vlna<\/strong>\u00a0\u00a0na diskusiu o\u00a0falo\u0161n\u00fdch spr\u00e1vach, v ktor\u00fdch sa tepl\u00ed \u013eudia st\u00e1vaj\u00fa ter\u010dom nen\u00e1visti. <strong>Diskusia sa bude kona\u0165 23. septembra 2019 (pondelok) o\u00a019:00 hod. v\u00a0Tepl\u00e1re\u0148 Caf\u00e9 na Z\u00e1mockej 30 v\u00a0Bratislave.<\/strong><\/p>\n<p>LGBTI komunita sa posledn\u00e9 roky stret\u00e1va s obrovsk\u00fdm priehr\u0161\u00edm nen\u00e1visti zo strany kon\u0161pira\u010dn\u00fdch m\u00e9di\u00ed, neonacistick\u00fdch skup\u00edn a cirkvi. Je naru\u0161en\u00e1 ich d\u00f4stojnos\u0165 a s\u00fakromie zo strany kon\u0161pira\u010dn\u00fdch m\u00e9di\u00ed. Ako sa br\u00e1ni\u0165 a ak\u00e9 m\u00e1me pr\u00e1va a \u010do robi\u0165 v pr\u00edpade ak je n\u00e1m ubli\u017eovan\u00e9?<\/p>\n<p>Aj o tom m\u00f4\u017eete diskutova\u0165 s na\u0161imi hos\u0165ami v r\u00e1mci programu Tepl\u00e1 vlna.<\/p>\n<p>Hos\u0165ami diskusie bud\u00fa :<\/p>\n<p><strong>Daniel Milo<\/strong> &#8211; Pr\u00e1vnik, analytik GLOBSEC Policy Institute<\/p>\n<p><span style=\"font-weight: 400\"><strong>Vladim\u00edr \u0160n\u00eddl<\/strong> &#8211; Expert na kon\u0161pira\u010dn\u00e9 m\u00e9di\u00e1, Denn\u00edk N\u00a0\u00a0<\/span><\/p>\n<p>Diskusiu moderuje:<\/p>\n<p><strong> Andrej Kuruc <\/strong>&#8211;\u00a0expert v oblasti \u013eudsk\u00fdch pr\u00e1v LGBTI \u013eud\u00ed, Nomantinels<\/p>\n<p>Diskusii podporil z verejn\u00fdch financi\u00ed <a href=\"https:\/\/www.fpu.sk\/sk\/\"><strong>Fond na podporu umenia<\/strong><\/a> v r\u00e1mci projektu <a href=\"http:\/\/duhovyrok.sk\/\"><strong>D\u00fahov\u00fd rok <\/strong><\/a>.<\/p>\n<p>Ilustr\u00e1cia : Marta Prokopov\u00e1<\/p>\n<p><img loading=\"lazy\" decoding=\"async\" class=\"\" src=\"https:\/\/scontent-vie1-1.xx.fbcdn.net\/v\/t1.0-9\/70243636_2507498649293878_2313667619288252416_n.jpg?_nc_cat=106&amp;_nc_oc=AQkqUvMgJnLmoTMyjMiQPsPwdnQBAvvwggQDuGWsGUBFZHRKSpbbp_RozekP8NB_hUw&amp;_nc_ht=scontent-vie1-1.xx&amp;oh=51e4c9e883d2c5eeeff6d973dee7bea3&amp;oe=5DF318FD\" width=\"633\" height=\"355\" \/><\/p>\n<p><img loading=\"lazy\" decoding=\"async\" class=\"\" src=\"https:\/\/www.fpu.sk\/images\/logo\/FPU_logo1_modre.jpg\" alt=\"V\u00c3\u00bdsledok vyh\u00c4\u00bead\u00c3\u00a1vania obr\u00c3\u00a1zkov pre dopyt fond umenia\" width=\"260\" height=\"195\" \/><\/p>\n","protected":false},"excerpt":{"rendered":"<p>Poz\u00fdvame v\u00e1s v r\u00e1mci s\u00e9rie diskusi\u00ed\u00a0Tepl\u00e1 vlna\u00a0\u00a0na diskusiu o\u00a0falo\u0161n\u00fdch spr\u00e1vach, v ktor\u00fdch sa tepl\u00ed \u013eudia st\u00e1vaj\u00fa ter\u010dom nen\u00e1visti. Diskusia sa bude kona\u0165 23. septembra 2019 (pondelok) o\u00a019:00 hod. v\u00a0Tepl\u00e1re\u0148 Caf\u00e9 na Z\u00e1mockej 30 v\u00a0Bratislave. LGBTI komunita sa posledn\u00e9 roky stret\u00e1va s obrovsk\u00fdm priehr\u0161\u00edm nen\u00e1visti zo strany kon\u0161pira\u010dn\u00fdch m\u00e9di\u00ed, neonacistick\u00fdch skup\u00edn a cirkvi. Je naru\u0161en\u00e1 ich <a href=\"https:\/\/duhovyrok.sk\/qys\/pozvanka-tepla-vlna-diskusia-o-falosnych-spravach-v-ktorych-sa-tepli-ludia-stavaju-tercom-nenavisti-29-9-2019\/\" class=\"more-link\">&#8230;<\/a><\/p>\n","protected":false},"author":2,"featured_media":1342,"comment_status":"closed","ping_status":"open","sticky":false,"template":"","format":"standard","meta":{"footnotes":""},"categories":[6,8,12,13],"tags":[],"class_list":["post-1340","post","type-post","status-publish","format-standard","has-post-thumbnail","hentry","category-pribehy-lgbti-ludi","category-queer-veda","category-tipy","category-viditelnost"],"_links":{"self":[{"href":"https:\/\/duhovyrok.sk\/qys\/wp-json\/wp\/v2\/posts\/1340","targetHints":{"allow":["GET"]}}],"collection":[{"href":"https:\/\/duhovyrok.sk\/qys\/wp-json\/wp\/v2\/posts"}],"about":[{"href":"https:\/\/duhovyrok.sk\/qys\/wp-json\/wp\/v2\/types\/post"}],"author":[{"embeddable":true,"href":"https:\/\/duhovyrok.sk\/qys\/wp-json\/wp\/v2\/users\/2"}],"replies":[{"embeddable":true,"href":"https:\/\/duhovyrok.sk\/qys\/wp-json\/wp\/v2\/comments?post=1340"}],"version-history":[{"count":0,"href":"https:\/\/duhovyrok.sk\/qys\/wp-json\/wp\/v2\/posts\/1340\/revisions"}],"wp:featuredmedia":[{"embeddable":true,"href":"https:\/\/duhovyrok.sk\/qys\/wp-json\/wp\/v2\/media\/1342"}],"wp:attachment":[{"href":"https:\/\/duhovyrok.sk\/qys\/wp-json\/wp\/v2\/media?parent=1340"}],"wp:term":[{"taxonomy":"category","embeddable":true,"href":"https:\/\/duhovyrok.sk\/qys\/wp-json\/wp\/v2\/categories?post=1340"},{"taxonomy":"post_tag","embeddable":true,"href":"https:\/\/duhovyrok.sk\/qys\/wp-json\/wp\/v2\/tags?post=1340"}],"curies":[{"name":"wp","href":"https:\/\/api.w.org\/{rel}","templated":true}]}}