{"id":1327,"date":"2019-08-22T18:48:47","date_gmt":"2019-08-22T16:48:47","guid":{"rendered":"https:\/\/qys.sk\/?p=1327"},"modified":"2021-03-18T09:01:33","modified_gmt":"2021-03-18T08:01:33","slug":"hovorkyna-prideu-podporujem-lgbti-komunitu-lebo-chcem-rovnost-a-rovnakost-pred-zakonom","status":"publish","type":"post","link":"https:\/\/duhovyrok.sk\/qys\/hovorkyna-prideu-podporujem-lgbti-komunitu-lebo-chcem-rovnost-a-rovnakost-pred-zakonom\/","title":{"rendered":"Hovorky\u0148a PRIDEu: Podporujem LGBTI komunitu, lebo chcem rovnos\u0165 a  rovnakos\u0165 pred z\u00e1konom"},"content":{"rendered":"<p>Nat\u00e1lia Tomekov\u00e1 za\u010dala v\u00a0roku 2015 spolupracova\u0165 s\u00a0Iniciat\u00edvou Inakos\u0165<br \/>\na\u00a0kr\u00e1tko nato sa stala \u010dlenkou organiza\u010dn\u00e9ho t\u00edmu PRIDEu. V\u00a0rozhovore sa dozviete, \u010do<br \/>\nje na pr\u00edprave D\u00fahov\u00e9ho pochodu naj\u0165a\u017e\u0161ie, ako vn\u00edma ministerkino zastavenie grantov<br \/>\naj d\u00f4vod, pre\u010do pova\u017euje PRIDE na Slovensku za konzervat\u00edvny.<\/p>\n<p><strong>Pre\u010do ste sa ako heterosexu\u00e1lka rozhodli podporova\u0165 LGBTI komunitu?<\/strong><\/p>\n<p>Nemysl\u00edm si, \u017ee podpora LGBTI komunity m\u00e1 nejako s\u00favisie\u0165 so sexu\u00e1lnou orient\u00e1ciou<br \/>\n\u010dloveka. Pod\u013ea m\u0148a by mala by\u0165 z\u00e1kladnou v\u00fdbavou na\u0161ej DNA, neoddelite\u013enou od celku.<br \/>\nDokonca by sme nad sexu\u00e1lnou orient\u00e1ciou ani len nemali prem\u00fd\u0161\u013ea\u0165 a mali by sme ju<br \/>\nvn\u00edma\u0165 ako prirodzen\u00fa s\u00fa\u010das\u0165 n\u00e1\u0161ho bytia a \u017eitia. Nemysl\u00edm si, \u017ee re\u0161pekt k inakosti by sa<br \/>\nmal odv\u00edja\u0165 od toho, \u010di som lesba, alebo \u013e\u00fabim svojho Ota.<br \/>\nNiekedy dokonca rozm\u00fd\u0161\u013eam nad t\u00fdm, \u010di inakos\u0165 je to spr\u00e1vne slovo na vyjadrenie inej<br \/>\nsexu\u00e1lnej orient\u00e1cie. Ve\u010f v tomto sme rovnak\u00e9 a rovnak\u00ed, chceme c\u00edti\u0165 l\u00e1sku a slobodu,<br \/>\npotrebujeme bezpe\u010dn\u00fd domov. Bez rozdielu. Tieto hodnoty s\u00fa pre n\u00e1s rovnak\u00e9. Niekedy<br \/>\nnaozaj preferujem pomenovanie rovnakos\u0165. Rovn\u00ed a rovnak\u00ed pred z\u00e1konom, pred<br \/>\npovinnos\u0165ami a pr\u00e1vami. A pr\u00e1ve v zabezpe\u010den\u00ed pr\u00e1v pre p\u00e1ry rovnak\u00e9ho pohlavia ako<br \/>\nspolo\u010dnos\u0165 u\u017e dlhodobo zlyh\u00e1vame.<br \/>\nPodporujem LGBTI komunitu, lebo chcem rovnos\u0165 a rovnakos\u0165 pred z\u00e1konom. Vo<br \/>\nv\u0161etkom a najm\u00e4 v dosiahnut\u00ed legislat\u00edvneho ukotvenia in\u0161tit\u00fatu \u017divotn\u00e9ho partnerstva, ktor\u00e9<br \/>\nby upravovalo spolu\u017eitie p\u00e1rov (nielen) rovnak\u00e9ho pohlavia, ale najm\u00e4 by nerobilo z LGBTI<br \/>\n\u013eud\u00ed ob\u010dianky a ob\u010danov druhej kateg\u00f3rie. Lebo tak sa mnoh\u00e9 a mnoh\u00ed z nich vidia. Ako<br \/>\nob\u010dianky a ob\u010dania s rovnak\u00fdmi povinnos\u0165ami, ale nerovnak\u00fdmi pr\u00e1vami. A to by som chcela<br \/>\nzmeni\u0165.<\/p>\n<p><strong>Ako dlho u\u017e ste v\u00a0organiza\u010dnom t\u00edme PRIDE=u?<\/strong><\/p>\n<p>V roku 2015 som za\u010dala spolupracova\u0165 s Iniciat\u00edvou Inakos\u0165 na projekte Spolu za<br \/>\nv\u0161etky rodiny. N\u00e1zov projektu bol tak fantasticky vymyslen\u00fd, \u017ee ho pou\u017e\u00edvame doteraz a<br \/>\npod\u013ea m\u0148a dokonale vystihuje podstatu PRIDEu. Slovensk\u00e9 rodiny nie s\u00fa len tie tradi\u010dn\u00e9,<br \/>\notec, mama a die\u0165a. Ve\u013eakr\u00e1t s\u00fa to slobodn\u00e9 matky, star\u00ed rodi\u010dia vychov\u00e1vaj\u00faci svoje vn\u00fa\u010dat\u00e1,<br \/>\nosamel\u00fd vdovec. Za v\u0161etky tak\u00e9to rodiny sa chceme postavi\u0165. Vr\u00e1tane t\u00fdch lesbick\u00fdch \u010di<br \/>\ngejsk\u00fdch.<br \/>\nV tom \u010dase som s\u00edce vystupovala na strane donora, o to kraj\u0161ie a silnej\u0161ie bolo pre m\u0148a,<br \/>\nke\u010f ma organiza\u010dn\u00fd t\u00edm D\u00fahov\u00e9ho PRIDEu prijal medzi seba ako rovnocenn\u00fa \u010dlenku t\u00edmu.<br \/>\nOfici\u00e1lne ako hovorky\u0148u, samu seba by som v\u0161ak sk\u00f4r zadefinovala ako \u201evz\u0165ahov\u00fa<br \/>\nmana\u017e\u00e9rku&amp;quot;. V\u010faka dlhoro\u010dn\u00e9mu p\u00f4sobeniu v korpor\u00e1tnej sf\u00e9re dok\u00e1\u017eem st\u00e1le \u010derpa\u0165 zo<br \/>\nsvojich kontaktov nadobudnut\u00fdch po\u010das pr\u00e1ce pre telekomunika\u010dn\u00e9ho oper\u00e1tora. V\u00e4\u010d\u0161inou<br \/>\nm\u00e1m pripomienky ku komunik\u00e1cii, kreat\u00edve, dramaturgii, programu a sna\u017e\u00edm sa neopom\u00edna\u0165<br \/>\nexcelovsk\u00e9 tabu\u013eky, finan\u010dn\u00e9 krytie a \u010d\u00edsla.<\/p>\n<p><strong>Na \u010do v\u0161etko treba myslie\u0165 pri organizovan\u00ed PRIDE pochodu?<\/strong><\/p>\n<p>Festival D\u00fahov\u00fd PRIDE a jeho sprievodn\u00e9 aktivity s\u00fa z h\u013eadiska eventov\u00e9ho<br \/>\nmarketingu klasick\u00e9 podujatia, pri ktor\u00fdch treba myslie\u0165 na sp\u00f4sob poz\u00fdvania \u00fa\u010dastn\u00edkov,<br \/>\nprodukciu, dramaturgiu, scen\u00e1r a program, ozvu\u010denie \u010di merchandising. V\u00fdnimo\u010dn\u00fd je v\u0161ak v tom, \u017ee omnoho d\u00f4le\u017eitej\u0161iu a najm\u00e4 zlo\u017eitej\u0161iu \u010das\u0165 pr\u00edprav tvor\u00ed<br \/>\nzabezpe\u010denie jeho bezpe\u010dnosti. Nie\u017eeby in\u00e9 podujatia t\u00fato \u010das\u0165 nerie\u0161ili d\u00f4sledne, sk\u00f4r rizik\u00e1<br \/>\na ohrozenia s\u00fa v na\u0161om pr\u00edpade omnoho v\u00e4\u010d\u0161ie a s\u00fa\u010dinnos\u0165 v\u0161etk\u00fdch organiza\u010dn\u00fdch,<br \/>\ndopravn\u00fdch a bezpe\u010dnostn\u00fdch zlo\u017eiek viac ako nevyhnutn\u00e1.<\/p>\n<p><strong>Ktor\u00e1 \u010das\u0165 organizovania je naj\u0165a\u017e\u0161ia?<\/strong><\/p>\n<p>Ur\u010dite naj\u0165a\u017e\u0161ou \u010das\u0165ou pr\u00edprav je dohodn\u00fa\u0165 si term\u00edn stretnutia t\u00edmu. Udr\u017ea\u0165 ich<br \/>\npravidelnos\u0165 je u\u017e na \u00farovni nedosiahnute\u013en\u00e9ho sna. Od minul\u00e9ho roka sa n\u00e1\u0161 t\u00edm rozr\u00e1stol o<br \/>\nbato\u013ea, ktor\u00e9 svoj n\u00e1zory vyjadruje hlu\u010dne a nekompromisne, tak\u017ee je to e\u0161te zlo\u017eitej\u0161ie. Ale<br \/>\nnie, \u017eartujem. Je to sk\u00f4r o tom, \u017ee m\u00e1me svoje povolania a PRIDE organizujeme na<br \/>\ndobrovo\u013en\u00edckej b\u00e1ze a vo vo\u013enom \u010dase, preto je n\u00e1ro\u010dn\u00e9 zos\u00faladi\u0165 na\u0161e pracovn\u00e9 i rodi\u010dovsk\u00e9<br \/>\npovinnosti a kalend\u00e1re.<br \/>\nNa\u0161e stretnutia si v\u0161ak nesmierne u\u017e\u00edvam, pracujem s \u00fa\u017easn\u00fdmi a talentovan\u00fdmi \u013eu\u010fmi,<br \/>\npre ktor\u00fdch je zodpovednos\u0165, pomoc a spolupatri\u010dnos\u0165 absol\u00fatnou prioritou a<br \/>\nsamozrejmos\u0165ou. A preto, aj ke\u010f sa vyskytn\u00fa i \u0165a\u017e\u0161ie chv\u00edle pri vyjedn\u00e1vaniach \u010di<br \/>\nzabezpe\u010dovan\u00ed v\u0161etk\u00fdch administrat\u00edvnych z\u00e1le\u017eitost\u00ed, dokladov a povolen\u00ed, vieme sa<br \/>\nnavz\u00e1jom podpori\u0165 v tom, \u010do je pre n\u00e1s ultim\u00e1tnym cie\u013eom. Prinies\u0165 do ul\u00edc bratislavsk\u00e9ho<br \/>\nStar\u00e9ho mesta nielen rados\u0165, z\u00e1bavu, hudbu, smiech, ale najm\u00e4 upozorni\u0165 na to, \u017ee \u010dasti<br \/>\nspolo\u010dnosti s\u00fa upieran\u00e9 rovnak\u00e9 pr\u00e1va ako jej zvy\u0161ku. Nie \u201enadpr\u00e1va&amp;quot;, ale oby\u010dajn\u00fd a<br \/>\njednoduch\u00fd z\u00e1kon upravuj\u00faci ich zv\u00e4zok a spolu\u017eitie.<\/p>\n<p><strong>Ktor\u00e9 organiz\u00e1cie a\u00a0jednotlivcov oslovujete, aby podporili PRIDE?<\/strong><\/p>\n<p>Na\u0161imi tradi\u010dn\u00fdmi spojencami s\u00fa u\u017e od za\u010diatku \u013eudskopr\u00e1vne a \u017eensk\u00e9 mimovl\u00e1dne<br \/>\norganiz\u00e1cie. Medzi partnerov u\u017e dlhodobo patr\u00ed Bratislavsk\u00fd vy\u0161\u0161\u00ed \u00fazemn\u00fd celok, Magistr\u00e1t<br \/>\nhlavn\u00e9ho mesta Bratislava, ale najm\u00e4 Kancel\u00e1ria verejnej ochrankyne pr\u00e1v.<br \/>\nPr\u00e1ve v osobnosti pani profesorky M\u00e1rie Patakyovej sme na\u0161li ve\u013ek\u00fa oporu a na jej<br \/>\nka\u017edoro\u010dn\u00e9 vyst\u00fapenie na PRIDE sa ve\u013emi te\u0161\u00edm. V \u010dase zneu\u017e\u00edvania LGBTI t\u00e9my cel\u00fdm<br \/>\nspektrom politick\u00fdch str\u00e1n \u010di cirkevn\u00fdch spolkov s\u00fa triezve a odborn\u00e9 pr\u00e1vnick\u00e9 vyjadrenia<br \/>\npani ombudsmanky ve\u013ek\u00fdm povzbuden\u00edm pre komunitu aj pre v\u0161etk\u00fdch, ktor\u00ed pri komunite<br \/>\nstoja. Jej \u013eudsk\u00fd z\u00e1ujem a podpora navracaj\u00fa d\u00f4stojnos\u0165 mnoh\u00fdm \u00fa\u010dastn\u00ed\u010dkam a \u00fa\u010dastn\u00edkom<br \/>\nstojacim na Hviezdoslavovom n\u00e1mest\u00ed. V ich potlesku je to ve\u013emi c\u00edti\u0165. Pre m\u0148a osobne s\u00fa jej<br \/>\nslov\u00e1 v\u017edy ve\u013ek\u00fdm z\u00e1\u017eitkom i zados\u0165u\u010dinen\u00edm.<br \/>\nNa\u0161\u00edm ve\u013ek\u00fdm podporovate\u013eom je i teol\u00f3g Ondrej Prostredn\u00edk, ktor\u00e9ho koment\u00e1re s\u00fa<br \/>\nk\u00e1z\u0148ami a mali by si ich \u010d\u00edta\u0165 povinne v\u0161etci. Na PRIDE n\u00e1jdete aj st\u00e1nky mimovl\u00e1dnych<br \/>\norganiz\u00e1ci\u00ed a trend ukazuje, \u017ee prirodzen\u00fdch partnerov budeme vedie\u0165 v bud\u00facnosti n\u00e1js\u0165 a u\u017e<br \/>\naj nach\u00e1dzame vo firemnom sektore. Ka\u017edop\u00e1dne najviac n\u00e1s te\u0161\u00ed podpora od \u013eud\u00ed, rod\u00edn,<br \/>\nkamar\u00e1tok, kolegov a koleg\u00fd\u0148 z pr\u00e1ce \u010di susedov. \u010c\u00edm viac n\u00e1s v sobotu 20.7. v uliciach<br \/>\nbude, t\u00fdm silnej\u0161\u00ed m\u00f4\u017ee by\u0165 n\u00e1\u0161 hlas.<\/p>\n<p><strong>V\u00a0roku 2017 ste povedali, \u017ee \u201esme najkonzervat\u00edvnej\u0161\u00ed pochod PRIDE v\u00a0Eur\u00f3pe\u201c.<\/strong><br \/>\n<strong>Na z\u00e1klade \u010doho si to mysl\u00edte?<\/strong><\/p>\n<p>Takmer v\u0161ade na svete je PRIDE sk\u00f4r karnevalom \u010di farebn\u00fdm divadlom spojen\u00fdm aj s<br \/>\nextravagantn\u00fdmi kost\u00fdmami, l\u00ed\u010den\u00edm a stylingom. Tak ako je konzervat\u00edvna na\u0161a spolo\u010dnos\u0165,<br \/>\ntak konzervat\u00edvny je aj n\u00e1\u0161 PRIDE. V krajine, a teraz si dovol\u00edm vo\u013en\u00fa parafr\u00e1zu skladby Bez<br \/>\nladu skladu, kde v\u00e4\u010d\u0161ina st\u00e1le p\u00ed\u0161e len modr\u00fdm a ru\u017eov\u00fdm perom, je d\u00faha prijate\u013en\u00e1 len po<br \/>\nb\u00farke. Preto aj u n\u00e1s je asi najv\u00e4\u010d\u0161ou v\u00fdstrednos\u0165ou d\u00fahov\u00e1 vlajka nama\u013eovan\u00e1 na l\u00edci \u010di<br \/>\nsymbolicky na ramen\u00e1ch sp\u00e1jaj\u00faca osoby rovnak\u00e9ho pohlavia.<\/p>\n<p><strong>Ako vn\u00edmate zastavenie grantov pre LGBTI projekty?<\/strong><\/p>\n<p>Rozhodnutie ministerky kult\u00fary pova\u017eujem za absol\u00fatne neprofesion\u00e1lne, ke\u010f\u017ee nad<br \/>\nobjekt\u00edvne hodnotenie a rozhodnutie nez\u00e1vislej komisie nadradila a pov\u00fd\u0161ila svoje osobn\u00e9<br \/>\nz\u00e1ujmy a presved\u010denie. Rozumiem, \u017ee pracovn\u00e9 zaradenie \u201eministerka&amp;quot; ju k tak\u00e9muto<br \/>\nkonaniu opr\u00e1v\u0148uje. Na druhej strane som v\u0161ak rada, \u017ee to svoj\u00edm sp\u00f4sobom aktivizovalo<br \/>\nspolo\u010dnos\u0165, ke\u010f odpove\u010fou na jej chybn\u00e9 pos\u00fadenie nebolo ml\u010danie, ale hlasn\u00e1 a odmietav\u00e1<\/p>\n<p>reakcia celej kult\u00farnej komunity v r\u00e1mci iniciat\u00edvy Stoj\u00edme pri kult\u00fare. A nielen to. Je<br \/>\nnesmierne pote\u0161uj\u00face, ke\u010f sa v\u00e1m v \u010dase diania nepr\u00e1vosti oz\u00fdvaj\u00fa mnoh\u00ed, ktor\u00ed v\u00e1m chc\u00fa<br \/>\nnezi\u0161tne pom\u00f4c\u0165 a podpori\u0165 v\u00e1s. Finan\u010dne alebo \u201elen&amp;quot; \u010disto \u013eudsky a mor\u00e1lne.<br \/>\nZ mnoh\u00fdch spomeniem najm\u00e4 Slovensk\u00fa sporite\u013e\u0148u, ktor\u00e1 ako jedin\u00e1 banka na Slovensku<br \/>\npodp\u00edsala Chartu diverzity, ale vo svojich aktivit\u00e1ch i\u0161la e\u0161te \u010falej a mo\u017eno aj mimo<br \/>\nkomfortn\u00fa z\u00f3nu in\u00fdch firiem. Bola to pr\u00e1ve Slovensk\u00e1 sporite\u013e\u0148a, ktor\u00e1 n\u00e1s ako prv\u00e1<br \/>\nkontaktovala po ozn\u00e1men\u00ed zastavenia grantov, \u017ee n\u00e1m chce poda\u0165 pomocn\u00fa ruku. Spolu sme<br \/>\nn\u00e1sledne vymysleli fundraisingov\u00fa kampa\u0148 Spolu za farebn\u00fa kult\u00faru, kde n\u00e1\u0161 partner<br \/>\nmotivoval potenci\u00e1lne podporovate\u013eky a potenci\u00e1lnych podporovate\u013eov nielen \u00favodn\u00fdm<br \/>\nfinan\u010dn\u00fdm darom, ale aj matchingom vyzbieranej sumy. Vn\u00edmam to ako v\u00fdznamn\u00fd sign\u00e1l aj<br \/>\npre ostatn\u00fdch. Neb\u00e1\u0165 sa zasta\u0165 a podpori\u0165 aj LGBTI komunitu. Finan\u010dne, ale najm\u00e4 mor\u00e1lne,<br \/>\nnahlas a s odvahou.<br \/>\nRada by som e\u0161te vyzdvihla a po\u010fakovala sa aj v\u0161etk\u00fdm \u010fal\u0161\u00edm firm\u00e1m a jednotlivcom,<br \/>\nktor\u00ed n\u00e1s v r\u00e1mci kampane podporili. \u0160peci\u00e1lne po\u010fakovanie patr\u00ed mestu Bratislava a jej<br \/>\nprim\u00e1torovi Mat\u00fa\u0161ovi Vallovi, ktor\u00fd n\u00e1s pr\u00edde na D\u00fahov\u00fd PRIDE podpori\u0165 aj osobne a potom<br \/>\nkapel\u00e1m Modr\u00e9 hory, Bad Karma Boy a moder\u00e1torovi Petrovi \u201e\u0160arkanovi\u201c Nov\u00e1kovi, ktor\u00ed<br \/>\nsa rozhodli vyst\u00fapi\u0165 bez n\u00e1roku na honor\u00e1r. \u00daprimne \u010fakujeme.<\/p>\n<p><strong>\u010co si mysl\u00edte o\u00a0vyjadren\u00ed politikov, \u017ee najsk\u00f4r treba vyrie\u0161i\u0165 \u201ed\u00f4le\u017eitej\u0161ie\u201c<\/strong><br \/>\n<strong>probl\u00e9my a a\u017e potom pr\u00eddu na rad pr\u00e1va homosexu\u00e1lov?<\/strong><\/p>\n<p>\u00daprimne som presved\u010den\u00e1, \u017ee na rozdiel od mnoh\u00fdch ekonomick\u00fdch a najm\u00e4<br \/>\nsoci\u00e1lnych probl\u00e9mov, sa tento \u201eprobl\u00e9m&amp;quot; d\u00e1 vyrie\u0161i\u0165 pomerne jednoducho. Prijat\u00edm jedin\u00e9ho<br \/>\nz\u00e1kona. Nemus\u00ed sa pritom meni\u0165 legislat\u00edva o man\u017eelstv\u00e1ch a u\u017e v\u00f4bec sa nezni\u017euje ich<br \/>\n\u00fastavou garantovan\u00e1 ochrana. Jednoducho, vytvor\u00ed sa nov\u00fd in\u0161tit\u00fat \u017eivotn\u00e9ho partnerstva pre<br \/>\nv\u0161etky p\u00e1ry, ktor\u00e9 dnes man\u017eelstvo uzavrie\u0165 nem\u00f4\u017eu alebo tak z rozli\u010dn\u00fdch d\u00f4vodov nechc\u00fa<br \/>\nurobi\u0165. Nikomu to neubl\u00ed\u017ei, ale niektor\u00fdm to pom\u00f4\u017ee.<br \/>\nP\u00e1ry rovnak\u00e9ho pohlavia u\u017e \u010dakali dlho a musia dosiahnu\u0165 rovnak\u00e9 zaobch\u00e1dzanie v<br \/>\npr\u00e1vach, ke\u010f\u017ee v povinnostiach ho maj\u00fa u\u017e ve\u013emi d\u00e1vno. Toto som ja osobne pov\u00fd\u0161ila za<br \/>\njednu zo svojich \u017eivotn\u00fdch prior\u00edt a som ochotn\u00e1 jej naplneniu venova\u0165 ve\u013ea \u010dasu, energie a<br \/>\nl\u00e1sky.<\/p>\n<p>Viac inform\u00e1ci\u00ed o \u010dinnosti D\u00fahov\u00e9ho PRIDE Bratislava n\u00e1jdete na str\u00e1nkach www.duhovypride.sk<\/p>\n","protected":false},"excerpt":{"rendered":"<p>Nat\u00e1lia Tomekov\u00e1 za\u010dala v\u00a0roku 2015 spolupracova\u0165 s\u00a0Iniciat\u00edvou Inakos\u0165 a\u00a0kr\u00e1tko nato sa stala \u010dlenkou organiza\u010dn\u00e9ho t\u00edmu PRIDEu. V\u00a0rozhovore sa dozviete, \u010do je na pr\u00edprave D\u00fahov\u00e9ho pochodu naj\u0165a\u017e\u0161ie, ako vn\u00edma ministerkino zastavenie grantov aj d\u00f4vod, pre\u010do pova\u017euje PRIDE na Slovensku za konzervat\u00edvny. Pre\u010do ste sa ako heterosexu\u00e1lka rozhodli podporova\u0165 LGBTI komunitu? Nemysl\u00edm si, \u017ee podpora LGBTI komunity <a href=\"https:\/\/duhovyrok.sk\/qys\/hovorkyna-prideu-podporujem-lgbti-komunitu-lebo-chcem-rovnost-a-rovnakost-pred-zakonom\/\" class=\"more-link\">&#8230;<\/a><\/p>\n","protected":false},"author":6,"featured_media":1328,"comment_status":"closed","ping_status":"open","sticky":false,"template":"","format":"standard","meta":{"footnotes":""},"categories":[4,7,259,13],"tags":[],"class_list":["post-1327","post","type-post","status-publish","format-standard","has-post-thumbnail","hentry","category-praca","category-pride","category-rozhovory","category-viditelnost"],"_links":{"self":[{"href":"https:\/\/duhovyrok.sk\/qys\/wp-json\/wp\/v2\/posts\/1327","targetHints":{"allow":["GET"]}}],"collection":[{"href":"https:\/\/duhovyrok.sk\/qys\/wp-json\/wp\/v2\/posts"}],"about":[{"href":"https:\/\/duhovyrok.sk\/qys\/wp-json\/wp\/v2\/types\/post"}],"author":[{"embeddable":true,"href":"https:\/\/duhovyrok.sk\/qys\/wp-json\/wp\/v2\/users\/6"}],"replies":[{"embeddable":true,"href":"https:\/\/duhovyrok.sk\/qys\/wp-json\/wp\/v2\/comments?post=1327"}],"version-history":[{"count":1,"href":"https:\/\/duhovyrok.sk\/qys\/wp-json\/wp\/v2\/posts\/1327\/revisions"}],"predecessor-version":[{"id":2568,"href":"https:\/\/duhovyrok.sk\/qys\/wp-json\/wp\/v2\/posts\/1327\/revisions\/2568"}],"wp:featuredmedia":[{"embeddable":true,"href":"https:\/\/duhovyrok.sk\/qys\/wp-json\/wp\/v2\/media\/1328"}],"wp:attachment":[{"href":"https:\/\/duhovyrok.sk\/qys\/wp-json\/wp\/v2\/media?parent=1327"}],"wp:term":[{"taxonomy":"category","embeddable":true,"href":"https:\/\/duhovyrok.sk\/qys\/wp-json\/wp\/v2\/categories?post=1327"},{"taxonomy":"post_tag","embeddable":true,"href":"https:\/\/duhovyrok.sk\/qys\/wp-json\/wp\/v2\/tags?post=1327"}],"curies":[{"name":"wp","href":"https:\/\/api.w.org\/{rel}","templated":true}]}}