{"id":1324,"date":"2019-08-22T18:33:12","date_gmt":"2019-08-22T16:33:12","guid":{"rendered":"https:\/\/qys.sk\/?p=1324"},"modified":"2021-09-09T17:20:15","modified_gmt":"2021-09-09T15:20:15","slug":"komunitna-pracovnicka-zara-kromkova-zelam-nasej-spolocnosti-aby-sama-sebe-dovolila-spoznat-nas-lgbti-ludi-lebo-prave-neznalost-je-zivnou-podou-na-nenavist","status":"publish","type":"post","link":"https:\/\/duhovyrok.sk\/qys\/komunitna-pracovnicka-zara-kromkova-zelam-nasej-spolocnosti-aby-sama-sebe-dovolila-spoznat-nas-lgbti-ludi-lebo-prave-neznalost-je-zivnou-podou-na-nenavist\/","title":{"rendered":"Komunitn\u00e1 pracovn\u00ed\u010dka Zara Kromkov\u00e1: \u017del\u00e1m na\u0161ej spolo\u010dnosti, aby sama sebe dovolila spozna\u0165 n\u00e1s LGBTI \u013eud\u00ed, lebo pr\u00e1ve neznalos\u0165 je \u017eivnou p\u00f4dou na nen\u00e1vis\u0165"},"content":{"rendered":"<p>Zara Kromokov\u00e1, m\u00e1 33 rokov, narodila sa v Spi\u0161skej Novej Vsi, kde aj \u017eije. V roku 2014 ve\u013emi opatrne za\u010dala nahliada\u0165 do oblasti pr\u00e1v LGBTI \u013eud\u00ed a naplno sa tejto \u010dinnosti venuje od roku 2015. V s\u00fa\u010dasnosti pracuje ako komunitn\u00e1 pracovn\u00ed\u010dka v komunitnom a\u00a0poradenskom centre PRIZMA v\u00a0Ko\u0161iciach a\u00a0podie\u013ea sa na organizovan\u00ed PRIDEu Ko\u0161ice.<\/p>\n<p><strong>Pre\u010do sa venuje\u0161 \u013eudsk\u00fdm pr\u00e1vam LGBTI \u013eud\u00ed?<\/strong><\/p>\n<p>Ke\u010f som prech\u00e1dzala tranz\u00edciou, postupne som prich\u00e1dzala do kontaktu najm\u00e4 s po\u017eiadavkami lek\u00e1rok a lek\u00e1rov na m\u0148a samotn\u00fa. Nevedela som vtedy presne pomenova\u0165, \u010do sa mi nep\u00e1\u010di, ale u\u017e vtedy mi pripadalo nezmyseln\u00e9, ke\u010f mi lek\u00e1rka hovorila, pre\u010do nenos\u00edm suk\u0148u, ke\u010f tvrd\u00edm, \u017ee som \u017eena, lebo \u017eeny pod\u013ea nej sukne musia nosi\u0165. Sama lek\u00e1rka, u ktorej som tranz\u00edciou prech\u00e1dzala v\u0161ak tieto jej vlastn\u00e9 normy nesp\u013a\u0148ala. Na m\u0148a, ale n\u00e1stoj\u010divo tla\u010dila, aby som ich sp\u013a\u0148ala a tak jej dokazovala, \u017ee som skuto\u010dn\u00e1 \u017eena. To mi ned\u00e1valo \u017eiaden zmysel.<\/p>\n<p><strong>Sama patr\u00ed\u0161 medzi transrodov\u00fdch \u013eud\u00ed, ak\u00e9 to bolo pre Teba, ak\u00e1 bola Tvoja <\/strong><strong>tranz\u00edcia?<\/strong><\/p>\n<p>Moja tranz\u00edcia bola na slovensk\u00e9 pomery a vtedaj\u0161iu dobu relat\u00edvne jednoduch\u00e1 a r\u00fdchla. Do siedmych mesiacov od prvej n\u00e1v\u0161tevy lek\u00e1rky som dostala hormon\u00e1lnu terapiu a po \u010fal\u0161\u00edch deviatich som pre\u0161la pr\u00e1vnou tranz\u00edciou \u2013 teda zmenou dokladov. Sp\u013a\u0148ala som toti\u017e v\u0161etky predstavy lek\u00e1rky o tom, ako m\u00e1 vyzera\u0165 \u017eena. Pr\u00e1ve preto bola moja medic\u00ednska tranz\u00edcia naozaj fajn. Je to povrchn\u00e9 a\u00a0stra\u0161ideln\u00e9, no \u017eia\u013e je to tak.<\/p>\n<p><strong>Ak\u00e1 bola tvoja podpora od okolia a v\u00a0rodine?<\/strong><\/p>\n<p>Ak sa bav\u00edme o mojom najbli\u017e\u0161om okol\u00ed, tam sa d\u00e1 hovori\u0165 o bezpodmiene\u010dnej podpore. Od rodi\u010dov, cez zamestn\u00e1vate\u013ea a\u017e po priate\u013eky a priate\u013eov. \u010co sa \u0161ir\u0161ieho okolia t\u00fdka, to si pre\u0161lo tranz\u00edciou so mnou. Od poh\u013eadov s odporom, \u0161u\u0161kan\u00edm a ukazovan\u00edm prstom na m\u0148a, a\u017e po dnes, kedy sa stret\u00e1vam s t\u00fdm, \u017ee si ma u\u017e nev\u0161\u00edma nikto, lebo som \u00faplne oby\u010dajn\u00e1, alebo naopak sa na m\u0148a obracaj\u00fa samotn\u00ed LGBTI \u013eudia, lebo som bola v malom meste vidite\u013en\u00e1.<\/p>\n<p><strong>\u010co \u0165a posil\u0148ovalo, \u010do bolo to pozit\u00edvne na celom procese?<\/strong><\/p>\n<p>Vid\u00edm to v na seba nadv\u00e4zuj\u00facich a neoddelite\u013en\u00fdch \u010dastiach. Najsk\u00f4r ma posil\u0148ovalo \u017ei\u0165 v pravde sama so sebou. Potom v tom najrozhoduj\u00facej\u0161om obdob\u00ed (ke\u010f som ozn\u00e1mila, \u017ee sa vol\u00e1m Zara a pou\u017e\u00edvam \u017eensk\u00fd rod) bolo ve\u013emi d\u00f4le\u017eit\u00e9, \u017ee som dostala podporu od zamestn\u00e1vate\u013ea, ke\u010f\u017ee od dvadsiatky \u017eijem sama. T\u00e1 podpora mi d\u00e1vala istotu, \u017ee nepr\u00eddem o pr\u00edjem a budem si v procese tranz\u00edcie a po nej vedie\u0165 zabezpe\u010di\u0165 z\u00e1kladn\u00e9 potreby. Rovnako tak bola d\u00f4le\u017eit\u00e1 podpora zo strany mojich rodi\u010dov a sestry. No a pre m\u0148a posledn\u00fdm d\u00f4le\u017eit\u00fdm frontom bola podpora mojej najlep\u0161ej priate\u013eky J\u00falie a jej, teraz u\u017e man\u017eela Tom\u00e1\u0161a. T\u00edto \u013eudia pri mne stoja a podporuj\u00fa ma dodnes. Najpozit\u00edvnej\u0161ie na celom procese bolo a st\u00e1le je, \u017ee som nielen nepri\u0161la o najd\u00f4le\u017eitej\u0161\u00edch \u013eud\u00ed v mojom \u017eivote, ale na\u0161la som nov\u00e9 priate\u013eky a priate\u013eov. Dnes u\u017e aj kolegov a kolegyne. Hovor\u00edm najm\u00e4 o Christi\u00e1novi Havl\u00ed\u010dkovi z inPoradne a Romine Koll\u00e1rik z TransF\u00fazie. Nielen \u017ee mi pomohli sa zorientova\u0165 v medic\u00ednskej tranz\u00edcii, ale e\u0161te i do m\u0148a vlo\u017eili obrovsk\u00e9 mno\u017estvo energie, svojho vo\u013en\u00e9ho \u010dasu, zdie\u013eali so mnou inform\u00e1cie, ktor\u00e9 mali k dispoz\u00edcii a stali sa neoddelite\u013enou s\u00fa\u010das\u0165ou m\u00f4jho \u017eivota. Boli mojim u\u010dite\u013eom a\u00a0u\u010dite\u013ekou. Dnes s\u00fa pre m\u0148a najbli\u017e\u0161\u00edmi \u013eu\u010fmi v\u00a0mojom<br \/>\n\u017eivote.<\/p>\n<p><strong>Stretla si sa niekedy s\u00a0diskrimin\u00e1ciou v\u00a0pr\u00e1ci, \u010di v\u00a0inej oblasti?<\/strong><\/p>\n<p>Stretla som sa najm\u00e4 s nen\u00e1vistn\u00fdmi \u00fatokmi na internete, ktor\u00e9 trvali zhruba rok, mo\u017eno dva. Potom za\u010dali preva\u017eova\u0165 podporn\u00e9 reakcie a tie sa postarali o to, \u017ee tie nen\u00e1vistn\u00e9 zmizli \u00faplne.<\/p>\n<p><strong>Stala si sa \u010dlenkou V\u00fdboru pre pr\u00e1va LGBTI \u013eud\u00ed, ak\u00e1 bola tvoja motiv\u00e1cia <\/strong><strong>a\u00a0\u010domu by si sa tam chcela venova\u0165?<\/strong><\/p>\n<p>Mojou amb\u00edciou je venova\u0165 sa dvom oblastiam. Prvou je dostupnos\u0165 kvalitnej zdravotnej starostlivosti spojenej s tranz\u00edciou na v\u00fdchodnom Slovensku. Dnes je toti\u017e situ\u00e1cia v oblasti dostupnosti zdravotnej starostlivosti tohto typu v Ko\u0161ickom a Pre\u0161ovskom kraji kritick\u00e1. Druhou je situ\u00e1cia mlad\u00fdch LGBTI \u013eud\u00ed na \u0161kol\u00e1ch, preto\u017ee \u010dasto po\u010d\u00favam o\u00a0tom<br \/>\nako ich probl\u00e9my pedagogi\u010dky a pedag\u00f3govia bagatelizuj\u00fa a dokonca si zakr\u00fdvaj\u00fa o\u010di pred \u0161ikanou.<\/p>\n<p><strong>V s\u00fa\u010dasnosti p\u00f4sob\u00ed\u0161 ako soci\u00e1lna poradky\u0148a v komunitnom centre Prizma, \u010do tam <\/strong><strong>v\u0161etko rob\u00ed\u0161?<\/strong><\/p>\n<p>V PRIZME sa venujem najm\u00e4 pr\u00e1ci s \u013eu\u010fmi. Pracujem, ako prvokontakt, pre klientky a klientov, ktor\u00e9 a ktor\u00ed sa na n\u00e1s obr\u00e1tia a pr\u00edpadne ich presmerujem na na\u0161u psychologi\u010dku. Vediem podporn\u00e9 skupiny pre trans \u013eud\u00ed a tie\u017e komunitn\u00e9 stretnutia pre LGBTI+ \u013eud\u00ed s\u00a0r\u00f4znym tematick\u00fdm obsahom.<\/p>\n<p><strong>Ko\u013eko klientov a klientok sa na v\u00e1s obr\u00e1tilo od fungovania centra a s ak\u00fdmi <\/strong><strong>\u0165a\u017ekos\u0165ami?<\/strong><\/p>\n<p>Doposia\u013e sa na n\u00e1s obr\u00e1tilo okolo 120 \u013eud\u00ed. Najviac h\u013eadaj\u00fa bezpe\u010dn\u00fd priestor a podporu, ktor\u00e1 \u010dasto absentuje v rodin\u00e1ch, ale i na \u0161kol\u00e1ch, kde sa c\u00edtia vyl\u00fa\u010den\u00e9 a vyl\u00fa\u010den\u00ed z kolekt\u00edvov. Naopak najv\u00e4\u010d\u0161iu mieru podpory poci\u0165uj\u00fa od priateliek a priate\u013eov.<\/p>\n<p><strong>Je situ\u00e1cia pre LGBTI \u013eud\u00ed na v\u00fdchode Slovenska n\u00e1ro\u010dnej\u0161ia a\u00a0pre\u010do?<\/strong><\/p>\n<p>Neviem, \u010di je n\u00e1ro\u010dnej\u0161ia, ale s istotou viem poveda\u0165, \u017ee je in\u00e1, ako na z\u00e1pade, \u010di v Bratislave. V na\u0161om regi\u00f3ne je cite\u013en\u00fd vplyv katol\u00edckej cirkvi a omnoho silnej\u0161ie s\u00fa tu stereotypn\u00e9 predstavy a m\u00fdty v mnoh\u00fdch ot\u00e1zkach. Od rodov\u00fdch rol\u00ed, cez dom\u00e1ce n\u00e1silie na \u017een\u00e1ch, a\u017e po predstavu niektor\u00fdch \u013eud\u00ed, ktor\u00ed veria, \u017ee LGBTI \u013eudia sa sna\u017eia zni\u010di\u0165 tradi\u010dn\u00fa<br \/>\nrodinu. Okrem t\u00fdchto aspektov tu potom absentuje napr\u00edklad u\u017e spom\u00ednan\u00e1 zdravotn\u00e1 starostlivos\u0165 spojen\u00e1 s\u00a0tranz\u00edciou.<\/p>\n<p><strong>Tie\u017e u\u017e nieko\u013eko rokov organizuje\u0161 PRIDE Ko\u0161ice v Ko\u0161iciach, ako si sa k tomu <\/strong><strong>dostala, \u010do bola tvoja motiv\u00e1cia?<\/strong><\/p>\n<p>S PRIDE Ko\u0161ice spolupracujem od roku 2015. V organiza\u010dnom t\u00edme PRIDE Ko\u0161ice p\u00f4sob\u00edm druh\u00fd rok ako ved\u00faca dobrovo\u013en\u00edckeho programu. Mojou jasnou motiv\u00e1ciu bolo a st\u00e1le je, aby sa \u0161irok\u00e1 verejnos\u0165 dozvedala viac o LGBTI \u013eu\u010foch, a aby LGBTI \u013eudia i na v\u00fdchode mali mo\u017enos\u0165 by\u0165 vidite\u013en\u00ed a\u00a0vypo\u010dut\u00ed.<\/p>\n<p><strong>\u010co v\u0161etko predstavuje pr\u00edprava PRIDEuu v Ko\u0161iciach, s ak\u00fdmi prek\u00e1\u017ekami sa <\/strong><strong>stret\u00e1vate?<\/strong><\/p>\n<p>Nevid\u00edm konkr\u00e9tne prek\u00e1\u017eky, lebo za t\u00fdch sedem ro\u010dn\u00edkov sa spolupr\u00e1ca s mestom, ale i s pol\u00edciou, dostala na ve\u013emi profesion\u00e1lnu a dobr\u00fa \u00farove\u0148. Ke\u010f\u017ee sa v\u0161ak prioritne venujem dobrovo\u013en\u00edckemu programu, kde vzdel\u00e1vame na\u0161e dobrovo\u013en\u00ed\u010dky a dobrovo\u013en\u00edkov v r\u00f4znych oblastiach, mo\u017eno nevid\u00edm probl\u00e9my s\u00a0ktor\u00fdmi sa stret\u00e1va n\u00e1\u0161 riadite\u013e, alebo produk\u010dn\u00e1.<\/p>\n<p><strong>Na \u010do sa m\u00f4\u017eeme te\u0161i\u0165 na PRIDE Ko\u0161ice tento rok?<\/strong><\/p>\n<p>V minulom ro\u010dn\u00edku najviac zarezonovali diskusie. Preto sme sa tento rok rozhodli zaradi\u0165 o \u010dosi viac diskusi\u00ed. Pripravujeme napr\u00edklad diskusiu s \u00fa\u010das\u0165ou inPoradne z Bratislavy, ale i politick\u00fa diskusiu. Pozvanie do politickej diskusie zatia\u013e prijalo Progres\u00edvne Slovensko a SPOLU \u2013 ob\u010dianska demokracia. E\u0161te \u010dak\u00e1me na reakciu od SaS a strany Za \u013eud\u00ed. Tie\u017e sa m\u00f4\u017eu n\u00e1v\u0161tevn\u00edci a n\u00e1v\u0161tevn\u00ed\u010dky te\u0161i\u0165 na kopec koncertov, ale i na PRIDE Bussines day, \u010di v\u00fdstavu v\u00fdtvarn\u00fdch diel LGBTI+ umelk\u00fd\u0148 a umelcov, ale aj na mnoho workshopov. Ur\u010dite pr\u00ed\u010fte, sprievodn\u00e9 podujatia za\u010d\u00ednaj\u00fa 17.08.2019 a vyvrcholia samotn\u00fdm Pride d\u0148om 24.08.2019. V nede\u013eu 25.08.2019 sa u\u017e tradi\u010dne uskuto\u010dn\u00ed ekumenick\u00fd de\u0148 s\u00a0bohoslu\u017ebou.<\/p>\n<p><strong>Z\u00fa\u010dastn\u00ed\u0161 sa tento rok aj D\u00fahov\u00e9ho PRIDE v\u00a0Bratislave a\u00a0pre\u010do?<\/strong><\/p>\n<p>D\u00fahov\u00e9ho PRIDE Bratislava sa z\u00fa\u010dast\u0148ujem pravidelne od roku 2014. Mala som iba jedin\u00fa v\u00fdnimku, ke\u010f som pracovala v Nemecku. I tento rok sa samozrejme chyst\u00e1m, ve\u010f je to najv\u00e4\u010d\u0161ia akcia (nielen) pre LGBTI \u013eud\u00ed na Slovensku, kde je mnoho mojich priateliek a\u00a0priate\u013eov. V\u017edy sa tam c\u00edtim v\u00edtan\u00e1 a\u00a0atmosf\u00e9ra je neopakovate\u013en\u00e1.<\/p>\n<p><strong>\u010co by si odk\u00e1zala oby\u010dajn\u00fdm \u013eu\u010fom v\u00a0spolo\u010dnosti, aby sa LGBTI \u013eud\u00ed neb\u00e1li?<\/strong><\/p>\n<p>Sk\u00fasim vyjadri\u0165 sk\u00f4r \u017eelania. M\u00e1m hne\u010f tri. \u017del\u00e1m na\u0161ej spolo\u010dnosti, aby sama sebe dovolila spozna\u0165 n\u00e1s LGBTI \u013eud\u00ed, lebo pr\u00e1ve neznalos\u0165 je \u017eivnou p\u00f4dou na nen\u00e1vis\u0165. \u017del\u00e1m rodi\u010dom LGBTI \u013eud\u00ed mnoho l\u00e1sky a odvahy, lebo je nesmierne d\u00f4le\u017eit\u00e9, aby sa za n\u00e1s na\u0161i rodi\u010dia postavili a podporili n\u00e1s. No a napokon \u017eel\u00e1m n\u00e1m LGBTI \u013eu\u010fom, mnoho podpory, sebad\u00f4very a odvahy \u017ei\u0165 svoje \u017eivoty otvorene a s pravdou k sam\u00fdm sebe. Nebojte sa, nie sme v\u00a0tom sami.<\/p>\n<p>Ak potrebujete pomoc, m\u00f4\u017eete kontaktova\u0165 komunitn\u00e9 centrum Prizma v Ko\u0161iciach pre LGBTI \u013eud\u00ed na <a href=\"https:\/\/www.prizma-kosice.sk\/\">www.prizma-kosice.sk<\/a><\/p>\n<p>Sledova\u0165 PRIDE Ko\u0161ice m\u00f4\u017eete aj na Facebooku <a href=\"https:\/\/www.facebook.com\/PRIDEkosice\">@PRIDEkosice<\/a><\/p>\n<p>Foto : Jakub Kov\u00e1\u010d<\/p>\n","protected":false},"excerpt":{"rendered":"<p>Zara Kromokov\u00e1, m\u00e1 33 rokov, narodila sa v Spi\u0161skej Novej Vsi, kde aj \u017eije. V roku 2014 ve\u013emi opatrne za\u010dala nahliada\u0165 do oblasti pr\u00e1v LGBTI \u013eud\u00ed a naplno sa tejto \u010dinnosti venuje od roku 2015. V s\u00fa\u010dasnosti pracuje ako komunitn\u00e1 pracovn\u00ed\u010dka v komunitnom a\u00a0poradenskom centre PRIZMA v\u00a0Ko\u0161iciach a\u00a0podie\u013ea sa na organizovan\u00ed PRIDEu Ko\u0161ice. Pre\u010do sa <a href=\"https:\/\/duhovyrok.sk\/qys\/komunitna-pracovnicka-zara-kromkova-zelam-nasej-spolocnosti-aby-sama-sebe-dovolila-spoznat-nas-lgbti-ludi-lebo-prave-neznalost-je-zivnou-podou-na-nenavist\/\" class=\"more-link\">&#8230;<\/a><\/p>\n","protected":false},"author":2,"featured_media":1325,"comment_status":"closed","ping_status":"open","sticky":false,"template":"","format":"standard","meta":{"footnotes":""},"categories":[4,6,7,13],"tags":[],"class_list":["post-1324","post","type-post","status-publish","format-standard","has-post-thumbnail","hentry","category-praca","category-pribehy-lgbti-ludi","category-pride","category-viditelnost"],"_links":{"self":[{"href":"https:\/\/duhovyrok.sk\/qys\/wp-json\/wp\/v2\/posts\/1324","targetHints":{"allow":["GET"]}}],"collection":[{"href":"https:\/\/duhovyrok.sk\/qys\/wp-json\/wp\/v2\/posts"}],"about":[{"href":"https:\/\/duhovyrok.sk\/qys\/wp-json\/wp\/v2\/types\/post"}],"author":[{"embeddable":true,"href":"https:\/\/duhovyrok.sk\/qys\/wp-json\/wp\/v2\/users\/2"}],"replies":[{"embeddable":true,"href":"https:\/\/duhovyrok.sk\/qys\/wp-json\/wp\/v2\/comments?post=1324"}],"version-history":[{"count":3,"href":"https:\/\/duhovyrok.sk\/qys\/wp-json\/wp\/v2\/posts\/1324\/revisions"}],"predecessor-version":[{"id":3020,"href":"https:\/\/duhovyrok.sk\/qys\/wp-json\/wp\/v2\/posts\/1324\/revisions\/3020"}],"wp:featuredmedia":[{"embeddable":true,"href":"https:\/\/duhovyrok.sk\/qys\/wp-json\/wp\/v2\/media\/1325"}],"wp:attachment":[{"href":"https:\/\/duhovyrok.sk\/qys\/wp-json\/wp\/v2\/media?parent=1324"}],"wp:term":[{"taxonomy":"category","embeddable":true,"href":"https:\/\/duhovyrok.sk\/qys\/wp-json\/wp\/v2\/categories?post=1324"},{"taxonomy":"post_tag","embeddable":true,"href":"https:\/\/duhovyrok.sk\/qys\/wp-json\/wp\/v2\/tags?post=1324"}],"curies":[{"name":"wp","href":"https:\/\/api.w.org\/{rel}","templated":true}]}}