{"id":1320,"date":"2019-08-12T15:59:27","date_gmt":"2019-08-12T13:59:27","guid":{"rendered":"https:\/\/qys.sk\/?p=1320"},"modified":"2019-08-12T15:59:27","modified_gmt":"2019-08-12T13:59:27","slug":"1320-2","status":"publish","type":"post","link":"https:\/\/duhovyrok.sk\/qys\/1320-2\/","title":{"rendered":"Sta\u0148 sa aj Ty s\u00fa\u010das\u0165ou v\u00fdstavy #stojimeprivas #westandbyyourside"},"content":{"rendered":"<p>Sta\u0148 sa aj Ty s\u00fa\u010das\u0165ou pripravovanej v\u00fdstavy na podporu LGBTI \u013eud\u00ed na Slovensku! Pripravili sme spolo\u010dne s fotografom Tom\u00e1\u0161om Hal\u00e1szom portr\u00e9tov\u00fa v\u00fdstavu.<\/p>\n<p>Odfo\u0165 sa s priate\u013emi a priate\u013ekami, rodinou, kolegami a kolegy\u0148ami a uk\u00e1\u017eme spolo\u010dne, \u017ee nie sme sami. Povedzte n\u00e1m svoj pr\u00edbeh a spolo\u010dne zmen\u00edme slovensko na kr\u00e1snu tolerantn\u00fa krajinu. V\u00fdstava\u00a0<a class=\"m_4564361906673202878gmail-_58cn\" href=\"https:\/\/www.facebook.com\/hashtag\/stojimeprivas?epa=HASHTAG\" target=\"_blank\" rel=\"noopener\" data-saferedirecturl=\"https:\/\/www.google.com\/url?q=https:\/\/www.facebook.com\/hashtag\/stojimeprivas?epa%3DHASHTAG&amp;source=gmail&amp;ust=1565700623968000&amp;usg=AFQjCNF-XXXFmW09nkqqawdP-sgfjzKBmQ\">#stojimeprivas<\/a><a class=\"m_4564361906673202878gmail-_58cn\" href=\"https:\/\/www.facebook.com\/hashtag\/westandbyyourside?epa=HASHTAG\" target=\"_blank\" rel=\"noopener\" data-saferedirecturl=\"https:\/\/www.google.com\/url?q=https:\/\/www.facebook.com\/hashtag\/westandbyyourside?epa%3DHASHTAG&amp;source=gmail&amp;ust=1565700623968000&amp;usg=AFQjCNHY9EVDWKqUQrHFaQsdUM_3Itym5A\">#westandbyyourside<\/a>.<\/p>\n<p>Ozvi sa n\u00e1m na:\u00a0<a href=\"mailto:info@nomantinels.sk\" target=\"_blank\" rel=\"noopener\">info@nomantinels.sk<\/a><\/p>\n<p><img decoding=\"async\" src=\"https:\/\/scontent-vie1-1.xx.fbcdn.net\/v\/t1.0-9\/67285171_2427427503967660_3188626902151593984_n.jpg?_nc_cat=108&amp;_nc_oc=AQlhLtONM7ireU4l9UvKzMKBgHWlIRSxB-rMwWRN2S44nCdlJ-daoyYqMaq7eB30GGs&amp;_nc_ht=scontent-vie1-1.xx&amp;oh=d9262ab8facf0040d73a96ff7b0aee24&amp;oe=5DDB194C\" \/><\/p>\n","protected":false},"excerpt":{"rendered":"<p>Sta\u0148 sa aj Ty s\u00fa\u010das\u0165ou pripravovanej v\u00fdstavy na podporu LGBTI \u013eud\u00ed na Slovensku! Pripravili sme spolo\u010dne s fotografom Tom\u00e1\u0161om Hal\u00e1szom portr\u00e9tov\u00fa v\u00fdstavu. Odfo\u0165 sa s priate\u013emi a priate\u013ekami, rodinou, kolegami a kolegy\u0148ami a uk\u00e1\u017eme spolo\u010dne, \u017ee nie sme sami. Povedzte n\u00e1m svoj pr\u00edbeh a spolo\u010dne zmen\u00edme slovensko na kr\u00e1snu tolerantn\u00fa krajinu. V\u00fdstava\u00a0#stojimeprivas#westandbyyourside. Ozvi sa n\u00e1m <a href=\"https:\/\/duhovyrok.sk\/qys\/1320-2\/\" class=\"more-link\">&#8230;<\/a><\/p>\n","protected":false},"author":2,"featured_media":1331,"comment_status":"closed","ping_status":"open","sticky":false,"template":"","format":"standard","meta":{"footnotes":""},"categories":[10,12,13],"tags":[],"class_list":["post-1320","post","type-post","status-publish","format-standard","has-post-thumbnail","hentry","category-kultura","category-tipy","category-viditelnost"],"_links":{"self":[{"href":"https:\/\/duhovyrok.sk\/qys\/wp-json\/wp\/v2\/posts\/1320","targetHints":{"allow":["GET"]}}],"collection":[{"href":"https:\/\/duhovyrok.sk\/qys\/wp-json\/wp\/v2\/posts"}],"about":[{"href":"https:\/\/duhovyrok.sk\/qys\/wp-json\/wp\/v2\/types\/post"}],"author":[{"embeddable":true,"href":"https:\/\/duhovyrok.sk\/qys\/wp-json\/wp\/v2\/users\/2"}],"replies":[{"embeddable":true,"href":"https:\/\/duhovyrok.sk\/qys\/wp-json\/wp\/v2\/comments?post=1320"}],"version-history":[{"count":0,"href":"https:\/\/duhovyrok.sk\/qys\/wp-json\/wp\/v2\/posts\/1320\/revisions"}],"wp:featuredmedia":[{"embeddable":true,"href":"https:\/\/duhovyrok.sk\/qys\/wp-json\/wp\/v2\/media\/1331"}],"wp:attachment":[{"href":"https:\/\/duhovyrok.sk\/qys\/wp-json\/wp\/v2\/media?parent=1320"}],"wp:term":[{"taxonomy":"category","embeddable":true,"href":"https:\/\/duhovyrok.sk\/qys\/wp-json\/wp\/v2\/categories?post=1320"},{"taxonomy":"post_tag","embeddable":true,"href":"https:\/\/duhovyrok.sk\/qys\/wp-json\/wp\/v2\/tags?post=1320"}],"curies":[{"name":"wp","href":"https:\/\/api.w.org\/{rel}","templated":true}]}}