{"id":1305,"date":"2019-07-11T20:34:38","date_gmt":"2019-07-11T18:34:38","guid":{"rendered":"https:\/\/qys.sk\/?p=1305"},"modified":"2019-07-11T20:34:38","modified_gmt":"2019-07-11T18:34:38","slug":"pozvanka-pride-tyzden-pribeh-geja-pribeh-lesby-19-7-2019","status":"publish","type":"post","link":"https:\/\/duhovyrok.sk\/qys\/pozvanka-pride-tyzden-pribeh-geja-pribeh-lesby-19-7-2019\/","title":{"rendered":"Pozv\u00e1nka PRIDE t\u00fd\u017ede\u0148: Pr\u00edbeh geja, pr\u00edbeh lesby 19.7.2019"},"content":{"rendered":"<p>V r\u00e1mci sprievodn\u00fdch podujat\u00ed <strong>PRIDE t\u00fd\u017ede\u0148<\/strong> v\u00e1s v spolupr\u00e1ci s <strong>Divadlom Nomantinels<\/strong> poz\u00fdvame na ich najnov\u0161iu inscen\u00e1ciu <strong>Pr\u00edbeh geja, pr\u00edbeh lesby<\/strong>. <strong>Predstavenie sa bude kona\u0165 19.7.2019 (piatok) o 18:00 hod. v Novej Cvernovke na Ra\u010dianskej 78 v\u00a0Bratislave.<\/strong><\/p>\n<p>P\u00f4vodn\u00e1 slovensk\u00e1 inscen\u00e1cia sa sna\u017e\u00ed pribl\u00ed\u017ei\u0165 komplexne na z\u00e1klade mozaiky pr\u00edbehov r\u00f4znych gejov a lesieb f\u00e1zy ich \u017eivota. Bude zobrazova\u0165 ich vn\u00fatorn\u00fd coming out, coming out bl\u00edzkym \u013eu\u010fom a ich pre\u017e\u00edvanie s akcentom na slovensk\u00fa spolo\u010dnos\u0165.<\/p>\n<p><strong>Autori: R. Pakan, A. Kuruc<\/strong><br \/>\n<strong>R\u00e9\u017eia: M. Hodo\u0148 <\/strong><br \/>\n<strong>Dramaturgia: D. \u010ciripov\u00e1<\/strong><br \/>\n<strong>Hudba: Ink midget<\/strong><br \/>\n<strong>\u00da\u010dinkuj\u00fa: M. Zemancov\u00e1, R. Pakan<\/strong><br \/>\n<strong>Autorka vizu\u00e1lu: Marta Prokopov\u00e1<\/strong><\/p>\n<p><a href=\"http:\/\/nomantinels.sk\/?fbclid=IwAR2_nW0VBU1QSHMeq8ge0u9AECeI6o8vh3iUARyKtY1_tSSHR_i1xZdh6uA\">http:\/\/nomantinels.sk\/<\/a><br \/>\nZ verejn\u00fdch zdrojov podporil <a href=\"https:\/\/www.facebook.com\/fondnapodporuumenia\/\">Fond na podporu umenia<\/a><\/p>\n<p><img loading=\"lazy\" decoding=\"async\" class=\"alignnone wp-image-445\" src=\"http:\/\/nomantinels.sk\/wp-content\/uploads\/2017\/07\/FPU_logo1_modre-300x225.jpg\" alt=\"\" width=\"106\" height=\"79\" \/><img loading=\"lazy\" decoding=\"async\" class=\"size-full wp-image-1310 alignleft\" src=\"https:\/\/duhovyrok.sk\/qys\/wp-content\/uploads\/sites\/2\/2019\/07\/FPU_logo1_modre-300x225-1.jpg\" alt=\"\" width=\"300\" height=\"225\" \/><\/p>\n<p><img loading=\"lazy\" decoding=\"async\" class=\"alignnone wp-image-445\" src=\"http:\/\/nomantinels.sk\/wp-content\/uploads\/2017\/07\/FPU_logo1_modre-300x225.jpg\" alt=\"\" width=\"106\" height=\"79\" \/><\/p>\n","protected":false},"excerpt":{"rendered":"<p>V r\u00e1mci sprievodn\u00fdch podujat\u00ed PRIDE t\u00fd\u017ede\u0148 v\u00e1s v spolupr\u00e1ci s Divadlom Nomantinels poz\u00fdvame na ich najnov\u0161iu inscen\u00e1ciu Pr\u00edbeh geja, pr\u00edbeh lesby. Predstavenie sa bude kona\u0165 19.7.2019 (piatok) o 18:00 hod. v Novej Cvernovke na Ra\u010dianskej 78 v\u00a0Bratislave. P\u00f4vodn\u00e1 slovensk\u00e1 inscen\u00e1cia sa sna\u017e\u00ed pribl\u00ed\u017ei\u0165 komplexne na z\u00e1klade mozaiky pr\u00edbehov r\u00f4znych gejov a lesieb f\u00e1zy ich \u017eivota. <a href=\"https:\/\/duhovyrok.sk\/qys\/pozvanka-pride-tyzden-pribeh-geja-pribeh-lesby-19-7-2019\/\" class=\"more-link\">&#8230;<\/a><\/p>\n","protected":false},"author":2,"featured_media":1307,"comment_status":"closed","ping_status":"open","sticky":false,"template":"","format":"standard","meta":{"footnotes":""},"categories":[2,1,6,7,10],"tags":[],"class_list":["post-1305","post","type-post","status-publish","format-standard","has-post-thumbnail","hentry","category-comingout","category-nezaradene","category-pribehy-lgbti-ludi","category-pride","category-kultura"],"_links":{"self":[{"href":"https:\/\/duhovyrok.sk\/qys\/wp-json\/wp\/v2\/posts\/1305","targetHints":{"allow":["GET"]}}],"collection":[{"href":"https:\/\/duhovyrok.sk\/qys\/wp-json\/wp\/v2\/posts"}],"about":[{"href":"https:\/\/duhovyrok.sk\/qys\/wp-json\/wp\/v2\/types\/post"}],"author":[{"embeddable":true,"href":"https:\/\/duhovyrok.sk\/qys\/wp-json\/wp\/v2\/users\/2"}],"replies":[{"embeddable":true,"href":"https:\/\/duhovyrok.sk\/qys\/wp-json\/wp\/v2\/comments?post=1305"}],"version-history":[{"count":0,"href":"https:\/\/duhovyrok.sk\/qys\/wp-json\/wp\/v2\/posts\/1305\/revisions"}],"wp:featuredmedia":[{"embeddable":true,"href":"https:\/\/duhovyrok.sk\/qys\/wp-json\/wp\/v2\/media\/1307"}],"wp:attachment":[{"href":"https:\/\/duhovyrok.sk\/qys\/wp-json\/wp\/v2\/media?parent=1305"}],"wp:term":[{"taxonomy":"category","embeddable":true,"href":"https:\/\/duhovyrok.sk\/qys\/wp-json\/wp\/v2\/categories?post=1305"},{"taxonomy":"post_tag","embeddable":true,"href":"https:\/\/duhovyrok.sk\/qys\/wp-json\/wp\/v2\/tags?post=1305"}],"curies":[{"name":"wp","href":"https:\/\/api.w.org\/{rel}","templated":true}]}}