{"id":1299,"date":"2019-07-10T18:28:57","date_gmt":"2019-07-10T16:28:57","guid":{"rendered":"https:\/\/qys.sk\/?p=1299"},"modified":"2019-07-10T18:28:57","modified_gmt":"2019-07-10T16:28:57","slug":"pozvanka-pride-tyzden-dve-mamy-dvaja-otcovia-ako-ziju-duhove-rodiny","status":"publish","type":"post","link":"https:\/\/duhovyrok.sk\/qys\/pozvanka-pride-tyzden-dve-mamy-dvaja-otcovia-ako-ziju-duhove-rodiny\/","title":{"rendered":"Pozv\u00e1nka PRIDE t\u00fd\u017ede\u0148: Dve mamy, dvaja otcovia. Ako \u017eij\u00fa d\u00fahov\u00e9 rodiny 18.6.2019"},"content":{"rendered":"<p>Poz\u00fdvame v\u00e1s v r\u00e1mci s\u00e9rie diskusi\u00ed <strong>Tepl\u00e1 vlna<\/strong> a v r\u00e1mci sprievodn\u00fdch podujat\u00ed <strong>PRIDE t\u00fd\u017ede\u0148<\/strong> na diskusiu o d\u00fahov\u00fdch rodin\u00e1ch, v ktor\u00fdch deti vychov\u00e1vaj\u00fa dve mamy alebo dvaja otcovia a ktor\u00e9 \u017eij\u00fa a funguj\u00fa aj v na\u0161ej spolo\u010dnosti. T\u00e9mou bude teda rodi\u010dovstvo gejsk\u00fdch a lesbick\u00fdch p\u00e1rov. <strong>Diskusia sa bude kona\u0165 18. j\u00fala 2019 (\u0161tvrtok) o 18:00 hod. v Novej Cvernovke na Ra\u010dianskej 78 v Bratislave.<\/strong><\/p>\n<p>Budeme spolu hovori\u0165 o tom, s ak\u00fdmi prek\u00e1\u017ekami sa stret\u00e1vaj\u00fa, pre\u010do podobne ako heterosexu\u00e1lne p\u00e1ry chc\u00fa ma\u0165 rodinu s de\u0165mi, \u010di \u010do by sa malo sta\u0165, aby aj d\u00fahov\u00e9 rodiny boli plnopr\u00e1vnou s\u00fa\u010das\u0165ou na\u0161ej spolo\u010dnosti. Po diskusii si m\u00f4\u017eete posedie\u0165 v Novej Cvernovke a pozrie\u0165 v letnom kine LGBT film.<\/p>\n<p>Hos\u0165ami a hos\u0165kami diskusie bud\u00fa:<br \/>\n<strong>David Van\u00ed\u010dek<\/strong>, novin\u00e1r z \u010ceskej republiky, ktor\u00fd s man\u017eelom Michalom vychov\u00e1va v \u010cech\u00e1ch dve dc\u00e9rky, dvoj\u010dat\u00e1. Maj\u00fa svoj vlastn\u00fd youtube kan\u00e1l: <a href=\"https:\/\/www.youtube.com\/channel\/UC6WCzX3br4KXNDkeF1kiDWg?fbclid=IwAR0X0N1VO6emvgy33IRs9eFmrOopxYaeMR2RB8p8eQx4gPhFYtCoNOQm3fg\" target=\"_blank\" rel=\"nofollow noopener\" data-lynx-mode=\"hover\" data-lynx-uri=\"https:\/\/l.facebook.com\/l.php?u=https%3A%2F%2Fwww.youtube.com%2Fchannel%2FUC6WCzX3br4KXNDkeF1kiDWg%3Ffbclid%3DIwAR0X0N1VO6emvgy33IRs9eFmrOopxYaeMR2RB8p8eQx4gPhFYtCoNOQm3fg&amp;h=AT2tQ05gQcFQfiKp3StHHiOAO420Eu2N30jTqL_qHWsBjGxHmmPHboxUSa8Jyq-5FtJAZjQSKd2KTCqGJQiEWxH4MPu3v4-yZJWKcShlsbflRUm2-Nk_kOUKR-sw5NUa2Q\">https:\/\/www.youtube.com\/channel\/UC6WCzX3br4KXNDkeF1kiDWg<\/a><br \/>\na instagram profil:<br \/>\n<a href=\"https:\/\/l.facebook.com\/l.php?u=https%3A%2F%2Fwww.instagram.com%2Fdvatatove%2F%3Ffbclid%3DIwAR1hZ-vtY1hrxRg0Bx5_IUDM8OGHAeyXsfgIsY0IPrOoYiCqBtFMaDDsvgQ&amp;h=AT0n8xwh5ehlDDW2AYypFgowakZLJVnwlCWo9n-528RJ79l3Cj9GUlOZFlxbUWbOYA6W5LJIemEuk95DhaTnPtRynoGSHB8AvOMMKg5E5QVz3MpX5vJD6E0tEij_Ppfmgw\" target=\"_blank\" rel=\"nofollow noopener\" data-lynx-mode=\"hover\">https:\/\/www.instagram.com\/dvatatove\/<\/a>, kde otvorene hovoria o tom, pre\u010do si chceli zalo\u017ei\u0165 rodinu a ako vychov\u00e1vaj\u00fa svoje deti. Maj\u00fa viac ako 100 000 sledovate\u013eov.<\/p>\n<p><strong>Agnes Loveck\u00e1<\/strong>, u\u017e 17 rokov p\u00f4sob\u00ed v kultovej kapele \u017div\u00e9 kvety a venuje sa produkcii v\u00edna pod rodinnou zna\u010dkou Slobodn\u00e9 vin\u00e1rstvo. Jej \u017eivotn\u00fd pr\u00edbeh ste mohli vidie\u0165 aj vo video portr\u00e9te Identity <a href=\"https:\/\/l.facebook.com\/l.php?u=https%3A%2F%2Fwww.youtube.com%2Fwatch%3Fv%3Dikb6t_51KhQ%26fbclid%3DIwAR15O_c7IcWiQnv9xvWEmkK4l6P0sbujsfNfz2M_U-s3Uh_drFbZQN-MVlE&amp;h=AT3qP8GG-LunT8etiSwSXMSryK7scAFjpveVLsBwPKyNu8cW5uaETd5UgM3lNH-7aN6DgzXmwWUPMB1tzLmKVy2GfPhValWK7IF1LbiF72pcr7O2vh82m1tGvIfou_Qcqw\" target=\"_blank\" rel=\"nofollow noopener\" data-lynx-mode=\"hover\">https:\/\/www.youtube.com\/watch?v=ikb6t_51KhQ<\/a> . Spolu s partnerkou vychov\u00e1vaj\u00fa dvoch synov.<\/p>\n<p><strong>Lucia Plav\u00e1kov\u00e1<\/strong>, od roku 2011 p\u00f4sob\u00ed ako advok\u00e1tka. V r\u00e1mci svojej akademickej a publika\u010dnej \u010dinnosti sa venuje ochrane \u013eudsk\u00fdch pr\u00e1v so zameran\u00edm na pr\u00e1vo na s\u00fakromie, slobodu prejavu a pr\u00e1va LGBTI \u013eud\u00ed. V s\u00fa\u010dasnosti poskytuje pr\u00e1vne poradenstvo pre LGBTI \u013eud\u00ed v InPoradni. So svojou partnerkou vychov\u00e1va 17-mesa\u010dn\u00fa dc\u00e9rku.<\/p>\n<p><strong>Anna Symington-Maar<\/strong>, dlh\u00e9 roky \u017eila v zahrani\u010d\u00ed. Bohat\u00e9 sk\u00fasenosti z medzin\u00e1rodn\u00e9ho vzdel\u00e1vania vyu\u017e\u00edvala v r\u00e1mci programu Teach For Slovakia, ktor\u00fd spoluzakladala. V s\u00fa\u010dasnosti sa star\u00e1 so svojou man\u017eelkou o 2,5 ro\u010dn\u00e9ho syna.<\/p>\n<p>S odborn\u00fdmi vstupmi k t\u00e9me prispej\u00fa pr\u00e1vni\u010dky <strong>Katar\u00edna Koh\u00fdlov\u00e1<\/strong> a <strong>Radka Babe\u013eov\u00e1<\/strong> z Kancel\u00e1rie verejnej ochrankyne pr\u00e1v a psychologi\u010dka <strong>Hana Smitkov\u00e1<\/strong> z inPoradne (<a href=\"http:\/\/ww.inporadna.sk\">ww.inporadna.sk<\/a>).<\/p>\n<p>Diskusiu moderuje: <strong>Jana Jablonick\u00e1 Zezulov\u00e1<\/strong><br \/>\nDiskusia sa realizuje z verejn\u00fdch zdrojov <a href=\"https:\/\/www.facebook.com\/fondnapodporuumenia\/\" target=\"_blank\" rel=\"noopener\">Fond na podporu umenia<\/a> v r\u00e1mci projektu <strong>D\u00fahov\u00fd rok<\/strong>.<\/p>\n<p>&nbsp;<\/p>\n<p><img loading=\"lazy\" decoding=\"async\" class=\"alignnone size-full wp-image-1316\" src=\"https:\/\/duhovyrok.sk\/qys\/wp-content\/uploads\/sites\/2\/2019\/07\/66340630_2348790588535847_5955958164431044608_n-1.jpg\" alt=\"\" width=\"679\" height=\"960\" srcset=\"https:\/\/duhovyrok.sk\/qys\/wp-content\/uploads\/sites\/2\/2019\/07\/66340630_2348790588535847_5955958164431044608_n-1.jpg 679w, https:\/\/duhovyrok.sk\/qys\/wp-content\/uploads\/sites\/2\/2019\/07\/66340630_2348790588535847_5955958164431044608_n-1-424x600.jpg 424w, https:\/\/duhovyrok.sk\/qys\/wp-content\/uploads\/sites\/2\/2019\/07\/66340630_2348790588535847_5955958164431044608_n-1-212x300.jpg 212w\" sizes=\"auto, (max-width: 679px) 100vw, 679px\" \/><\/p>\n<p><img loading=\"lazy\" decoding=\"async\" class=\"size-full wp-image-1312 alignleft\" src=\"https:\/\/duhovyrok.sk\/qys\/wp-content\/uploads\/sites\/2\/2019\/07\/FPU_logo1_modre-300x225-1-1.jpg\" alt=\"\" width=\"300\" height=\"225\" \/><\/p>\n","protected":false},"excerpt":{"rendered":"<p>Poz\u00fdvame v\u00e1s v r\u00e1mci s\u00e9rie diskusi\u00ed Tepl\u00e1 vlna a v r\u00e1mci sprievodn\u00fdch podujat\u00ed PRIDE t\u00fd\u017ede\u0148 na diskusiu o d\u00fahov\u00fdch rodin\u00e1ch, v ktor\u00fdch deti vychov\u00e1vaj\u00fa dve mamy alebo dvaja otcovia a ktor\u00e9 \u017eij\u00fa a funguj\u00fa aj v na\u0161ej spolo\u010dnosti. T\u00e9mou bude teda rodi\u010dovstvo gejsk\u00fdch a lesbick\u00fdch p\u00e1rov. Diskusia sa bude kona\u0165 18. j\u00fala 2019 (\u0161tvrtok) o <a href=\"https:\/\/duhovyrok.sk\/qys\/pozvanka-pride-tyzden-dve-mamy-dvaja-otcovia-ako-ziju-duhove-rodiny\/\" class=\"more-link\">&#8230;<\/a><\/p>\n","protected":false},"author":2,"featured_media":1315,"comment_status":"closed","ping_status":"open","sticky":false,"template":"","format":"standard","meta":{"footnotes":""},"categories":[1,6,7,10],"tags":[],"class_list":["post-1299","post","type-post","status-publish","format-standard","has-post-thumbnail","hentry","category-nezaradene","category-pribehy-lgbti-ludi","category-pride","category-kultura"],"_links":{"self":[{"href":"https:\/\/duhovyrok.sk\/qys\/wp-json\/wp\/v2\/posts\/1299","targetHints":{"allow":["GET"]}}],"collection":[{"href":"https:\/\/duhovyrok.sk\/qys\/wp-json\/wp\/v2\/posts"}],"about":[{"href":"https:\/\/duhovyrok.sk\/qys\/wp-json\/wp\/v2\/types\/post"}],"author":[{"embeddable":true,"href":"https:\/\/duhovyrok.sk\/qys\/wp-json\/wp\/v2\/users\/2"}],"replies":[{"embeddable":true,"href":"https:\/\/duhovyrok.sk\/qys\/wp-json\/wp\/v2\/comments?post=1299"}],"version-history":[{"count":0,"href":"https:\/\/duhovyrok.sk\/qys\/wp-json\/wp\/v2\/posts\/1299\/revisions"}],"wp:featuredmedia":[{"embeddable":true,"href":"https:\/\/duhovyrok.sk\/qys\/wp-json\/wp\/v2\/media\/1315"}],"wp:attachment":[{"href":"https:\/\/duhovyrok.sk\/qys\/wp-json\/wp\/v2\/media?parent=1299"}],"wp:term":[{"taxonomy":"category","embeddable":true,"href":"https:\/\/duhovyrok.sk\/qys\/wp-json\/wp\/v2\/categories?post=1299"},{"taxonomy":"post_tag","embeddable":true,"href":"https:\/\/duhovyrok.sk\/qys\/wp-json\/wp\/v2\/tags?post=1299"}],"curies":[{"name":"wp","href":"https:\/\/api.w.org\/{rel}","templated":true}]}}